{"id":19552,"date":"2024-09-11T17:39:27","date_gmt":"2024-09-11T21:39:27","guid":{"rendered":"https:\/\/minutocerord.com\/?p=19552"},"modified":"2024-09-11T17:39:31","modified_gmt":"2024-09-11T21:39:31","slug":"psiquiatra-la-sociedad-dominicana-esta-enferma-y-vulnerable-a-padecer-trastornos-mentales","status":"publish","type":"post","link":"http:\/\/minutocerord.com\/?p=19552","title":{"rendered":"Psiquiatra | La sociedad dominicana est\u00e1 enferma y vulnerable a padecer trastornos mentales"},"content":{"rendered":"\n<p class=\"\"><strong>\u00a0Santo Domingo.\u2013<\/strong> La sociedad dominicana est\u00e1\u00a0 macro estresada debido al tr\u00e1nsito, el ruido, la contaminaci\u00f3n y la falta de seguridad, lo que la hace vulnerable a padecer trastornos de salud mental.<\/p>\n\n\n\n<p class=\"\">As\u00ed lo afirm\u00f3 el psiquiatra y psicoterapeuta Jos\u00e9 Miguel G\u00f3mez, quien tambi\u00e9n se\u00f1al\u00f3 que a estos factores se suman los divorcios, las familias disfuncionales, la violencia de g\u00e9nero y los feminicidios.<\/p>\n\n\n\n<p class=\"\">\u00abSe estima que entre el 20 y el 30 por ciento de la poblaci\u00f3n es vulnerable a padecer un trastorno mental, y que una de cada cinco personas necesitar\u00e1 asistencia en alg\u00fan momento. Adem\u00e1s, de cada 10 personas que acuden a la atenci\u00f3n primaria en salud, seis presentan s\u00edntomas psicosom\u00e1ticos que requerir\u00e1n ayuda especializada\u00bb, explic\u00f3 G\u00f3mez.<\/p>\n\n\n\n<p class=\"\">Salud mental en d\u00e9ficit<\/p>\n\n\n<div class=\"wp-block-image\">\n<figure class=\"alignright\"><a href=\"https:\/\/i0.wp.com\/blogger.googleusercontent.com\/img\/b\/R29vZ2xl\/AVvXsEh0ghnnRrnqI4wZvrLfYwGXkXpvqPYasviyeBEbhBIaQPhZ-MoX2ocUZY5goYNw5LbhSl9nOY9llRP40Fq-p0d9b-RsjX9eptSmJcU6QdSCihS0chEGrqXNRpmNyVCGfUJOU9Kk4uGGEwn0cHTieS_k5LExLyc9BshnfRuM5VODYypWoa_ySmiNcQAX9gw\/s1078\/WhatsApp-Image-2024-09-11-at-1.39.43-PM.jpeg.webp?ssl=1\"><img data-recalc-dims=\"1\" decoding=\"async\" loading=\"lazy\" src=\"https:\/\/i0.wp.com\/blogger.googleusercontent.com\/img\/b\/R29vZ2xl\/AVvXsEh0ghnnRrnqI4wZvrLfYwGXkXpvqPYasviyeBEbhBIaQPhZ-MoX2ocUZY5goYNw5LbhSl9nOY9llRP40Fq-p0d9b-RsjX9eptSmJcU6QdSCihS0chEGrqXNRpmNyVCGfUJOU9Kk4uGGEwn0cHTieS_k5LExLyc9BshnfRuM5VODYypWoa_ySmiNcQAX9gw\/s320\/WhatsApp-Image-2024-09-11-at-1.39.43-PM.jpeg.webp?w=640&#038;ssl=1\" alt=\"\"\/><\/a><figcaption class=\"wp-element-caption\"> Psiquiatra y Psicoterapeuta Jos\u00e9 Miguel G\u00f3mez<\/figcaption><\/figure>\n<\/div>\n\n\n<p class=\"\"><br>El experto en conducta humana afirm\u00f3 que la palabra clave para definir el estado de la salud mental en el pa\u00eds es \u00abd\u00e9ficit\u00bb.<\/p>\n\n\n\n<p class=\"\">Seg\u00fan indic\u00f3, en los \u00faltimos 20 a\u00f1os el sistema de salud de la Rep\u00fablica Dominicana no ha hecho inversiones significativas en salud mental, y actualmente se destina menos del uno por ciento del presupuesto general de salud a este rubro.<\/p>\n\n\n\n<p class=\"\">G\u00f3mez considera que se deber\u00eda invertir entre un 3 y un 4% en salud mental, ya que la mayor\u00eda de los pa\u00edses de la regi\u00f3n invierten muy poco frente a la magnitud del problema.<a><\/a><\/p>\n\n\n\n<p class=\"\">Otro de los d\u00e9ficits importante es la falta de camas hospitalarias, con m\u00e1s de 200 necesarias para satisfacer la demanda de atenci\u00f3n en salud mental a nivel nacional. A esto se suma la carencia de unos 300 psiquiatras y enfermeras especializadas en el \u00e1rea.<\/p>\n\n\n\n<p class=\"\">El especialista tambi\u00e9n destac\u00f3 la falta de unidades de intervenci\u00f3n aguda en crisis, especialmente para adultos.<\/p>\n\n\n\n<p class=\"\">\u00abHay un d\u00e9ficit de camas, de profesionales de la salud mental y de unidades para la intervenci\u00f3n en crisis, as\u00ed como de unidades de desintoxicaci\u00f3n para personas con adicciones\u00bb,&nbsp;<strong>dijo G\u00f3mez al participar en el Almuerzo Semanal del Grupo de Comunicaciones Corripio.&nbsp; &nbsp;&nbsp;<\/strong><\/p>\n\n\n\n<p class=\"\">El doctor G\u00f3mez explic\u00f3 que, aunque el sistema de salud dominicano es precario en cuanto a la atenci\u00f3n de problemas de salud mental en adultos, la situaci\u00f3n es a\u00fan m\u00e1s cr\u00edtica cuando se trata de ni\u00f1os y adolescentes.<\/p>\n\n\n\n<p class=\"\">Actualmente, el Servicio Nacional de Salud (SNS) dispone de solo 16 camas para internamiento psiqui\u00e1trico infantil, distribuidas en cuatro hospitales de distintas regiones del pa\u00eds, una cifra insuficiente para atender la creciente demanda de servicios especializados.<\/p>\n\n\n\n<p class=\"\">El expresidente de la Sociedad Dominicana de Psiquiatr\u00eda advirti\u00f3 sobre el aumento, tanto en el sector privado como p\u00fablico, de la demanda de camas hospitalarias debido al abuso de sustancias en la poblaci\u00f3n joven, que se ha triplicado en los \u00faltimos a\u00f1os.<\/p>\n\n\n\n<p class=\"\">\u00abNo contamos con unidades de rehabilitaci\u00f3n y desintoxicaci\u00f3n psicosocial. Hay un d\u00e9ficit de unidades de rehabilitaci\u00f3n de larga estancia, lo que afecta a muchas personas que deambulan por las calles\u00bb, indic\u00f3.<\/p>\n\n\n\n<p class=\"\">G\u00f3mez se\u00f1al\u00f3 que las pocas unidades disponibles est\u00e1n llenas y que hay personas esperando por una cama para recibir asistencia en salud mental. \u00abHay gente en sus casas que deber\u00eda estar ingresada en una unidad de intervenci\u00f3n en crisis o en una unidad de agudos, pero est\u00e1n a la espera de una cama\u00bb, enfatiz\u00f3.<\/p>\n\n\n\n<p class=\"\">Por ello, considera necesario implementar un programa nacional de humanizaci\u00f3n de los servicios de salud mental para ni\u00f1os, adolescentes, adultos en edad productiva y personas envejecientes.<\/p>\n","protected":false},"excerpt":{"rendered":"<p>\u00a0Santo Domingo.\u2013 La sociedad dominicana est\u00e1\u00a0 macro estresada debido al tr\u00e1nsito, el ruido, la contaminaci\u00f3n y la falta de seguridad, lo que la hace vulnerable a padecer trastornos de salud mental. As\u00ed lo afirm\u00f3 el psiquiatra y psicoterapeuta Jos\u00e9 Miguel G\u00f3mez, quien tambi\u00e9n se\u00f1al\u00f3 que a estos factores se suman los divorcios, las familias disfuncionales, [&hellip;]<\/p>\n","protected":false},"author":1,"featured_media":19553,"comment_status":"open","ping_status":"open","sticky":false,"template":"","format":"standard","meta":{"nf_dc_page":"","jetpack_post_was_ever_published":false,"_jetpack_newsletter_access":"","_jetpack_dont_email_post_to_subs":false,"_jetpack_newsletter_tier_id":0,"_jetpack_memberships_contains_paywalled_content":false,"_jetpack_memberships_contains_paid_content":false,"footnotes":"","jetpack_publicize_message":"","jetpack_publicize_feature_enabled":true,"jetpack_social_post_already_shared":true,"jetpack_social_options":{"image_generator_settings":{"template":"highway","default_image_id":0,"font":"","enabled":false},"version":2}},"categories":[67],"tags":[],"class_list":["post-19552","post","type-post","status-publish","format-standard","has-post-thumbnail","hentry","category-salud"],"yoast_head":"<!-- This site is optimized with the Yoast SEO plugin v27.5 - https:\/\/yoast.com\/product\/yoast-seo-wordpress\/ -->\n<title>Psiquiatra | La sociedad dominicana est\u00e1 enferma y vulnerable a padecer trastornos mentales - Minuto Cero RD<\/title>\n<meta name=\"robots\" content=\"index, follow, max-snippet:-1, max-image-preview:large, max-video-preview:-1\" \/>\n<link rel=\"canonical\" href=\"http:\/\/minutocerord.com\/?p=19552\" \/>\n<meta property=\"og:locale\" content=\"es_ES\" \/>\n<meta property=\"og:type\" content=\"article\" \/>\n<meta property=\"og:title\" content=\"Psiquiatra | La sociedad dominicana est\u00e1 enferma y vulnerable a padecer trastornos mentales - Minuto Cero RD\" \/>\n<meta property=\"og:description\" content=\"\u00a0Santo Domingo.\u2013 La sociedad dominicana est\u00e1\u00a0 macro estresada debido al tr\u00e1nsito, el ruido, la contaminaci\u00f3n y la falta de seguridad, lo que la hace vulnerable a padecer trastornos de salud mental. As\u00ed lo afirm\u00f3 el psiquiatra y psicoterapeuta Jos\u00e9 Miguel G\u00f3mez, quien tambi\u00e9n se\u00f1al\u00f3 que a estos factores se suman los divorcios, las familias disfuncionales, [&hellip;]\" \/>\n<meta property=\"og:url\" content=\"http:\/\/minutocerord.com\/?p=19552\" \/>\n<meta property=\"og:site_name\" content=\"Minuto Cero RD\" \/>\n<meta property=\"article:publisher\" content=\"https:\/\/www.facebook.com\/Genofnotes\" \/>\n<meta property=\"article:author\" content=\"https:\/\/www.facebook.com\/Genofnotes\" \/>\n<meta property=\"article:published_time\" content=\"2024-09-11T21:39:27+00:00\" \/>\n<meta property=\"article:modified_time\" content=\"2024-09-11T21:39:31+00:00\" \/>\n<meta property=\"og:image\" content=\"https:\/\/i0.wp.com\/minutocerord.com\/wp-content\/uploads\/2024\/09\/OIF.jpg?fit=474%2C248\" \/>\n\t<meta property=\"og:image:width\" content=\"474\" \/>\n\t<meta property=\"og:image:height\" content=\"248\" \/>\n\t<meta property=\"og:image:type\" content=\"image\/jpeg\" \/>\n<meta name=\"author\" content=\"Genof\u00f3ntes Urb\u00e1ez\" \/>\n<meta name=\"twitter:card\" content=\"summary_large_image\" \/>\n<meta name=\"twitter:label1\" content=\"Written by\" \/>\n\t<meta name=\"twitter:data1\" content=\"Genof\u00f3ntes Urb\u00e1ez\" \/>\n\t<meta name=\"twitter:label2\" content=\"Est. reading time\" \/>\n\t<meta name=\"twitter:data2\" content=\"3 minutos\" \/>\n<script type=\"application\/ld+json\" class=\"yoast-schema-graph\">{\"@context\":\"https:\\\/\\\/schema.org\",\"@graph\":[{\"@type\":\"Article\",\"@id\":\"http:\\\/\\\/minutocerord.com\\\/?p=19552#article\",\"isPartOf\":{\"@id\":\"http:\\\/\\\/minutocerord.com\\\/?p=19552\"},\"author\":{\"name\":\"Genof\u00f3ntes Urb\u00e1ez\",\"@id\":\"https:\\\/\\\/minutocerord.com\\\/#\\\/schema\\\/person\\\/60b5372d60aaa0a5171fb6488be9aee6\"},\"headline\":\"Psiquiatra | La sociedad dominicana est\u00e1 enferma y vulnerable a padecer trastornos mentales\",\"datePublished\":\"2024-09-11T21:39:27+00:00\",\"dateModified\":\"2024-09-11T21:39:31+00:00\",\"mainEntityOfPage\":{\"@id\":\"http:\\\/\\\/minutocerord.com\\\/?p=19552\"},\"wordCount\":621,\"commentCount\":0,\"publisher\":{\"@id\":\"https:\\\/\\\/minutocerord.com\\\/#\\\/schema\\\/person\\\/60b5372d60aaa0a5171fb6488be9aee6\"},\"image\":{\"@id\":\"http:\\\/\\\/minutocerord.com\\\/?p=19552#primaryimage\"},\"thumbnailUrl\":\"https:\\\/\\\/i0.wp.com\\\/minutocerord.com\\\/wp-content\\\/uploads\\\/2024\\\/09\\\/OIF.jpg?fit=474%2C248\",\"articleSection\":[\"Salud\"],\"inLanguage\":\"es-DO\",\"potentialAction\":[{\"@type\":\"CommentAction\",\"name\":\"Comment\",\"target\":[\"http:\\\/\\\/minutocerord.com\\\/?p=19552#respond\"]}]},{\"@type\":\"WebPage\",\"@id\":\"http:\\\/\\\/minutocerord.com\\\/?p=19552\",\"url\":\"http:\\\/\\\/minutocerord.com\\\/?p=19552\",\"name\":\"Psiquiatra | La sociedad dominicana est\u00e1 enferma y vulnerable a padecer trastornos mentales - Minuto Cero RD\",\"isPartOf\":{\"@id\":\"https:\\\/\\\/minutocerord.com\\\/#website\"},\"primaryImageOfPage\":{\"@id\":\"http:\\\/\\\/minutocerord.com\\\/?p=19552#primaryimage\"},\"image\":{\"@id\":\"http:\\\/\\\/minutocerord.com\\\/?p=19552#primaryimage\"},\"thumbnailUrl\":\"https:\\\/\\\/i0.wp.com\\\/minutocerord.com\\\/wp-content\\\/uploads\\\/2024\\\/09\\\/OIF.jpg?fit=474%2C248\",\"datePublished\":\"2024-09-11T21:39:27+00:00\",\"dateModified\":\"2024-09-11T21:39:31+00:00\",\"breadcrumb\":{\"@id\":\"http:\\\/\\\/minutocerord.com\\\/?p=19552#breadcrumb\"},\"inLanguage\":\"es-DO\",\"potentialAction\":[{\"@type\":\"ReadAction\",\"target\":[\"http:\\\/\\\/minutocerord.com\\\/?p=19552\"]}]},{\"@type\":\"ImageObject\",\"inLanguage\":\"es-DO\",\"@id\":\"http:\\\/\\\/minutocerord.com\\\/?p=19552#primaryimage\",\"url\":\"https:\\\/\\\/i0.wp.com\\\/minutocerord.com\\\/wp-content\\\/uploads\\\/2024\\\/09\\\/OIF.jpg?fit=474%2C248\",\"contentUrl\":\"https:\\\/\\\/i0.wp.com\\\/minutocerord.com\\\/wp-content\\\/uploads\\\/2024\\\/09\\\/OIF.jpg?fit=474%2C248\",\"width\":474,\"height\":248},{\"@type\":\"BreadcrumbList\",\"@id\":\"http:\\\/\\\/minutocerord.com\\\/?p=19552#breadcrumb\",\"itemListElement\":[{\"@type\":\"ListItem\",\"position\":1,\"name\":\"Home\",\"item\":\"https:\\\/\\\/minutocerord.com\\\/\"},{\"@type\":\"ListItem\",\"position\":2,\"name\":\"Psiquiatra | La sociedad dominicana est\u00e1 enferma y vulnerable a padecer trastornos mentales\"}]},{\"@type\":\"WebSite\",\"@id\":\"https:\\\/\\\/minutocerord.com\\\/#website\",\"url\":\"https:\\\/\\\/minutocerord.com\\\/\",\"name\":\"Minuto Cero RD\",\"description\":\"Periodismo serio y veraz\",\"publisher\":{\"@id\":\"https:\\\/\\\/minutocerord.com\\\/#\\\/schema\\\/person\\\/60b5372d60aaa0a5171fb6488be9aee6\"},\"potentialAction\":[{\"@type\":\"SearchAction\",\"target\":{\"@type\":\"EntryPoint\",\"urlTemplate\":\"https:\\\/\\\/minutocerord.com\\\/?s={search_term_string}\"},\"query-input\":{\"@type\":\"PropertyValueSpecification\",\"valueRequired\":true,\"valueName\":\"search_term_string\"}}],\"inLanguage\":\"es-DO\"},{\"@type\":[\"Person\",\"Organization\"],\"@id\":\"https:\\\/\\\/minutocerord.com\\\/#\\\/schema\\\/person\\\/60b5372d60aaa0a5171fb6488be9aee6\",\"name\":\"Genof\u00f3ntes Urb\u00e1ez\",\"image\":{\"@type\":\"ImageObject\",\"inLanguage\":\"es-DO\",\"@id\":\"https:\\\/\\\/secure.gravatar.com\\\/avatar\\\/a49ef3186a692098ac3e8a1612261e3ad70cf9e44553dff2929e67939a0ecb9d?s=96&d=identicon&r=g\",\"url\":\"https:\\\/\\\/secure.gravatar.com\\\/avatar\\\/a49ef3186a692098ac3e8a1612261e3ad70cf9e44553dff2929e67939a0ecb9d?s=96&d=identicon&r=g\",\"contentUrl\":\"https:\\\/\\\/secure.gravatar.com\\\/avatar\\\/a49ef3186a692098ac3e8a1612261e3ad70cf9e44553dff2929e67939a0ecb9d?s=96&d=identicon&r=g\",\"caption\":\"Genof\u00f3ntes Urb\u00e1ez\"},\"logo\":{\"@id\":\"https:\\\/\\\/secure.gravatar.com\\\/avatar\\\/a49ef3186a692098ac3e8a1612261e3ad70cf9e44553dff2929e67939a0ecb9d?s=96&d=identicon&r=g\"},\"description\":\"Periodista \\\/ Locutor\",\"sameAs\":[\"https:\\\/\\\/www.facebook.com\\\/Genofnotes\",\"https:\\\/\\\/www.instagram.com\\\/genofnotes\\\/\"]}]}<\/script>\n<!-- \/ Yoast SEO plugin. -->","yoast_head_json":{"title":"Psiquiatra | La sociedad dominicana est\u00e1 enferma y vulnerable a padecer trastornos mentales - Minuto Cero RD","robots":{"index":"index","follow":"follow","max-snippet":"max-snippet:-1","max-image-preview":"max-image-preview:large","max-video-preview":"max-video-preview:-1"},"canonical":"http:\/\/minutocerord.com\/?p=19552","og_locale":"es_ES","og_type":"article","og_title":"Psiquiatra | La sociedad dominicana est\u00e1 enferma y vulnerable a padecer trastornos mentales - Minuto Cero RD","og_description":"\u00a0Santo Domingo.\u2013 La sociedad dominicana est\u00e1\u00a0 macro estresada debido al tr\u00e1nsito, el ruido, la contaminaci\u00f3n y la falta de seguridad, lo que la hace vulnerable a padecer trastornos de salud mental. As\u00ed lo afirm\u00f3 el psiquiatra y psicoterapeuta Jos\u00e9 Miguel G\u00f3mez, quien tambi\u00e9n se\u00f1al\u00f3 que a estos factores se suman los divorcios, las familias disfuncionales, [&hellip;]","og_url":"http:\/\/minutocerord.com\/?p=19552","og_site_name":"Minuto Cero RD","article_publisher":"https:\/\/www.facebook.com\/Genofnotes","article_author":"https:\/\/www.facebook.com\/Genofnotes","article_published_time":"2024-09-11T21:39:27+00:00","article_modified_time":"2024-09-11T21:39:31+00:00","og_image":[{"width":474,"height":248,"url":"https:\/\/i0.wp.com\/minutocerord.com\/wp-content\/uploads\/2024\/09\/OIF.jpg?fit=474%2C248","type":"image\/jpeg"}],"author":"Genof\u00f3ntes Urb\u00e1ez","twitter_card":"summary_large_image","twitter_misc":{"Written by":"Genof\u00f3ntes Urb\u00e1ez","Est. reading time":"3 minutos"},"schema":{"@context":"https:\/\/schema.org","@graph":[{"@type":"Article","@id":"http:\/\/minutocerord.com\/?p=19552#article","isPartOf":{"@id":"http:\/\/minutocerord.com\/?p=19552"},"author":{"name":"Genof\u00f3ntes Urb\u00e1ez","@id":"https:\/\/minutocerord.com\/#\/schema\/person\/60b5372d60aaa0a5171fb6488be9aee6"},"headline":"Psiquiatra | La sociedad dominicana est\u00e1 enferma y vulnerable a padecer trastornos mentales","datePublished":"2024-09-11T21:39:27+00:00","dateModified":"2024-09-11T21:39:31+00:00","mainEntityOfPage":{"@id":"http:\/\/minutocerord.com\/?p=19552"},"wordCount":621,"commentCount":0,"publisher":{"@id":"https:\/\/minutocerord.com\/#\/schema\/person\/60b5372d60aaa0a5171fb6488be9aee6"},"image":{"@id":"http:\/\/minutocerord.com\/?p=19552#primaryimage"},"thumbnailUrl":"https:\/\/i0.wp.com\/minutocerord.com\/wp-content\/uploads\/2024\/09\/OIF.jpg?fit=474%2C248","articleSection":["Salud"],"inLanguage":"es-DO","potentialAction":[{"@type":"CommentAction","name":"Comment","target":["http:\/\/minutocerord.com\/?p=19552#respond"]}]},{"@type":"WebPage","@id":"http:\/\/minutocerord.com\/?p=19552","url":"http:\/\/minutocerord.com\/?p=19552","name":"Psiquiatra | La sociedad dominicana est\u00e1 enferma y vulnerable a padecer trastornos mentales - Minuto Cero RD","isPartOf":{"@id":"https:\/\/minutocerord.com\/#website"},"primaryImageOfPage":{"@id":"http:\/\/minutocerord.com\/?p=19552#primaryimage"},"image":{"@id":"http:\/\/minutocerord.com\/?p=19552#primaryimage"},"thumbnailUrl":"https:\/\/i0.wp.com\/minutocerord.com\/wp-content\/uploads\/2024\/09\/OIF.jpg?fit=474%2C248","datePublished":"2024-09-11T21:39:27+00:00","dateModified":"2024-09-11T21:39:31+00:00","breadcrumb":{"@id":"http:\/\/minutocerord.com\/?p=19552#breadcrumb"},"inLanguage":"es-DO","potentialAction":[{"@type":"ReadAction","target":["http:\/\/minutocerord.com\/?p=19552"]}]},{"@type":"ImageObject","inLanguage":"es-DO","@id":"http:\/\/minutocerord.com\/?p=19552#primaryimage","url":"https:\/\/i0.wp.com\/minutocerord.com\/wp-content\/uploads\/2024\/09\/OIF.jpg?fit=474%2C248","contentUrl":"https:\/\/i0.wp.com\/minutocerord.com\/wp-content\/uploads\/2024\/09\/OIF.jpg?fit=474%2C248","width":474,"height":248},{"@type":"BreadcrumbList","@id":"http:\/\/minutocerord.com\/?p=19552#breadcrumb","itemListElement":[{"@type":"ListItem","position":1,"name":"Home","item":"https:\/\/minutocerord.com\/"},{"@type":"ListItem","position":2,"name":"Psiquiatra | La sociedad dominicana est\u00e1 enferma y vulnerable a padecer trastornos mentales"}]},{"@type":"WebSite","@id":"https:\/\/minutocerord.com\/#website","url":"https:\/\/minutocerord.com\/","name":"Minuto Cero RD","description":"Periodismo serio y veraz","publisher":{"@id":"https:\/\/minutocerord.com\/#\/schema\/person\/60b5372d60aaa0a5171fb6488be9aee6"},"potentialAction":[{"@type":"SearchAction","target":{"@type":"EntryPoint","urlTemplate":"https:\/\/minutocerord.com\/?s={search_term_string}"},"query-input":{"@type":"PropertyValueSpecification","valueRequired":true,"valueName":"search_term_string"}}],"inLanguage":"es-DO"},{"@type":["Person","Organization"],"@id":"https:\/\/minutocerord.com\/#\/schema\/person\/60b5372d60aaa0a5171fb6488be9aee6","name":"Genof\u00f3ntes Urb\u00e1ez","image":{"@type":"ImageObject","inLanguage":"es-DO","@id":"https:\/\/secure.gravatar.com\/avatar\/a49ef3186a692098ac3e8a1612261e3ad70cf9e44553dff2929e67939a0ecb9d?s=96&d=identicon&r=g","url":"https:\/\/secure.gravatar.com\/avatar\/a49ef3186a692098ac3e8a1612261e3ad70cf9e44553dff2929e67939a0ecb9d?s=96&d=identicon&r=g","contentUrl":"https:\/\/secure.gravatar.com\/avatar\/a49ef3186a692098ac3e8a1612261e3ad70cf9e44553dff2929e67939a0ecb9d?s=96&d=identicon&r=g","caption":"Genof\u00f3ntes Urb\u00e1ez"},"logo":{"@id":"https:\/\/secure.gravatar.com\/avatar\/a49ef3186a692098ac3e8a1612261e3ad70cf9e44553dff2929e67939a0ecb9d?s=96&d=identicon&r=g"},"description":"Periodista \/ Locutor","sameAs":["https:\/\/www.facebook.com\/Genofnotes","https:\/\/www.instagram.com\/genofnotes\/"]}]}},"jetpack_publicize_connections":[],"jetpack_featured_media_url":"https:\/\/i0.wp.com\/minutocerord.com\/wp-content\/uploads\/2024\/09\/OIF.jpg?fit=474%2C248","jetpack-related-posts":[],"jetpack_sharing_enabled":true,"_links":{"self":[{"href":"http:\/\/minutocerord.com\/index.php?rest_route=\/wp\/v2\/posts\/19552","targetHints":{"allow":["GET"]}}],"collection":[{"href":"http:\/\/minutocerord.com\/index.php?rest_route=\/wp\/v2\/posts"}],"about":[{"href":"http:\/\/minutocerord.com\/index.php?rest_route=\/wp\/v2\/types\/post"}],"author":[{"embeddable":true,"href":"http:\/\/minutocerord.com\/index.php?rest_route=\/wp\/v2\/users\/1"}],"replies":[{"embeddable":true,"href":"http:\/\/minutocerord.com\/index.php?rest_route=%2Fwp%2Fv2%2Fcomments&post=19552"}],"version-history":[{"count":1,"href":"http:\/\/minutocerord.com\/index.php?rest_route=\/wp\/v2\/posts\/19552\/revisions"}],"predecessor-version":[{"id":19554,"href":"http:\/\/minutocerord.com\/index.php?rest_route=\/wp\/v2\/posts\/19552\/revisions\/19554"}],"wp:featuredmedia":[{"embeddable":true,"href":"http:\/\/minutocerord.com\/index.php?rest_route=\/wp\/v2\/media\/19553"}],"wp:attachment":[{"href":"http:\/\/minutocerord.com\/index.php?rest_route=%2Fwp%2Fv2%2Fmedia&parent=19552"}],"wp:term":[{"taxonomy":"category","embeddable":true,"href":"http:\/\/minutocerord.com\/index.php?rest_route=%2Fwp%2Fv2%2Fcategories&post=19552"},{"taxonomy":"post_tag","embeddable":true,"href":"http:\/\/minutocerord.com\/index.php?rest_route=%2Fwp%2Fv2%2Ftags&post=19552"}],"curies":[{"name":"wp","href":"https:\/\/api.w.org\/{rel}","templated":true}]}}