{"id":19556,"date":"2024-09-11T20:12:22","date_gmt":"2024-09-12T00:12:22","guid":{"rendered":"https:\/\/minutocerord.com\/?p=19556"},"modified":"2024-09-11T20:12:26","modified_gmt":"2024-09-12T00:12:26","slug":"luctuosa-expresidente-de-peru-alberto-fujimori-murio-a-los-86-anos","status":"publish","type":"post","link":"http:\/\/minutocerord.com\/?p=19556","title":{"rendered":"LUCTUOSA | Expresidente de Per\u00fa, Alberto Fujimori muri\u00f3 a los 86 a\u00f1os"},"content":{"rendered":"\n<p class=\"\"><strong><em>En junio \u00faltimo, Fujimori se afili\u00f3 a Fuerza Popular, partido fundado por su hija Keiko Fujimori, y luego, en una carta dirigida a El Comercio, anunci\u00f3 su decisi\u00f3n de retornar a la pol\u00edtica activa.<\/em><\/strong><\/p>\n\n\n\n<p class=\"\"><strong>LIMA, Per\u00fa.-<\/strong> A poco m\u00e1s de nueve meses de haber dejado el penal de Barbadillo, luego de que el Tribunal Constitucional repusiera el indulto humanitario que recibi\u00f3 en el 2017, el expresidente Alberto Fujimori falleci\u00f3 este mi\u00e9rcoles en la casa de San Borja donde vivi\u00f3 con su hija Keiko Fujimori, lideresa de Fuerza Popular, y sus nietas en sus \u00faltimos d\u00edas.<\/p>\n\n\n\n<p class=\"\">De acuerdo con fuentes de El Comercio, Fujimori se encontraba<strong>&nbsp;\u201cdelicado\u201d&nbsp;<\/strong>de salud desde hace una semana.<\/p>\n\n\n\n<p class=\"\">Esto fue confirmado por el subsecretario general de Fuerza Popular, Miguel Torres, quien subray\u00f3 que el exmandatario estaba \u201cpasando por un momento muy dif\u00edcil\u201d.<strong>&nbsp;\u201cEstamos rezando por su recuperaci\u00f3n\u201d<\/strong>, expres\u00f3 en breve comunicaci\u00f3n con este medio.<\/p>\n\n\n\n<p class=\"\">Otras fuentes indicaron que desde que el expresidente sufri\u00f3 una ca\u00edda en junio \u00faltimo, que motiv\u00f3 que fuera intervenido quir\u00fargicamente de la cadera, su salud se fue resquebrajando. Agregaron que los rezagos de ese golpe y las quimioterapias que recibi\u00f3 para el c\u00e1ncer a la lengua que lo aquejaba motivaron su deterioro.<\/p>\n\n\n\n<p class=\"\">Las mismas fuentes se\u00f1alaron que le han solicitado a Hiro y Sachie Fujimori, quienes viven en Jap\u00f3n y Alemania, respectivamente, que viajen a Lima.<\/p>\n\n\n\n<p class=\"\">Adem\u00e1s, contaron que&nbsp;<strong>el sacerdote que visit\u00f3 al exmandatario pasada la 1 de la tarde<\/strong>&nbsp;de este mi\u00e9rcoles fue a darle los santos \u00f3leos.<\/p>\n\n\n\n<p class=\"\">La Presidencia de la Rep\u00fablica, a trav\u00e9s de su cuenta de X (antes Twitter), expres\u00f3 su \u201cpreocupaci\u00f3n\u201d por la salud de Fujimori e hizo \u201cvotos por su pronta recuperaci\u00f3n\u201d. \u201cExtendemos a su familia, nuestra solidaridad y fuerza\u201d, agreg\u00f3 la instituci\u00f3n.<\/p>\n\n\n\n<p class=\"\">Fuentes cercanas Palacio de Gobierno refirieron a El Comercio que la administraci\u00f3n de Dina Boluarte \u201cseguir\u00e1 estrictamente los protocolos fijados por la canciller\u00eda\u201d. Es decir, le rendir\u00e1n honores de Estado a Fujimori.<\/p>\n\n\n\n<p class=\"\">El Decreto Supremo N.096-2005-RE, en su art\u00edculo 59, establece que, al conocerse el fallecimiento de un expresidente, \u201cse izar\u00e1 a media asta el Pabell\u00f3n Nacional en los edificios p\u00fablicos, bases militares, buques, establecimientos policiales y dem\u00e1s dependencias del Estado y se decretar\u00e1 duelo oficial el d\u00eda de la inhumaci\u00f3n de los restos mortales en consideraci\u00f3n a su alta investidura\u201d.<\/p>\n\n\n\n<p class=\"\">La norma no excluye a los exmandatarios que hayan recibido condenas o que hayan roto el orden democr\u00e1tico.<\/p>\n\n\n\n<ul class=\"wp-block-list\">\n<li class=\"\"><strong>La \u00faltima carta<\/strong><\/li>\n<\/ul>\n\n\n\n<p class=\"\">En junio \u00faltimo, Fujimori se afili\u00f3 a Fuerza Popular, partido fundado por su hija Keiko Fujimori, y luego, en una carta dirigida a El Comercio, anunci\u00f3 su decisi\u00f3n de retornar a la pol\u00edtica activa.<\/p>\n\n\n\n<p class=\"\">\u201cHoy me reafirm\u00f3 en mi decisi\u00f3n y voluntad de asumir todos los riesgos. Quiero volver a trabajar por todos los peruanos\u201d, indic\u00f3 en la misiva, escrita de su pu\u00f1o y letra.<\/p>\n\n\n\n<p class=\"\">Despu\u00e9s de la publicaci\u00f3n de esta carta, la lideresa de Fuerza Popular adelant\u00f3 que su padre ser\u00eda el candidato presidencial de su partido en las elecciones generales de 2026.<\/p>\n\n\n\n<p class=\"\">\u201cSer\u00e1 un excelente candidato, un gran presidente. El 2026 haremos campa\u00f1a con el ritmo del chino [&#8230;] Alberto Fujimori llegar\u00e1 a la segunda vuelta\u201d, dijo entonces Keiko Fujimori a este Diario.<\/p>\n\n\n\n<p class=\"\">No obstante, los abogados constitucionalistas An\u00edbal Quiroga y Natale Amprimo coincidieron en se\u00f1alar que el ex jefe de Estado estaba impedido de postular.<\/p>\n\n\n\n<p class=\"\">\u201c\u00c9l no es inocente, la gracia presidencial que recibi\u00f3 lo releva del cumplimiento de la pena, un indultado mantiene el estatus de condenado hasta que termine su pena y luego pide la rehabilitaci\u00f3n. No ha sido absuelto, su sentencia [de 25 a\u00f1os] no ha sido quebrada o anulada, est\u00e1 vigente. El indulto permite que no est\u00e9 en la c\u00e1rcel\u201d, expres\u00f3 Quiroga.<\/p>\n\n\n\n<p class=\"\">\u201cEl indulto lo \u00fanico que hace es liberarlo de la pena a diferencia de lo que es una amnist\u00eda, que ah\u00ed s\u00ed los hechos son borrados. El indulto no lo declara inocente\u201d, manifest\u00f3 Amprimo.<\/p>\n\n\n\n<p class=\"\"><strong>Un gobierno autoritario<\/strong><\/p>\n\n\n\n<p class=\"\">Fujimori, apodado como \u201cEl Chino\u201d , naci\u00f3 en 1938 y ejerci\u00f3 como presidente entre 1990 y 2000, en un gobierno que deriv\u00f3 en autoritarismo. En la primera elecci\u00f3n general que particip\u00f3 venci\u00f3 al escritor Mario Vargas Llosa. Un mes antes de la primera vuelta, solamente ten\u00eda el 2% de intenci\u00f3n de voto.<\/p>\n\n\n\n<p class=\"\">El 5 de abril de 1992 dio un autogolpe con el respaldo de las Fuerzas Armadas. Su gobierno disolvi\u00f3 inconstitucionalmente el Congreso, entonces compuesto de dos c\u00e1maras, y tambi\u00e9n intervino el Poder Judicial y el Tribunal de Garant\u00edas Constitucionales. Convoc\u00f3 a la elecci\u00f3n del Congreso Democr\u00e1tico Constituyente (CCD), que en 1993 aprob\u00f3 una nueva Constituci\u00f3n, que hasta la fecha contin\u00faa vigente.<\/p>\n\n\n\n<p class=\"\">La ca\u00edda del cabecilla del grupo terrorista Sendero Luminoso, Abimael Guzm\u00e1n, y el shock que estabiliz\u00f3 la econom\u00eda, le permitieron a Fujimori lograr su reelecci\u00f3n en 1995. \u00c9l se impuso al diplom\u00e1tico Javier P\u00e9rez de Cuellar, ex secretario general de las Naciones Unidas, en primera vuelta con m\u00e1s del 50% de los votos.<\/p>\n\n\n\n<p class=\"\">Durante el decenio fujimorista se cometieron graves violaciones a los derechos humanos y se constituy\u00f3 la mayor red de corrupci\u00f3n de la historia del Per\u00fa, encabezada por el asesor Vladimiro Montesinos.<\/p>\n\n\n\n<p class=\"\">En 2010, el entonces procurador anticorrupci\u00f3n, Pedro Gamarra, detall\u00f3 que en ese tiempo se privatizaron empresas p\u00fablicas por unos US$7.000 millones, pero al final de esa gesti\u00f3n solo se encontraron US$500 millones en el Tesoro P\u00fablico.<\/p>\n\n\n\n<p class=\"\">En el 2000, Fujimori fue reelegido por segunda vez como presidente. Esa elecci\u00f3n fue calificada por Transparencia como \u201cun fraude estructural\u201d.<\/p>\n\n\n\n<p class=\"\">En setiembre de ese a\u00f1o, tras la difusi\u00f3n del primer \u201cvladivideo\u201d, el entonces mandatario se vio forzado a anunciar que iba a llamar a nuevas elecciones. En la grabaci\u00f3n, se observ\u00f3 a Montesinos entreg\u00e1ndole fajos de dinero al congresista Alberto Kouri para que se pase a la bancada de Per\u00fa 2000, que lideraba Fujimori.<\/p>\n\n\n\n<p class=\"\">Dos meses despu\u00e9s, \u2018El Chino\u2019 renunci\u00f3 a la Presidencia a trav\u00e9s de un fax enviado desde Jap\u00f3n, donde permaneci\u00f3 hasta el 2005. En el 2007 fue extraditado al Per\u00fa desde Chile.<\/p>\n\n\n\n<p class=\"\"><strong>Cuatro condenas firmes<\/strong><\/p>\n\n\n\n<p class=\"\">El ex jefe de Estado fue condenado en el 2009 a 25 a\u00f1os de prisi\u00f3n por los delitos de homicidio calificado con alevos\u00eda por las matanzas de Barrios Altos y La Cantuta y secuestro agravado por las detenciones del empresario Samuel Dyer y el periodista Gustavo Gorriti. Ambos fueron aprehendidos ilegalmente el 5 de abril de 1992, cuando Fujimori dio un golpe de Estado.<\/p>\n\n\n\n<p class=\"\">Seg\u00fan el fallo- emitido por el tribunal de la Sala Penal Especial, presidido por el juez C\u00e9sar San Mart\u00edn- Fujimori, Vladimiro Montesinos y el ex comandante general de las Fuerzas Armadas Nicol\u00e1s Hermoza R\u00edos aplicaron una \u201cguerra de baja intensidad\u201d y practicaron cr\u00edmenes de Estado, de manera sistem\u00e1tica, en su lucha contra el terrorismo.<\/p>\n\n\n\n<p class=\"\">Para los jueces, las matanzas de Barrios Altos y La Cantuta no fueron hechos aislados. La sentencia, que tuvo 266 p\u00e1ginas, precis\u00f3 que el autogolpe de 1992 permiti\u00f3 que todo el poder se centralizara en el exmandatario, desde el Servicio de Inteligencia Nacional (SIN), y que se le brindara gran capacidad operativa al Servicio de Inteligencia del Ej\u00e9rcito (SIE).<\/p>\n\n\n\n<p class=\"\">Sobre Fujimori tambi\u00e9n pesaron otras tres condenas firmes: por el allanamiento ilegal a la casa de Trinidad Becerra, esposa de su exasesor Montesinos; por el pago de US$15 millones como CTS al \u2018Doc\u2019; y por los pagos ilegales a los congresistas tr\u00e1nsfugas, el espionaje a pol\u00edticos y periodistas, y la compra de Cable Canal de Noticias y de la l\u00ednea editorial del diario \u201cExpreso\u201d.<\/p>\n\n\n\n<p class=\"\">El 24 de diciembre de 2017, en la v\u00edspera de Navidad, el entonces presidente Pedro Pablo Kuczynski (PPK) le otorg\u00f3 un indulto humanitario al ex jefe de Estado, luego de que una junta m\u00e9dica recomendara su liberaci\u00f3n por \u201cuna enfermedad progresiva, degenerativa e incurable\u201d.<\/p>\n\n\n\n<p class=\"\">Kuczynski adopt\u00f3 esta pol\u00e9mica decisi\u00f3n d\u00edas despu\u00e9s de que Kenji Fujimori y otros congresistas disidentes de Fuerza Popular votaran en contra de su vacancia.<\/p>\n\n\n\n<p class=\"\">En octubre de 2018, el Juzgado de Investigaci\u00f3n Preparatoria de la Corte Suprema, a cargo del magistrado Hugo N\u00fa\u00f1ez Julca, anul\u00f3 la gracia presidencial dada por PPK. Y a trav\u00e9s de una resoluci\u00f3n de 225 p\u00e1ginas, el juez dispuso adem\u00e1s la ubicaci\u00f3n y captura de Fujimori, a fin de que sea reingresado a prisi\u00f3n.<\/p>\n\n\n\n<p class=\"\">En diciembre del a\u00f1o pasado, el Tribunal Constitucional orden\u00f3 \u201cla inmediata libertad\u201d del expresidente Alberto Fujimori \u201cbajo responsabilidad\u201d, tras reponer su indulto y establece que una resoluci\u00f3n de la Corte IDH no tiene competencia para ordenar que se ejecute una sentencia de un colegiado nacional.<\/p>\n","protected":false},"excerpt":{"rendered":"<p>En junio \u00faltimo, Fujimori se afili\u00f3 a Fuerza Popular, partido fundado por su hija Keiko Fujimori, y luego, en una carta dirigida a El Comercio, anunci\u00f3 su decisi\u00f3n de retornar a la pol\u00edtica activa. LIMA, Per\u00fa.- A poco m\u00e1s de nueve meses de haber dejado el penal de Barbadillo, luego de que el Tribunal Constitucional [&hellip;]<\/p>\n","protected":false},"author":1,"featured_media":19557,"comment_status":"open","ping_status":"open","sticky":false,"template":"","format":"standard","meta":{"nf_dc_page":"","jetpack_post_was_ever_published":false,"_jetpack_newsletter_access":"","_jetpack_dont_email_post_to_subs":false,"_jetpack_newsletter_tier_id":0,"_jetpack_memberships_contains_paywalled_content":false,"_jetpack_memberships_contains_paid_content":false,"footnotes":"","jetpack_publicize_message":"","jetpack_publicize_feature_enabled":true,"jetpack_social_post_already_shared":true,"jetpack_social_options":{"image_generator_settings":{"template":"highway","default_image_id":0,"font":"","enabled":false},"version":2}},"categories":[1],"tags":[],"class_list":["post-19556","post","type-post","status-publish","format-standard","has-post-thumbnail","hentry","category-sin-categoria"],"yoast_head":"<!-- This site is optimized with the Yoast SEO plugin v27.5 - https:\/\/yoast.com\/product\/yoast-seo-wordpress\/ -->\n<title>LUCTUOSA | Expresidente de Per\u00fa, Alberto Fujimori muri\u00f3 a los 86 a\u00f1os - Minuto Cero RD<\/title>\n<meta name=\"robots\" content=\"index, follow, max-snippet:-1, max-image-preview:large, max-video-preview:-1\" \/>\n<link rel=\"canonical\" href=\"http:\/\/minutocerord.com\/?p=19556\" \/>\n<meta property=\"og:locale\" content=\"es_ES\" \/>\n<meta property=\"og:type\" content=\"article\" \/>\n<meta property=\"og:title\" content=\"LUCTUOSA | Expresidente de Per\u00fa, Alberto Fujimori muri\u00f3 a los 86 a\u00f1os - Minuto Cero RD\" \/>\n<meta property=\"og:description\" content=\"En junio \u00faltimo, Fujimori se afili\u00f3 a Fuerza Popular, partido fundado por su hija Keiko Fujimori, y luego, en una carta dirigida a El Comercio, anunci\u00f3 su decisi\u00f3n de retornar a la pol\u00edtica activa. LIMA, Per\u00fa.- A poco m\u00e1s de nueve meses de haber dejado el penal de Barbadillo, luego de que el Tribunal Constitucional [&hellip;]\" \/>\n<meta property=\"og:url\" content=\"http:\/\/minutocerord.com\/?p=19556\" \/>\n<meta property=\"og:site_name\" content=\"Minuto Cero RD\" \/>\n<meta property=\"article:publisher\" content=\"https:\/\/www.facebook.com\/Genofnotes\" \/>\n<meta property=\"article:author\" content=\"https:\/\/www.facebook.com\/Genofnotes\" \/>\n<meta property=\"article:published_time\" content=\"2024-09-12T00:12:22+00:00\" \/>\n<meta property=\"article:modified_time\" content=\"2024-09-12T00:12:26+00:00\" \/>\n<meta property=\"og:image\" content=\"https:\/\/i0.wp.com\/minutocerord.com\/wp-content\/uploads\/2024\/09\/6432381836660.jpg?fit=800%2C493\" \/>\n\t<meta property=\"og:image:width\" content=\"800\" \/>\n\t<meta property=\"og:image:height\" content=\"493\" \/>\n\t<meta property=\"og:image:type\" content=\"image\/jpeg\" \/>\n<meta name=\"author\" content=\"Genof\u00f3ntes Urb\u00e1ez\" \/>\n<meta name=\"twitter:card\" content=\"summary_large_image\" \/>\n<meta name=\"twitter:label1\" content=\"Written by\" \/>\n\t<meta name=\"twitter:data1\" content=\"Genof\u00f3ntes Urb\u00e1ez\" \/>\n\t<meta name=\"twitter:label2\" content=\"Est. reading time\" \/>\n\t<meta name=\"twitter:data2\" content=\"7 minutos\" \/>\n<script type=\"application\/ld+json\" class=\"yoast-schema-graph\">{\"@context\":\"https:\\\/\\\/schema.org\",\"@graph\":[{\"@type\":\"Article\",\"@id\":\"http:\\\/\\\/minutocerord.com\\\/?p=19556#article\",\"isPartOf\":{\"@id\":\"http:\\\/\\\/minutocerord.com\\\/?p=19556\"},\"author\":{\"name\":\"Genof\u00f3ntes Urb\u00e1ez\",\"@id\":\"https:\\\/\\\/minutocerord.com\\\/#\\\/schema\\\/person\\\/60b5372d60aaa0a5171fb6488be9aee6\"},\"headline\":\"LUCTUOSA | Expresidente de Per\u00fa, Alberto Fujimori muri\u00f3 a los 86 a\u00f1os\",\"datePublished\":\"2024-09-12T00:12:22+00:00\",\"dateModified\":\"2024-09-12T00:12:26+00:00\",\"mainEntityOfPage\":{\"@id\":\"http:\\\/\\\/minutocerord.com\\\/?p=19556\"},\"wordCount\":1491,\"commentCount\":0,\"publisher\":{\"@id\":\"https:\\\/\\\/minutocerord.com\\\/#\\\/schema\\\/person\\\/60b5372d60aaa0a5171fb6488be9aee6\"},\"image\":{\"@id\":\"http:\\\/\\\/minutocerord.com\\\/?p=19556#primaryimage\"},\"thumbnailUrl\":\"https:\\\/\\\/i0.wp.com\\\/minutocerord.com\\\/wp-content\\\/uploads\\\/2024\\\/09\\\/6432381836660.jpg?fit=800%2C493\",\"articleSection\":[\"Sin categoria\"],\"inLanguage\":\"es-DO\",\"potentialAction\":[{\"@type\":\"CommentAction\",\"name\":\"Comment\",\"target\":[\"http:\\\/\\\/minutocerord.com\\\/?p=19556#respond\"]}]},{\"@type\":\"WebPage\",\"@id\":\"http:\\\/\\\/minutocerord.com\\\/?p=19556\",\"url\":\"http:\\\/\\\/minutocerord.com\\\/?p=19556\",\"name\":\"LUCTUOSA | Expresidente de Per\u00fa, Alberto Fujimori muri\u00f3 a los 86 a\u00f1os - Minuto Cero RD\",\"isPartOf\":{\"@id\":\"https:\\\/\\\/minutocerord.com\\\/#website\"},\"primaryImageOfPage\":{\"@id\":\"http:\\\/\\\/minutocerord.com\\\/?p=19556#primaryimage\"},\"image\":{\"@id\":\"http:\\\/\\\/minutocerord.com\\\/?p=19556#primaryimage\"},\"thumbnailUrl\":\"https:\\\/\\\/i0.wp.com\\\/minutocerord.com\\\/wp-content\\\/uploads\\\/2024\\\/09\\\/6432381836660.jpg?fit=800%2C493\",\"datePublished\":\"2024-09-12T00:12:22+00:00\",\"dateModified\":\"2024-09-12T00:12:26+00:00\",\"breadcrumb\":{\"@id\":\"http:\\\/\\\/minutocerord.com\\\/?p=19556#breadcrumb\"},\"inLanguage\":\"es-DO\",\"potentialAction\":[{\"@type\":\"ReadAction\",\"target\":[\"http:\\\/\\\/minutocerord.com\\\/?p=19556\"]}]},{\"@type\":\"ImageObject\",\"inLanguage\":\"es-DO\",\"@id\":\"http:\\\/\\\/minutocerord.com\\\/?p=19556#primaryimage\",\"url\":\"https:\\\/\\\/i0.wp.com\\\/minutocerord.com\\\/wp-content\\\/uploads\\\/2024\\\/09\\\/6432381836660.jpg?fit=800%2C493\",\"contentUrl\":\"https:\\\/\\\/i0.wp.com\\\/minutocerord.com\\\/wp-content\\\/uploads\\\/2024\\\/09\\\/6432381836660.jpg?fit=800%2C493\",\"width\":800,\"height\":493,\"caption\":\"El expresidente peruano Alberto Fujimori posa para una fotograf\u00eda en Lima. Alejandro Aguinaga. HO \\\/ Prensa Fujimori \\\/ AFP\"},{\"@type\":\"BreadcrumbList\",\"@id\":\"http:\\\/\\\/minutocerord.com\\\/?p=19556#breadcrumb\",\"itemListElement\":[{\"@type\":\"ListItem\",\"position\":1,\"name\":\"Home\",\"item\":\"https:\\\/\\\/minutocerord.com\\\/\"},{\"@type\":\"ListItem\",\"position\":2,\"name\":\"LUCTUOSA | Expresidente de Per\u00fa, Alberto Fujimori muri\u00f3 a los 86 a\u00f1os\"}]},{\"@type\":\"WebSite\",\"@id\":\"https:\\\/\\\/minutocerord.com\\\/#website\",\"url\":\"https:\\\/\\\/minutocerord.com\\\/\",\"name\":\"Minuto Cero RD\",\"description\":\"Periodismo serio y veraz\",\"publisher\":{\"@id\":\"https:\\\/\\\/minutocerord.com\\\/#\\\/schema\\\/person\\\/60b5372d60aaa0a5171fb6488be9aee6\"},\"potentialAction\":[{\"@type\":\"SearchAction\",\"target\":{\"@type\":\"EntryPoint\",\"urlTemplate\":\"https:\\\/\\\/minutocerord.com\\\/?s={search_term_string}\"},\"query-input\":{\"@type\":\"PropertyValueSpecification\",\"valueRequired\":true,\"valueName\":\"search_term_string\"}}],\"inLanguage\":\"es-DO\"},{\"@type\":[\"Person\",\"Organization\"],\"@id\":\"https:\\\/\\\/minutocerord.com\\\/#\\\/schema\\\/person\\\/60b5372d60aaa0a5171fb6488be9aee6\",\"name\":\"Genof\u00f3ntes Urb\u00e1ez\",\"image\":{\"@type\":\"ImageObject\",\"inLanguage\":\"es-DO\",\"@id\":\"https:\\\/\\\/secure.gravatar.com\\\/avatar\\\/a49ef3186a692098ac3e8a1612261e3ad70cf9e44553dff2929e67939a0ecb9d?s=96&d=identicon&r=g\",\"url\":\"https:\\\/\\\/secure.gravatar.com\\\/avatar\\\/a49ef3186a692098ac3e8a1612261e3ad70cf9e44553dff2929e67939a0ecb9d?s=96&d=identicon&r=g\",\"contentUrl\":\"https:\\\/\\\/secure.gravatar.com\\\/avatar\\\/a49ef3186a692098ac3e8a1612261e3ad70cf9e44553dff2929e67939a0ecb9d?s=96&d=identicon&r=g\",\"caption\":\"Genof\u00f3ntes Urb\u00e1ez\"},\"logo\":{\"@id\":\"https:\\\/\\\/secure.gravatar.com\\\/avatar\\\/a49ef3186a692098ac3e8a1612261e3ad70cf9e44553dff2929e67939a0ecb9d?s=96&d=identicon&r=g\"},\"description\":\"Periodista \\\/ Locutor\",\"sameAs\":[\"https:\\\/\\\/www.facebook.com\\\/Genofnotes\",\"https:\\\/\\\/www.instagram.com\\\/genofnotes\\\/\"]}]}<\/script>\n<!-- \/ Yoast SEO plugin. -->","yoast_head_json":{"title":"LUCTUOSA | Expresidente de Per\u00fa, Alberto Fujimori muri\u00f3 a los 86 a\u00f1os - Minuto Cero RD","robots":{"index":"index","follow":"follow","max-snippet":"max-snippet:-1","max-image-preview":"max-image-preview:large","max-video-preview":"max-video-preview:-1"},"canonical":"http:\/\/minutocerord.com\/?p=19556","og_locale":"es_ES","og_type":"article","og_title":"LUCTUOSA | Expresidente de Per\u00fa, Alberto Fujimori muri\u00f3 a los 86 a\u00f1os - Minuto Cero RD","og_description":"En junio \u00faltimo, Fujimori se afili\u00f3 a Fuerza Popular, partido fundado por su hija Keiko Fujimori, y luego, en una carta dirigida a El Comercio, anunci\u00f3 su decisi\u00f3n de retornar a la pol\u00edtica activa. LIMA, Per\u00fa.- A poco m\u00e1s de nueve meses de haber dejado el penal de Barbadillo, luego de que el Tribunal Constitucional [&hellip;]","og_url":"http:\/\/minutocerord.com\/?p=19556","og_site_name":"Minuto Cero RD","article_publisher":"https:\/\/www.facebook.com\/Genofnotes","article_author":"https:\/\/www.facebook.com\/Genofnotes","article_published_time":"2024-09-12T00:12:22+00:00","article_modified_time":"2024-09-12T00:12:26+00:00","og_image":[{"width":800,"height":493,"url":"https:\/\/i0.wp.com\/minutocerord.com\/wp-content\/uploads\/2024\/09\/6432381836660.jpg?fit=800%2C493","type":"image\/jpeg"}],"author":"Genof\u00f3ntes Urb\u00e1ez","twitter_card":"summary_large_image","twitter_misc":{"Written by":"Genof\u00f3ntes Urb\u00e1ez","Est. reading time":"7 minutos"},"schema":{"@context":"https:\/\/schema.org","@graph":[{"@type":"Article","@id":"http:\/\/minutocerord.com\/?p=19556#article","isPartOf":{"@id":"http:\/\/minutocerord.com\/?p=19556"},"author":{"name":"Genof\u00f3ntes Urb\u00e1ez","@id":"https:\/\/minutocerord.com\/#\/schema\/person\/60b5372d60aaa0a5171fb6488be9aee6"},"headline":"LUCTUOSA | Expresidente de Per\u00fa, Alberto Fujimori muri\u00f3 a los 86 a\u00f1os","datePublished":"2024-09-12T00:12:22+00:00","dateModified":"2024-09-12T00:12:26+00:00","mainEntityOfPage":{"@id":"http:\/\/minutocerord.com\/?p=19556"},"wordCount":1491,"commentCount":0,"publisher":{"@id":"https:\/\/minutocerord.com\/#\/schema\/person\/60b5372d60aaa0a5171fb6488be9aee6"},"image":{"@id":"http:\/\/minutocerord.com\/?p=19556#primaryimage"},"thumbnailUrl":"https:\/\/i0.wp.com\/minutocerord.com\/wp-content\/uploads\/2024\/09\/6432381836660.jpg?fit=800%2C493","articleSection":["Sin categoria"],"inLanguage":"es-DO","potentialAction":[{"@type":"CommentAction","name":"Comment","target":["http:\/\/minutocerord.com\/?p=19556#respond"]}]},{"@type":"WebPage","@id":"http:\/\/minutocerord.com\/?p=19556","url":"http:\/\/minutocerord.com\/?p=19556","name":"LUCTUOSA | Expresidente de Per\u00fa, Alberto Fujimori muri\u00f3 a los 86 a\u00f1os - Minuto Cero RD","isPartOf":{"@id":"https:\/\/minutocerord.com\/#website"},"primaryImageOfPage":{"@id":"http:\/\/minutocerord.com\/?p=19556#primaryimage"},"image":{"@id":"http:\/\/minutocerord.com\/?p=19556#primaryimage"},"thumbnailUrl":"https:\/\/i0.wp.com\/minutocerord.com\/wp-content\/uploads\/2024\/09\/6432381836660.jpg?fit=800%2C493","datePublished":"2024-09-12T00:12:22+00:00","dateModified":"2024-09-12T00:12:26+00:00","breadcrumb":{"@id":"http:\/\/minutocerord.com\/?p=19556#breadcrumb"},"inLanguage":"es-DO","potentialAction":[{"@type":"ReadAction","target":["http:\/\/minutocerord.com\/?p=19556"]}]},{"@type":"ImageObject","inLanguage":"es-DO","@id":"http:\/\/minutocerord.com\/?p=19556#primaryimage","url":"https:\/\/i0.wp.com\/minutocerord.com\/wp-content\/uploads\/2024\/09\/6432381836660.jpg?fit=800%2C493","contentUrl":"https:\/\/i0.wp.com\/minutocerord.com\/wp-content\/uploads\/2024\/09\/6432381836660.jpg?fit=800%2C493","width":800,"height":493,"caption":"El expresidente peruano Alberto Fujimori posa para una fotograf\u00eda en Lima. Alejandro Aguinaga. HO \/ Prensa Fujimori \/ AFP"},{"@type":"BreadcrumbList","@id":"http:\/\/minutocerord.com\/?p=19556#breadcrumb","itemListElement":[{"@type":"ListItem","position":1,"name":"Home","item":"https:\/\/minutocerord.com\/"},{"@type":"ListItem","position":2,"name":"LUCTUOSA | Expresidente de Per\u00fa, Alberto Fujimori muri\u00f3 a los 86 a\u00f1os"}]},{"@type":"WebSite","@id":"https:\/\/minutocerord.com\/#website","url":"https:\/\/minutocerord.com\/","name":"Minuto Cero RD","description":"Periodismo serio y veraz","publisher":{"@id":"https:\/\/minutocerord.com\/#\/schema\/person\/60b5372d60aaa0a5171fb6488be9aee6"},"potentialAction":[{"@type":"SearchAction","target":{"@type":"EntryPoint","urlTemplate":"https:\/\/minutocerord.com\/?s={search_term_string}"},"query-input":{"@type":"PropertyValueSpecification","valueRequired":true,"valueName":"search_term_string"}}],"inLanguage":"es-DO"},{"@type":["Person","Organization"],"@id":"https:\/\/minutocerord.com\/#\/schema\/person\/60b5372d60aaa0a5171fb6488be9aee6","name":"Genof\u00f3ntes Urb\u00e1ez","image":{"@type":"ImageObject","inLanguage":"es-DO","@id":"https:\/\/secure.gravatar.com\/avatar\/a49ef3186a692098ac3e8a1612261e3ad70cf9e44553dff2929e67939a0ecb9d?s=96&d=identicon&r=g","url":"https:\/\/secure.gravatar.com\/avatar\/a49ef3186a692098ac3e8a1612261e3ad70cf9e44553dff2929e67939a0ecb9d?s=96&d=identicon&r=g","contentUrl":"https:\/\/secure.gravatar.com\/avatar\/a49ef3186a692098ac3e8a1612261e3ad70cf9e44553dff2929e67939a0ecb9d?s=96&d=identicon&r=g","caption":"Genof\u00f3ntes Urb\u00e1ez"},"logo":{"@id":"https:\/\/secure.gravatar.com\/avatar\/a49ef3186a692098ac3e8a1612261e3ad70cf9e44553dff2929e67939a0ecb9d?s=96&d=identicon&r=g"},"description":"Periodista \/ Locutor","sameAs":["https:\/\/www.facebook.com\/Genofnotes","https:\/\/www.instagram.com\/genofnotes\/"]}]}},"jetpack_publicize_connections":[],"jetpack_featured_media_url":"https:\/\/i0.wp.com\/minutocerord.com\/wp-content\/uploads\/2024\/09\/6432381836660.jpg?fit=800%2C493","jetpack-related-posts":[],"jetpack_sharing_enabled":true,"_links":{"self":[{"href":"http:\/\/minutocerord.com\/index.php?rest_route=\/wp\/v2\/posts\/19556","targetHints":{"allow":["GET"]}}],"collection":[{"href":"http:\/\/minutocerord.com\/index.php?rest_route=\/wp\/v2\/posts"}],"about":[{"href":"http:\/\/minutocerord.com\/index.php?rest_route=\/wp\/v2\/types\/post"}],"author":[{"embeddable":true,"href":"http:\/\/minutocerord.com\/index.php?rest_route=\/wp\/v2\/users\/1"}],"replies":[{"embeddable":true,"href":"http:\/\/minutocerord.com\/index.php?rest_route=%2Fwp%2Fv2%2Fcomments&post=19556"}],"version-history":[{"count":1,"href":"http:\/\/minutocerord.com\/index.php?rest_route=\/wp\/v2\/posts\/19556\/revisions"}],"predecessor-version":[{"id":19558,"href":"http:\/\/minutocerord.com\/index.php?rest_route=\/wp\/v2\/posts\/19556\/revisions\/19558"}],"wp:featuredmedia":[{"embeddable":true,"href":"http:\/\/minutocerord.com\/index.php?rest_route=\/wp\/v2\/media\/19557"}],"wp:attachment":[{"href":"http:\/\/minutocerord.com\/index.php?rest_route=%2Fwp%2Fv2%2Fmedia&parent=19556"}],"wp:term":[{"taxonomy":"category","embeddable":true,"href":"http:\/\/minutocerord.com\/index.php?rest_route=%2Fwp%2Fv2%2Fcategories&post=19556"},{"taxonomy":"post_tag","embeddable":true,"href":"http:\/\/minutocerord.com\/index.php?rest_route=%2Fwp%2Fv2%2Ftags&post=19556"}],"curies":[{"name":"wp","href":"https:\/\/api.w.org\/{rel}","templated":true}]}}