{"id":19559,"date":"2024-09-12T11:22:05","date_gmt":"2024-09-12T15:22:05","guid":{"rendered":"https:\/\/minutocerord.com\/?p=19559"},"modified":"2024-09-12T11:22:08","modified_gmt":"2024-09-12T15:22:08","slug":"aird-apoya-posicion-fmi-y-ve-reformas-son-necesarias-en-rd","status":"publish","type":"post","link":"http:\/\/minutocerord.com\/?p=19559","title":{"rendered":"AIRD | Apoya posici\u00f3n FMI y ve reformas son necesarias en RD"},"content":{"rendered":"\n<p class=\"\"><strong>SANTO DOMINGO. RD. \u2013 <\/strong>La Asociaci\u00f3n de Industrias de la Rep\u00fablica Dominicana (AIRD) favorece las declaraciones del Fondo Monetario Internacional (FMI) sobre la necesidad \u00abimperiosa\u00bb de una reforma fiscal integral en el pa\u00eds.<\/p>\n\n\n\n<p class=\"\">\u201cDe manera espec\u00edfica, recordamos que en la evaluaci\u00f3n preparada por el personal t\u00e9cnico y que sirve de sustento a esta decisi\u00f3n del Directorio Ejecutivo del FMI, se resalta la necesidad de reducir la evasi\u00f3n fiscal en la econom\u00eda\u201d, indica.<\/p>\n\n\n\n<p class=\"\">En documento remitido a ALMOMENTO.NET la AIRD dice que han sido reiterativos respecto al fomento del combate a la competencia desleal, la evasi\u00f3n y la ilegalidad en el mercado.<\/p>\n\n\n\n<p class=\"\"><strong>REFORMA DEBE INCLUIR REDUCION EVASION FISCAL<\/strong><\/p>\n\n\n\n<p class=\"\">\u201cConsideramos que cualquier reforma tributaria debe ir de la mano con un fortalecimiento de la capacidad de la administraci\u00f3n tributaria para reducir la informalidad y la evasi\u00f3n fiscal, que alcanzan niveles de preocupaci\u00f3n en sectores clave\u201d, se\u00f1ala.<\/p>\n\n\n\n<p class=\"\">Asimismo, dice que la administraci\u00f3n tributaria debe continuar con la implementaci\u00f3n de herramientas modernas que, como la trazabilidad y la factura electr\u00f3nica, permitan reducir el incumplimiento tributario.<\/p>\n\n\n\n<p class=\"\"><strong>DESTTACA CRECIMIENTO ECONOMIA ULTIMAS DECADAS<\/strong><\/p>\n\n\n\n<p class=\"\">En adici\u00f3n a la actual estabilidad del sistema financiero, indica la entidad, queda evidenciado el crecimiento y la resiliencia de la econom\u00eda dominicana en las \u00faltimas dos d\u00e9cadas.<\/p>\n\n\n\n<p class=\"\">Asimismo, la previsi\u00f3n de un crecimiento del PIB en torno al 5% y de una inflaci\u00f3n alrededor del 4% para el 2024 es muestra de la firmeza de nuestra econom\u00eda.<\/p>\n","protected":false},"excerpt":{"rendered":"<p>SANTO DOMINGO. RD. \u2013 La Asociaci\u00f3n de Industrias de la Rep\u00fablica Dominicana (AIRD) favorece las declaraciones del Fondo Monetario Internacional (FMI) sobre la necesidad \u00abimperiosa\u00bb de una reforma fiscal integral en el pa\u00eds. \u201cDe manera espec\u00edfica, recordamos que en la evaluaci\u00f3n preparada por el personal t\u00e9cnico y que sirve de sustento a esta decisi\u00f3n del [&hellip;]<\/p>\n","protected":false},"author":1,"featured_media":19560,"comment_status":"open","ping_status":"open","sticky":false,"template":"","format":"standard","meta":{"nf_dc_page":"","jetpack_post_was_ever_published":false,"_jetpack_newsletter_access":"","_jetpack_dont_email_post_to_subs":false,"_jetpack_newsletter_tier_id":0,"_jetpack_memberships_contains_paywalled_content":false,"_jetpack_memberships_contains_paid_content":false,"footnotes":"","jetpack_publicize_message":"","jetpack_publicize_feature_enabled":true,"jetpack_social_post_already_shared":true,"jetpack_social_options":{"image_generator_settings":{"template":"highway","default_image_id":0,"font":"","enabled":false},"version":2}},"categories":[74],"tags":[],"class_list":["post-19559","post","type-post","status-publish","format-standard","has-post-thumbnail","hentry","category-economicas"],"yoast_head":"<!-- This site is optimized with the Yoast SEO plugin v27.5 - https:\/\/yoast.com\/product\/yoast-seo-wordpress\/ -->\n<title>AIRD | Apoya posici\u00f3n FMI y ve reformas son necesarias en RD - Minuto Cero RD<\/title>\n<meta name=\"robots\" content=\"index, follow, max-snippet:-1, max-image-preview:large, max-video-preview:-1\" \/>\n<link rel=\"canonical\" href=\"http:\/\/minutocerord.com\/?p=19559\" \/>\n<meta property=\"og:locale\" content=\"es_ES\" \/>\n<meta property=\"og:type\" content=\"article\" \/>\n<meta property=\"og:title\" content=\"AIRD | Apoya posici\u00f3n FMI y ve reformas son necesarias en RD - Minuto Cero RD\" \/>\n<meta property=\"og:description\" content=\"SANTO DOMINGO. RD. \u2013 La Asociaci\u00f3n de Industrias de la Rep\u00fablica Dominicana (AIRD) favorece las declaraciones del Fondo Monetario Internacional (FMI) sobre la necesidad \u00abimperiosa\u00bb de una reforma fiscal integral en el pa\u00eds. \u201cDe manera espec\u00edfica, recordamos que en la evaluaci\u00f3n preparada por el personal t\u00e9cnico y que sirve de sustento a esta decisi\u00f3n del [&hellip;]\" \/>\n<meta property=\"og:url\" content=\"http:\/\/minutocerord.com\/?p=19559\" \/>\n<meta property=\"og:site_name\" content=\"Minuto Cero RD\" \/>\n<meta property=\"article:publisher\" content=\"https:\/\/www.facebook.com\/Genofnotes\" \/>\n<meta property=\"article:author\" content=\"https:\/\/www.facebook.com\/Genofnotes\" \/>\n<meta property=\"article:published_time\" content=\"2024-09-12T15:22:05+00:00\" \/>\n<meta property=\"article:modified_time\" content=\"2024-09-12T15:22:08+00:00\" \/>\n<meta property=\"og:image\" content=\"https:\/\/i0.wp.com\/minutocerord.com\/wp-content\/uploads\/2024\/09\/aird.jpg?fit=558%2C333\" \/>\n\t<meta property=\"og:image:width\" content=\"558\" \/>\n\t<meta property=\"og:image:height\" content=\"333\" \/>\n\t<meta property=\"og:image:type\" content=\"image\/jpeg\" \/>\n<meta name=\"author\" content=\"Genof\u00f3ntes Urb\u00e1ez\" \/>\n<meta name=\"twitter:card\" content=\"summary_large_image\" \/>\n<meta name=\"twitter:label1\" content=\"Written by\" \/>\n\t<meta name=\"twitter:data1\" content=\"Genof\u00f3ntes Urb\u00e1ez\" \/>\n\t<meta name=\"twitter:label2\" content=\"Est. reading time\" \/>\n\t<meta name=\"twitter:data2\" content=\"2 minutos\" \/>\n<script type=\"application\/ld+json\" class=\"yoast-schema-graph\">{\"@context\":\"https:\\\/\\\/schema.org\",\"@graph\":[{\"@type\":\"Article\",\"@id\":\"http:\\\/\\\/minutocerord.com\\\/?p=19559#article\",\"isPartOf\":{\"@id\":\"http:\\\/\\\/minutocerord.com\\\/?p=19559\"},\"author\":{\"name\":\"Genof\u00f3ntes Urb\u00e1ez\",\"@id\":\"https:\\\/\\\/minutocerord.com\\\/#\\\/schema\\\/person\\\/60b5372d60aaa0a5171fb6488be9aee6\"},\"headline\":\"AIRD | Apoya posici\u00f3n FMI y ve reformas son necesarias en RD\",\"datePublished\":\"2024-09-12T15:22:05+00:00\",\"dateModified\":\"2024-09-12T15:22:08+00:00\",\"mainEntityOfPage\":{\"@id\":\"http:\\\/\\\/minutocerord.com\\\/?p=19559\"},\"wordCount\":266,\"commentCount\":0,\"publisher\":{\"@id\":\"https:\\\/\\\/minutocerord.com\\\/#\\\/schema\\\/person\\\/60b5372d60aaa0a5171fb6488be9aee6\"},\"image\":{\"@id\":\"http:\\\/\\\/minutocerord.com\\\/?p=19559#primaryimage\"},\"thumbnailUrl\":\"https:\\\/\\\/i0.wp.com\\\/minutocerord.com\\\/wp-content\\\/uploads\\\/2024\\\/09\\\/aird.jpg?fit=558%2C333\",\"articleSection\":[\"Econ\u00f3micas\"],\"inLanguage\":\"es-DO\",\"potentialAction\":[{\"@type\":\"CommentAction\",\"name\":\"Comment\",\"target\":[\"http:\\\/\\\/minutocerord.com\\\/?p=19559#respond\"]}]},{\"@type\":\"WebPage\",\"@id\":\"http:\\\/\\\/minutocerord.com\\\/?p=19559\",\"url\":\"http:\\\/\\\/minutocerord.com\\\/?p=19559\",\"name\":\"AIRD | Apoya posici\u00f3n FMI y ve reformas son necesarias en RD - Minuto Cero RD\",\"isPartOf\":{\"@id\":\"https:\\\/\\\/minutocerord.com\\\/#website\"},\"primaryImageOfPage\":{\"@id\":\"http:\\\/\\\/minutocerord.com\\\/?p=19559#primaryimage\"},\"image\":{\"@id\":\"http:\\\/\\\/minutocerord.com\\\/?p=19559#primaryimage\"},\"thumbnailUrl\":\"https:\\\/\\\/i0.wp.com\\\/minutocerord.com\\\/wp-content\\\/uploads\\\/2024\\\/09\\\/aird.jpg?fit=558%2C333\",\"datePublished\":\"2024-09-12T15:22:05+00:00\",\"dateModified\":\"2024-09-12T15:22:08+00:00\",\"breadcrumb\":{\"@id\":\"http:\\\/\\\/minutocerord.com\\\/?p=19559#breadcrumb\"},\"inLanguage\":\"es-DO\",\"potentialAction\":[{\"@type\":\"ReadAction\",\"target\":[\"http:\\\/\\\/minutocerord.com\\\/?p=19559\"]}]},{\"@type\":\"ImageObject\",\"inLanguage\":\"es-DO\",\"@id\":\"http:\\\/\\\/minutocerord.com\\\/?p=19559#primaryimage\",\"url\":\"https:\\\/\\\/i0.wp.com\\\/minutocerord.com\\\/wp-content\\\/uploads\\\/2024\\\/09\\\/aird.jpg?fit=558%2C333\",\"contentUrl\":\"https:\\\/\\\/i0.wp.com\\\/minutocerord.com\\\/wp-content\\\/uploads\\\/2024\\\/09\\\/aird.jpg?fit=558%2C333\",\"width\":558,\"height\":333},{\"@type\":\"BreadcrumbList\",\"@id\":\"http:\\\/\\\/minutocerord.com\\\/?p=19559#breadcrumb\",\"itemListElement\":[{\"@type\":\"ListItem\",\"position\":1,\"name\":\"Home\",\"item\":\"https:\\\/\\\/minutocerord.com\\\/\"},{\"@type\":\"ListItem\",\"position\":2,\"name\":\"AIRD | Apoya posici\u00f3n FMI y ve reformas son necesarias en RD\"}]},{\"@type\":\"WebSite\",\"@id\":\"https:\\\/\\\/minutocerord.com\\\/#website\",\"url\":\"https:\\\/\\\/minutocerord.com\\\/\",\"name\":\"Minuto Cero RD\",\"description\":\"Periodismo serio y veraz\",\"publisher\":{\"@id\":\"https:\\\/\\\/minutocerord.com\\\/#\\\/schema\\\/person\\\/60b5372d60aaa0a5171fb6488be9aee6\"},\"potentialAction\":[{\"@type\":\"SearchAction\",\"target\":{\"@type\":\"EntryPoint\",\"urlTemplate\":\"https:\\\/\\\/minutocerord.com\\\/?s={search_term_string}\"},\"query-input\":{\"@type\":\"PropertyValueSpecification\",\"valueRequired\":true,\"valueName\":\"search_term_string\"}}],\"inLanguage\":\"es-DO\"},{\"@type\":[\"Person\",\"Organization\"],\"@id\":\"https:\\\/\\\/minutocerord.com\\\/#\\\/schema\\\/person\\\/60b5372d60aaa0a5171fb6488be9aee6\",\"name\":\"Genof\u00f3ntes Urb\u00e1ez\",\"image\":{\"@type\":\"ImageObject\",\"inLanguage\":\"es-DO\",\"@id\":\"https:\\\/\\\/secure.gravatar.com\\\/avatar\\\/a49ef3186a692098ac3e8a1612261e3ad70cf9e44553dff2929e67939a0ecb9d?s=96&d=identicon&r=g\",\"url\":\"https:\\\/\\\/secure.gravatar.com\\\/avatar\\\/a49ef3186a692098ac3e8a1612261e3ad70cf9e44553dff2929e67939a0ecb9d?s=96&d=identicon&r=g\",\"contentUrl\":\"https:\\\/\\\/secure.gravatar.com\\\/avatar\\\/a49ef3186a692098ac3e8a1612261e3ad70cf9e44553dff2929e67939a0ecb9d?s=96&d=identicon&r=g\",\"caption\":\"Genof\u00f3ntes Urb\u00e1ez\"},\"logo\":{\"@id\":\"https:\\\/\\\/secure.gravatar.com\\\/avatar\\\/a49ef3186a692098ac3e8a1612261e3ad70cf9e44553dff2929e67939a0ecb9d?s=96&d=identicon&r=g\"},\"description\":\"Periodista \\\/ Locutor\",\"sameAs\":[\"https:\\\/\\\/www.facebook.com\\\/Genofnotes\",\"https:\\\/\\\/www.instagram.com\\\/genofnotes\\\/\"]}]}<\/script>\n<!-- \/ Yoast SEO plugin. -->","yoast_head_json":{"title":"AIRD | Apoya posici\u00f3n FMI y ve reformas son necesarias en RD - Minuto Cero RD","robots":{"index":"index","follow":"follow","max-snippet":"max-snippet:-1","max-image-preview":"max-image-preview:large","max-video-preview":"max-video-preview:-1"},"canonical":"http:\/\/minutocerord.com\/?p=19559","og_locale":"es_ES","og_type":"article","og_title":"AIRD | Apoya posici\u00f3n FMI y ve reformas son necesarias en RD - Minuto Cero RD","og_description":"SANTO DOMINGO. RD. \u2013 La Asociaci\u00f3n de Industrias de la Rep\u00fablica Dominicana (AIRD) favorece las declaraciones del Fondo Monetario Internacional (FMI) sobre la necesidad \u00abimperiosa\u00bb de una reforma fiscal integral en el pa\u00eds. \u201cDe manera espec\u00edfica, recordamos que en la evaluaci\u00f3n preparada por el personal t\u00e9cnico y que sirve de sustento a esta decisi\u00f3n del [&hellip;]","og_url":"http:\/\/minutocerord.com\/?p=19559","og_site_name":"Minuto Cero RD","article_publisher":"https:\/\/www.facebook.com\/Genofnotes","article_author":"https:\/\/www.facebook.com\/Genofnotes","article_published_time":"2024-09-12T15:22:05+00:00","article_modified_time":"2024-09-12T15:22:08+00:00","og_image":[{"width":558,"height":333,"url":"https:\/\/i0.wp.com\/minutocerord.com\/wp-content\/uploads\/2024\/09\/aird.jpg?fit=558%2C333","type":"image\/jpeg"}],"author":"Genof\u00f3ntes Urb\u00e1ez","twitter_card":"summary_large_image","twitter_misc":{"Written by":"Genof\u00f3ntes Urb\u00e1ez","Est. reading time":"2 minutos"},"schema":{"@context":"https:\/\/schema.org","@graph":[{"@type":"Article","@id":"http:\/\/minutocerord.com\/?p=19559#article","isPartOf":{"@id":"http:\/\/minutocerord.com\/?p=19559"},"author":{"name":"Genof\u00f3ntes Urb\u00e1ez","@id":"https:\/\/minutocerord.com\/#\/schema\/person\/60b5372d60aaa0a5171fb6488be9aee6"},"headline":"AIRD | Apoya posici\u00f3n FMI y ve reformas son necesarias en RD","datePublished":"2024-09-12T15:22:05+00:00","dateModified":"2024-09-12T15:22:08+00:00","mainEntityOfPage":{"@id":"http:\/\/minutocerord.com\/?p=19559"},"wordCount":266,"commentCount":0,"publisher":{"@id":"https:\/\/minutocerord.com\/#\/schema\/person\/60b5372d60aaa0a5171fb6488be9aee6"},"image":{"@id":"http:\/\/minutocerord.com\/?p=19559#primaryimage"},"thumbnailUrl":"https:\/\/i0.wp.com\/minutocerord.com\/wp-content\/uploads\/2024\/09\/aird.jpg?fit=558%2C333","articleSection":["Econ\u00f3micas"],"inLanguage":"es-DO","potentialAction":[{"@type":"CommentAction","name":"Comment","target":["http:\/\/minutocerord.com\/?p=19559#respond"]}]},{"@type":"WebPage","@id":"http:\/\/minutocerord.com\/?p=19559","url":"http:\/\/minutocerord.com\/?p=19559","name":"AIRD | Apoya posici\u00f3n FMI y ve reformas son necesarias en RD - Minuto Cero RD","isPartOf":{"@id":"https:\/\/minutocerord.com\/#website"},"primaryImageOfPage":{"@id":"http:\/\/minutocerord.com\/?p=19559#primaryimage"},"image":{"@id":"http:\/\/minutocerord.com\/?p=19559#primaryimage"},"thumbnailUrl":"https:\/\/i0.wp.com\/minutocerord.com\/wp-content\/uploads\/2024\/09\/aird.jpg?fit=558%2C333","datePublished":"2024-09-12T15:22:05+00:00","dateModified":"2024-09-12T15:22:08+00:00","breadcrumb":{"@id":"http:\/\/minutocerord.com\/?p=19559#breadcrumb"},"inLanguage":"es-DO","potentialAction":[{"@type":"ReadAction","target":["http:\/\/minutocerord.com\/?p=19559"]}]},{"@type":"ImageObject","inLanguage":"es-DO","@id":"http:\/\/minutocerord.com\/?p=19559#primaryimage","url":"https:\/\/i0.wp.com\/minutocerord.com\/wp-content\/uploads\/2024\/09\/aird.jpg?fit=558%2C333","contentUrl":"https:\/\/i0.wp.com\/minutocerord.com\/wp-content\/uploads\/2024\/09\/aird.jpg?fit=558%2C333","width":558,"height":333},{"@type":"BreadcrumbList","@id":"http:\/\/minutocerord.com\/?p=19559#breadcrumb","itemListElement":[{"@type":"ListItem","position":1,"name":"Home","item":"https:\/\/minutocerord.com\/"},{"@type":"ListItem","position":2,"name":"AIRD | Apoya posici\u00f3n FMI y ve reformas son necesarias en RD"}]},{"@type":"WebSite","@id":"https:\/\/minutocerord.com\/#website","url":"https:\/\/minutocerord.com\/","name":"Minuto Cero RD","description":"Periodismo serio y veraz","publisher":{"@id":"https:\/\/minutocerord.com\/#\/schema\/person\/60b5372d60aaa0a5171fb6488be9aee6"},"potentialAction":[{"@type":"SearchAction","target":{"@type":"EntryPoint","urlTemplate":"https:\/\/minutocerord.com\/?s={search_term_string}"},"query-input":{"@type":"PropertyValueSpecification","valueRequired":true,"valueName":"search_term_string"}}],"inLanguage":"es-DO"},{"@type":["Person","Organization"],"@id":"https:\/\/minutocerord.com\/#\/schema\/person\/60b5372d60aaa0a5171fb6488be9aee6","name":"Genof\u00f3ntes Urb\u00e1ez","image":{"@type":"ImageObject","inLanguage":"es-DO","@id":"https:\/\/secure.gravatar.com\/avatar\/a49ef3186a692098ac3e8a1612261e3ad70cf9e44553dff2929e67939a0ecb9d?s=96&d=identicon&r=g","url":"https:\/\/secure.gravatar.com\/avatar\/a49ef3186a692098ac3e8a1612261e3ad70cf9e44553dff2929e67939a0ecb9d?s=96&d=identicon&r=g","contentUrl":"https:\/\/secure.gravatar.com\/avatar\/a49ef3186a692098ac3e8a1612261e3ad70cf9e44553dff2929e67939a0ecb9d?s=96&d=identicon&r=g","caption":"Genof\u00f3ntes Urb\u00e1ez"},"logo":{"@id":"https:\/\/secure.gravatar.com\/avatar\/a49ef3186a692098ac3e8a1612261e3ad70cf9e44553dff2929e67939a0ecb9d?s=96&d=identicon&r=g"},"description":"Periodista \/ Locutor","sameAs":["https:\/\/www.facebook.com\/Genofnotes","https:\/\/www.instagram.com\/genofnotes\/"]}]}},"jetpack_publicize_connections":[],"jetpack_featured_media_url":"https:\/\/i0.wp.com\/minutocerord.com\/wp-content\/uploads\/2024\/09\/aird.jpg?fit=558%2C333","jetpack-related-posts":[],"jetpack_sharing_enabled":true,"_links":{"self":[{"href":"http:\/\/minutocerord.com\/index.php?rest_route=\/wp\/v2\/posts\/19559","targetHints":{"allow":["GET"]}}],"collection":[{"href":"http:\/\/minutocerord.com\/index.php?rest_route=\/wp\/v2\/posts"}],"about":[{"href":"http:\/\/minutocerord.com\/index.php?rest_route=\/wp\/v2\/types\/post"}],"author":[{"embeddable":true,"href":"http:\/\/minutocerord.com\/index.php?rest_route=\/wp\/v2\/users\/1"}],"replies":[{"embeddable":true,"href":"http:\/\/minutocerord.com\/index.php?rest_route=%2Fwp%2Fv2%2Fcomments&post=19559"}],"version-history":[{"count":1,"href":"http:\/\/minutocerord.com\/index.php?rest_route=\/wp\/v2\/posts\/19559\/revisions"}],"predecessor-version":[{"id":19561,"href":"http:\/\/minutocerord.com\/index.php?rest_route=\/wp\/v2\/posts\/19559\/revisions\/19561"}],"wp:featuredmedia":[{"embeddable":true,"href":"http:\/\/minutocerord.com\/index.php?rest_route=\/wp\/v2\/media\/19560"}],"wp:attachment":[{"href":"http:\/\/minutocerord.com\/index.php?rest_route=%2Fwp%2Fv2%2Fmedia&parent=19559"}],"wp:term":[{"taxonomy":"category","embeddable":true,"href":"http:\/\/minutocerord.com\/index.php?rest_route=%2Fwp%2Fv2%2Fcategories&post=19559"},{"taxonomy":"post_tag","embeddable":true,"href":"http:\/\/minutocerord.com\/index.php?rest_route=%2Fwp%2Fv2%2Ftags&post=19559"}],"curies":[{"name":"wp","href":"https:\/\/api.w.org\/{rel}","templated":true}]}}