{"id":19562,"date":"2024-09-12T11:30:48","date_gmt":"2024-09-12T15:30:48","guid":{"rendered":"https:\/\/minutocerord.com\/?p=19562"},"modified":"2024-09-12T11:30:52","modified_gmt":"2024-09-12T15:30:52","slug":"opinion-una-carga-que-rd-no-puede-seguir-soportando","status":"publish","type":"post","link":"http:\/\/minutocerord.com\/?p=19562","title":{"rendered":"OPINI\u00d3N | Una carga que RD no puede seguir soportando"},"content":{"rendered":"\n<p class=\"\"><strong>Por<\/strong> <strong>Manuel Hernandez Villeta<\/strong><\/p>\n\n\n\n<p class=\"\"><a href=\"https:\/\/almomento.net\/wp-content\/uploads\/2020\/05\/Manuel-Hern%C3%A1ndez-Villeta.jpg\"><\/a><strong>SANTO DOMINGO, RD .-<\/strong> Con el rigor y los silencios diplom\u00e1ticos, pas\u00f3 la visita de Antony Bliken a la Rep\u00fablica Dominicana. Desde luego que se dej\u00f3 a las sombras y las elucubraciones dos temas que eran y son de obligatoriedad: la crisis de Hait\u00ed y las elecciones en Venezuela.<\/p>\n\n\n<div class=\"wp-block-image\">\n<figure class=\"alignright size-full is-resized\"><img data-recalc-dims=\"1\" decoding=\"async\" width=\"425\" height=\"226\" loading=\"lazy\" src=\"https:\/\/i0.wp.com\/minutocerord.com\/wp-content\/uploads\/2024\/09\/image-1.png?resize=425%2C226&#038;ssl=1\" alt=\"\" class=\"wp-image-19564\" style=\"width:373px;height:auto\" srcset=\"https:\/\/i0.wp.com\/minutocerord.com\/wp-content\/uploads\/2024\/09\/image-1.png?w=425 425w, https:\/\/i0.wp.com\/minutocerord.com\/wp-content\/uploads\/2024\/09\/image-1.png?resize=300%2C160 300w\" sizes=\"auto, (max-width: 425px) 100vw, 425px\" \/><figcaption class=\"wp-element-caption\">Manuel Hernandez Villeta, es periodista. Reside en Santo Domingo <\/figcaption><\/figure>\n<\/div>\n\n\n<p class=\"\">Un silencio sepulcral en un tema que es importante para los dominicanos; el represamiento del r\u00edo Masacre, dejando sin agua a los agricultores fronterizos. Hait\u00ed viol\u00f3 acuerdos internacionales, y por la fuerza y la provocaci\u00f3n a continuado desviando el cauce del r\u00edo.<\/p>\n\n\n\n<p class=\"\">En pol\u00edtica hay cosas que se ven y cosas que no se ven, lo dijo hace siglos el obispo Pablo en una carta a los Corintios. Despu\u00e9s pol\u00edticos y fil\u00f3sofos han acu\u00f1ado el tema a su manera. Y lo que se oculta, lo que se calla, es m\u00e1s importante que lo que se da a conocer.<\/p>\n\n\n\n<p class=\"\">La Rep\u00fablica Dominicana tiene que mantener en los organismos internacionales su protesta porque los haitianos violaron el derecho de la buena convivencia entre pa\u00edses. Inclusive, a ra\u00edz de este problema se ubic\u00f3 a cientos de miembros de las fuerzas armada en la zona fronteriza.<\/p>\n\n\n\n<p class=\"\">Est\u00e1 el tema de las deportaciones. Estados Unidos y Canad\u00e1, en la parrilla de las Naciones Unidas, claman para que se ponga fin a la deportaci\u00f3n de indocumentados. Un abuso y un atropello de superpotencias, al querer dictar normas de conducta a un pa\u00eds peque\u00f1o<\/p>\n\n\n\n<p class=\"\">Despectivamente estos sectores se refieren a las naciones del tercer mundo, como rep\u00fablicas bananeras, y en ese lenguaje neo-colonial muestran toda su prepotencia al tratar con el que consideran d\u00e9bil.<\/p>\n\n\n\n<p class=\"\"><strong>Medidas extremas<\/strong><\/p>\n\n\n\n<p class=\"\">Sin embargo, las grandes potencias tienen medidas extremas, violadoras de los derechos humanos al momento de impedir que latinoamericanos indocumentados penetren en su territorio. Pero como pasa siempre, los organismos internacionales solo sancionan a las rep\u00fablicas emergentes.<\/p>\n\n\n\n<p class=\"\">El gobierno tiene que seguir con la pol\u00edtica de deportaci\u00f3n de indocumentados, y de poner control a los que tienen sus documentos en orden.<\/p>\n\n\n\n<p class=\"\">Cada d\u00eda hay m\u00e1s haitianos sin documentos y si se les deja llegar a la libre, en un futuro ser\u00e1 imposible poner controles a una invasi\u00f3n que hasta ahora es pac\u00edfica.<\/p>\n\n\n\n<p class=\"\">Cierto que hay ilegales de otras nacionalidades, pero los haitianos representan la mayor carga para el pa\u00eds, y ejemplo suficiente son los gastos en que se incurre para prestarle asistencia m\u00e9dica y escolar.<\/p>\n\n\n\n<p class=\"\">M\u00e1s del cinco por ciento de la matricula escolar dominicana es de haitianos, y en las maternidades, las haitianas son cerca del 40 por ciento. Una carga que el pa\u00eds no puede seguir soportando.<\/p>\n","protected":false},"excerpt":{"rendered":"<p>Por Manuel Hernandez Villeta SANTO DOMINGO, RD .- Con el rigor y los silencios diplom\u00e1ticos, pas\u00f3 la visita de Antony Bliken a la Rep\u00fablica Dominicana. Desde luego que se dej\u00f3 a las sombras y las elucubraciones dos temas que eran y son de obligatoriedad: la crisis de Hait\u00ed y las elecciones en Venezuela. Un silencio [&hellip;]<\/p>\n","protected":false},"author":1,"featured_media":19563,"comment_status":"open","ping_status":"open","sticky":false,"template":"","format":"standard","meta":{"nf_dc_page":"","jetpack_post_was_ever_published":false,"_jetpack_newsletter_access":"","_jetpack_dont_email_post_to_subs":false,"_jetpack_newsletter_tier_id":0,"_jetpack_memberships_contains_paywalled_content":false,"_jetpack_memberships_contains_paid_content":false,"footnotes":"","jetpack_publicize_message":"","jetpack_publicize_feature_enabled":true,"jetpack_social_post_already_shared":true,"jetpack_social_options":{"image_generator_settings":{"template":"highway","default_image_id":0,"font":"","enabled":false},"version":2}},"categories":[69],"tags":[],"class_list":["post-19562","post","type-post","status-publish","format-standard","has-post-thumbnail","hentry","category-opinion"],"yoast_head":"<!-- This site is optimized with the Yoast SEO plugin v27.5 - https:\/\/yoast.com\/product\/yoast-seo-wordpress\/ -->\n<title>OPINI\u00d3N | Una carga que RD no puede seguir soportando - Minuto Cero RD<\/title>\n<meta name=\"robots\" content=\"index, follow, max-snippet:-1, max-image-preview:large, max-video-preview:-1\" \/>\n<link rel=\"canonical\" href=\"http:\/\/minutocerord.com\/?p=19562\" \/>\n<meta property=\"og:locale\" content=\"es_ES\" \/>\n<meta property=\"og:type\" content=\"article\" \/>\n<meta property=\"og:title\" content=\"OPINI\u00d3N | Una carga que RD no puede seguir soportando - Minuto Cero RD\" \/>\n<meta property=\"og:description\" content=\"Por Manuel Hernandez Villeta SANTO DOMINGO, RD .- Con el rigor y los silencios diplom\u00e1ticos, pas\u00f3 la visita de Antony Bliken a la Rep\u00fablica Dominicana. Desde luego que se dej\u00f3 a las sombras y las elucubraciones dos temas que eran y son de obligatoriedad: la crisis de Hait\u00ed y las elecciones en Venezuela. Un silencio [&hellip;]\" \/>\n<meta property=\"og:url\" content=\"http:\/\/minutocerord.com\/?p=19562\" \/>\n<meta property=\"og:site_name\" content=\"Minuto Cero RD\" \/>\n<meta property=\"article:publisher\" content=\"https:\/\/www.facebook.com\/Genofnotes\" \/>\n<meta property=\"article:author\" content=\"https:\/\/www.facebook.com\/Genofnotes\" \/>\n<meta property=\"article:published_time\" content=\"2024-09-12T15:30:48+00:00\" \/>\n<meta property=\"article:modified_time\" content=\"2024-09-12T15:30:52+00:00\" \/>\n<meta property=\"og:image\" content=\"https:\/\/i0.wp.com\/minutocerord.com\/wp-content\/uploads\/2024\/09\/unnamed-2-2-1.jpg?fit=750%2C536\" \/>\n\t<meta property=\"og:image:width\" content=\"750\" \/>\n\t<meta property=\"og:image:height\" content=\"536\" \/>\n\t<meta property=\"og:image:type\" content=\"image\/jpeg\" \/>\n<meta name=\"author\" content=\"Genof\u00f3ntes Urb\u00e1ez\" \/>\n<meta name=\"twitter:card\" content=\"summary_large_image\" \/>\n<meta name=\"twitter:label1\" content=\"Written by\" \/>\n\t<meta name=\"twitter:data1\" content=\"Genof\u00f3ntes Urb\u00e1ez\" \/>\n\t<meta name=\"twitter:label2\" content=\"Est. reading time\" \/>\n\t<meta name=\"twitter:data2\" content=\"3 minutos\" \/>\n<script type=\"application\/ld+json\" class=\"yoast-schema-graph\">{\"@context\":\"https:\\\/\\\/schema.org\",\"@graph\":[{\"@type\":\"Article\",\"@id\":\"http:\\\/\\\/minutocerord.com\\\/?p=19562#article\",\"isPartOf\":{\"@id\":\"http:\\\/\\\/minutocerord.com\\\/?p=19562\"},\"author\":{\"name\":\"Genof\u00f3ntes Urb\u00e1ez\",\"@id\":\"https:\\\/\\\/minutocerord.com\\\/#\\\/schema\\\/person\\\/60b5372d60aaa0a5171fb6488be9aee6\"},\"headline\":\"OPINI\u00d3N | Una carga que RD no puede seguir soportando\",\"datePublished\":\"2024-09-12T15:30:48+00:00\",\"dateModified\":\"2024-09-12T15:30:52+00:00\",\"mainEntityOfPage\":{\"@id\":\"http:\\\/\\\/minutocerord.com\\\/?p=19562\"},\"wordCount\":479,\"commentCount\":0,\"publisher\":{\"@id\":\"https:\\\/\\\/minutocerord.com\\\/#\\\/schema\\\/person\\\/60b5372d60aaa0a5171fb6488be9aee6\"},\"image\":{\"@id\":\"http:\\\/\\\/minutocerord.com\\\/?p=19562#primaryimage\"},\"thumbnailUrl\":\"https:\\\/\\\/i0.wp.com\\\/minutocerord.com\\\/wp-content\\\/uploads\\\/2024\\\/09\\\/unnamed-2-2-1.jpg?fit=750%2C536\",\"articleSection\":[\"Opini\u00f3n\"],\"inLanguage\":\"es-DO\",\"potentialAction\":[{\"@type\":\"CommentAction\",\"name\":\"Comment\",\"target\":[\"http:\\\/\\\/minutocerord.com\\\/?p=19562#respond\"]}]},{\"@type\":\"WebPage\",\"@id\":\"http:\\\/\\\/minutocerord.com\\\/?p=19562\",\"url\":\"http:\\\/\\\/minutocerord.com\\\/?p=19562\",\"name\":\"OPINI\u00d3N | Una carga que RD no puede seguir soportando - Minuto Cero RD\",\"isPartOf\":{\"@id\":\"https:\\\/\\\/minutocerord.com\\\/#website\"},\"primaryImageOfPage\":{\"@id\":\"http:\\\/\\\/minutocerord.com\\\/?p=19562#primaryimage\"},\"image\":{\"@id\":\"http:\\\/\\\/minutocerord.com\\\/?p=19562#primaryimage\"},\"thumbnailUrl\":\"https:\\\/\\\/i0.wp.com\\\/minutocerord.com\\\/wp-content\\\/uploads\\\/2024\\\/09\\\/unnamed-2-2-1.jpg?fit=750%2C536\",\"datePublished\":\"2024-09-12T15:30:48+00:00\",\"dateModified\":\"2024-09-12T15:30:52+00:00\",\"breadcrumb\":{\"@id\":\"http:\\\/\\\/minutocerord.com\\\/?p=19562#breadcrumb\"},\"inLanguage\":\"es-DO\",\"potentialAction\":[{\"@type\":\"ReadAction\",\"target\":[\"http:\\\/\\\/minutocerord.com\\\/?p=19562\"]}]},{\"@type\":\"ImageObject\",\"inLanguage\":\"es-DO\",\"@id\":\"http:\\\/\\\/minutocerord.com\\\/?p=19562#primaryimage\",\"url\":\"https:\\\/\\\/i0.wp.com\\\/minutocerord.com\\\/wp-content\\\/uploads\\\/2024\\\/09\\\/unnamed-2-2-1.jpg?fit=750%2C536\",\"contentUrl\":\"https:\\\/\\\/i0.wp.com\\\/minutocerord.com\\\/wp-content\\\/uploads\\\/2024\\\/09\\\/unnamed-2-2-1.jpg?fit=750%2C536\",\"width\":750,\"height\":536,\"caption\":\"Haitianos amontonados para cruzar a RD a comprar\"},{\"@type\":\"BreadcrumbList\",\"@id\":\"http:\\\/\\\/minutocerord.com\\\/?p=19562#breadcrumb\",\"itemListElement\":[{\"@type\":\"ListItem\",\"position\":1,\"name\":\"Home\",\"item\":\"https:\\\/\\\/minutocerord.com\\\/\"},{\"@type\":\"ListItem\",\"position\":2,\"name\":\"OPINI\u00d3N | Una carga que RD no puede seguir soportando\"}]},{\"@type\":\"WebSite\",\"@id\":\"https:\\\/\\\/minutocerord.com\\\/#website\",\"url\":\"https:\\\/\\\/minutocerord.com\\\/\",\"name\":\"Minuto Cero RD\",\"description\":\"Periodismo serio y veraz\",\"publisher\":{\"@id\":\"https:\\\/\\\/minutocerord.com\\\/#\\\/schema\\\/person\\\/60b5372d60aaa0a5171fb6488be9aee6\"},\"potentialAction\":[{\"@type\":\"SearchAction\",\"target\":{\"@type\":\"EntryPoint\",\"urlTemplate\":\"https:\\\/\\\/minutocerord.com\\\/?s={search_term_string}\"},\"query-input\":{\"@type\":\"PropertyValueSpecification\",\"valueRequired\":true,\"valueName\":\"search_term_string\"}}],\"inLanguage\":\"es-DO\"},{\"@type\":[\"Person\",\"Organization\"],\"@id\":\"https:\\\/\\\/minutocerord.com\\\/#\\\/schema\\\/person\\\/60b5372d60aaa0a5171fb6488be9aee6\",\"name\":\"Genof\u00f3ntes Urb\u00e1ez\",\"image\":{\"@type\":\"ImageObject\",\"inLanguage\":\"es-DO\",\"@id\":\"https:\\\/\\\/secure.gravatar.com\\\/avatar\\\/a49ef3186a692098ac3e8a1612261e3ad70cf9e44553dff2929e67939a0ecb9d?s=96&d=identicon&r=g\",\"url\":\"https:\\\/\\\/secure.gravatar.com\\\/avatar\\\/a49ef3186a692098ac3e8a1612261e3ad70cf9e44553dff2929e67939a0ecb9d?s=96&d=identicon&r=g\",\"contentUrl\":\"https:\\\/\\\/secure.gravatar.com\\\/avatar\\\/a49ef3186a692098ac3e8a1612261e3ad70cf9e44553dff2929e67939a0ecb9d?s=96&d=identicon&r=g\",\"caption\":\"Genof\u00f3ntes Urb\u00e1ez\"},\"logo\":{\"@id\":\"https:\\\/\\\/secure.gravatar.com\\\/avatar\\\/a49ef3186a692098ac3e8a1612261e3ad70cf9e44553dff2929e67939a0ecb9d?s=96&d=identicon&r=g\"},\"description\":\"Periodista \\\/ Locutor\",\"sameAs\":[\"https:\\\/\\\/www.facebook.com\\\/Genofnotes\",\"https:\\\/\\\/www.instagram.com\\\/genofnotes\\\/\"]}]}<\/script>\n<!-- \/ Yoast SEO plugin. -->","yoast_head_json":{"title":"OPINI\u00d3N | Una carga que RD no puede seguir soportando - Minuto Cero RD","robots":{"index":"index","follow":"follow","max-snippet":"max-snippet:-1","max-image-preview":"max-image-preview:large","max-video-preview":"max-video-preview:-1"},"canonical":"http:\/\/minutocerord.com\/?p=19562","og_locale":"es_ES","og_type":"article","og_title":"OPINI\u00d3N | Una carga que RD no puede seguir soportando - Minuto Cero RD","og_description":"Por Manuel Hernandez Villeta SANTO DOMINGO, RD .- Con el rigor y los silencios diplom\u00e1ticos, pas\u00f3 la visita de Antony Bliken a la Rep\u00fablica Dominicana. Desde luego que se dej\u00f3 a las sombras y las elucubraciones dos temas que eran y son de obligatoriedad: la crisis de Hait\u00ed y las elecciones en Venezuela. Un silencio [&hellip;]","og_url":"http:\/\/minutocerord.com\/?p=19562","og_site_name":"Minuto Cero RD","article_publisher":"https:\/\/www.facebook.com\/Genofnotes","article_author":"https:\/\/www.facebook.com\/Genofnotes","article_published_time":"2024-09-12T15:30:48+00:00","article_modified_time":"2024-09-12T15:30:52+00:00","og_image":[{"width":750,"height":536,"url":"https:\/\/i0.wp.com\/minutocerord.com\/wp-content\/uploads\/2024\/09\/unnamed-2-2-1.jpg?fit=750%2C536","type":"image\/jpeg"}],"author":"Genof\u00f3ntes Urb\u00e1ez","twitter_card":"summary_large_image","twitter_misc":{"Written by":"Genof\u00f3ntes Urb\u00e1ez","Est. reading time":"3 minutos"},"schema":{"@context":"https:\/\/schema.org","@graph":[{"@type":"Article","@id":"http:\/\/minutocerord.com\/?p=19562#article","isPartOf":{"@id":"http:\/\/minutocerord.com\/?p=19562"},"author":{"name":"Genof\u00f3ntes Urb\u00e1ez","@id":"https:\/\/minutocerord.com\/#\/schema\/person\/60b5372d60aaa0a5171fb6488be9aee6"},"headline":"OPINI\u00d3N | Una carga que RD no puede seguir soportando","datePublished":"2024-09-12T15:30:48+00:00","dateModified":"2024-09-12T15:30:52+00:00","mainEntityOfPage":{"@id":"http:\/\/minutocerord.com\/?p=19562"},"wordCount":479,"commentCount":0,"publisher":{"@id":"https:\/\/minutocerord.com\/#\/schema\/person\/60b5372d60aaa0a5171fb6488be9aee6"},"image":{"@id":"http:\/\/minutocerord.com\/?p=19562#primaryimage"},"thumbnailUrl":"https:\/\/i0.wp.com\/minutocerord.com\/wp-content\/uploads\/2024\/09\/unnamed-2-2-1.jpg?fit=750%2C536","articleSection":["Opini\u00f3n"],"inLanguage":"es-DO","potentialAction":[{"@type":"CommentAction","name":"Comment","target":["http:\/\/minutocerord.com\/?p=19562#respond"]}]},{"@type":"WebPage","@id":"http:\/\/minutocerord.com\/?p=19562","url":"http:\/\/minutocerord.com\/?p=19562","name":"OPINI\u00d3N | Una carga que RD no puede seguir soportando - Minuto Cero RD","isPartOf":{"@id":"https:\/\/minutocerord.com\/#website"},"primaryImageOfPage":{"@id":"http:\/\/minutocerord.com\/?p=19562#primaryimage"},"image":{"@id":"http:\/\/minutocerord.com\/?p=19562#primaryimage"},"thumbnailUrl":"https:\/\/i0.wp.com\/minutocerord.com\/wp-content\/uploads\/2024\/09\/unnamed-2-2-1.jpg?fit=750%2C536","datePublished":"2024-09-12T15:30:48+00:00","dateModified":"2024-09-12T15:30:52+00:00","breadcrumb":{"@id":"http:\/\/minutocerord.com\/?p=19562#breadcrumb"},"inLanguage":"es-DO","potentialAction":[{"@type":"ReadAction","target":["http:\/\/minutocerord.com\/?p=19562"]}]},{"@type":"ImageObject","inLanguage":"es-DO","@id":"http:\/\/minutocerord.com\/?p=19562#primaryimage","url":"https:\/\/i0.wp.com\/minutocerord.com\/wp-content\/uploads\/2024\/09\/unnamed-2-2-1.jpg?fit=750%2C536","contentUrl":"https:\/\/i0.wp.com\/minutocerord.com\/wp-content\/uploads\/2024\/09\/unnamed-2-2-1.jpg?fit=750%2C536","width":750,"height":536,"caption":"Haitianos amontonados para cruzar a RD a comprar"},{"@type":"BreadcrumbList","@id":"http:\/\/minutocerord.com\/?p=19562#breadcrumb","itemListElement":[{"@type":"ListItem","position":1,"name":"Home","item":"https:\/\/minutocerord.com\/"},{"@type":"ListItem","position":2,"name":"OPINI\u00d3N | Una carga que RD no puede seguir soportando"}]},{"@type":"WebSite","@id":"https:\/\/minutocerord.com\/#website","url":"https:\/\/minutocerord.com\/","name":"Minuto Cero RD","description":"Periodismo serio y veraz","publisher":{"@id":"https:\/\/minutocerord.com\/#\/schema\/person\/60b5372d60aaa0a5171fb6488be9aee6"},"potentialAction":[{"@type":"SearchAction","target":{"@type":"EntryPoint","urlTemplate":"https:\/\/minutocerord.com\/?s={search_term_string}"},"query-input":{"@type":"PropertyValueSpecification","valueRequired":true,"valueName":"search_term_string"}}],"inLanguage":"es-DO"},{"@type":["Person","Organization"],"@id":"https:\/\/minutocerord.com\/#\/schema\/person\/60b5372d60aaa0a5171fb6488be9aee6","name":"Genof\u00f3ntes Urb\u00e1ez","image":{"@type":"ImageObject","inLanguage":"es-DO","@id":"https:\/\/secure.gravatar.com\/avatar\/a49ef3186a692098ac3e8a1612261e3ad70cf9e44553dff2929e67939a0ecb9d?s=96&d=identicon&r=g","url":"https:\/\/secure.gravatar.com\/avatar\/a49ef3186a692098ac3e8a1612261e3ad70cf9e44553dff2929e67939a0ecb9d?s=96&d=identicon&r=g","contentUrl":"https:\/\/secure.gravatar.com\/avatar\/a49ef3186a692098ac3e8a1612261e3ad70cf9e44553dff2929e67939a0ecb9d?s=96&d=identicon&r=g","caption":"Genof\u00f3ntes Urb\u00e1ez"},"logo":{"@id":"https:\/\/secure.gravatar.com\/avatar\/a49ef3186a692098ac3e8a1612261e3ad70cf9e44553dff2929e67939a0ecb9d?s=96&d=identicon&r=g"},"description":"Periodista \/ Locutor","sameAs":["https:\/\/www.facebook.com\/Genofnotes","https:\/\/www.instagram.com\/genofnotes\/"]}]}},"jetpack_publicize_connections":[],"jetpack_featured_media_url":"https:\/\/i0.wp.com\/minutocerord.com\/wp-content\/uploads\/2024\/09\/unnamed-2-2-1.jpg?fit=750%2C536","jetpack-related-posts":[],"jetpack_sharing_enabled":true,"_links":{"self":[{"href":"http:\/\/minutocerord.com\/index.php?rest_route=\/wp\/v2\/posts\/19562","targetHints":{"allow":["GET"]}}],"collection":[{"href":"http:\/\/minutocerord.com\/index.php?rest_route=\/wp\/v2\/posts"}],"about":[{"href":"http:\/\/minutocerord.com\/index.php?rest_route=\/wp\/v2\/types\/post"}],"author":[{"embeddable":true,"href":"http:\/\/minutocerord.com\/index.php?rest_route=\/wp\/v2\/users\/1"}],"replies":[{"embeddable":true,"href":"http:\/\/minutocerord.com\/index.php?rest_route=%2Fwp%2Fv2%2Fcomments&post=19562"}],"version-history":[{"count":1,"href":"http:\/\/minutocerord.com\/index.php?rest_route=\/wp\/v2\/posts\/19562\/revisions"}],"predecessor-version":[{"id":19565,"href":"http:\/\/minutocerord.com\/index.php?rest_route=\/wp\/v2\/posts\/19562\/revisions\/19565"}],"wp:featuredmedia":[{"embeddable":true,"href":"http:\/\/minutocerord.com\/index.php?rest_route=\/wp\/v2\/media\/19563"}],"wp:attachment":[{"href":"http:\/\/minutocerord.com\/index.php?rest_route=%2Fwp%2Fv2%2Fmedia&parent=19562"}],"wp:term":[{"taxonomy":"category","embeddable":true,"href":"http:\/\/minutocerord.com\/index.php?rest_route=%2Fwp%2Fv2%2Fcategories&post=19562"},{"taxonomy":"post_tag","embeddable":true,"href":"http:\/\/minutocerord.com\/index.php?rest_route=%2Fwp%2Fv2%2Ftags&post=19562"}],"curies":[{"name":"wp","href":"https:\/\/api.w.org\/{rel}","templated":true}]}}