{"id":1000,"date":"2020-11-26T21:50:12","date_gmt":"2020-11-27T01:50:12","guid":{"rendered":"https:\/\/minutocerord.com\/?p=1000"},"modified":"2020-11-26T22:02:47","modified_gmt":"2020-11-27T02:02:47","slug":"con-alzheimer-e-hipertension-anciana-deja-de-recibir-su-pension-tras-51-anos-trabajando-en-salud-publica","status":"publish","type":"post","link":"https:\/\/minutocerord.com\/?p=1000","title":{"rendered":"Con Alzheimer e hipertensi\u00f3n, anciana deja de recibir su pensi\u00f3n tras 51 a\u00f1os trabajando en Salud P\u00fablica"},"content":{"rendered":"\n<figure class=\"wp-block-image\"><img data-recalc-dims=\"1\" decoding=\"async\" loading=\"lazy\" src=\"https:\/\/i0.wp.com\/images2.listindiario.com\/imagen\/2020\/11\/26\/646\/645962\/680x460\/202011262340231\/con-alzheimer-e-hipertension-anciana-deja-de-recibir-su-pension-tras-51-anos-trabajando-en-salud-publica.jpeg?w=640&#038;ssl=1\" alt=\"\"\/><\/figure>\n\n\n\n<p><strong>El Seibo, RD<\/strong>.- La situaci\u00f3n que vive Hilda Altagracia Peguero (Altagracita), quien por m\u00e1s de 51 a\u00f1os trabaj\u00f3 en el Ministerio de Salud P\u00fablica, en medio de los achaques de salud producto de la edad, no cobra \u201cun chele\u201d desde hace m\u00e1s de un a\u00f1o, a pesar de ser jubilada por esa instituci\u00f3n.<\/p>\n\n\n\n<p>A sus 85 a\u00f1os, afectada de Alzheimer, hipertensi\u00f3n y otras dolencias, se mantiene postrada en su hogar, sin recibir los pocos fondos con los que cuenta, que no alcanza los 8 mil pesos, para comprar sus medicamentos.<\/p>\n\n\n\n<p>Desde agosto del 2019,<strong>&nbsp;la mujer ha sido v\u00edctima de un sistema que da poco apoyo a los envejecientes<\/strong>, a\u00fan habiendo trabajado por a\u00f1os para ostentar una pensi\u00f3n digna.<\/p>\n\n\n\n<p>Altagracita qued\u00f3 viuda el mismo d\u00eda de la Revoluci\u00f3n del 24 de Abril de 1965, cuando una bala perdida alcanz\u00f3 mortalmente a su esposo, Enrique S\u00e1nchez, quien era empleado p\u00fablico de la Oficial\u00eda Civil y se trasladaba desde la casa materna, ubicada en la calle Mar\u00eda Mont\u00e9s esquina Tunti C\u00e1ceres hacia la calle Alonzo Espinosa, donde resid\u00eda una hermana, parad\u00f3jicamente en busca de un lugar m\u00e1s seguro.<\/p>\n\n\n\n<p>Para esa ocasi\u00f3n, quedaron peque\u00f1os dos de sus tres hijos y como forma de proveer el sustentotras quedarse viuda, aprovechaba sus vacaciones para viajar y traer desde Puerto Rico, ropas y accesorios, para comercializarlos aqu\u00ed.<\/p>\n\n\n\n<p>A pura lucha, logr\u00f3 levantar su familia, consagrada a una labor permanente en el hospital donde laboraba, donde fue reconocida por su responsabilidad, sin embargo, de eso solo quedan recuerdos,&nbsp;<strong>porque hasta la pensi\u00f3n hace un a\u00f1o y tres meses que no la recibe<\/strong>.<\/p>\n\n\n\n<p>Su hijo, Enrique S\u00e1nchez, se\u00f1ala que&nbsp;<strong>ha dado varios viajes al departamento de Pensiones y Jubilaciones del Ministerio de Salud P\u00fablica<\/strong>, para normalizar la situaci\u00f3n, pero ha sido en vano.<\/p>\n\n\n\n<p>Explica que, en principio, alegaron que trataron de contactarla v\u00eda email y tel\u00e9fono y que no fue posible, lo que asegura no entender, debido a que su madre no utiliza esas v\u00edas de comunicaci\u00f3n.<\/p>\n\n\n\n<p>Solicitaron al ministro de Salud P\u00fablica, Plutarco Arias, y al presidente Luis Abinader, intervenir ante la situaci\u00f3n para que su pariente contin\u00faa recibiendo lo que se gan\u00f3 por tantos a\u00f1os de servicio al Estado.<\/p>\n\n\n\n<p><strong><em>Su trayectoria<\/em><\/strong><\/p>\n\n\n\n<p>Empleada desde el 1952, Altagracita ha ejercido diferentes cargos en lo que inicialmente fue Secretar\u00eda de Salud P\u00fablica, hoy Ministerio de Salud P\u00fablicas. Fue auxiliar de enfermer\u00eda de segunda clase del hospital Doctor Te\u00f3filo Hern\u00e1ndez de El Seibo en ese a\u00f1o.<\/p>\n\n\n\n<p>Esa primera designaci\u00f3n, de la cual posee copia, fue firmada a mano, por el entonces presidente&nbsp;<strong>Rafael Le\u00f3nidas Trujillo Molina, el 15 de mayo del 1952<\/strong>.<\/p>\n\n\n\n<p>Posteriormente, el 8 de enero de 1953, fue designada como enfermera auxiliar del hospital de El Seibo.<\/p>\n\n\n\n<p>El 19 de septiembre del 1960 fue designada como enfermera del hospital Doctora Consuelo Bernardino de El Seibo, en un nombramiento firmado por Joaqu\u00edn Balaguer.<\/p>\n\n\n\n<p><strong>Para el 14 de octubre del 1976 fue designada como encargada de estad\u00edsticas&nbsp;<\/strong>por el entonces presidente Joaqu\u00edn Balaguer, puesto en el cual se mantuvo hasta el 4 de enero del 1979, cuando fue designada como t\u00e9cnico de Rayos X en el mismo centro.<\/p>\n\n\n\n<p>El 2 de abril del 1981, en el gobierno que encabez\u00f3 el presidente Antonio Guzm\u00e1n Fern\u00e1ndez fue designada como encargada de Bioestad\u00edstica del hospital Doctor Te\u00f3filo Hern\u00e1ndez, mientras que para el 5 de enero del 1988 fue ratificada en el puesto, por el entonces presidente Joaqu\u00edn Balaguer, en el cual se mantuvo hasta que fue jubilada el 20 de enero del 2003.<\/p>\n\n\n\n<p><strong><em>El drama<\/em><\/strong><\/p>\n\n\n\n<p>A solicitud del departamento de Pensiones y Jubilaciones,<strong>&nbsp;fue expedido un certificado m\u00e9dico<\/strong>, a fin de realizar una visita presencial, el cual se deposit\u00f3.<\/p>\n\n\n\n<p>El certificado fue realizado por tres m\u00e9dico, incluido un cardi\u00f3logo, la directora del hospital, Vancety Padilla y Yolanda Charles, como representante del Colegio M\u00e9dico Dominicano.<\/p>\n\n\n\n<p><strong>Tambi\u00e9n depositaron un poder que se le solicit\u00f3 y una certificaci\u00f3n<\/strong>, que validan los inconvenientes propios, en medio de la pandemia, que evitan que la jubilada se movilice y acuda de manera presencial, para que le autoricen la jubilaci\u00f3n que no recibe, por lo que esperan la intervenci\u00f3n de una autoridad competente que se sensibilice con el caso.<\/p>\n","protected":false},"excerpt":{"rendered":"<p>El Seibo, RD.- La situaci\u00f3n que vive Hilda Altagracia Peguero (Altagracita), quien por m\u00e1s de 51 a\u00f1os trabaj\u00f3 en el Ministerio de Salud P\u00fablica, en medio de los achaques de salud producto de la edad, no cobra \u201cun chele\u201d desde hace m\u00e1s de un a\u00f1o, a pesar de ser jubilada por esa instituci\u00f3n. A sus [&hellip;]<\/p>\n","protected":false},"author":1,"featured_media":1003,"comment_status":"open","ping_status":"open","sticky":false,"template":"","format":"standard","meta":{"nf_dc_page":"","jetpack_post_was_ever_published":false,"_jetpack_newsletter_access":"","_jetpack_dont_email_post_to_subs":false,"_jetpack_newsletter_tier_id":0,"_jetpack_memberships_contains_paywalled_content":false,"_jetpack_memberships_contains_paid_content":false,"footnotes":"","jetpack_publicize_message":"","jetpack_publicize_feature_enabled":true,"jetpack_social_post_already_shared":false,"jetpack_social_options":{"image_generator_settings":{"template":"highway","default_image_id":0,"font":"","enabled":false},"version":2}},"categories":[91],"tags":[],"class_list":["post-1000","post","type-post","status-publish","format-standard","has-post-thumbnail","hentry","category-provincia"],"yoast_head":"<!-- This site is optimized with the Yoast SEO plugin v27.5 - https:\/\/yoast.com\/product\/yoast-seo-wordpress\/ -->\n<title>Con Alzheimer e hipertensi\u00f3n, anciana deja de recibir su pensi\u00f3n tras 51 a\u00f1os trabajando en Salud P\u00fablica - Minuto Cero RD<\/title>\n<meta name=\"robots\" content=\"index, follow, max-snippet:-1, max-image-preview:large, max-video-preview:-1\" \/>\n<link rel=\"canonical\" href=\"https:\/\/minutocerord.com\/?p=1000\" \/>\n<meta property=\"og:locale\" content=\"es_ES\" \/>\n<meta property=\"og:type\" content=\"article\" \/>\n<meta property=\"og:title\" content=\"Con Alzheimer e hipertensi\u00f3n, anciana deja de recibir su pensi\u00f3n tras 51 a\u00f1os trabajando en Salud P\u00fablica - Minuto Cero RD\" \/>\n<meta property=\"og:description\" content=\"El Seibo, RD.- La situaci\u00f3n que vive Hilda Altagracia Peguero (Altagracita), quien por m\u00e1s de 51 a\u00f1os trabaj\u00f3 en el Ministerio de Salud P\u00fablica, en medio de los achaques de salud producto de la edad, no cobra \u201cun chele\u201d desde hace m\u00e1s de un a\u00f1o, a pesar de ser jubilada por esa instituci\u00f3n. A sus [&hellip;]\" \/>\n<meta property=\"og:url\" content=\"https:\/\/minutocerord.com\/?p=1000\" \/>\n<meta property=\"og:site_name\" content=\"Minuto Cero RD\" \/>\n<meta property=\"article:publisher\" content=\"https:\/\/www.facebook.com\/Genofnotes\" \/>\n<meta property=\"article:author\" content=\"https:\/\/www.facebook.com\/Genofnotes\" \/>\n<meta property=\"article:published_time\" content=\"2020-11-27T01:50:12+00:00\" \/>\n<meta property=\"article:modified_time\" content=\"2020-11-27T02:02:47+00:00\" \/>\n<meta property=\"og:image\" content=\"https:\/\/i0.wp.com\/minutocerord.com\/wp-content\/uploads\/2020\/11\/barandbench_2020-11_43374538-42d7-4756-a19a-903d2eb449cc_pension.jpg?fit=1200%2C675&ssl=1\" \/>\n\t<meta property=\"og:image:width\" content=\"1200\" \/>\n\t<meta property=\"og:image:height\" content=\"675\" \/>\n\t<meta property=\"og:image:type\" content=\"image\/jpeg\" \/>\n<meta name=\"author\" content=\"Genof\u00f3ntes Urb\u00e1ez\" \/>\n<meta name=\"twitter:card\" content=\"summary_large_image\" \/>\n<meta name=\"twitter:label1\" content=\"Written by\" \/>\n\t<meta name=\"twitter:data1\" content=\"Genof\u00f3ntes Urb\u00e1ez\" \/>\n\t<meta name=\"twitter:label2\" content=\"Est. reading time\" \/>\n\t<meta name=\"twitter:data2\" content=\"4 minutos\" \/>\n<script type=\"application\/ld+json\" class=\"yoast-schema-graph\">{\"@context\":\"https:\\\/\\\/schema.org\",\"@graph\":[{\"@type\":\"Article\",\"@id\":\"https:\\\/\\\/minutocerord.com\\\/?p=1000#article\",\"isPartOf\":{\"@id\":\"https:\\\/\\\/minutocerord.com\\\/?p=1000\"},\"author\":{\"name\":\"Genof\u00f3ntes Urb\u00e1ez\",\"@id\":\"https:\\\/\\\/minutocerord.com\\\/#\\\/schema\\\/person\\\/60b5372d60aaa0a5171fb6488be9aee6\"},\"headline\":\"Con Alzheimer e hipertensi\u00f3n, anciana deja de recibir su pensi\u00f3n tras 51 a\u00f1os trabajando en Salud P\u00fablica\",\"datePublished\":\"2020-11-27T01:50:12+00:00\",\"dateModified\":\"2020-11-27T02:02:47+00:00\",\"mainEntityOfPage\":{\"@id\":\"https:\\\/\\\/minutocerord.com\\\/?p=1000\"},\"wordCount\":760,\"commentCount\":0,\"publisher\":{\"@id\":\"https:\\\/\\\/minutocerord.com\\\/#\\\/schema\\\/person\\\/60b5372d60aaa0a5171fb6488be9aee6\"},\"image\":{\"@id\":\"https:\\\/\\\/minutocerord.com\\\/?p=1000#primaryimage\"},\"thumbnailUrl\":\"https:\\\/\\\/i0.wp.com\\\/minutocerord.com\\\/wp-content\\\/uploads\\\/2020\\\/11\\\/barandbench_2020-11_43374538-42d7-4756-a19a-903d2eb449cc_pension.jpg?fit=1200%2C675&ssl=1\",\"articleSection\":[\"Provincia\"],\"inLanguage\":\"es-DO\",\"potentialAction\":[{\"@type\":\"CommentAction\",\"name\":\"Comment\",\"target\":[\"https:\\\/\\\/minutocerord.com\\\/?p=1000#respond\"]}]},{\"@type\":\"WebPage\",\"@id\":\"https:\\\/\\\/minutocerord.com\\\/?p=1000\",\"url\":\"https:\\\/\\\/minutocerord.com\\\/?p=1000\",\"name\":\"Con Alzheimer e hipertensi\u00f3n, anciana deja de recibir su pensi\u00f3n tras 51 a\u00f1os trabajando en Salud P\u00fablica - Minuto Cero RD\",\"isPartOf\":{\"@id\":\"https:\\\/\\\/minutocerord.com\\\/#website\"},\"primaryImageOfPage\":{\"@id\":\"https:\\\/\\\/minutocerord.com\\\/?p=1000#primaryimage\"},\"image\":{\"@id\":\"https:\\\/\\\/minutocerord.com\\\/?p=1000#primaryimage\"},\"thumbnailUrl\":\"https:\\\/\\\/i0.wp.com\\\/minutocerord.com\\\/wp-content\\\/uploads\\\/2020\\\/11\\\/barandbench_2020-11_43374538-42d7-4756-a19a-903d2eb449cc_pension.jpg?fit=1200%2C675&ssl=1\",\"datePublished\":\"2020-11-27T01:50:12+00:00\",\"dateModified\":\"2020-11-27T02:02:47+00:00\",\"breadcrumb\":{\"@id\":\"https:\\\/\\\/minutocerord.com\\\/?p=1000#breadcrumb\"},\"inLanguage\":\"es-DO\",\"potentialAction\":[{\"@type\":\"ReadAction\",\"target\":[\"https:\\\/\\\/minutocerord.com\\\/?p=1000\"]}]},{\"@type\":\"ImageObject\",\"inLanguage\":\"es-DO\",\"@id\":\"https:\\\/\\\/minutocerord.com\\\/?p=1000#primaryimage\",\"url\":\"https:\\\/\\\/i0.wp.com\\\/minutocerord.com\\\/wp-content\\\/uploads\\\/2020\\\/11\\\/barandbench_2020-11_43374538-42d7-4756-a19a-903d2eb449cc_pension.jpg?fit=1200%2C675&ssl=1\",\"contentUrl\":\"https:\\\/\\\/i0.wp.com\\\/minutocerord.com\\\/wp-content\\\/uploads\\\/2020\\\/11\\\/barandbench_2020-11_43374538-42d7-4756-a19a-903d2eb449cc_pension.jpg?fit=1200%2C675&ssl=1\",\"width\":1200,\"height\":675},{\"@type\":\"BreadcrumbList\",\"@id\":\"https:\\\/\\\/minutocerord.com\\\/?p=1000#breadcrumb\",\"itemListElement\":[{\"@type\":\"ListItem\",\"position\":1,\"name\":\"Home\",\"item\":\"https:\\\/\\\/minutocerord.com\\\/\"},{\"@type\":\"ListItem\",\"position\":2,\"name\":\"Con Alzheimer e hipertensi\u00f3n, anciana deja de recibir su pensi\u00f3n tras 51 a\u00f1os trabajando en Salud P\u00fablica\"}]},{\"@type\":\"WebSite\",\"@id\":\"https:\\\/\\\/minutocerord.com\\\/#website\",\"url\":\"https:\\\/\\\/minutocerord.com\\\/\",\"name\":\"Minuto Cero RD\",\"description\":\"Periodismo serio y veraz\",\"publisher\":{\"@id\":\"https:\\\/\\\/minutocerord.com\\\/#\\\/schema\\\/person\\\/60b5372d60aaa0a5171fb6488be9aee6\"},\"potentialAction\":[{\"@type\":\"SearchAction\",\"target\":{\"@type\":\"EntryPoint\",\"urlTemplate\":\"https:\\\/\\\/minutocerord.com\\\/?s={search_term_string}\"},\"query-input\":{\"@type\":\"PropertyValueSpecification\",\"valueRequired\":true,\"valueName\":\"search_term_string\"}}],\"inLanguage\":\"es-DO\"},{\"@type\":[\"Person\",\"Organization\"],\"@id\":\"https:\\\/\\\/minutocerord.com\\\/#\\\/schema\\\/person\\\/60b5372d60aaa0a5171fb6488be9aee6\",\"name\":\"Genof\u00f3ntes Urb\u00e1ez\",\"image\":{\"@type\":\"ImageObject\",\"inLanguage\":\"es-DO\",\"@id\":\"https:\\\/\\\/secure.gravatar.com\\\/avatar\\\/a49ef3186a692098ac3e8a1612261e3ad70cf9e44553dff2929e67939a0ecb9d?s=96&d=identicon&r=g\",\"url\":\"https:\\\/\\\/secure.gravatar.com\\\/avatar\\\/a49ef3186a692098ac3e8a1612261e3ad70cf9e44553dff2929e67939a0ecb9d?s=96&d=identicon&r=g\",\"contentUrl\":\"https:\\\/\\\/secure.gravatar.com\\\/avatar\\\/a49ef3186a692098ac3e8a1612261e3ad70cf9e44553dff2929e67939a0ecb9d?s=96&d=identicon&r=g\",\"caption\":\"Genof\u00f3ntes Urb\u00e1ez\"},\"logo\":{\"@id\":\"https:\\\/\\\/secure.gravatar.com\\\/avatar\\\/a49ef3186a692098ac3e8a1612261e3ad70cf9e44553dff2929e67939a0ecb9d?s=96&d=identicon&r=g\"},\"description\":\"Periodista \\\/ Locutor\",\"sameAs\":[\"https:\\\/\\\/www.facebook.com\\\/Genofnotes\",\"https:\\\/\\\/www.instagram.com\\\/genofnotes\\\/\"]}]}<\/script>\n<!-- \/ Yoast SEO plugin. -->","yoast_head_json":{"title":"Con Alzheimer e hipertensi\u00f3n, anciana deja de recibir su pensi\u00f3n tras 51 a\u00f1os trabajando en Salud P\u00fablica - Minuto Cero RD","robots":{"index":"index","follow":"follow","max-snippet":"max-snippet:-1","max-image-preview":"max-image-preview:large","max-video-preview":"max-video-preview:-1"},"canonical":"https:\/\/minutocerord.com\/?p=1000","og_locale":"es_ES","og_type":"article","og_title":"Con Alzheimer e hipertensi\u00f3n, anciana deja de recibir su pensi\u00f3n tras 51 a\u00f1os trabajando en Salud P\u00fablica - Minuto Cero RD","og_description":"El Seibo, RD.- La situaci\u00f3n que vive Hilda Altagracia Peguero (Altagracita), quien por m\u00e1s de 51 a\u00f1os trabaj\u00f3 en el Ministerio de Salud P\u00fablica, en medio de los achaques de salud producto de la edad, no cobra \u201cun chele\u201d desde hace m\u00e1s de un a\u00f1o, a pesar de ser jubilada por esa instituci\u00f3n. A sus [&hellip;]","og_url":"https:\/\/minutocerord.com\/?p=1000","og_site_name":"Minuto Cero RD","article_publisher":"https:\/\/www.facebook.com\/Genofnotes","article_author":"https:\/\/www.facebook.com\/Genofnotes","article_published_time":"2020-11-27T01:50:12+00:00","article_modified_time":"2020-11-27T02:02:47+00:00","og_image":[{"width":1200,"height":675,"url":"https:\/\/i0.wp.com\/minutocerord.com\/wp-content\/uploads\/2020\/11\/barandbench_2020-11_43374538-42d7-4756-a19a-903d2eb449cc_pension.jpg?fit=1200%2C675&ssl=1","type":"image\/jpeg"}],"author":"Genof\u00f3ntes Urb\u00e1ez","twitter_card":"summary_large_image","twitter_misc":{"Written by":"Genof\u00f3ntes Urb\u00e1ez","Est. reading time":"4 minutos"},"schema":{"@context":"https:\/\/schema.org","@graph":[{"@type":"Article","@id":"https:\/\/minutocerord.com\/?p=1000#article","isPartOf":{"@id":"https:\/\/minutocerord.com\/?p=1000"},"author":{"name":"Genof\u00f3ntes Urb\u00e1ez","@id":"https:\/\/minutocerord.com\/#\/schema\/person\/60b5372d60aaa0a5171fb6488be9aee6"},"headline":"Con Alzheimer e hipertensi\u00f3n, anciana deja de recibir su pensi\u00f3n tras 51 a\u00f1os trabajando en Salud P\u00fablica","datePublished":"2020-11-27T01:50:12+00:00","dateModified":"2020-11-27T02:02:47+00:00","mainEntityOfPage":{"@id":"https:\/\/minutocerord.com\/?p=1000"},"wordCount":760,"commentCount":0,"publisher":{"@id":"https:\/\/minutocerord.com\/#\/schema\/person\/60b5372d60aaa0a5171fb6488be9aee6"},"image":{"@id":"https:\/\/minutocerord.com\/?p=1000#primaryimage"},"thumbnailUrl":"https:\/\/i0.wp.com\/minutocerord.com\/wp-content\/uploads\/2020\/11\/barandbench_2020-11_43374538-42d7-4756-a19a-903d2eb449cc_pension.jpg?fit=1200%2C675&ssl=1","articleSection":["Provincia"],"inLanguage":"es-DO","potentialAction":[{"@type":"CommentAction","name":"Comment","target":["https:\/\/minutocerord.com\/?p=1000#respond"]}]},{"@type":"WebPage","@id":"https:\/\/minutocerord.com\/?p=1000","url":"https:\/\/minutocerord.com\/?p=1000","name":"Con Alzheimer e hipertensi\u00f3n, anciana deja de recibir su pensi\u00f3n tras 51 a\u00f1os trabajando en Salud P\u00fablica - Minuto Cero RD","isPartOf":{"@id":"https:\/\/minutocerord.com\/#website"},"primaryImageOfPage":{"@id":"https:\/\/minutocerord.com\/?p=1000#primaryimage"},"image":{"@id":"https:\/\/minutocerord.com\/?p=1000#primaryimage"},"thumbnailUrl":"https:\/\/i0.wp.com\/minutocerord.com\/wp-content\/uploads\/2020\/11\/barandbench_2020-11_43374538-42d7-4756-a19a-903d2eb449cc_pension.jpg?fit=1200%2C675&ssl=1","datePublished":"2020-11-27T01:50:12+00:00","dateModified":"2020-11-27T02:02:47+00:00","breadcrumb":{"@id":"https:\/\/minutocerord.com\/?p=1000#breadcrumb"},"inLanguage":"es-DO","potentialAction":[{"@type":"ReadAction","target":["https:\/\/minutocerord.com\/?p=1000"]}]},{"@type":"ImageObject","inLanguage":"es-DO","@id":"https:\/\/minutocerord.com\/?p=1000#primaryimage","url":"https:\/\/i0.wp.com\/minutocerord.com\/wp-content\/uploads\/2020\/11\/barandbench_2020-11_43374538-42d7-4756-a19a-903d2eb449cc_pension.jpg?fit=1200%2C675&ssl=1","contentUrl":"https:\/\/i0.wp.com\/minutocerord.com\/wp-content\/uploads\/2020\/11\/barandbench_2020-11_43374538-42d7-4756-a19a-903d2eb449cc_pension.jpg?fit=1200%2C675&ssl=1","width":1200,"height":675},{"@type":"BreadcrumbList","@id":"https:\/\/minutocerord.com\/?p=1000#breadcrumb","itemListElement":[{"@type":"ListItem","position":1,"name":"Home","item":"https:\/\/minutocerord.com\/"},{"@type":"ListItem","position":2,"name":"Con Alzheimer e hipertensi\u00f3n, anciana deja de recibir su pensi\u00f3n tras 51 a\u00f1os trabajando en Salud P\u00fablica"}]},{"@type":"WebSite","@id":"https:\/\/minutocerord.com\/#website","url":"https:\/\/minutocerord.com\/","name":"Minuto Cero RD","description":"Periodismo serio y veraz","publisher":{"@id":"https:\/\/minutocerord.com\/#\/schema\/person\/60b5372d60aaa0a5171fb6488be9aee6"},"potentialAction":[{"@type":"SearchAction","target":{"@type":"EntryPoint","urlTemplate":"https:\/\/minutocerord.com\/?s={search_term_string}"},"query-input":{"@type":"PropertyValueSpecification","valueRequired":true,"valueName":"search_term_string"}}],"inLanguage":"es-DO"},{"@type":["Person","Organization"],"@id":"https:\/\/minutocerord.com\/#\/schema\/person\/60b5372d60aaa0a5171fb6488be9aee6","name":"Genof\u00f3ntes Urb\u00e1ez","image":{"@type":"ImageObject","inLanguage":"es-DO","@id":"https:\/\/secure.gravatar.com\/avatar\/a49ef3186a692098ac3e8a1612261e3ad70cf9e44553dff2929e67939a0ecb9d?s=96&d=identicon&r=g","url":"https:\/\/secure.gravatar.com\/avatar\/a49ef3186a692098ac3e8a1612261e3ad70cf9e44553dff2929e67939a0ecb9d?s=96&d=identicon&r=g","contentUrl":"https:\/\/secure.gravatar.com\/avatar\/a49ef3186a692098ac3e8a1612261e3ad70cf9e44553dff2929e67939a0ecb9d?s=96&d=identicon&r=g","caption":"Genof\u00f3ntes Urb\u00e1ez"},"logo":{"@id":"https:\/\/secure.gravatar.com\/avatar\/a49ef3186a692098ac3e8a1612261e3ad70cf9e44553dff2929e67939a0ecb9d?s=96&d=identicon&r=g"},"description":"Periodista \/ Locutor","sameAs":["https:\/\/www.facebook.com\/Genofnotes","https:\/\/www.instagram.com\/genofnotes\/"]}]}},"jetpack_publicize_connections":[],"jetpack_featured_media_url":"https:\/\/i0.wp.com\/minutocerord.com\/wp-content\/uploads\/2020\/11\/barandbench_2020-11_43374538-42d7-4756-a19a-903d2eb449cc_pension.jpg?fit=1200%2C675&ssl=1","jetpack-related-posts":[],"jetpack_sharing_enabled":true,"_links":{"self":[{"href":"https:\/\/minutocerord.com\/index.php?rest_route=\/wp\/v2\/posts\/1000","targetHints":{"allow":["GET"]}}],"collection":[{"href":"https:\/\/minutocerord.com\/index.php?rest_route=\/wp\/v2\/posts"}],"about":[{"href":"https:\/\/minutocerord.com\/index.php?rest_route=\/wp\/v2\/types\/post"}],"author":[{"embeddable":true,"href":"https:\/\/minutocerord.com\/index.php?rest_route=\/wp\/v2\/users\/1"}],"replies":[{"embeddable":true,"href":"https:\/\/minutocerord.com\/index.php?rest_route=%2Fwp%2Fv2%2Fcomments&post=1000"}],"version-history":[{"count":3,"href":"https:\/\/minutocerord.com\/index.php?rest_route=\/wp\/v2\/posts\/1000\/revisions"}],"predecessor-version":[{"id":1005,"href":"https:\/\/minutocerord.com\/index.php?rest_route=\/wp\/v2\/posts\/1000\/revisions\/1005"}],"wp:featuredmedia":[{"embeddable":true,"href":"https:\/\/minutocerord.com\/index.php?rest_route=\/wp\/v2\/media\/1003"}],"wp:attachment":[{"href":"https:\/\/minutocerord.com\/index.php?rest_route=%2Fwp%2Fv2%2Fmedia&parent=1000"}],"wp:term":[{"taxonomy":"category","embeddable":true,"href":"https:\/\/minutocerord.com\/index.php?rest_route=%2Fwp%2Fv2%2Fcategories&post=1000"},{"taxonomy":"post_tag","embeddable":true,"href":"https:\/\/minutocerord.com\/index.php?rest_route=%2Fwp%2Fv2%2Ftags&post=1000"}],"curies":[{"name":"wp","href":"https:\/\/api.w.org\/{rel}","templated":true}]}}