{"id":1009,"date":"2020-11-27T08:09:12","date_gmt":"2020-11-27T12:09:12","guid":{"rendered":"https:\/\/minutocerord.com\/?p=1009"},"modified":"2020-11-27T08:09:15","modified_gmt":"2020-11-27T12:09:15","slug":"luis-abinader-republica-dominicana-no-puede-financiar-partos-de-haitianas","status":"publish","type":"post","link":"https:\/\/minutocerord.com\/?p=1009","title":{"rendered":"Luis Abinader: Rep\u00fablica Dominicana no puede financiar partos de haitianas"},"content":{"rendered":"\n<figure class=\"wp-block-embed-youtube wp-block-embed is-type-video is-provider-youtube wp-embed-aspect-16-9 wp-has-aspect-ratio\"><div class=\"wp-block-embed__wrapper\">\n<iframe loading=\"lazy\" title=\"Luis Abinader pasa balance a los 100 d\u00edas de gobierno\" width=\"640\" height=\"360\" src=\"https:\/\/www.youtube.com\/embed\/CYhoGqlHV6g?feature=oembed&#038;enablejsapi=1\" frameborder=\"0\" allow=\"accelerometer; autoplay; clipboard-write; encrypted-media; gyroscope; picture-in-picture; web-share\" referrerpolicy=\"strict-origin-when-cross-origin\" allowfullscreen><\/iframe>\n<\/div><\/figure>\n\n\n\n<p>SANTO DOMINGO.- El presidente de la Rep\u00fablica Dominicana, Luis Abinader, admiti\u00f3 este mi\u00e9rcoles que su pa\u00eds \u00abno puede y no soporta\u00bb financiar los partos de mujeres haitianas, muchas de las cuales se trasladan a territorio dominicano con el \u00fanico prop\u00f3sito de dar a luz.<\/p>\n\n\n\n<p>\u00abLa salud dominicana no soporta y no puede con la cantidad de (parturientas) haitianas\u00bb, dijo Abinader en una entrevista televisada con el grupo de medios Corripio con motivo de sus primeros 100 d\u00edas en la Presidencia.<\/p>\n\n\n\n<p>Desde el punto de vista humano, apunt\u00f3, \u00abnos conduele\u00bb, pero la Rep\u00fablica Dominicana, que comparte frontera con el deprimo Hait\u00ed, es \u00abun pa\u00eds que necesita ayuda y un pa\u00eds pobre\u00bb.<\/p>\n\n\n\n<p>\u00abNo podemos echarnos arriba a Hait\u00ed\u00bb, subray\u00f3 el gobernante, quien dijo coincidir con el ministro de Salud local, Plutarco Arias, en que esta situaci\u00f3n \u00abes insostenible\u00bb para el Gobierno dominicano.<\/p>\n\n\n\n<p>\u00abEstamos trabajando con Hait\u00ed y con la comunidad internacional para tomar medidas en ese sentido\u00bb, precis\u00f3 Abinader, aunque sin ofrecer mayores detalles.<\/p>\n\n\n\n<p>Seg\u00fan datos oficiales, la Rep\u00fablica Dominicana registr\u00f3 en 2019 un total de 167.686 nacimientos, entre ellos 20.018 en los que la madre era haitiana, y la inmensa mayor\u00eda de ellas indocumentadas.<\/p>\n\n\n\n<p>En la entrevista, Abinader, quien asumi\u00f3 el cargo el 16 de agosto pasado, tambi\u00e9n admiti\u00f3 que la situaci\u00f3n en Hait\u00ed, que atraviesa por una crisis pol\u00edtica y social desde 2018, tiene \u00abrepercusi\u00f3n importante en todos los \u00f3rdenes de la vida econ\u00f3mica y social\u00bb de la Rep\u00fablica Dominicana.<\/p>\n\n\n\n<p>\u00abCualquier situaci\u00f3n o crisis en Hait\u00ed nos afecta a nosotros en diferentes medidas, nos afecta desde el punto de vista de la seguridad, nos afecta desde el punto de vista de la migraci\u00f3n, nos afecta desde el punto de vista econ\u00f3mico\u00bb, agreg\u00f3.<\/p>\n\n\n\n<p>Los haitianos representan el 88,5 % de los 847.979 extranjeros residentes en la Rep\u00fablica Dominicana.<\/p>\n","protected":false},"excerpt":{"rendered":"<p>SANTO DOMINGO.- El presidente de la Rep\u00fablica Dominicana, Luis Abinader, admiti\u00f3 este mi\u00e9rcoles que su pa\u00eds \u00abno puede y no soporta\u00bb financiar los partos de mujeres haitianas, muchas de las cuales se trasladan a territorio dominicano con el \u00fanico prop\u00f3sito de dar a luz. \u00abLa salud dominicana no soporta y no puede con la cantidad [&hellip;]<\/p>\n","protected":false},"author":1,"featured_media":1011,"comment_status":"open","ping_status":"open","sticky":false,"template":"","format":"standard","meta":{"nf_dc_page":"","jetpack_post_was_ever_published":false,"_jetpack_newsletter_access":"","_jetpack_dont_email_post_to_subs":false,"_jetpack_newsletter_tier_id":0,"_jetpack_memberships_contains_paywalled_content":false,"_jetpack_memberships_contains_paid_content":false,"footnotes":"","jetpack_publicize_message":"","jetpack_publicize_feature_enabled":true,"jetpack_social_post_already_shared":false,"jetpack_social_options":{"image_generator_settings":{"template":"highway","default_image_id":0,"font":"","enabled":false},"version":2}},"categories":[65],"tags":[],"class_list":["post-1009","post","type-post","status-publish","format-standard","has-post-thumbnail","hentry","category-nacionales"],"yoast_head":"<!-- This site is optimized with the Yoast SEO plugin v27.5 - https:\/\/yoast.com\/product\/yoast-seo-wordpress\/ -->\n<title>Luis Abinader: Rep\u00fablica Dominicana no puede financiar partos de haitianas - Minuto Cero RD<\/title>\n<meta name=\"robots\" content=\"index, follow, max-snippet:-1, max-image-preview:large, max-video-preview:-1\" \/>\n<link rel=\"canonical\" href=\"http:\/\/minutocerord.com\/?p=1009\" \/>\n<meta property=\"og:locale\" content=\"es_ES\" \/>\n<meta property=\"og:type\" content=\"article\" \/>\n<meta property=\"og:title\" content=\"Luis Abinader: Rep\u00fablica Dominicana no puede financiar partos de haitianas - Minuto Cero RD\" \/>\n<meta property=\"og:description\" content=\"SANTO DOMINGO.- El presidente de la Rep\u00fablica Dominicana, Luis Abinader, admiti\u00f3 este mi\u00e9rcoles que su pa\u00eds \u00abno puede y no soporta\u00bb financiar los partos de mujeres haitianas, muchas de las cuales se trasladan a territorio dominicano con el \u00fanico prop\u00f3sito de dar a luz. \u00abLa salud dominicana no soporta y no puede con la cantidad [&hellip;]\" \/>\n<meta property=\"og:url\" content=\"http:\/\/minutocerord.com\/?p=1009\" \/>\n<meta property=\"og:site_name\" content=\"Minuto Cero RD\" \/>\n<meta property=\"article:publisher\" content=\"https:\/\/www.facebook.com\/Genofnotes\" \/>\n<meta property=\"article:author\" content=\"https:\/\/www.facebook.com\/Genofnotes\" \/>\n<meta property=\"article:published_time\" content=\"2020-11-27T12:09:12+00:00\" \/>\n<meta property=\"article:modified_time\" content=\"2020-11-27T12:09:15+00:00\" \/>\n<meta property=\"og:image\" content=\"https:\/\/i0.wp.com\/minutocerord.com\/wp-content\/uploads\/2020\/11\/luis-abinader.jpeg?fit=657%2C460\" \/>\n\t<meta property=\"og:image:width\" content=\"657\" \/>\n\t<meta property=\"og:image:height\" content=\"460\" \/>\n\t<meta property=\"og:image:type\" content=\"image\/jpeg\" \/>\n<meta name=\"author\" content=\"Genof\u00f3ntes Urb\u00e1ez\" \/>\n<meta name=\"twitter:card\" content=\"summary_large_image\" \/>\n<meta name=\"twitter:label1\" content=\"Written by\" \/>\n\t<meta name=\"twitter:data1\" content=\"Genof\u00f3ntes Urb\u00e1ez\" \/>\n\t<meta name=\"twitter:label2\" content=\"Est. reading time\" \/>\n\t<meta name=\"twitter:data2\" content=\"2 minutos\" \/>\n<script type=\"application\/ld+json\" class=\"yoast-schema-graph\">{\"@context\":\"https:\\\/\\\/schema.org\",\"@graph\":[{\"@type\":\"Article\",\"@id\":\"http:\\\/\\\/minutocerord.com\\\/?p=1009#article\",\"isPartOf\":{\"@id\":\"http:\\\/\\\/minutocerord.com\\\/?p=1009\"},\"author\":{\"name\":\"Genof\u00f3ntes Urb\u00e1ez\",\"@id\":\"https:\\\/\\\/minutocerord.com\\\/#\\\/schema\\\/person\\\/60b5372d60aaa0a5171fb6488be9aee6\"},\"headline\":\"Luis Abinader: Rep\u00fablica Dominicana no puede financiar partos de haitianas\",\"datePublished\":\"2020-11-27T12:09:12+00:00\",\"dateModified\":\"2020-11-27T12:09:15+00:00\",\"mainEntityOfPage\":{\"@id\":\"http:\\\/\\\/minutocerord.com\\\/?p=1009\"},\"wordCount\":327,\"commentCount\":0,\"publisher\":{\"@id\":\"https:\\\/\\\/minutocerord.com\\\/#\\\/schema\\\/person\\\/60b5372d60aaa0a5171fb6488be9aee6\"},\"image\":{\"@id\":\"http:\\\/\\\/minutocerord.com\\\/?p=1009#primaryimage\"},\"thumbnailUrl\":\"https:\\\/\\\/i0.wp.com\\\/minutocerord.com\\\/wp-content\\\/uploads\\\/2020\\\/11\\\/luis-abinader.jpeg?fit=657%2C460&ssl=1\",\"articleSection\":[\"Nacionales\"],\"inLanguage\":\"es-DO\",\"potentialAction\":[{\"@type\":\"CommentAction\",\"name\":\"Comment\",\"target\":[\"http:\\\/\\\/minutocerord.com\\\/?p=1009#respond\"]}]},{\"@type\":\"WebPage\",\"@id\":\"http:\\\/\\\/minutocerord.com\\\/?p=1009\",\"url\":\"http:\\\/\\\/minutocerord.com\\\/?p=1009\",\"name\":\"Luis Abinader: Rep\u00fablica Dominicana no puede financiar partos de haitianas - Minuto Cero RD\",\"isPartOf\":{\"@id\":\"https:\\\/\\\/minutocerord.com\\\/#website\"},\"primaryImageOfPage\":{\"@id\":\"http:\\\/\\\/minutocerord.com\\\/?p=1009#primaryimage\"},\"image\":{\"@id\":\"http:\\\/\\\/minutocerord.com\\\/?p=1009#primaryimage\"},\"thumbnailUrl\":\"https:\\\/\\\/i0.wp.com\\\/minutocerord.com\\\/wp-content\\\/uploads\\\/2020\\\/11\\\/luis-abinader.jpeg?fit=657%2C460&ssl=1\",\"datePublished\":\"2020-11-27T12:09:12+00:00\",\"dateModified\":\"2020-11-27T12:09:15+00:00\",\"breadcrumb\":{\"@id\":\"http:\\\/\\\/minutocerord.com\\\/?p=1009#breadcrumb\"},\"inLanguage\":\"es-DO\",\"potentialAction\":[{\"@type\":\"ReadAction\",\"target\":[\"http:\\\/\\\/minutocerord.com\\\/?p=1009\"]}]},{\"@type\":\"ImageObject\",\"inLanguage\":\"es-DO\",\"@id\":\"http:\\\/\\\/minutocerord.com\\\/?p=1009#primaryimage\",\"url\":\"https:\\\/\\\/i0.wp.com\\\/minutocerord.com\\\/wp-content\\\/uploads\\\/2020\\\/11\\\/luis-abinader.jpeg?fit=657%2C460&ssl=1\",\"contentUrl\":\"https:\\\/\\\/i0.wp.com\\\/minutocerord.com\\\/wp-content\\\/uploads\\\/2020\\\/11\\\/luis-abinader.jpeg?fit=657%2C460&ssl=1\",\"width\":657,\"height\":460},{\"@type\":\"BreadcrumbList\",\"@id\":\"http:\\\/\\\/minutocerord.com\\\/?p=1009#breadcrumb\",\"itemListElement\":[{\"@type\":\"ListItem\",\"position\":1,\"name\":\"Home\",\"item\":\"https:\\\/\\\/minutocerord.com\\\/\"},{\"@type\":\"ListItem\",\"position\":2,\"name\":\"Luis Abinader: Rep\u00fablica Dominicana no puede financiar partos de haitianas\"}]},{\"@type\":\"WebSite\",\"@id\":\"https:\\\/\\\/minutocerord.com\\\/#website\",\"url\":\"https:\\\/\\\/minutocerord.com\\\/\",\"name\":\"Minuto Cero RD\",\"description\":\"Periodismo serio y veraz\",\"publisher\":{\"@id\":\"https:\\\/\\\/minutocerord.com\\\/#\\\/schema\\\/person\\\/60b5372d60aaa0a5171fb6488be9aee6\"},\"potentialAction\":[{\"@type\":\"SearchAction\",\"target\":{\"@type\":\"EntryPoint\",\"urlTemplate\":\"https:\\\/\\\/minutocerord.com\\\/?s={search_term_string}\"},\"query-input\":{\"@type\":\"PropertyValueSpecification\",\"valueRequired\":true,\"valueName\":\"search_term_string\"}}],\"inLanguage\":\"es-DO\"},{\"@type\":[\"Person\",\"Organization\"],\"@id\":\"https:\\\/\\\/minutocerord.com\\\/#\\\/schema\\\/person\\\/60b5372d60aaa0a5171fb6488be9aee6\",\"name\":\"Genof\u00f3ntes Urb\u00e1ez\",\"image\":{\"@type\":\"ImageObject\",\"inLanguage\":\"es-DO\",\"@id\":\"https:\\\/\\\/secure.gravatar.com\\\/avatar\\\/a49ef3186a692098ac3e8a1612261e3ad70cf9e44553dff2929e67939a0ecb9d?s=96&d=identicon&r=g\",\"url\":\"https:\\\/\\\/secure.gravatar.com\\\/avatar\\\/a49ef3186a692098ac3e8a1612261e3ad70cf9e44553dff2929e67939a0ecb9d?s=96&d=identicon&r=g\",\"contentUrl\":\"https:\\\/\\\/secure.gravatar.com\\\/avatar\\\/a49ef3186a692098ac3e8a1612261e3ad70cf9e44553dff2929e67939a0ecb9d?s=96&d=identicon&r=g\",\"caption\":\"Genof\u00f3ntes Urb\u00e1ez\"},\"logo\":{\"@id\":\"https:\\\/\\\/secure.gravatar.com\\\/avatar\\\/a49ef3186a692098ac3e8a1612261e3ad70cf9e44553dff2929e67939a0ecb9d?s=96&d=identicon&r=g\"},\"description\":\"Periodista \\\/ Locutor\",\"sameAs\":[\"https:\\\/\\\/www.facebook.com\\\/Genofnotes\",\"https:\\\/\\\/www.instagram.com\\\/genofnotes\\\/\"]}]}<\/script>\n<!-- \/ Yoast SEO plugin. -->","yoast_head_json":{"title":"Luis Abinader: Rep\u00fablica Dominicana no puede financiar partos de haitianas - Minuto Cero RD","robots":{"index":"index","follow":"follow","max-snippet":"max-snippet:-1","max-image-preview":"max-image-preview:large","max-video-preview":"max-video-preview:-1"},"canonical":"http:\/\/minutocerord.com\/?p=1009","og_locale":"es_ES","og_type":"article","og_title":"Luis Abinader: Rep\u00fablica Dominicana no puede financiar partos de haitianas - Minuto Cero RD","og_description":"SANTO DOMINGO.- El presidente de la Rep\u00fablica Dominicana, Luis Abinader, admiti\u00f3 este mi\u00e9rcoles que su pa\u00eds \u00abno puede y no soporta\u00bb financiar los partos de mujeres haitianas, muchas de las cuales se trasladan a territorio dominicano con el \u00fanico prop\u00f3sito de dar a luz. \u00abLa salud dominicana no soporta y no puede con la cantidad [&hellip;]","og_url":"http:\/\/minutocerord.com\/?p=1009","og_site_name":"Minuto Cero RD","article_publisher":"https:\/\/www.facebook.com\/Genofnotes","article_author":"https:\/\/www.facebook.com\/Genofnotes","article_published_time":"2020-11-27T12:09:12+00:00","article_modified_time":"2020-11-27T12:09:15+00:00","og_image":[{"width":657,"height":460,"url":"https:\/\/i0.wp.com\/minutocerord.com\/wp-content\/uploads\/2020\/11\/luis-abinader.jpeg?fit=657%2C460","type":"image\/jpeg"}],"author":"Genof\u00f3ntes Urb\u00e1ez","twitter_card":"summary_large_image","twitter_misc":{"Written by":"Genof\u00f3ntes Urb\u00e1ez","Est. reading time":"2 minutos"},"schema":{"@context":"https:\/\/schema.org","@graph":[{"@type":"Article","@id":"http:\/\/minutocerord.com\/?p=1009#article","isPartOf":{"@id":"http:\/\/minutocerord.com\/?p=1009"},"author":{"name":"Genof\u00f3ntes Urb\u00e1ez","@id":"https:\/\/minutocerord.com\/#\/schema\/person\/60b5372d60aaa0a5171fb6488be9aee6"},"headline":"Luis Abinader: Rep\u00fablica Dominicana no puede financiar partos de haitianas","datePublished":"2020-11-27T12:09:12+00:00","dateModified":"2020-11-27T12:09:15+00:00","mainEntityOfPage":{"@id":"http:\/\/minutocerord.com\/?p=1009"},"wordCount":327,"commentCount":0,"publisher":{"@id":"https:\/\/minutocerord.com\/#\/schema\/person\/60b5372d60aaa0a5171fb6488be9aee6"},"image":{"@id":"http:\/\/minutocerord.com\/?p=1009#primaryimage"},"thumbnailUrl":"https:\/\/i0.wp.com\/minutocerord.com\/wp-content\/uploads\/2020\/11\/luis-abinader.jpeg?fit=657%2C460&ssl=1","articleSection":["Nacionales"],"inLanguage":"es-DO","potentialAction":[{"@type":"CommentAction","name":"Comment","target":["http:\/\/minutocerord.com\/?p=1009#respond"]}]},{"@type":"WebPage","@id":"http:\/\/minutocerord.com\/?p=1009","url":"http:\/\/minutocerord.com\/?p=1009","name":"Luis Abinader: Rep\u00fablica Dominicana no puede financiar partos de haitianas - Minuto Cero RD","isPartOf":{"@id":"https:\/\/minutocerord.com\/#website"},"primaryImageOfPage":{"@id":"http:\/\/minutocerord.com\/?p=1009#primaryimage"},"image":{"@id":"http:\/\/minutocerord.com\/?p=1009#primaryimage"},"thumbnailUrl":"https:\/\/i0.wp.com\/minutocerord.com\/wp-content\/uploads\/2020\/11\/luis-abinader.jpeg?fit=657%2C460&ssl=1","datePublished":"2020-11-27T12:09:12+00:00","dateModified":"2020-11-27T12:09:15+00:00","breadcrumb":{"@id":"http:\/\/minutocerord.com\/?p=1009#breadcrumb"},"inLanguage":"es-DO","potentialAction":[{"@type":"ReadAction","target":["http:\/\/minutocerord.com\/?p=1009"]}]},{"@type":"ImageObject","inLanguage":"es-DO","@id":"http:\/\/minutocerord.com\/?p=1009#primaryimage","url":"https:\/\/i0.wp.com\/minutocerord.com\/wp-content\/uploads\/2020\/11\/luis-abinader.jpeg?fit=657%2C460&ssl=1","contentUrl":"https:\/\/i0.wp.com\/minutocerord.com\/wp-content\/uploads\/2020\/11\/luis-abinader.jpeg?fit=657%2C460&ssl=1","width":657,"height":460},{"@type":"BreadcrumbList","@id":"http:\/\/minutocerord.com\/?p=1009#breadcrumb","itemListElement":[{"@type":"ListItem","position":1,"name":"Home","item":"https:\/\/minutocerord.com\/"},{"@type":"ListItem","position":2,"name":"Luis Abinader: Rep\u00fablica Dominicana no puede financiar partos de haitianas"}]},{"@type":"WebSite","@id":"https:\/\/minutocerord.com\/#website","url":"https:\/\/minutocerord.com\/","name":"Minuto Cero RD","description":"Periodismo serio y veraz","publisher":{"@id":"https:\/\/minutocerord.com\/#\/schema\/person\/60b5372d60aaa0a5171fb6488be9aee6"},"potentialAction":[{"@type":"SearchAction","target":{"@type":"EntryPoint","urlTemplate":"https:\/\/minutocerord.com\/?s={search_term_string}"},"query-input":{"@type":"PropertyValueSpecification","valueRequired":true,"valueName":"search_term_string"}}],"inLanguage":"es-DO"},{"@type":["Person","Organization"],"@id":"https:\/\/minutocerord.com\/#\/schema\/person\/60b5372d60aaa0a5171fb6488be9aee6","name":"Genof\u00f3ntes Urb\u00e1ez","image":{"@type":"ImageObject","inLanguage":"es-DO","@id":"https:\/\/secure.gravatar.com\/avatar\/a49ef3186a692098ac3e8a1612261e3ad70cf9e44553dff2929e67939a0ecb9d?s=96&d=identicon&r=g","url":"https:\/\/secure.gravatar.com\/avatar\/a49ef3186a692098ac3e8a1612261e3ad70cf9e44553dff2929e67939a0ecb9d?s=96&d=identicon&r=g","contentUrl":"https:\/\/secure.gravatar.com\/avatar\/a49ef3186a692098ac3e8a1612261e3ad70cf9e44553dff2929e67939a0ecb9d?s=96&d=identicon&r=g","caption":"Genof\u00f3ntes Urb\u00e1ez"},"logo":{"@id":"https:\/\/secure.gravatar.com\/avatar\/a49ef3186a692098ac3e8a1612261e3ad70cf9e44553dff2929e67939a0ecb9d?s=96&d=identicon&r=g"},"description":"Periodista \/ Locutor","sameAs":["https:\/\/www.facebook.com\/Genofnotes","https:\/\/www.instagram.com\/genofnotes\/"]}]}},"jetpack_publicize_connections":[],"jetpack_featured_media_url":"https:\/\/i0.wp.com\/minutocerord.com\/wp-content\/uploads\/2020\/11\/luis-abinader.jpeg?fit=657%2C460&ssl=1","jetpack-related-posts":[],"jetpack_sharing_enabled":true,"_links":{"self":[{"href":"https:\/\/minutocerord.com\/index.php?rest_route=\/wp\/v2\/posts\/1009","targetHints":{"allow":["GET"]}}],"collection":[{"href":"https:\/\/minutocerord.com\/index.php?rest_route=\/wp\/v2\/posts"}],"about":[{"href":"https:\/\/minutocerord.com\/index.php?rest_route=\/wp\/v2\/types\/post"}],"author":[{"embeddable":true,"href":"https:\/\/minutocerord.com\/index.php?rest_route=\/wp\/v2\/users\/1"}],"replies":[{"embeddable":true,"href":"https:\/\/minutocerord.com\/index.php?rest_route=%2Fwp%2Fv2%2Fcomments&post=1009"}],"version-history":[{"count":1,"href":"https:\/\/minutocerord.com\/index.php?rest_route=\/wp\/v2\/posts\/1009\/revisions"}],"predecessor-version":[{"id":1012,"href":"https:\/\/minutocerord.com\/index.php?rest_route=\/wp\/v2\/posts\/1009\/revisions\/1012"}],"wp:featuredmedia":[{"embeddable":true,"href":"https:\/\/minutocerord.com\/index.php?rest_route=\/wp\/v2\/media\/1011"}],"wp:attachment":[{"href":"https:\/\/minutocerord.com\/index.php?rest_route=%2Fwp%2Fv2%2Fmedia&parent=1009"}],"wp:term":[{"taxonomy":"category","embeddable":true,"href":"https:\/\/minutocerord.com\/index.php?rest_route=%2Fwp%2Fv2%2Fcategories&post=1009"},{"taxonomy":"post_tag","embeddable":true,"href":"https:\/\/minutocerord.com\/index.php?rest_route=%2Fwp%2Fv2%2Ftags&post=1009"}],"curies":[{"name":"wp","href":"https:\/\/api.w.org\/{rel}","templated":true}]}}