{"id":1032,"date":"2020-11-28T01:48:10","date_gmt":"2020-11-28T05:48:10","guid":{"rendered":"https:\/\/minutocerord.com\/?p=1032"},"modified":"2020-11-28T01:48:12","modified_gmt":"2020-11-28T05:48:12","slug":"puerto-rico-aumentan-los-decesos-por-la-pandemia-de-la-covid-19","status":"publish","type":"post","link":"https:\/\/minutocerord.com\/?p=1032","title":{"rendered":"PUERTO RICO: Aumentan los decesos por la pandemia de la COVID-19"},"content":{"rendered":"\n<p>Las defunciones de una docena de hombres y cinco mujeres colocan ahora en mil 69 el total de fallecidos en esta isla del Caribe, donde el virus lleg\u00f3 en marzo pasado en un crucero italiano procedente de la Florida.<\/p>\n\n\n\n<p>Seg\u00fan los datos ofrecidos por el Ministerio de Salud, tambi\u00e9n se produjeron 614 nuevas infecciones, de las cuales 392 est\u00e1n confirmadas, 11 consideradas probables y 211 sospechosos adicionales, de acuerdo con la terminolog\u00eda establecida.<\/p>\n\n\n\n<p>De los decesos, 15 fueron catalogados como confirmados, para 847 en ese rengl\u00f3n, y dos como probables, porque no cuentan con una muestra PCR positiva, para 222 acumuladas.<\/p>\n\n\n\n<p>El organismo puertorrique\u00f1o de salubridad p\u00fablica dej\u00f3 establecido que el cambio en la cifra de fallecimientos no debe interpretarse como ocurridos en las \u00faltimas 24 horas.<\/p>\n\n\n\n<p>Mientras, los resultados de casos confirmados de Covid-19 es de 47 mil 854, de los cuales 25 mil 812 son mujeres y 22 mil 42 hombres.<\/p>\n\n\n\n<p>El reporte de este jueves incluye los resultados de las pruebas de ant\u00edgenos, las cuales los Centros para el Control y Prevenci\u00f3n de Enfermedades (CDC) de Estados Unidos catalogan como casos probables.<\/p>\n\n\n\n<p>El total de resultados positivos en esas pruebas es mil 372, los cuales se distribuyen por g\u00e9nero en 741 mujeres y 631 hombres.<\/p>\n\n\n\n<p>Adem\u00e1s, con los 211 sospechosos adicionales, el total en este grupo es de 39 mil 409 tras ser ajustado, al restar 65 casos que tuvieron una prueba molecular positiva, por lo que se dividen en 22 mil 56 mujeres y 17 mil 353 hombres.<\/p>\n\n\n\n<p>Esta vez la cantidad de pacientes hospitalizados por la pandemia se redujo a 597, cinco menos que en la v\u00edspera, de los cuales 98, incluido un caso pedi\u00e1trico, est\u00e1n en una unidades de cuidados intensivos y de ellos 88 se hallan conectados a un respirador mec\u00e1nico.<\/p>\n","protected":false},"excerpt":{"rendered":"<p>Las defunciones de una docena de hombres y cinco mujeres colocan ahora en mil 69 el total de fallecidos en esta isla del Caribe, donde el virus lleg\u00f3 en marzo pasado en un crucero italiano procedente de la Florida. Seg\u00fan los datos ofrecidos por el Ministerio de Salud, tambi\u00e9n se produjeron 614 nuevas infecciones, de [&hellip;]<\/p>\n","protected":false},"author":1,"featured_media":1033,"comment_status":"open","ping_status":"open","sticky":false,"template":"","format":"standard","meta":{"nf_dc_page":"","jetpack_post_was_ever_published":false,"_jetpack_newsletter_access":"","_jetpack_dont_email_post_to_subs":false,"_jetpack_newsletter_tier_id":0,"_jetpack_memberships_contains_paywalled_content":false,"_jetpack_memberships_contains_paid_content":false,"footnotes":"","jetpack_publicize_message":"","jetpack_publicize_feature_enabled":true,"jetpack_social_post_already_shared":false,"jetpack_social_options":{"image_generator_settings":{"template":"highway","default_image_id":0,"font":"","enabled":false},"version":2}},"categories":[81],"tags":[],"class_list":["post-1032","post","type-post","status-publish","format-standard","has-post-thumbnail","hentry","category-puerto-rico"],"yoast_head":"<!-- This site is optimized with the Yoast SEO plugin v27.5 - https:\/\/yoast.com\/product\/yoast-seo-wordpress\/ -->\n<title>PUERTO RICO: Aumentan los decesos por la pandemia de la COVID-19 - Minuto Cero RD<\/title>\n<meta name=\"robots\" content=\"index, follow, max-snippet:-1, max-image-preview:large, max-video-preview:-1\" \/>\n<link rel=\"canonical\" href=\"https:\/\/minutocerord.com\/?p=1032\" \/>\n<meta property=\"og:locale\" content=\"es_ES\" \/>\n<meta property=\"og:type\" content=\"article\" \/>\n<meta property=\"og:title\" content=\"PUERTO RICO: Aumentan los decesos por la pandemia de la COVID-19 - Minuto Cero RD\" \/>\n<meta property=\"og:description\" content=\"Las defunciones de una docena de hombres y cinco mujeres colocan ahora en mil 69 el total de fallecidos en esta isla del Caribe, donde el virus lleg\u00f3 en marzo pasado en un crucero italiano procedente de la Florida. Seg\u00fan los datos ofrecidos por el Ministerio de Salud, tambi\u00e9n se produjeron 614 nuevas infecciones, de [&hellip;]\" \/>\n<meta property=\"og:url\" content=\"https:\/\/minutocerord.com\/?p=1032\" \/>\n<meta property=\"og:site_name\" content=\"Minuto Cero RD\" \/>\n<meta property=\"article:publisher\" content=\"https:\/\/www.facebook.com\/Genofnotes\" \/>\n<meta property=\"article:author\" content=\"https:\/\/www.facebook.com\/Genofnotes\" \/>\n<meta property=\"article:published_time\" content=\"2020-11-28T05:48:10+00:00\" \/>\n<meta property=\"article:modified_time\" content=\"2020-11-28T05:48:12+00:00\" \/>\n<meta property=\"og:image\" content=\"https:\/\/i0.wp.com\/minutocerord.com\/wp-content\/uploads\/2020\/11\/Centro-de-atencion-para-enfermos-Covid-19-en-Puerto-Rico.-TW-660x330-1.jpg?fit=660%2C330&ssl=1\" \/>\n\t<meta property=\"og:image:width\" content=\"660\" \/>\n\t<meta property=\"og:image:height\" content=\"330\" \/>\n\t<meta property=\"og:image:type\" content=\"image\/jpeg\" \/>\n<meta name=\"author\" content=\"Genof\u00f3ntes Urb\u00e1ez\" \/>\n<meta name=\"twitter:card\" content=\"summary_large_image\" \/>\n<meta name=\"twitter:label1\" content=\"Written by\" \/>\n\t<meta name=\"twitter:data1\" content=\"Genof\u00f3ntes Urb\u00e1ez\" \/>\n\t<meta name=\"twitter:label2\" content=\"Est. reading time\" \/>\n\t<meta name=\"twitter:data2\" content=\"1 minuto\" \/>\n<script type=\"application\/ld+json\" class=\"yoast-schema-graph\">{\"@context\":\"https:\\\/\\\/schema.org\",\"@graph\":[{\"@type\":\"Article\",\"@id\":\"https:\\\/\\\/minutocerord.com\\\/?p=1032#article\",\"isPartOf\":{\"@id\":\"https:\\\/\\\/minutocerord.com\\\/?p=1032\"},\"author\":{\"name\":\"Genof\u00f3ntes Urb\u00e1ez\",\"@id\":\"https:\\\/\\\/minutocerord.com\\\/#\\\/schema\\\/person\\\/60b5372d60aaa0a5171fb6488be9aee6\"},\"headline\":\"PUERTO RICO: Aumentan los decesos por la pandemia de la COVID-19\",\"datePublished\":\"2020-11-28T05:48:10+00:00\",\"dateModified\":\"2020-11-28T05:48:12+00:00\",\"mainEntityOfPage\":{\"@id\":\"https:\\\/\\\/minutocerord.com\\\/?p=1032\"},\"wordCount\":295,\"commentCount\":0,\"publisher\":{\"@id\":\"https:\\\/\\\/minutocerord.com\\\/#\\\/schema\\\/person\\\/60b5372d60aaa0a5171fb6488be9aee6\"},\"image\":{\"@id\":\"https:\\\/\\\/minutocerord.com\\\/?p=1032#primaryimage\"},\"thumbnailUrl\":\"https:\\\/\\\/i0.wp.com\\\/minutocerord.com\\\/wp-content\\\/uploads\\\/2020\\\/11\\\/Centro-de-atencion-para-enfermos-Covid-19-en-Puerto-Rico.-TW-660x330-1.jpg?fit=660%2C330&ssl=1\",\"articleSection\":[\"Puerto Rico\"],\"inLanguage\":\"es-DO\",\"potentialAction\":[{\"@type\":\"CommentAction\",\"name\":\"Comment\",\"target\":[\"https:\\\/\\\/minutocerord.com\\\/?p=1032#respond\"]}]},{\"@type\":\"WebPage\",\"@id\":\"https:\\\/\\\/minutocerord.com\\\/?p=1032\",\"url\":\"https:\\\/\\\/minutocerord.com\\\/?p=1032\",\"name\":\"PUERTO RICO: Aumentan los decesos por la pandemia de la COVID-19 - Minuto Cero RD\",\"isPartOf\":{\"@id\":\"https:\\\/\\\/minutocerord.com\\\/#website\"},\"primaryImageOfPage\":{\"@id\":\"https:\\\/\\\/minutocerord.com\\\/?p=1032#primaryimage\"},\"image\":{\"@id\":\"https:\\\/\\\/minutocerord.com\\\/?p=1032#primaryimage\"},\"thumbnailUrl\":\"https:\\\/\\\/i0.wp.com\\\/minutocerord.com\\\/wp-content\\\/uploads\\\/2020\\\/11\\\/Centro-de-atencion-para-enfermos-Covid-19-en-Puerto-Rico.-TW-660x330-1.jpg?fit=660%2C330&ssl=1\",\"datePublished\":\"2020-11-28T05:48:10+00:00\",\"dateModified\":\"2020-11-28T05:48:12+00:00\",\"breadcrumb\":{\"@id\":\"https:\\\/\\\/minutocerord.com\\\/?p=1032#breadcrumb\"},\"inLanguage\":\"es-DO\",\"potentialAction\":[{\"@type\":\"ReadAction\",\"target\":[\"https:\\\/\\\/minutocerord.com\\\/?p=1032\"]}]},{\"@type\":\"ImageObject\",\"inLanguage\":\"es-DO\",\"@id\":\"https:\\\/\\\/minutocerord.com\\\/?p=1032#primaryimage\",\"url\":\"https:\\\/\\\/i0.wp.com\\\/minutocerord.com\\\/wp-content\\\/uploads\\\/2020\\\/11\\\/Centro-de-atencion-para-enfermos-Covid-19-en-Puerto-Rico.-TW-660x330-1.jpg?fit=660%2C330&ssl=1\",\"contentUrl\":\"https:\\\/\\\/i0.wp.com\\\/minutocerord.com\\\/wp-content\\\/uploads\\\/2020\\\/11\\\/Centro-de-atencion-para-enfermos-Covid-19-en-Puerto-Rico.-TW-660x330-1.jpg?fit=660%2C330&ssl=1\",\"width\":660,\"height\":330},{\"@type\":\"BreadcrumbList\",\"@id\":\"https:\\\/\\\/minutocerord.com\\\/?p=1032#breadcrumb\",\"itemListElement\":[{\"@type\":\"ListItem\",\"position\":1,\"name\":\"Home\",\"item\":\"https:\\\/\\\/minutocerord.com\\\/\"},{\"@type\":\"ListItem\",\"position\":2,\"name\":\"PUERTO RICO: Aumentan los decesos por la pandemia de la COVID-19\"}]},{\"@type\":\"WebSite\",\"@id\":\"https:\\\/\\\/minutocerord.com\\\/#website\",\"url\":\"https:\\\/\\\/minutocerord.com\\\/\",\"name\":\"Minuto Cero RD\",\"description\":\"Periodismo serio y veraz\",\"publisher\":{\"@id\":\"https:\\\/\\\/minutocerord.com\\\/#\\\/schema\\\/person\\\/60b5372d60aaa0a5171fb6488be9aee6\"},\"potentialAction\":[{\"@type\":\"SearchAction\",\"target\":{\"@type\":\"EntryPoint\",\"urlTemplate\":\"https:\\\/\\\/minutocerord.com\\\/?s={search_term_string}\"},\"query-input\":{\"@type\":\"PropertyValueSpecification\",\"valueRequired\":true,\"valueName\":\"search_term_string\"}}],\"inLanguage\":\"es-DO\"},{\"@type\":[\"Person\",\"Organization\"],\"@id\":\"https:\\\/\\\/minutocerord.com\\\/#\\\/schema\\\/person\\\/60b5372d60aaa0a5171fb6488be9aee6\",\"name\":\"Genof\u00f3ntes Urb\u00e1ez\",\"image\":{\"@type\":\"ImageObject\",\"inLanguage\":\"es-DO\",\"@id\":\"https:\\\/\\\/secure.gravatar.com\\\/avatar\\\/a49ef3186a692098ac3e8a1612261e3ad70cf9e44553dff2929e67939a0ecb9d?s=96&d=identicon&r=g\",\"url\":\"https:\\\/\\\/secure.gravatar.com\\\/avatar\\\/a49ef3186a692098ac3e8a1612261e3ad70cf9e44553dff2929e67939a0ecb9d?s=96&d=identicon&r=g\",\"contentUrl\":\"https:\\\/\\\/secure.gravatar.com\\\/avatar\\\/a49ef3186a692098ac3e8a1612261e3ad70cf9e44553dff2929e67939a0ecb9d?s=96&d=identicon&r=g\",\"caption\":\"Genof\u00f3ntes Urb\u00e1ez\"},\"logo\":{\"@id\":\"https:\\\/\\\/secure.gravatar.com\\\/avatar\\\/a49ef3186a692098ac3e8a1612261e3ad70cf9e44553dff2929e67939a0ecb9d?s=96&d=identicon&r=g\"},\"description\":\"Periodista \\\/ Locutor\",\"sameAs\":[\"https:\\\/\\\/www.facebook.com\\\/Genofnotes\",\"https:\\\/\\\/www.instagram.com\\\/genofnotes\\\/\"]}]}<\/script>\n<!-- \/ Yoast SEO plugin. -->","yoast_head_json":{"title":"PUERTO RICO: Aumentan los decesos por la pandemia de la COVID-19 - Minuto Cero RD","robots":{"index":"index","follow":"follow","max-snippet":"max-snippet:-1","max-image-preview":"max-image-preview:large","max-video-preview":"max-video-preview:-1"},"canonical":"https:\/\/minutocerord.com\/?p=1032","og_locale":"es_ES","og_type":"article","og_title":"PUERTO RICO: Aumentan los decesos por la pandemia de la COVID-19 - Minuto Cero RD","og_description":"Las defunciones de una docena de hombres y cinco mujeres colocan ahora en mil 69 el total de fallecidos en esta isla del Caribe, donde el virus lleg\u00f3 en marzo pasado en un crucero italiano procedente de la Florida. Seg\u00fan los datos ofrecidos por el Ministerio de Salud, tambi\u00e9n se produjeron 614 nuevas infecciones, de [&hellip;]","og_url":"https:\/\/minutocerord.com\/?p=1032","og_site_name":"Minuto Cero RD","article_publisher":"https:\/\/www.facebook.com\/Genofnotes","article_author":"https:\/\/www.facebook.com\/Genofnotes","article_published_time":"2020-11-28T05:48:10+00:00","article_modified_time":"2020-11-28T05:48:12+00:00","og_image":[{"width":660,"height":330,"url":"https:\/\/i0.wp.com\/minutocerord.com\/wp-content\/uploads\/2020\/11\/Centro-de-atencion-para-enfermos-Covid-19-en-Puerto-Rico.-TW-660x330-1.jpg?fit=660%2C330&ssl=1","type":"image\/jpeg"}],"author":"Genof\u00f3ntes Urb\u00e1ez","twitter_card":"summary_large_image","twitter_misc":{"Written by":"Genof\u00f3ntes Urb\u00e1ez","Est. reading time":"1 minuto"},"schema":{"@context":"https:\/\/schema.org","@graph":[{"@type":"Article","@id":"https:\/\/minutocerord.com\/?p=1032#article","isPartOf":{"@id":"https:\/\/minutocerord.com\/?p=1032"},"author":{"name":"Genof\u00f3ntes Urb\u00e1ez","@id":"https:\/\/minutocerord.com\/#\/schema\/person\/60b5372d60aaa0a5171fb6488be9aee6"},"headline":"PUERTO RICO: Aumentan los decesos por la pandemia de la COVID-19","datePublished":"2020-11-28T05:48:10+00:00","dateModified":"2020-11-28T05:48:12+00:00","mainEntityOfPage":{"@id":"https:\/\/minutocerord.com\/?p=1032"},"wordCount":295,"commentCount":0,"publisher":{"@id":"https:\/\/minutocerord.com\/#\/schema\/person\/60b5372d60aaa0a5171fb6488be9aee6"},"image":{"@id":"https:\/\/minutocerord.com\/?p=1032#primaryimage"},"thumbnailUrl":"https:\/\/i0.wp.com\/minutocerord.com\/wp-content\/uploads\/2020\/11\/Centro-de-atencion-para-enfermos-Covid-19-en-Puerto-Rico.-TW-660x330-1.jpg?fit=660%2C330&ssl=1","articleSection":["Puerto Rico"],"inLanguage":"es-DO","potentialAction":[{"@type":"CommentAction","name":"Comment","target":["https:\/\/minutocerord.com\/?p=1032#respond"]}]},{"@type":"WebPage","@id":"https:\/\/minutocerord.com\/?p=1032","url":"https:\/\/minutocerord.com\/?p=1032","name":"PUERTO RICO: Aumentan los decesos por la pandemia de la COVID-19 - Minuto Cero RD","isPartOf":{"@id":"https:\/\/minutocerord.com\/#website"},"primaryImageOfPage":{"@id":"https:\/\/minutocerord.com\/?p=1032#primaryimage"},"image":{"@id":"https:\/\/minutocerord.com\/?p=1032#primaryimage"},"thumbnailUrl":"https:\/\/i0.wp.com\/minutocerord.com\/wp-content\/uploads\/2020\/11\/Centro-de-atencion-para-enfermos-Covid-19-en-Puerto-Rico.-TW-660x330-1.jpg?fit=660%2C330&ssl=1","datePublished":"2020-11-28T05:48:10+00:00","dateModified":"2020-11-28T05:48:12+00:00","breadcrumb":{"@id":"https:\/\/minutocerord.com\/?p=1032#breadcrumb"},"inLanguage":"es-DO","potentialAction":[{"@type":"ReadAction","target":["https:\/\/minutocerord.com\/?p=1032"]}]},{"@type":"ImageObject","inLanguage":"es-DO","@id":"https:\/\/minutocerord.com\/?p=1032#primaryimage","url":"https:\/\/i0.wp.com\/minutocerord.com\/wp-content\/uploads\/2020\/11\/Centro-de-atencion-para-enfermos-Covid-19-en-Puerto-Rico.-TW-660x330-1.jpg?fit=660%2C330&ssl=1","contentUrl":"https:\/\/i0.wp.com\/minutocerord.com\/wp-content\/uploads\/2020\/11\/Centro-de-atencion-para-enfermos-Covid-19-en-Puerto-Rico.-TW-660x330-1.jpg?fit=660%2C330&ssl=1","width":660,"height":330},{"@type":"BreadcrumbList","@id":"https:\/\/minutocerord.com\/?p=1032#breadcrumb","itemListElement":[{"@type":"ListItem","position":1,"name":"Home","item":"https:\/\/minutocerord.com\/"},{"@type":"ListItem","position":2,"name":"PUERTO RICO: Aumentan los decesos por la pandemia de la COVID-19"}]},{"@type":"WebSite","@id":"https:\/\/minutocerord.com\/#website","url":"https:\/\/minutocerord.com\/","name":"Minuto Cero RD","description":"Periodismo serio y veraz","publisher":{"@id":"https:\/\/minutocerord.com\/#\/schema\/person\/60b5372d60aaa0a5171fb6488be9aee6"},"potentialAction":[{"@type":"SearchAction","target":{"@type":"EntryPoint","urlTemplate":"https:\/\/minutocerord.com\/?s={search_term_string}"},"query-input":{"@type":"PropertyValueSpecification","valueRequired":true,"valueName":"search_term_string"}}],"inLanguage":"es-DO"},{"@type":["Person","Organization"],"@id":"https:\/\/minutocerord.com\/#\/schema\/person\/60b5372d60aaa0a5171fb6488be9aee6","name":"Genof\u00f3ntes Urb\u00e1ez","image":{"@type":"ImageObject","inLanguage":"es-DO","@id":"https:\/\/secure.gravatar.com\/avatar\/a49ef3186a692098ac3e8a1612261e3ad70cf9e44553dff2929e67939a0ecb9d?s=96&d=identicon&r=g","url":"https:\/\/secure.gravatar.com\/avatar\/a49ef3186a692098ac3e8a1612261e3ad70cf9e44553dff2929e67939a0ecb9d?s=96&d=identicon&r=g","contentUrl":"https:\/\/secure.gravatar.com\/avatar\/a49ef3186a692098ac3e8a1612261e3ad70cf9e44553dff2929e67939a0ecb9d?s=96&d=identicon&r=g","caption":"Genof\u00f3ntes Urb\u00e1ez"},"logo":{"@id":"https:\/\/secure.gravatar.com\/avatar\/a49ef3186a692098ac3e8a1612261e3ad70cf9e44553dff2929e67939a0ecb9d?s=96&d=identicon&r=g"},"description":"Periodista \/ Locutor","sameAs":["https:\/\/www.facebook.com\/Genofnotes","https:\/\/www.instagram.com\/genofnotes\/"]}]}},"jetpack_publicize_connections":[],"jetpack_featured_media_url":"https:\/\/i0.wp.com\/minutocerord.com\/wp-content\/uploads\/2020\/11\/Centro-de-atencion-para-enfermos-Covid-19-en-Puerto-Rico.-TW-660x330-1.jpg?fit=660%2C330&ssl=1","jetpack-related-posts":[],"jetpack_sharing_enabled":true,"_links":{"self":[{"href":"https:\/\/minutocerord.com\/index.php?rest_route=\/wp\/v2\/posts\/1032","targetHints":{"allow":["GET"]}}],"collection":[{"href":"https:\/\/minutocerord.com\/index.php?rest_route=\/wp\/v2\/posts"}],"about":[{"href":"https:\/\/minutocerord.com\/index.php?rest_route=\/wp\/v2\/types\/post"}],"author":[{"embeddable":true,"href":"https:\/\/minutocerord.com\/index.php?rest_route=\/wp\/v2\/users\/1"}],"replies":[{"embeddable":true,"href":"https:\/\/minutocerord.com\/index.php?rest_route=%2Fwp%2Fv2%2Fcomments&post=1032"}],"version-history":[{"count":1,"href":"https:\/\/minutocerord.com\/index.php?rest_route=\/wp\/v2\/posts\/1032\/revisions"}],"predecessor-version":[{"id":1034,"href":"https:\/\/minutocerord.com\/index.php?rest_route=\/wp\/v2\/posts\/1032\/revisions\/1034"}],"wp:featuredmedia":[{"embeddable":true,"href":"https:\/\/minutocerord.com\/index.php?rest_route=\/wp\/v2\/media\/1033"}],"wp:attachment":[{"href":"https:\/\/minutocerord.com\/index.php?rest_route=%2Fwp%2Fv2%2Fmedia&parent=1032"}],"wp:term":[{"taxonomy":"category","embeddable":true,"href":"https:\/\/minutocerord.com\/index.php?rest_route=%2Fwp%2Fv2%2Fcategories&post=1032"},{"taxonomy":"post_tag","embeddable":true,"href":"https:\/\/minutocerord.com\/index.php?rest_route=%2Fwp%2Fv2%2Ftags&post=1032"}],"curies":[{"name":"wp","href":"https:\/\/api.w.org\/{rel}","templated":true}]}}