{"id":1038,"date":"2020-11-28T19:35:15","date_gmt":"2020-11-28T23:35:15","guid":{"rendered":"https:\/\/minutocerord.com\/?p=1038"},"modified":"2020-11-28T19:35:17","modified_gmt":"2020-11-28T23:35:17","slug":"espana-prorrogo-la-restriccion-de-viaje-a-los-residentes-de-paises-que-no-pertenezcan-a-la-ue","status":"publish","type":"post","link":"https:\/\/minutocerord.com\/?p=1038","title":{"rendered":"Espa\u00f1a prorrog\u00f3 la restricci\u00f3n de viaje a los residentes de pa\u00edses que no pertenezcan a la UE"},"content":{"rendered":"\n<p>El Gobierno espa\u00f1ol prorrog\u00f3 la restricci\u00f3n temporal de los viajes no imprescindibles desde terceros pa\u00edses a la Uni\u00f3n Europea y pa\u00edses asociados Schengen por la crisis sanitaria de la COVID-19 hasta el 31 de diciembre y mantiene los mismos pa\u00edses que estaban ya exentos de esa restricci\u00f3n. El Bolet\u00edn Oficial del Estado publica este s\u00e1bado la orden, que se aprob\u00f3 inicialmente en el mes de julio, en respuesta a una recomendaci\u00f3n comunitaria de restringir los viajes no esenciales a la UE.<\/p>\n\n\n\n<p>La pr\u00f3rroga se extiende hasta el 31 de diciembre sin modificaciones, al no haberlas efectuado tampoco la Uni\u00f3n Europea, aunque podr\u00e1 ser modificada para responder a un cambio de circunstancias o a nuevas recomendaciones en el \u00e1mbito la UE.<\/p>\n\n\n\n<p>Al igual que en la pr\u00f3rroga anterior, sigue pendiente de verificar la reciprocidad para residentes en China, incluidos los de las regiones administrativas especiales de Hong Kong y Macao.<\/p>\n\n\n\n<p>Por tanto, los terceros pa\u00edses cuyos residentes pueden seguir ingresando a Espa\u00f1a son Australia, Jap\u00f3n, Nueva Zelanda, Ruanda, Singapur, Corea del Sur, Tailandia y Uruguay.<\/p>\n","protected":false},"excerpt":{"rendered":"<p>El Gobierno espa\u00f1ol prorrog\u00f3 la restricci\u00f3n temporal de los viajes no imprescindibles desde terceros pa\u00edses a la Uni\u00f3n Europea y pa\u00edses asociados Schengen por la crisis sanitaria de la COVID-19 hasta el 31 de diciembre y mantiene los mismos pa\u00edses que estaban ya exentos de esa restricci\u00f3n. El Bolet\u00edn Oficial del Estado publica este s\u00e1bado [&hellip;]<\/p>\n","protected":false},"author":1,"featured_media":1039,"comment_status":"open","ping_status":"open","sticky":false,"template":"","format":"standard","meta":{"nf_dc_page":"","jetpack_post_was_ever_published":false,"_jetpack_newsletter_access":"","_jetpack_dont_email_post_to_subs":false,"_jetpack_newsletter_tier_id":0,"_jetpack_memberships_contains_paywalled_content":false,"_jetpack_memberships_contains_paid_content":false,"footnotes":"","jetpack_publicize_message":"","jetpack_publicize_feature_enabled":true,"jetpack_social_post_already_shared":false,"jetpack_social_options":{"image_generator_settings":{"template":"highway","default_image_id":0,"font":"","enabled":false},"version":2}},"categories":[79],"tags":[],"class_list":["post-1038","post","type-post","status-publish","format-standard","has-post-thumbnail","hentry"],"yoast_head":"<!-- This site is optimized with the Yoast SEO plugin v27.5 - https:\/\/yoast.com\/product\/yoast-seo-wordpress\/ -->\n<title>Espa\u00f1a prorrog\u00f3 la restricci\u00f3n de viaje a los residentes de pa\u00edses que no pertenezcan a la UE - Minuto Cero RD<\/title>\n<meta name=\"robots\" content=\"index, follow, max-snippet:-1, max-image-preview:large, max-video-preview:-1\" \/>\n<link rel=\"canonical\" href=\"https:\/\/minutocerord.com\/?p=1038\" \/>\n<meta property=\"og:locale\" content=\"es_ES\" \/>\n<meta property=\"og:type\" content=\"article\" \/>\n<meta property=\"og:title\" content=\"Espa\u00f1a prorrog\u00f3 la restricci\u00f3n de viaje a los residentes de pa\u00edses que no pertenezcan a la UE - Minuto Cero RD\" \/>\n<meta property=\"og:description\" content=\"El Gobierno espa\u00f1ol prorrog\u00f3 la restricci\u00f3n temporal de los viajes no imprescindibles desde terceros pa\u00edses a la Uni\u00f3n Europea y pa\u00edses asociados Schengen por la crisis sanitaria de la COVID-19 hasta el 31 de diciembre y mantiene los mismos pa\u00edses que estaban ya exentos de esa restricci\u00f3n. El Bolet\u00edn Oficial del Estado publica este s\u00e1bado [&hellip;]\" \/>\n<meta property=\"og:url\" content=\"https:\/\/minutocerord.com\/?p=1038\" \/>\n<meta property=\"og:site_name\" content=\"Minuto Cero RD\" \/>\n<meta property=\"article:publisher\" content=\"https:\/\/www.facebook.com\/Genofnotes\" \/>\n<meta property=\"article:author\" content=\"https:\/\/www.facebook.com\/Genofnotes\" \/>\n<meta property=\"article:published_time\" content=\"2020-11-28T23:35:15+00:00\" \/>\n<meta property=\"article:modified_time\" content=\"2020-11-28T23:35:17+00:00\" \/>\n<meta property=\"og:image\" content=\"https:\/\/i0.wp.com\/minutocerord.com\/wp-content\/uploads\/2020\/11\/TEJ4LF3MZCT7OU75FRJ26VM3TA.jpg?fit=768%2C512&ssl=1\" \/>\n\t<meta property=\"og:image:width\" content=\"768\" \/>\n\t<meta property=\"og:image:height\" content=\"512\" \/>\n\t<meta property=\"og:image:type\" content=\"image\/jpeg\" \/>\n<meta name=\"author\" content=\"Genof\u00f3ntes Urb\u00e1ez\" \/>\n<meta name=\"twitter:card\" content=\"summary_large_image\" \/>\n<meta name=\"twitter:label1\" content=\"Written by\" \/>\n\t<meta name=\"twitter:data1\" content=\"Genof\u00f3ntes Urb\u00e1ez\" \/>\n\t<meta name=\"twitter:label2\" content=\"Est. reading time\" \/>\n\t<meta name=\"twitter:data2\" content=\"1 minuto\" \/>\n<script type=\"application\/ld+json\" class=\"yoast-schema-graph\">{\"@context\":\"https:\\\/\\\/schema.org\",\"@graph\":[{\"@type\":\"Article\",\"@id\":\"https:\\\/\\\/minutocerord.com\\\/?p=1038#article\",\"isPartOf\":{\"@id\":\"https:\\\/\\\/minutocerord.com\\\/?p=1038\"},\"author\":{\"name\":\"Genof\u00f3ntes Urb\u00e1ez\",\"@id\":\"https:\\\/\\\/minutocerord.com\\\/#\\\/schema\\\/person\\\/60b5372d60aaa0a5171fb6488be9aee6\"},\"headline\":\"Espa\u00f1a prorrog\u00f3 la restricci\u00f3n de viaje a los residentes de pa\u00edses que no pertenezcan a la UE\",\"datePublished\":\"2020-11-28T23:35:15+00:00\",\"dateModified\":\"2020-11-28T23:35:17+00:00\",\"mainEntityOfPage\":{\"@id\":\"https:\\\/\\\/minutocerord.com\\\/?p=1038\"},\"wordCount\":208,\"commentCount\":0,\"publisher\":{\"@id\":\"https:\\\/\\\/minutocerord.com\\\/#\\\/schema\\\/person\\\/60b5372d60aaa0a5171fb6488be9aee6\"},\"image\":{\"@id\":\"https:\\\/\\\/minutocerord.com\\\/?p=1038#primaryimage\"},\"thumbnailUrl\":\"https:\\\/\\\/i0.wp.com\\\/minutocerord.com\\\/wp-content\\\/uploads\\\/2020\\\/11\\\/TEJ4LF3MZCT7OU75FRJ26VM3TA.jpg?fit=768%2C512&ssl=1\",\"articleSection\":[\"Espa\u00f1a\"],\"inLanguage\":\"es-DO\",\"potentialAction\":[{\"@type\":\"CommentAction\",\"name\":\"Comment\",\"target\":[\"https:\\\/\\\/minutocerord.com\\\/?p=1038#respond\"]}]},{\"@type\":\"WebPage\",\"@id\":\"https:\\\/\\\/minutocerord.com\\\/?p=1038\",\"url\":\"https:\\\/\\\/minutocerord.com\\\/?p=1038\",\"name\":\"Espa\u00f1a prorrog\u00f3 la restricci\u00f3n de viaje a los residentes de pa\u00edses que no pertenezcan a la UE - Minuto Cero RD\",\"isPartOf\":{\"@id\":\"https:\\\/\\\/minutocerord.com\\\/#website\"},\"primaryImageOfPage\":{\"@id\":\"https:\\\/\\\/minutocerord.com\\\/?p=1038#primaryimage\"},\"image\":{\"@id\":\"https:\\\/\\\/minutocerord.com\\\/?p=1038#primaryimage\"},\"thumbnailUrl\":\"https:\\\/\\\/i0.wp.com\\\/minutocerord.com\\\/wp-content\\\/uploads\\\/2020\\\/11\\\/TEJ4LF3MZCT7OU75FRJ26VM3TA.jpg?fit=768%2C512&ssl=1\",\"datePublished\":\"2020-11-28T23:35:15+00:00\",\"dateModified\":\"2020-11-28T23:35:17+00:00\",\"breadcrumb\":{\"@id\":\"https:\\\/\\\/minutocerord.com\\\/?p=1038#breadcrumb\"},\"inLanguage\":\"es-DO\",\"potentialAction\":[{\"@type\":\"ReadAction\",\"target\":[\"https:\\\/\\\/minutocerord.com\\\/?p=1038\"]}]},{\"@type\":\"ImageObject\",\"inLanguage\":\"es-DO\",\"@id\":\"https:\\\/\\\/minutocerord.com\\\/?p=1038#primaryimage\",\"url\":\"https:\\\/\\\/i0.wp.com\\\/minutocerord.com\\\/wp-content\\\/uploads\\\/2020\\\/11\\\/TEJ4LF3MZCT7OU75FRJ26VM3TA.jpg?fit=768%2C512&ssl=1\",\"contentUrl\":\"https:\\\/\\\/i0.wp.com\\\/minutocerord.com\\\/wp-content\\\/uploads\\\/2020\\\/11\\\/TEJ4LF3MZCT7OU75FRJ26VM3TA.jpg?fit=768%2C512&ssl=1\",\"width\":768,\"height\":512},{\"@type\":\"BreadcrumbList\",\"@id\":\"https:\\\/\\\/minutocerord.com\\\/?p=1038#breadcrumb\",\"itemListElement\":[{\"@type\":\"ListItem\",\"position\":1,\"name\":\"Home\",\"item\":\"https:\\\/\\\/minutocerord.com\\\/\"},{\"@type\":\"ListItem\",\"position\":2,\"name\":\"Espa\u00f1a prorrog\u00f3 la restricci\u00f3n de viaje a los residentes de pa\u00edses que no pertenezcan a la UE\"}]},{\"@type\":\"WebSite\",\"@id\":\"https:\\\/\\\/minutocerord.com\\\/#website\",\"url\":\"https:\\\/\\\/minutocerord.com\\\/\",\"name\":\"Minuto Cero RD\",\"description\":\"Periodismo serio y veraz\",\"publisher\":{\"@id\":\"https:\\\/\\\/minutocerord.com\\\/#\\\/schema\\\/person\\\/60b5372d60aaa0a5171fb6488be9aee6\"},\"potentialAction\":[{\"@type\":\"SearchAction\",\"target\":{\"@type\":\"EntryPoint\",\"urlTemplate\":\"https:\\\/\\\/minutocerord.com\\\/?s={search_term_string}\"},\"query-input\":{\"@type\":\"PropertyValueSpecification\",\"valueRequired\":true,\"valueName\":\"search_term_string\"}}],\"inLanguage\":\"es-DO\"},{\"@type\":[\"Person\",\"Organization\"],\"@id\":\"https:\\\/\\\/minutocerord.com\\\/#\\\/schema\\\/person\\\/60b5372d60aaa0a5171fb6488be9aee6\",\"name\":\"Genof\u00f3ntes Urb\u00e1ez\",\"image\":{\"@type\":\"ImageObject\",\"inLanguage\":\"es-DO\",\"@id\":\"https:\\\/\\\/secure.gravatar.com\\\/avatar\\\/a49ef3186a692098ac3e8a1612261e3ad70cf9e44553dff2929e67939a0ecb9d?s=96&d=identicon&r=g\",\"url\":\"https:\\\/\\\/secure.gravatar.com\\\/avatar\\\/a49ef3186a692098ac3e8a1612261e3ad70cf9e44553dff2929e67939a0ecb9d?s=96&d=identicon&r=g\",\"contentUrl\":\"https:\\\/\\\/secure.gravatar.com\\\/avatar\\\/a49ef3186a692098ac3e8a1612261e3ad70cf9e44553dff2929e67939a0ecb9d?s=96&d=identicon&r=g\",\"caption\":\"Genof\u00f3ntes Urb\u00e1ez\"},\"logo\":{\"@id\":\"https:\\\/\\\/secure.gravatar.com\\\/avatar\\\/a49ef3186a692098ac3e8a1612261e3ad70cf9e44553dff2929e67939a0ecb9d?s=96&d=identicon&r=g\"},\"description\":\"Periodista \\\/ Locutor\",\"sameAs\":[\"https:\\\/\\\/www.facebook.com\\\/Genofnotes\",\"https:\\\/\\\/www.instagram.com\\\/genofnotes\\\/\"]}]}<\/script>\n<!-- \/ Yoast SEO plugin. -->","yoast_head_json":{"title":"Espa\u00f1a prorrog\u00f3 la restricci\u00f3n de viaje a los residentes de pa\u00edses que no pertenezcan a la UE - Minuto Cero RD","robots":{"index":"index","follow":"follow","max-snippet":"max-snippet:-1","max-image-preview":"max-image-preview:large","max-video-preview":"max-video-preview:-1"},"canonical":"https:\/\/minutocerord.com\/?p=1038","og_locale":"es_ES","og_type":"article","og_title":"Espa\u00f1a prorrog\u00f3 la restricci\u00f3n de viaje a los residentes de pa\u00edses que no pertenezcan a la UE - Minuto Cero RD","og_description":"El Gobierno espa\u00f1ol prorrog\u00f3 la restricci\u00f3n temporal de los viajes no imprescindibles desde terceros pa\u00edses a la Uni\u00f3n Europea y pa\u00edses asociados Schengen por la crisis sanitaria de la COVID-19 hasta el 31 de diciembre y mantiene los mismos pa\u00edses que estaban ya exentos de esa restricci\u00f3n. El Bolet\u00edn Oficial del Estado publica este s\u00e1bado [&hellip;]","og_url":"https:\/\/minutocerord.com\/?p=1038","og_site_name":"Minuto Cero RD","article_publisher":"https:\/\/www.facebook.com\/Genofnotes","article_author":"https:\/\/www.facebook.com\/Genofnotes","article_published_time":"2020-11-28T23:35:15+00:00","article_modified_time":"2020-11-28T23:35:17+00:00","og_image":[{"width":768,"height":512,"url":"https:\/\/i0.wp.com\/minutocerord.com\/wp-content\/uploads\/2020\/11\/TEJ4LF3MZCT7OU75FRJ26VM3TA.jpg?fit=768%2C512&ssl=1","type":"image\/jpeg"}],"author":"Genof\u00f3ntes Urb\u00e1ez","twitter_card":"summary_large_image","twitter_misc":{"Written by":"Genof\u00f3ntes Urb\u00e1ez","Est. reading time":"1 minuto"},"schema":{"@context":"https:\/\/schema.org","@graph":[{"@type":"Article","@id":"https:\/\/minutocerord.com\/?p=1038#article","isPartOf":{"@id":"https:\/\/minutocerord.com\/?p=1038"},"author":{"name":"Genof\u00f3ntes Urb\u00e1ez","@id":"https:\/\/minutocerord.com\/#\/schema\/person\/60b5372d60aaa0a5171fb6488be9aee6"},"headline":"Espa\u00f1a prorrog\u00f3 la restricci\u00f3n de viaje a los residentes de pa\u00edses que no pertenezcan a la UE","datePublished":"2020-11-28T23:35:15+00:00","dateModified":"2020-11-28T23:35:17+00:00","mainEntityOfPage":{"@id":"https:\/\/minutocerord.com\/?p=1038"},"wordCount":208,"commentCount":0,"publisher":{"@id":"https:\/\/minutocerord.com\/#\/schema\/person\/60b5372d60aaa0a5171fb6488be9aee6"},"image":{"@id":"https:\/\/minutocerord.com\/?p=1038#primaryimage"},"thumbnailUrl":"https:\/\/i0.wp.com\/minutocerord.com\/wp-content\/uploads\/2020\/11\/TEJ4LF3MZCT7OU75FRJ26VM3TA.jpg?fit=768%2C512&ssl=1","articleSection":["Espa\u00f1a"],"inLanguage":"es-DO","potentialAction":[{"@type":"CommentAction","name":"Comment","target":["https:\/\/minutocerord.com\/?p=1038#respond"]}]},{"@type":"WebPage","@id":"https:\/\/minutocerord.com\/?p=1038","url":"https:\/\/minutocerord.com\/?p=1038","name":"Espa\u00f1a prorrog\u00f3 la restricci\u00f3n de viaje a los residentes de pa\u00edses que no pertenezcan a la UE - Minuto Cero RD","isPartOf":{"@id":"https:\/\/minutocerord.com\/#website"},"primaryImageOfPage":{"@id":"https:\/\/minutocerord.com\/?p=1038#primaryimage"},"image":{"@id":"https:\/\/minutocerord.com\/?p=1038#primaryimage"},"thumbnailUrl":"https:\/\/i0.wp.com\/minutocerord.com\/wp-content\/uploads\/2020\/11\/TEJ4LF3MZCT7OU75FRJ26VM3TA.jpg?fit=768%2C512&ssl=1","datePublished":"2020-11-28T23:35:15+00:00","dateModified":"2020-11-28T23:35:17+00:00","breadcrumb":{"@id":"https:\/\/minutocerord.com\/?p=1038#breadcrumb"},"inLanguage":"es-DO","potentialAction":[{"@type":"ReadAction","target":["https:\/\/minutocerord.com\/?p=1038"]}]},{"@type":"ImageObject","inLanguage":"es-DO","@id":"https:\/\/minutocerord.com\/?p=1038#primaryimage","url":"https:\/\/i0.wp.com\/minutocerord.com\/wp-content\/uploads\/2020\/11\/TEJ4LF3MZCT7OU75FRJ26VM3TA.jpg?fit=768%2C512&ssl=1","contentUrl":"https:\/\/i0.wp.com\/minutocerord.com\/wp-content\/uploads\/2020\/11\/TEJ4LF3MZCT7OU75FRJ26VM3TA.jpg?fit=768%2C512&ssl=1","width":768,"height":512},{"@type":"BreadcrumbList","@id":"https:\/\/minutocerord.com\/?p=1038#breadcrumb","itemListElement":[{"@type":"ListItem","position":1,"name":"Home","item":"https:\/\/minutocerord.com\/"},{"@type":"ListItem","position":2,"name":"Espa\u00f1a prorrog\u00f3 la restricci\u00f3n de viaje a los residentes de pa\u00edses que no pertenezcan a la UE"}]},{"@type":"WebSite","@id":"https:\/\/minutocerord.com\/#website","url":"https:\/\/minutocerord.com\/","name":"Minuto Cero RD","description":"Periodismo serio y veraz","publisher":{"@id":"https:\/\/minutocerord.com\/#\/schema\/person\/60b5372d60aaa0a5171fb6488be9aee6"},"potentialAction":[{"@type":"SearchAction","target":{"@type":"EntryPoint","urlTemplate":"https:\/\/minutocerord.com\/?s={search_term_string}"},"query-input":{"@type":"PropertyValueSpecification","valueRequired":true,"valueName":"search_term_string"}}],"inLanguage":"es-DO"},{"@type":["Person","Organization"],"@id":"https:\/\/minutocerord.com\/#\/schema\/person\/60b5372d60aaa0a5171fb6488be9aee6","name":"Genof\u00f3ntes Urb\u00e1ez","image":{"@type":"ImageObject","inLanguage":"es-DO","@id":"https:\/\/secure.gravatar.com\/avatar\/a49ef3186a692098ac3e8a1612261e3ad70cf9e44553dff2929e67939a0ecb9d?s=96&d=identicon&r=g","url":"https:\/\/secure.gravatar.com\/avatar\/a49ef3186a692098ac3e8a1612261e3ad70cf9e44553dff2929e67939a0ecb9d?s=96&d=identicon&r=g","contentUrl":"https:\/\/secure.gravatar.com\/avatar\/a49ef3186a692098ac3e8a1612261e3ad70cf9e44553dff2929e67939a0ecb9d?s=96&d=identicon&r=g","caption":"Genof\u00f3ntes Urb\u00e1ez"},"logo":{"@id":"https:\/\/secure.gravatar.com\/avatar\/a49ef3186a692098ac3e8a1612261e3ad70cf9e44553dff2929e67939a0ecb9d?s=96&d=identicon&r=g"},"description":"Periodista \/ Locutor","sameAs":["https:\/\/www.facebook.com\/Genofnotes","https:\/\/www.instagram.com\/genofnotes\/"]}]}},"jetpack_publicize_connections":[],"jetpack_featured_media_url":"https:\/\/i0.wp.com\/minutocerord.com\/wp-content\/uploads\/2020\/11\/TEJ4LF3MZCT7OU75FRJ26VM3TA.jpg?fit=768%2C512&ssl=1","jetpack-related-posts":[],"jetpack_sharing_enabled":true,"_links":{"self":[{"href":"https:\/\/minutocerord.com\/index.php?rest_route=\/wp\/v2\/posts\/1038","targetHints":{"allow":["GET"]}}],"collection":[{"href":"https:\/\/minutocerord.com\/index.php?rest_route=\/wp\/v2\/posts"}],"about":[{"href":"https:\/\/minutocerord.com\/index.php?rest_route=\/wp\/v2\/types\/post"}],"author":[{"embeddable":true,"href":"https:\/\/minutocerord.com\/index.php?rest_route=\/wp\/v2\/users\/1"}],"replies":[{"embeddable":true,"href":"https:\/\/minutocerord.com\/index.php?rest_route=%2Fwp%2Fv2%2Fcomments&post=1038"}],"version-history":[{"count":1,"href":"https:\/\/minutocerord.com\/index.php?rest_route=\/wp\/v2\/posts\/1038\/revisions"}],"predecessor-version":[{"id":1040,"href":"https:\/\/minutocerord.com\/index.php?rest_route=\/wp\/v2\/posts\/1038\/revisions\/1040"}],"wp:featuredmedia":[{"embeddable":true,"href":"https:\/\/minutocerord.com\/index.php?rest_route=\/wp\/v2\/media\/1039"}],"wp:attachment":[{"href":"https:\/\/minutocerord.com\/index.php?rest_route=%2Fwp%2Fv2%2Fmedia&parent=1038"}],"wp:term":[{"taxonomy":"category","embeddable":true,"href":"https:\/\/minutocerord.com\/index.php?rest_route=%2Fwp%2Fv2%2Fcategories&post=1038"},{"taxonomy":"post_tag","embeddable":true,"href":"https:\/\/minutocerord.com\/index.php?rest_route=%2Fwp%2Fv2%2Ftags&post=1038"}],"curies":[{"name":"wp","href":"https:\/\/api.w.org\/{rel}","templated":true}]}}