{"id":1041,"date":"2020-11-28T19:46:18","date_gmt":"2020-11-28T23:46:18","guid":{"rendered":"https:\/\/minutocerord.com\/?p=1041"},"modified":"2020-11-28T19:46:20","modified_gmt":"2020-11-28T23:46:20","slug":"a-padre-que-cometia-incesto-le-imponen-prision-preventiva","status":"publish","type":"post","link":"https:\/\/minutocerord.com\/?p=1041","title":{"rendered":"A padre que comet\u00eda incesto, le imponen prisi\u00f3n preventiva"},"content":{"rendered":"\n<p>SANTO DOMINGO.- El Ministerio P\u00fablico de esta demarcaci\u00f3n logr\u00f3 la imposici\u00f3n de medida de coerci\u00f3n, consistente en tres meses de prisi\u00f3n preventiva, al padre de una adolescente, que la obligaba a sostener encuentros sexuales y a enviarle im\u00e1genes de ella desnuda.<\/p>\n\n\n\n<p>El \u00f3rgano de justicia demostr\u00f3 ante los jueces de la Oficina Judicial de Servicios de Atenci\u00f3n Permanente de esta demarcaci\u00f3n que hay indicios de que el padre de la menor de edad, cuyo nombre se omite para proteger la identidad de la v\u00edctima, incurri\u00f3 en la violaci\u00f3n del art\u00edculo 26 de la Ley 136-03.<\/p>\n\n\n\n<p>El expediente acusatorio detalla que el hombre requer\u00eda a su hija que fuera a su casa, donde viv\u00eda solo, para realizar labores de limpieza, ocasiones que aprovechaba para abusar sexualmente de ella.<\/p>\n\n\n\n<p>Los hechos se dieron a conocer por reporte enviado al Ministerio P\u00fablico desde el National Center for Missing and Exploited Childrens (Centro Nacional para Ni\u00f1os Desaparecidos y Explotados de los Estados Unidos (NCMEC, por sus siglas en ingl\u00e9s),<\/p>\n\n\n\n<p>En un comunicado emitido por la Direcci\u00f3n de Comunicaciones de la Procuradur\u00eda General de la Rep\u00fablica, el Ministerio P\u00fablico explic\u00f3 que&nbsp; el investigado obligaba a su hija a enviarle im\u00e1genes de ella desnuda a trav\u00e9s de la red social Facebook, lo que activ\u00f3 las alertas que dieron lugar a la generaci\u00f3n del reporte y con esto la atenci\u00f3n de las autoridades locales.<\/p>\n\n\n\n<p>Este caso involucr\u00f3 el trabajo de la Polic\u00eda Nacional, a trav\u00e9s de la Divisi\u00f3n Especial de Investigaci\u00f3n de Delitos Transnacionales (Deidet), y del Ministerio P\u00fablico, con sus dependencias Procuradur\u00eda Especializada contra los Cr\u00edmenes y Delitos de Alta Tecnolog\u00eda, Unidad de Atenci\u00f3n a V\u00edctimas de Violencia de G\u00e9nero, Intrafamiliar y Delitos Sexuales de Santo Domingo Este y Direcci\u00f3n Nacional de Ni\u00f1ez, Adolescencia y Familias.<\/p>\n\n\n\n<p>Estos organismos dieron curso a la investigaci\u00f3n que permiti\u00f3 individualizar al padre agresor, as\u00ed como a la v\u00edctima, y recabar elementos de prueba que comprometen la responsabilidad penal del hombre en los hechos investigados.<\/p>\n","protected":false},"excerpt":{"rendered":"<p>SANTO DOMINGO.- El Ministerio P\u00fablico de esta demarcaci\u00f3n logr\u00f3 la imposici\u00f3n de medida de coerci\u00f3n, consistente en tres meses de prisi\u00f3n preventiva, al padre de una adolescente, que la obligaba a sostener encuentros sexuales y a enviarle im\u00e1genes de ella desnuda. El \u00f3rgano de justicia demostr\u00f3 ante los jueces de la Oficina Judicial de Servicios [&hellip;]<\/p>\n","protected":false},"author":1,"featured_media":1042,"comment_status":"open","ping_status":"open","sticky":false,"template":"","format":"standard","meta":{"nf_dc_page":"","jetpack_post_was_ever_published":false,"_jetpack_newsletter_access":"","_jetpack_dont_email_post_to_subs":false,"_jetpack_newsletter_tier_id":0,"_jetpack_memberships_contains_paywalled_content":false,"_jetpack_memberships_contains_paid_content":false,"footnotes":"","jetpack_publicize_message":"","jetpack_publicize_feature_enabled":true,"jetpack_social_post_already_shared":false,"jetpack_social_options":{"image_generator_settings":{"template":"highway","default_image_id":0,"font":"","enabled":false},"version":2}},"categories":[93],"tags":[],"class_list":["post-1041","post","type-post","status-publish","format-standard","has-post-thumbnail","hentry","category-justicia"],"yoast_head":"<!-- This site is optimized with the Yoast SEO plugin v27.5 - https:\/\/yoast.com\/product\/yoast-seo-wordpress\/ -->\n<title>A padre que comet\u00eda incesto, le imponen prisi\u00f3n preventiva - Minuto Cero RD<\/title>\n<meta name=\"robots\" content=\"index, follow, max-snippet:-1, max-image-preview:large, max-video-preview:-1\" \/>\n<link rel=\"canonical\" href=\"https:\/\/minutocerord.com\/?p=1041\" \/>\n<meta property=\"og:locale\" content=\"es_ES\" \/>\n<meta property=\"og:type\" content=\"article\" \/>\n<meta property=\"og:title\" content=\"A padre que comet\u00eda incesto, le imponen prisi\u00f3n preventiva - Minuto Cero RD\" \/>\n<meta property=\"og:description\" content=\"SANTO DOMINGO.- El Ministerio P\u00fablico de esta demarcaci\u00f3n logr\u00f3 la imposici\u00f3n de medida de coerci\u00f3n, consistente en tres meses de prisi\u00f3n preventiva, al padre de una adolescente, que la obligaba a sostener encuentros sexuales y a enviarle im\u00e1genes de ella desnuda. El \u00f3rgano de justicia demostr\u00f3 ante los jueces de la Oficina Judicial de Servicios [&hellip;]\" \/>\n<meta property=\"og:url\" content=\"https:\/\/minutocerord.com\/?p=1041\" \/>\n<meta property=\"og:site_name\" content=\"Minuto Cero RD\" \/>\n<meta property=\"article:publisher\" content=\"https:\/\/www.facebook.com\/Genofnotes\" \/>\n<meta property=\"article:author\" content=\"https:\/\/www.facebook.com\/Genofnotes\" \/>\n<meta property=\"article:published_time\" content=\"2020-11-28T23:46:18+00:00\" \/>\n<meta property=\"article:modified_time\" content=\"2020-11-28T23:46:20+00:00\" \/>\n<meta property=\"og:image\" content=\"https:\/\/i0.wp.com\/minutocerord.com\/wp-content\/uploads\/2020\/11\/Menor-detenido-Garzon1.jpg?fit=728%2C409&ssl=1\" \/>\n\t<meta property=\"og:image:width\" content=\"728\" \/>\n\t<meta property=\"og:image:height\" content=\"409\" \/>\n\t<meta property=\"og:image:type\" content=\"image\/jpeg\" \/>\n<meta name=\"author\" content=\"Genof\u00f3ntes Urb\u00e1ez\" \/>\n<meta name=\"twitter:card\" content=\"summary_large_image\" \/>\n<meta name=\"twitter:label1\" content=\"Written by\" \/>\n\t<meta name=\"twitter:data1\" content=\"Genof\u00f3ntes Urb\u00e1ez\" \/>\n\t<meta name=\"twitter:label2\" content=\"Est. reading time\" \/>\n\t<meta name=\"twitter:data2\" content=\"2 minutos\" \/>\n<script type=\"application\/ld+json\" class=\"yoast-schema-graph\">{\"@context\":\"https:\\\/\\\/schema.org\",\"@graph\":[{\"@type\":\"Article\",\"@id\":\"https:\\\/\\\/minutocerord.com\\\/?p=1041#article\",\"isPartOf\":{\"@id\":\"https:\\\/\\\/minutocerord.com\\\/?p=1041\"},\"author\":{\"name\":\"Genof\u00f3ntes Urb\u00e1ez\",\"@id\":\"https:\\\/\\\/minutocerord.com\\\/#\\\/schema\\\/person\\\/60b5372d60aaa0a5171fb6488be9aee6\"},\"headline\":\"A padre que comet\u00eda incesto, le imponen prisi\u00f3n preventiva\",\"datePublished\":\"2020-11-28T23:46:18+00:00\",\"dateModified\":\"2020-11-28T23:46:20+00:00\",\"mainEntityOfPage\":{\"@id\":\"https:\\\/\\\/minutocerord.com\\\/?p=1041\"},\"wordCount\":375,\"commentCount\":0,\"publisher\":{\"@id\":\"https:\\\/\\\/minutocerord.com\\\/#\\\/schema\\\/person\\\/60b5372d60aaa0a5171fb6488be9aee6\"},\"image\":{\"@id\":\"https:\\\/\\\/minutocerord.com\\\/?p=1041#primaryimage\"},\"thumbnailUrl\":\"https:\\\/\\\/i0.wp.com\\\/minutocerord.com\\\/wp-content\\\/uploads\\\/2020\\\/11\\\/Menor-detenido-Garzon1.jpg?fit=728%2C409&ssl=1\",\"articleSection\":[\"Justicia\"],\"inLanguage\":\"es-DO\",\"potentialAction\":[{\"@type\":\"CommentAction\",\"name\":\"Comment\",\"target\":[\"https:\\\/\\\/minutocerord.com\\\/?p=1041#respond\"]}]},{\"@type\":\"WebPage\",\"@id\":\"https:\\\/\\\/minutocerord.com\\\/?p=1041\",\"url\":\"https:\\\/\\\/minutocerord.com\\\/?p=1041\",\"name\":\"A padre que comet\u00eda incesto, le imponen prisi\u00f3n preventiva - Minuto Cero RD\",\"isPartOf\":{\"@id\":\"https:\\\/\\\/minutocerord.com\\\/#website\"},\"primaryImageOfPage\":{\"@id\":\"https:\\\/\\\/minutocerord.com\\\/?p=1041#primaryimage\"},\"image\":{\"@id\":\"https:\\\/\\\/minutocerord.com\\\/?p=1041#primaryimage\"},\"thumbnailUrl\":\"https:\\\/\\\/i0.wp.com\\\/minutocerord.com\\\/wp-content\\\/uploads\\\/2020\\\/11\\\/Menor-detenido-Garzon1.jpg?fit=728%2C409&ssl=1\",\"datePublished\":\"2020-11-28T23:46:18+00:00\",\"dateModified\":\"2020-11-28T23:46:20+00:00\",\"breadcrumb\":{\"@id\":\"https:\\\/\\\/minutocerord.com\\\/?p=1041#breadcrumb\"},\"inLanguage\":\"es-DO\",\"potentialAction\":[{\"@type\":\"ReadAction\",\"target\":[\"https:\\\/\\\/minutocerord.com\\\/?p=1041\"]}]},{\"@type\":\"ImageObject\",\"inLanguage\":\"es-DO\",\"@id\":\"https:\\\/\\\/minutocerord.com\\\/?p=1041#primaryimage\",\"url\":\"https:\\\/\\\/i0.wp.com\\\/minutocerord.com\\\/wp-content\\\/uploads\\\/2020\\\/11\\\/Menor-detenido-Garzon1.jpg?fit=728%2C409&ssl=1\",\"contentUrl\":\"https:\\\/\\\/i0.wp.com\\\/minutocerord.com\\\/wp-content\\\/uploads\\\/2020\\\/11\\\/Menor-detenido-Garzon1.jpg?fit=728%2C409&ssl=1\",\"width\":728,\"height\":409},{\"@type\":\"BreadcrumbList\",\"@id\":\"https:\\\/\\\/minutocerord.com\\\/?p=1041#breadcrumb\",\"itemListElement\":[{\"@type\":\"ListItem\",\"position\":1,\"name\":\"Home\",\"item\":\"https:\\\/\\\/minutocerord.com\\\/\"},{\"@type\":\"ListItem\",\"position\":2,\"name\":\"A padre que comet\u00eda incesto, le imponen prisi\u00f3n preventiva\"}]},{\"@type\":\"WebSite\",\"@id\":\"https:\\\/\\\/minutocerord.com\\\/#website\",\"url\":\"https:\\\/\\\/minutocerord.com\\\/\",\"name\":\"Minuto Cero RD\",\"description\":\"Periodismo serio y veraz\",\"publisher\":{\"@id\":\"https:\\\/\\\/minutocerord.com\\\/#\\\/schema\\\/person\\\/60b5372d60aaa0a5171fb6488be9aee6\"},\"potentialAction\":[{\"@type\":\"SearchAction\",\"target\":{\"@type\":\"EntryPoint\",\"urlTemplate\":\"https:\\\/\\\/minutocerord.com\\\/?s={search_term_string}\"},\"query-input\":{\"@type\":\"PropertyValueSpecification\",\"valueRequired\":true,\"valueName\":\"search_term_string\"}}],\"inLanguage\":\"es-DO\"},{\"@type\":[\"Person\",\"Organization\"],\"@id\":\"https:\\\/\\\/minutocerord.com\\\/#\\\/schema\\\/person\\\/60b5372d60aaa0a5171fb6488be9aee6\",\"name\":\"Genof\u00f3ntes Urb\u00e1ez\",\"image\":{\"@type\":\"ImageObject\",\"inLanguage\":\"es-DO\",\"@id\":\"https:\\\/\\\/secure.gravatar.com\\\/avatar\\\/a49ef3186a692098ac3e8a1612261e3ad70cf9e44553dff2929e67939a0ecb9d?s=96&d=identicon&r=g\",\"url\":\"https:\\\/\\\/secure.gravatar.com\\\/avatar\\\/a49ef3186a692098ac3e8a1612261e3ad70cf9e44553dff2929e67939a0ecb9d?s=96&d=identicon&r=g\",\"contentUrl\":\"https:\\\/\\\/secure.gravatar.com\\\/avatar\\\/a49ef3186a692098ac3e8a1612261e3ad70cf9e44553dff2929e67939a0ecb9d?s=96&d=identicon&r=g\",\"caption\":\"Genof\u00f3ntes Urb\u00e1ez\"},\"logo\":{\"@id\":\"https:\\\/\\\/secure.gravatar.com\\\/avatar\\\/a49ef3186a692098ac3e8a1612261e3ad70cf9e44553dff2929e67939a0ecb9d?s=96&d=identicon&r=g\"},\"description\":\"Periodista \\\/ Locutor\",\"sameAs\":[\"https:\\\/\\\/www.facebook.com\\\/Genofnotes\",\"https:\\\/\\\/www.instagram.com\\\/genofnotes\\\/\"]}]}<\/script>\n<!-- \/ Yoast SEO plugin. -->","yoast_head_json":{"title":"A padre que comet\u00eda incesto, le imponen prisi\u00f3n preventiva - Minuto Cero RD","robots":{"index":"index","follow":"follow","max-snippet":"max-snippet:-1","max-image-preview":"max-image-preview:large","max-video-preview":"max-video-preview:-1"},"canonical":"https:\/\/minutocerord.com\/?p=1041","og_locale":"es_ES","og_type":"article","og_title":"A padre que comet\u00eda incesto, le imponen prisi\u00f3n preventiva - Minuto Cero RD","og_description":"SANTO DOMINGO.- El Ministerio P\u00fablico de esta demarcaci\u00f3n logr\u00f3 la imposici\u00f3n de medida de coerci\u00f3n, consistente en tres meses de prisi\u00f3n preventiva, al padre de una adolescente, que la obligaba a sostener encuentros sexuales y a enviarle im\u00e1genes de ella desnuda. El \u00f3rgano de justicia demostr\u00f3 ante los jueces de la Oficina Judicial de Servicios [&hellip;]","og_url":"https:\/\/minutocerord.com\/?p=1041","og_site_name":"Minuto Cero RD","article_publisher":"https:\/\/www.facebook.com\/Genofnotes","article_author":"https:\/\/www.facebook.com\/Genofnotes","article_published_time":"2020-11-28T23:46:18+00:00","article_modified_time":"2020-11-28T23:46:20+00:00","og_image":[{"width":728,"height":409,"url":"https:\/\/i0.wp.com\/minutocerord.com\/wp-content\/uploads\/2020\/11\/Menor-detenido-Garzon1.jpg?fit=728%2C409&ssl=1","type":"image\/jpeg"}],"author":"Genof\u00f3ntes Urb\u00e1ez","twitter_card":"summary_large_image","twitter_misc":{"Written by":"Genof\u00f3ntes Urb\u00e1ez","Est. reading time":"2 minutos"},"schema":{"@context":"https:\/\/schema.org","@graph":[{"@type":"Article","@id":"https:\/\/minutocerord.com\/?p=1041#article","isPartOf":{"@id":"https:\/\/minutocerord.com\/?p=1041"},"author":{"name":"Genof\u00f3ntes Urb\u00e1ez","@id":"https:\/\/minutocerord.com\/#\/schema\/person\/60b5372d60aaa0a5171fb6488be9aee6"},"headline":"A padre que comet\u00eda incesto, le imponen prisi\u00f3n preventiva","datePublished":"2020-11-28T23:46:18+00:00","dateModified":"2020-11-28T23:46:20+00:00","mainEntityOfPage":{"@id":"https:\/\/minutocerord.com\/?p=1041"},"wordCount":375,"commentCount":0,"publisher":{"@id":"https:\/\/minutocerord.com\/#\/schema\/person\/60b5372d60aaa0a5171fb6488be9aee6"},"image":{"@id":"https:\/\/minutocerord.com\/?p=1041#primaryimage"},"thumbnailUrl":"https:\/\/i0.wp.com\/minutocerord.com\/wp-content\/uploads\/2020\/11\/Menor-detenido-Garzon1.jpg?fit=728%2C409&ssl=1","articleSection":["Justicia"],"inLanguage":"es-DO","potentialAction":[{"@type":"CommentAction","name":"Comment","target":["https:\/\/minutocerord.com\/?p=1041#respond"]}]},{"@type":"WebPage","@id":"https:\/\/minutocerord.com\/?p=1041","url":"https:\/\/minutocerord.com\/?p=1041","name":"A padre que comet\u00eda incesto, le imponen prisi\u00f3n preventiva - Minuto Cero RD","isPartOf":{"@id":"https:\/\/minutocerord.com\/#website"},"primaryImageOfPage":{"@id":"https:\/\/minutocerord.com\/?p=1041#primaryimage"},"image":{"@id":"https:\/\/minutocerord.com\/?p=1041#primaryimage"},"thumbnailUrl":"https:\/\/i0.wp.com\/minutocerord.com\/wp-content\/uploads\/2020\/11\/Menor-detenido-Garzon1.jpg?fit=728%2C409&ssl=1","datePublished":"2020-11-28T23:46:18+00:00","dateModified":"2020-11-28T23:46:20+00:00","breadcrumb":{"@id":"https:\/\/minutocerord.com\/?p=1041#breadcrumb"},"inLanguage":"es-DO","potentialAction":[{"@type":"ReadAction","target":["https:\/\/minutocerord.com\/?p=1041"]}]},{"@type":"ImageObject","inLanguage":"es-DO","@id":"https:\/\/minutocerord.com\/?p=1041#primaryimage","url":"https:\/\/i0.wp.com\/minutocerord.com\/wp-content\/uploads\/2020\/11\/Menor-detenido-Garzon1.jpg?fit=728%2C409&ssl=1","contentUrl":"https:\/\/i0.wp.com\/minutocerord.com\/wp-content\/uploads\/2020\/11\/Menor-detenido-Garzon1.jpg?fit=728%2C409&ssl=1","width":728,"height":409},{"@type":"BreadcrumbList","@id":"https:\/\/minutocerord.com\/?p=1041#breadcrumb","itemListElement":[{"@type":"ListItem","position":1,"name":"Home","item":"https:\/\/minutocerord.com\/"},{"@type":"ListItem","position":2,"name":"A padre que comet\u00eda incesto, le imponen prisi\u00f3n preventiva"}]},{"@type":"WebSite","@id":"https:\/\/minutocerord.com\/#website","url":"https:\/\/minutocerord.com\/","name":"Minuto Cero RD","description":"Periodismo serio y veraz","publisher":{"@id":"https:\/\/minutocerord.com\/#\/schema\/person\/60b5372d60aaa0a5171fb6488be9aee6"},"potentialAction":[{"@type":"SearchAction","target":{"@type":"EntryPoint","urlTemplate":"https:\/\/minutocerord.com\/?s={search_term_string}"},"query-input":{"@type":"PropertyValueSpecification","valueRequired":true,"valueName":"search_term_string"}}],"inLanguage":"es-DO"},{"@type":["Person","Organization"],"@id":"https:\/\/minutocerord.com\/#\/schema\/person\/60b5372d60aaa0a5171fb6488be9aee6","name":"Genof\u00f3ntes Urb\u00e1ez","image":{"@type":"ImageObject","inLanguage":"es-DO","@id":"https:\/\/secure.gravatar.com\/avatar\/a49ef3186a692098ac3e8a1612261e3ad70cf9e44553dff2929e67939a0ecb9d?s=96&d=identicon&r=g","url":"https:\/\/secure.gravatar.com\/avatar\/a49ef3186a692098ac3e8a1612261e3ad70cf9e44553dff2929e67939a0ecb9d?s=96&d=identicon&r=g","contentUrl":"https:\/\/secure.gravatar.com\/avatar\/a49ef3186a692098ac3e8a1612261e3ad70cf9e44553dff2929e67939a0ecb9d?s=96&d=identicon&r=g","caption":"Genof\u00f3ntes Urb\u00e1ez"},"logo":{"@id":"https:\/\/secure.gravatar.com\/avatar\/a49ef3186a692098ac3e8a1612261e3ad70cf9e44553dff2929e67939a0ecb9d?s=96&d=identicon&r=g"},"description":"Periodista \/ Locutor","sameAs":["https:\/\/www.facebook.com\/Genofnotes","https:\/\/www.instagram.com\/genofnotes\/"]}]}},"jetpack_publicize_connections":[],"jetpack_featured_media_url":"https:\/\/i0.wp.com\/minutocerord.com\/wp-content\/uploads\/2020\/11\/Menor-detenido-Garzon1.jpg?fit=728%2C409&ssl=1","jetpack-related-posts":[],"jetpack_sharing_enabled":true,"_links":{"self":[{"href":"https:\/\/minutocerord.com\/index.php?rest_route=\/wp\/v2\/posts\/1041","targetHints":{"allow":["GET"]}}],"collection":[{"href":"https:\/\/minutocerord.com\/index.php?rest_route=\/wp\/v2\/posts"}],"about":[{"href":"https:\/\/minutocerord.com\/index.php?rest_route=\/wp\/v2\/types\/post"}],"author":[{"embeddable":true,"href":"https:\/\/minutocerord.com\/index.php?rest_route=\/wp\/v2\/users\/1"}],"replies":[{"embeddable":true,"href":"https:\/\/minutocerord.com\/index.php?rest_route=%2Fwp%2Fv2%2Fcomments&post=1041"}],"version-history":[{"count":1,"href":"https:\/\/minutocerord.com\/index.php?rest_route=\/wp\/v2\/posts\/1041\/revisions"}],"predecessor-version":[{"id":1043,"href":"https:\/\/minutocerord.com\/index.php?rest_route=\/wp\/v2\/posts\/1041\/revisions\/1043"}],"wp:featuredmedia":[{"embeddable":true,"href":"https:\/\/minutocerord.com\/index.php?rest_route=\/wp\/v2\/media\/1042"}],"wp:attachment":[{"href":"https:\/\/minutocerord.com\/index.php?rest_route=%2Fwp%2Fv2%2Fmedia&parent=1041"}],"wp:term":[{"taxonomy":"category","embeddable":true,"href":"https:\/\/minutocerord.com\/index.php?rest_route=%2Fwp%2Fv2%2Fcategories&post=1041"},{"taxonomy":"post_tag","embeddable":true,"href":"https:\/\/minutocerord.com\/index.php?rest_route=%2Fwp%2Fv2%2Ftags&post=1041"}],"curies":[{"name":"wp","href":"https:\/\/api.w.org\/{rel}","templated":true}]}}