{"id":1047,"date":"2020-11-30T12:09:46","date_gmt":"2020-11-30T16:09:46","guid":{"rendered":"https:\/\/minutocerord.com\/?p=1047"},"modified":"2020-11-30T12:09:48","modified_gmt":"2020-11-30T16:09:48","slug":"conocimiento-de-medida-de-coercion-contra-exfuncionarios-apresados-sera-este-lunes","status":"publish","type":"post","link":"https:\/\/minutocerord.com\/?p=1047","title":{"rendered":"Conocimiento de medida de coerci\u00f3n contra exfuncionarios apresados ser\u00e1 este lunes"},"content":{"rendered":"\n<p>Santo Domingo.- Este lunes en horas de la tarde ser\u00e1 conocida la medida de coerci\u00f3n contra cinco funcionarios que fueron apresados esta madrugada por la Procuradur\u00eda Especializada de Persecuci\u00f3n de la Corrupci\u00f3n Administrativa (Pepca).<\/p>\n\n\n\n<p>Seg\u00fan una fuente de Procuradur\u00eda, la medida ser\u00e1 conocida contra los exfuncionarios Freddy Hidalgo, exministro de Salud P\u00fablica, Francisco Pag\u00e1n, exdirector general de la Oficina de Ingenieros Supervisores de Obras del Estado (Oisoe) y Fernando Rosa, exdirector del Fondo Patrimonial de las Empresas Reformadas (Fonper).<\/p>\n\n\n\n<p>Tambi\u00e9n ser\u00e1 conocida la medida preventiva contra Carmen Magalys Medina S\u00e1nchez, exvicepresidenta del Fondo Patrimonial de las Empresas Reformadas (Fonper), y su hermano Juan Alexis Medina S\u00e1nchez, hermanos del expresidente Danilo Medina.<\/p>\n\n\n\n<p>La Pepca dijo que los apresados forman parte de un grupo de exfuncionarios, as\u00ed como de proveedores privilegiados y testaferros que aprovecharon v\u00ednculos familiares con el poder pol\u00edtico para acumular fortunas durante el pasado per\u00edodo de gobierno.<\/p>\n\n\n\n<p>Los imputados fueron trasladados a la c\u00e1rcel preventiva del Palacio de Justicia de Ciudad Nueva, en el Distrito Nacional.<\/p>\n\n\n\n<p>La Pepca, encabezada por el procurador adjunto Wilson Camacho, dirige el proceso apoyada por la Direcci\u00f3n General de Persecuci\u00f3n del Ministerio P\u00fablico y su titular, la procuradora adjunta Yeni Berenice Reynoso.<\/p>\n","protected":false},"excerpt":{"rendered":"<p>Santo Domingo.- Este lunes en horas de la tarde ser\u00e1 conocida la medida de coerci\u00f3n contra cinco funcionarios que fueron apresados esta madrugada por la Procuradur\u00eda Especializada de Persecuci\u00f3n de la Corrupci\u00f3n Administrativa (Pepca). Seg\u00fan una fuente de Procuradur\u00eda, la medida ser\u00e1 conocida contra los exfuncionarios Freddy Hidalgo, exministro de Salud P\u00fablica, Francisco Pag\u00e1n, exdirector [&hellip;]<\/p>\n","protected":false},"author":1,"featured_media":1048,"comment_status":"open","ping_status":"open","sticky":false,"template":"","format":"standard","meta":{"nf_dc_page":"","jetpack_post_was_ever_published":false,"_jetpack_newsletter_access":"","_jetpack_dont_email_post_to_subs":false,"_jetpack_newsletter_tier_id":0,"_jetpack_memberships_contains_paywalled_content":false,"_jetpack_memberships_contains_paid_content":false,"footnotes":"","jetpack_publicize_message":"","jetpack_publicize_feature_enabled":true,"jetpack_social_post_already_shared":false,"jetpack_social_options":{"image_generator_settings":{"template":"highway","default_image_id":0,"font":"","enabled":false},"version":2}},"categories":[93],"tags":[],"class_list":["post-1047","post","type-post","status-publish","format-standard","has-post-thumbnail","hentry","category-justicia"],"yoast_head":"<!-- This site is optimized with the Yoast SEO plugin v27.5 - https:\/\/yoast.com\/product\/yoast-seo-wordpress\/ -->\n<title>Conocimiento de medida de coerci\u00f3n contra exfuncionarios apresados ser\u00e1 este lunes - Minuto Cero RD<\/title>\n<meta name=\"robots\" content=\"index, follow, max-snippet:-1, max-image-preview:large, max-video-preview:-1\" \/>\n<link rel=\"canonical\" href=\"http:\/\/minutocerord.com\/?p=1047\" \/>\n<meta property=\"og:locale\" content=\"es_ES\" \/>\n<meta property=\"og:type\" content=\"article\" \/>\n<meta property=\"og:title\" content=\"Conocimiento de medida de coerci\u00f3n contra exfuncionarios apresados ser\u00e1 este lunes - Minuto Cero RD\" \/>\n<meta property=\"og:description\" content=\"Santo Domingo.- Este lunes en horas de la tarde ser\u00e1 conocida la medida de coerci\u00f3n contra cinco funcionarios que fueron apresados esta madrugada por la Procuradur\u00eda Especializada de Persecuci\u00f3n de la Corrupci\u00f3n Administrativa (Pepca). Seg\u00fan una fuente de Procuradur\u00eda, la medida ser\u00e1 conocida contra los exfuncionarios Freddy Hidalgo, exministro de Salud P\u00fablica, Francisco Pag\u00e1n, exdirector [&hellip;]\" \/>\n<meta property=\"og:url\" content=\"http:\/\/minutocerord.com\/?p=1047\" \/>\n<meta property=\"og:site_name\" content=\"Minuto Cero RD\" \/>\n<meta property=\"article:publisher\" content=\"https:\/\/www.facebook.com\/Genofnotes\" \/>\n<meta property=\"article:author\" content=\"https:\/\/www.facebook.com\/Genofnotes\" \/>\n<meta property=\"article:published_time\" content=\"2020-11-30T16:09:46+00:00\" \/>\n<meta property=\"article:modified_time\" content=\"2020-11-30T16:09:48+00:00\" \/>\n<meta property=\"og:image\" content=\"https:\/\/i0.wp.com\/minutocerord.com\/wp-content\/uploads\/2020\/11\/descarga-1-1.jpg?fit=1411%2C1200\" \/>\n\t<meta property=\"og:image:width\" content=\"1411\" \/>\n\t<meta property=\"og:image:height\" content=\"1200\" \/>\n\t<meta property=\"og:image:type\" content=\"image\/jpeg\" \/>\n<meta name=\"author\" content=\"Genof\u00f3ntes Urb\u00e1ez\" \/>\n<meta name=\"twitter:card\" content=\"summary_large_image\" \/>\n<meta name=\"twitter:label1\" content=\"Written by\" \/>\n\t<meta name=\"twitter:data1\" content=\"Genof\u00f3ntes Urb\u00e1ez\" \/>\n\t<meta name=\"twitter:label2\" content=\"Est. reading time\" \/>\n\t<meta name=\"twitter:data2\" content=\"1 minuto\" \/>\n<script type=\"application\/ld+json\" class=\"yoast-schema-graph\">{\"@context\":\"https:\\\/\\\/schema.org\",\"@graph\":[{\"@type\":\"Article\",\"@id\":\"http:\\\/\\\/minutocerord.com\\\/?p=1047#article\",\"isPartOf\":{\"@id\":\"http:\\\/\\\/minutocerord.com\\\/?p=1047\"},\"author\":{\"name\":\"Genof\u00f3ntes Urb\u00e1ez\",\"@id\":\"https:\\\/\\\/minutocerord.com\\\/#\\\/schema\\\/person\\\/60b5372d60aaa0a5171fb6488be9aee6\"},\"headline\":\"Conocimiento de medida de coerci\u00f3n contra exfuncionarios apresados ser\u00e1 este lunes\",\"datePublished\":\"2020-11-30T16:09:46+00:00\",\"dateModified\":\"2020-11-30T16:09:48+00:00\",\"mainEntityOfPage\":{\"@id\":\"http:\\\/\\\/minutocerord.com\\\/?p=1047\"},\"wordCount\":229,\"commentCount\":0,\"publisher\":{\"@id\":\"https:\\\/\\\/minutocerord.com\\\/#\\\/schema\\\/person\\\/60b5372d60aaa0a5171fb6488be9aee6\"},\"image\":{\"@id\":\"http:\\\/\\\/minutocerord.com\\\/?p=1047#primaryimage\"},\"thumbnailUrl\":\"https:\\\/\\\/i0.wp.com\\\/minutocerord.com\\\/wp-content\\\/uploads\\\/2020\\\/11\\\/descarga-1-1.jpg?fit=1411%2C1200&ssl=1\",\"articleSection\":[\"Justicia\"],\"inLanguage\":\"es-DO\",\"potentialAction\":[{\"@type\":\"CommentAction\",\"name\":\"Comment\",\"target\":[\"http:\\\/\\\/minutocerord.com\\\/?p=1047#respond\"]}]},{\"@type\":\"WebPage\",\"@id\":\"http:\\\/\\\/minutocerord.com\\\/?p=1047\",\"url\":\"http:\\\/\\\/minutocerord.com\\\/?p=1047\",\"name\":\"Conocimiento de medida de coerci\u00f3n contra exfuncionarios apresados ser\u00e1 este lunes - Minuto Cero RD\",\"isPartOf\":{\"@id\":\"https:\\\/\\\/minutocerord.com\\\/#website\"},\"primaryImageOfPage\":{\"@id\":\"http:\\\/\\\/minutocerord.com\\\/?p=1047#primaryimage\"},\"image\":{\"@id\":\"http:\\\/\\\/minutocerord.com\\\/?p=1047#primaryimage\"},\"thumbnailUrl\":\"https:\\\/\\\/i0.wp.com\\\/minutocerord.com\\\/wp-content\\\/uploads\\\/2020\\\/11\\\/descarga-1-1.jpg?fit=1411%2C1200&ssl=1\",\"datePublished\":\"2020-11-30T16:09:46+00:00\",\"dateModified\":\"2020-11-30T16:09:48+00:00\",\"breadcrumb\":{\"@id\":\"http:\\\/\\\/minutocerord.com\\\/?p=1047#breadcrumb\"},\"inLanguage\":\"es-DO\",\"potentialAction\":[{\"@type\":\"ReadAction\",\"target\":[\"http:\\\/\\\/minutocerord.com\\\/?p=1047\"]}]},{\"@type\":\"ImageObject\",\"inLanguage\":\"es-DO\",\"@id\":\"http:\\\/\\\/minutocerord.com\\\/?p=1047#primaryimage\",\"url\":\"https:\\\/\\\/i0.wp.com\\\/minutocerord.com\\\/wp-content\\\/uploads\\\/2020\\\/11\\\/descarga-1-1.jpg?fit=1411%2C1200&ssl=1\",\"contentUrl\":\"https:\\\/\\\/i0.wp.com\\\/minutocerord.com\\\/wp-content\\\/uploads\\\/2020\\\/11\\\/descarga-1-1.jpg?fit=1411%2C1200&ssl=1\",\"width\":1411,\"height\":1200},{\"@type\":\"BreadcrumbList\",\"@id\":\"http:\\\/\\\/minutocerord.com\\\/?p=1047#breadcrumb\",\"itemListElement\":[{\"@type\":\"ListItem\",\"position\":1,\"name\":\"Home\",\"item\":\"https:\\\/\\\/minutocerord.com\\\/\"},{\"@type\":\"ListItem\",\"position\":2,\"name\":\"Conocimiento de medida de coerci\u00f3n contra exfuncionarios apresados ser\u00e1 este lunes\"}]},{\"@type\":\"WebSite\",\"@id\":\"https:\\\/\\\/minutocerord.com\\\/#website\",\"url\":\"https:\\\/\\\/minutocerord.com\\\/\",\"name\":\"Minuto Cero RD\",\"description\":\"Periodismo serio y veraz\",\"publisher\":{\"@id\":\"https:\\\/\\\/minutocerord.com\\\/#\\\/schema\\\/person\\\/60b5372d60aaa0a5171fb6488be9aee6\"},\"potentialAction\":[{\"@type\":\"SearchAction\",\"target\":{\"@type\":\"EntryPoint\",\"urlTemplate\":\"https:\\\/\\\/minutocerord.com\\\/?s={search_term_string}\"},\"query-input\":{\"@type\":\"PropertyValueSpecification\",\"valueRequired\":true,\"valueName\":\"search_term_string\"}}],\"inLanguage\":\"es-DO\"},{\"@type\":[\"Person\",\"Organization\"],\"@id\":\"https:\\\/\\\/minutocerord.com\\\/#\\\/schema\\\/person\\\/60b5372d60aaa0a5171fb6488be9aee6\",\"name\":\"Genof\u00f3ntes Urb\u00e1ez\",\"image\":{\"@type\":\"ImageObject\",\"inLanguage\":\"es-DO\",\"@id\":\"https:\\\/\\\/secure.gravatar.com\\\/avatar\\\/a49ef3186a692098ac3e8a1612261e3ad70cf9e44553dff2929e67939a0ecb9d?s=96&d=identicon&r=g\",\"url\":\"https:\\\/\\\/secure.gravatar.com\\\/avatar\\\/a49ef3186a692098ac3e8a1612261e3ad70cf9e44553dff2929e67939a0ecb9d?s=96&d=identicon&r=g\",\"contentUrl\":\"https:\\\/\\\/secure.gravatar.com\\\/avatar\\\/a49ef3186a692098ac3e8a1612261e3ad70cf9e44553dff2929e67939a0ecb9d?s=96&d=identicon&r=g\",\"caption\":\"Genof\u00f3ntes Urb\u00e1ez\"},\"logo\":{\"@id\":\"https:\\\/\\\/secure.gravatar.com\\\/avatar\\\/a49ef3186a692098ac3e8a1612261e3ad70cf9e44553dff2929e67939a0ecb9d?s=96&d=identicon&r=g\"},\"description\":\"Periodista \\\/ Locutor\",\"sameAs\":[\"https:\\\/\\\/www.facebook.com\\\/Genofnotes\",\"https:\\\/\\\/www.instagram.com\\\/genofnotes\\\/\"]}]}<\/script>\n<!-- \/ Yoast SEO plugin. -->","yoast_head_json":{"title":"Conocimiento de medida de coerci\u00f3n contra exfuncionarios apresados ser\u00e1 este lunes - Minuto Cero RD","robots":{"index":"index","follow":"follow","max-snippet":"max-snippet:-1","max-image-preview":"max-image-preview:large","max-video-preview":"max-video-preview:-1"},"canonical":"http:\/\/minutocerord.com\/?p=1047","og_locale":"es_ES","og_type":"article","og_title":"Conocimiento de medida de coerci\u00f3n contra exfuncionarios apresados ser\u00e1 este lunes - Minuto Cero RD","og_description":"Santo Domingo.- Este lunes en horas de la tarde ser\u00e1 conocida la medida de coerci\u00f3n contra cinco funcionarios que fueron apresados esta madrugada por la Procuradur\u00eda Especializada de Persecuci\u00f3n de la Corrupci\u00f3n Administrativa (Pepca). Seg\u00fan una fuente de Procuradur\u00eda, la medida ser\u00e1 conocida contra los exfuncionarios Freddy Hidalgo, exministro de Salud P\u00fablica, Francisco Pag\u00e1n, exdirector [&hellip;]","og_url":"http:\/\/minutocerord.com\/?p=1047","og_site_name":"Minuto Cero RD","article_publisher":"https:\/\/www.facebook.com\/Genofnotes","article_author":"https:\/\/www.facebook.com\/Genofnotes","article_published_time":"2020-11-30T16:09:46+00:00","article_modified_time":"2020-11-30T16:09:48+00:00","og_image":[{"width":1411,"height":1200,"url":"https:\/\/i0.wp.com\/minutocerord.com\/wp-content\/uploads\/2020\/11\/descarga-1-1.jpg?fit=1411%2C1200","type":"image\/jpeg"}],"author":"Genof\u00f3ntes Urb\u00e1ez","twitter_card":"summary_large_image","twitter_misc":{"Written by":"Genof\u00f3ntes Urb\u00e1ez","Est. reading time":"1 minuto"},"schema":{"@context":"https:\/\/schema.org","@graph":[{"@type":"Article","@id":"http:\/\/minutocerord.com\/?p=1047#article","isPartOf":{"@id":"http:\/\/minutocerord.com\/?p=1047"},"author":{"name":"Genof\u00f3ntes Urb\u00e1ez","@id":"https:\/\/minutocerord.com\/#\/schema\/person\/60b5372d60aaa0a5171fb6488be9aee6"},"headline":"Conocimiento de medida de coerci\u00f3n contra exfuncionarios apresados ser\u00e1 este lunes","datePublished":"2020-11-30T16:09:46+00:00","dateModified":"2020-11-30T16:09:48+00:00","mainEntityOfPage":{"@id":"http:\/\/minutocerord.com\/?p=1047"},"wordCount":229,"commentCount":0,"publisher":{"@id":"https:\/\/minutocerord.com\/#\/schema\/person\/60b5372d60aaa0a5171fb6488be9aee6"},"image":{"@id":"http:\/\/minutocerord.com\/?p=1047#primaryimage"},"thumbnailUrl":"https:\/\/i0.wp.com\/minutocerord.com\/wp-content\/uploads\/2020\/11\/descarga-1-1.jpg?fit=1411%2C1200&ssl=1","articleSection":["Justicia"],"inLanguage":"es-DO","potentialAction":[{"@type":"CommentAction","name":"Comment","target":["http:\/\/minutocerord.com\/?p=1047#respond"]}]},{"@type":"WebPage","@id":"http:\/\/minutocerord.com\/?p=1047","url":"http:\/\/minutocerord.com\/?p=1047","name":"Conocimiento de medida de coerci\u00f3n contra exfuncionarios apresados ser\u00e1 este lunes - Minuto Cero RD","isPartOf":{"@id":"https:\/\/minutocerord.com\/#website"},"primaryImageOfPage":{"@id":"http:\/\/minutocerord.com\/?p=1047#primaryimage"},"image":{"@id":"http:\/\/minutocerord.com\/?p=1047#primaryimage"},"thumbnailUrl":"https:\/\/i0.wp.com\/minutocerord.com\/wp-content\/uploads\/2020\/11\/descarga-1-1.jpg?fit=1411%2C1200&ssl=1","datePublished":"2020-11-30T16:09:46+00:00","dateModified":"2020-11-30T16:09:48+00:00","breadcrumb":{"@id":"http:\/\/minutocerord.com\/?p=1047#breadcrumb"},"inLanguage":"es-DO","potentialAction":[{"@type":"ReadAction","target":["http:\/\/minutocerord.com\/?p=1047"]}]},{"@type":"ImageObject","inLanguage":"es-DO","@id":"http:\/\/minutocerord.com\/?p=1047#primaryimage","url":"https:\/\/i0.wp.com\/minutocerord.com\/wp-content\/uploads\/2020\/11\/descarga-1-1.jpg?fit=1411%2C1200&ssl=1","contentUrl":"https:\/\/i0.wp.com\/minutocerord.com\/wp-content\/uploads\/2020\/11\/descarga-1-1.jpg?fit=1411%2C1200&ssl=1","width":1411,"height":1200},{"@type":"BreadcrumbList","@id":"http:\/\/minutocerord.com\/?p=1047#breadcrumb","itemListElement":[{"@type":"ListItem","position":1,"name":"Home","item":"https:\/\/minutocerord.com\/"},{"@type":"ListItem","position":2,"name":"Conocimiento de medida de coerci\u00f3n contra exfuncionarios apresados ser\u00e1 este lunes"}]},{"@type":"WebSite","@id":"https:\/\/minutocerord.com\/#website","url":"https:\/\/minutocerord.com\/","name":"Minuto Cero RD","description":"Periodismo serio y veraz","publisher":{"@id":"https:\/\/minutocerord.com\/#\/schema\/person\/60b5372d60aaa0a5171fb6488be9aee6"},"potentialAction":[{"@type":"SearchAction","target":{"@type":"EntryPoint","urlTemplate":"https:\/\/minutocerord.com\/?s={search_term_string}"},"query-input":{"@type":"PropertyValueSpecification","valueRequired":true,"valueName":"search_term_string"}}],"inLanguage":"es-DO"},{"@type":["Person","Organization"],"@id":"https:\/\/minutocerord.com\/#\/schema\/person\/60b5372d60aaa0a5171fb6488be9aee6","name":"Genof\u00f3ntes Urb\u00e1ez","image":{"@type":"ImageObject","inLanguage":"es-DO","@id":"https:\/\/secure.gravatar.com\/avatar\/a49ef3186a692098ac3e8a1612261e3ad70cf9e44553dff2929e67939a0ecb9d?s=96&d=identicon&r=g","url":"https:\/\/secure.gravatar.com\/avatar\/a49ef3186a692098ac3e8a1612261e3ad70cf9e44553dff2929e67939a0ecb9d?s=96&d=identicon&r=g","contentUrl":"https:\/\/secure.gravatar.com\/avatar\/a49ef3186a692098ac3e8a1612261e3ad70cf9e44553dff2929e67939a0ecb9d?s=96&d=identicon&r=g","caption":"Genof\u00f3ntes Urb\u00e1ez"},"logo":{"@id":"https:\/\/secure.gravatar.com\/avatar\/a49ef3186a692098ac3e8a1612261e3ad70cf9e44553dff2929e67939a0ecb9d?s=96&d=identicon&r=g"},"description":"Periodista \/ Locutor","sameAs":["https:\/\/www.facebook.com\/Genofnotes","https:\/\/www.instagram.com\/genofnotes\/"]}]}},"jetpack_publicize_connections":[],"jetpack_featured_media_url":"https:\/\/i0.wp.com\/minutocerord.com\/wp-content\/uploads\/2020\/11\/descarga-1-1.jpg?fit=1411%2C1200&ssl=1","jetpack-related-posts":[],"jetpack_sharing_enabled":true,"_links":{"self":[{"href":"https:\/\/minutocerord.com\/index.php?rest_route=\/wp\/v2\/posts\/1047","targetHints":{"allow":["GET"]}}],"collection":[{"href":"https:\/\/minutocerord.com\/index.php?rest_route=\/wp\/v2\/posts"}],"about":[{"href":"https:\/\/minutocerord.com\/index.php?rest_route=\/wp\/v2\/types\/post"}],"author":[{"embeddable":true,"href":"https:\/\/minutocerord.com\/index.php?rest_route=\/wp\/v2\/users\/1"}],"replies":[{"embeddable":true,"href":"https:\/\/minutocerord.com\/index.php?rest_route=%2Fwp%2Fv2%2Fcomments&post=1047"}],"version-history":[{"count":1,"href":"https:\/\/minutocerord.com\/index.php?rest_route=\/wp\/v2\/posts\/1047\/revisions"}],"predecessor-version":[{"id":1049,"href":"https:\/\/minutocerord.com\/index.php?rest_route=\/wp\/v2\/posts\/1047\/revisions\/1049"}],"wp:featuredmedia":[{"embeddable":true,"href":"https:\/\/minutocerord.com\/index.php?rest_route=\/wp\/v2\/media\/1048"}],"wp:attachment":[{"href":"https:\/\/minutocerord.com\/index.php?rest_route=%2Fwp%2Fv2%2Fmedia&parent=1047"}],"wp:term":[{"taxonomy":"category","embeddable":true,"href":"https:\/\/minutocerord.com\/index.php?rest_route=%2Fwp%2Fv2%2Fcategories&post=1047"},{"taxonomy":"post_tag","embeddable":true,"href":"https:\/\/minutocerord.com\/index.php?rest_route=%2Fwp%2Fv2%2Ftags&post=1047"}],"curies":[{"name":"wp","href":"https:\/\/api.w.org\/{rel}","templated":true}]}}