{"id":1050,"date":"2020-11-30T12:15:18","date_gmt":"2020-11-30T16:15:18","guid":{"rendered":"https:\/\/minutocerord.com\/?p=1050"},"modified":"2020-11-30T12:15:21","modified_gmt":"2020-11-30T16:15:21","slug":"incautan-cajas-fuertes-y-armas-de-fuego-durante-allanamiento-a-hermano-danilo-medina","status":"publish","type":"post","link":"https:\/\/minutocerord.com\/?p=1050","title":{"rendered":"Incautan cajas fuertes y armas de fuego durante allanamiento a hermano Danilo Medina"},"content":{"rendered":"\n<p>&nbsp;Santo Domingo. &#8211; Durante el allanamiento que se le practic\u00f3 a Juan Alexis Medina S\u00e1nchez, hermano del expresidente Danilo Medina, la Procuradur\u00eda Especializada de Persecuci\u00f3n de la Corrupci\u00f3n (Pepca), incaut\u00f3 cajas fuertes, armas de fuego y municiones.<\/p>\n\n\n\n<p>Se recuerda que Juan Alexis Medina, figura entre los vinculados&nbsp; a casos de corrupci\u00f3n administrativa.<\/p>\n\n\n\n<p>Por su lado el Ministerio P\u00fablico asegur\u00f3 que de los 10 exfuncionarios y testaferros imputados por corrupci\u00f3n y que fueron detenidos este fin de semana, varios de ellos estaban destruyendo y ocultando evidencias, intimidando a testigos y haciendo movimientos financieros orientados a ocultar estados financieros injustificados.<\/p>\n\n\n\n<p>Entre los arrestados figuran Fernando Aquilino Rosa Rosa, expresidente del Fondo Patrimonial de las Empresas Reformadas (Fonper), apresado en su residencia de Santiago.<\/p>\n\n\n\n<p>Tambi\u00e9n, el exministro de Salud P\u00fablica, Lorenzo Wilfredo (Freddy) Hidalgo N\u00fa\u00f1ez y el exdirector general de la Oficina de Ingenieros Supervisores de Obras del Estado (Oisoe), Francisco Pag\u00e1n.<\/p>\n\n\n\n<p>La lista de exfuncionarios y testaferros apresados por aegados casos de corrupci\u00f3n incluye a Carmen Magalys Medina S\u00e1nchez, exvicepresidenta del Fonper, y su hermano Juan Alexis Medina S\u00e1nchez.<\/p>\n","protected":false},"excerpt":{"rendered":"<p>&nbsp;Santo Domingo. &#8211; Durante el allanamiento que se le practic\u00f3 a Juan Alexis Medina S\u00e1nchez, hermano del expresidente Danilo Medina, la Procuradur\u00eda Especializada de Persecuci\u00f3n de la Corrupci\u00f3n (Pepca), incaut\u00f3 cajas fuertes, armas de fuego y municiones. Se recuerda que Juan Alexis Medina, figura entre los vinculados&nbsp; a casos de corrupci\u00f3n administrativa. Por su lado [&hellip;]<\/p>\n","protected":false},"author":1,"featured_media":1051,"comment_status":"open","ping_status":"open","sticky":false,"template":"","format":"standard","meta":{"nf_dc_page":"","jetpack_post_was_ever_published":false,"_jetpack_newsletter_access":"","_jetpack_dont_email_post_to_subs":false,"_jetpack_newsletter_tier_id":0,"_jetpack_memberships_contains_paywalled_content":false,"_jetpack_memberships_contains_paid_content":false,"footnotes":"","jetpack_publicize_message":"","jetpack_publicize_feature_enabled":true,"jetpack_social_post_already_shared":false,"jetpack_social_options":{"image_generator_settings":{"template":"highway","default_image_id":0,"font":"","enabled":false},"version":2}},"categories":[65],"tags":[],"class_list":["post-1050","post","type-post","status-publish","format-standard","has-post-thumbnail","hentry","category-nacionales"],"yoast_head":"<!-- This site is optimized with the Yoast SEO plugin v27.5 - https:\/\/yoast.com\/product\/yoast-seo-wordpress\/ -->\n<title>Incautan cajas fuertes y armas de fuego durante allanamiento a hermano Danilo Medina - Minuto Cero RD<\/title>\n<meta name=\"robots\" content=\"index, follow, max-snippet:-1, max-image-preview:large, max-video-preview:-1\" \/>\n<link rel=\"canonical\" href=\"https:\/\/minutocerord.com\/?p=1050\" \/>\n<meta property=\"og:locale\" content=\"es_ES\" \/>\n<meta property=\"og:type\" content=\"article\" \/>\n<meta property=\"og:title\" content=\"Incautan cajas fuertes y armas de fuego durante allanamiento a hermano Danilo Medina - Minuto Cero RD\" \/>\n<meta property=\"og:description\" content=\"&nbsp;Santo Domingo. &#8211; Durante el allanamiento que se le practic\u00f3 a Juan Alexis Medina S\u00e1nchez, hermano del expresidente Danilo Medina, la Procuradur\u00eda Especializada de Persecuci\u00f3n de la Corrupci\u00f3n (Pepca), incaut\u00f3 cajas fuertes, armas de fuego y municiones. Se recuerda que Juan Alexis Medina, figura entre los vinculados&nbsp; a casos de corrupci\u00f3n administrativa. Por su lado [&hellip;]\" \/>\n<meta property=\"og:url\" content=\"https:\/\/minutocerord.com\/?p=1050\" \/>\n<meta property=\"og:site_name\" content=\"Minuto Cero RD\" \/>\n<meta property=\"article:publisher\" content=\"https:\/\/www.facebook.com\/Genofnotes\" \/>\n<meta property=\"article:author\" content=\"https:\/\/www.facebook.com\/Genofnotes\" \/>\n<meta property=\"article:published_time\" content=\"2020-11-30T16:15:18+00:00\" \/>\n<meta property=\"article:modified_time\" content=\"2020-11-30T16:15:21+00:00\" \/>\n<meta property=\"og:image\" content=\"https:\/\/i0.wp.com\/minutocerord.com\/wp-content\/uploads\/2020\/11\/iiiii-5fc432444b9f9.png?fit=664%2C466&ssl=1\" \/>\n\t<meta property=\"og:image:width\" content=\"664\" \/>\n\t<meta property=\"og:image:height\" content=\"466\" \/>\n\t<meta property=\"og:image:type\" content=\"image\/png\" \/>\n<meta name=\"author\" content=\"Genof\u00f3ntes Urb\u00e1ez\" \/>\n<meta name=\"twitter:card\" content=\"summary_large_image\" \/>\n<meta name=\"twitter:label1\" content=\"Written by\" \/>\n\t<meta name=\"twitter:data1\" content=\"Genof\u00f3ntes Urb\u00e1ez\" \/>\n\t<meta name=\"twitter:label2\" content=\"Est. reading time\" \/>\n\t<meta name=\"twitter:data2\" content=\"1 minuto\" \/>\n<script type=\"application\/ld+json\" class=\"yoast-schema-graph\">{\"@context\":\"https:\\\/\\\/schema.org\",\"@graph\":[{\"@type\":\"Article\",\"@id\":\"https:\\\/\\\/minutocerord.com\\\/?p=1050#article\",\"isPartOf\":{\"@id\":\"https:\\\/\\\/minutocerord.com\\\/?p=1050\"},\"author\":{\"name\":\"Genof\u00f3ntes Urb\u00e1ez\",\"@id\":\"https:\\\/\\\/minutocerord.com\\\/#\\\/schema\\\/person\\\/60b5372d60aaa0a5171fb6488be9aee6\"},\"headline\":\"Incautan cajas fuertes y armas de fuego durante allanamiento a hermano Danilo Medina\",\"datePublished\":\"2020-11-30T16:15:18+00:00\",\"dateModified\":\"2020-11-30T16:15:21+00:00\",\"mainEntityOfPage\":{\"@id\":\"https:\\\/\\\/minutocerord.com\\\/?p=1050\"},\"wordCount\":205,\"commentCount\":0,\"publisher\":{\"@id\":\"https:\\\/\\\/minutocerord.com\\\/#\\\/schema\\\/person\\\/60b5372d60aaa0a5171fb6488be9aee6\"},\"image\":{\"@id\":\"https:\\\/\\\/minutocerord.com\\\/?p=1050#primaryimage\"},\"thumbnailUrl\":\"https:\\\/\\\/i0.wp.com\\\/minutocerord.com\\\/wp-content\\\/uploads\\\/2020\\\/11\\\/iiiii-5fc432444b9f9.png?fit=664%2C466&ssl=1\",\"articleSection\":[\"Nacionales\"],\"inLanguage\":\"es-DO\",\"potentialAction\":[{\"@type\":\"CommentAction\",\"name\":\"Comment\",\"target\":[\"https:\\\/\\\/minutocerord.com\\\/?p=1050#respond\"]}]},{\"@type\":\"WebPage\",\"@id\":\"https:\\\/\\\/minutocerord.com\\\/?p=1050\",\"url\":\"https:\\\/\\\/minutocerord.com\\\/?p=1050\",\"name\":\"Incautan cajas fuertes y armas de fuego durante allanamiento a hermano Danilo Medina - Minuto Cero RD\",\"isPartOf\":{\"@id\":\"https:\\\/\\\/minutocerord.com\\\/#website\"},\"primaryImageOfPage\":{\"@id\":\"https:\\\/\\\/minutocerord.com\\\/?p=1050#primaryimage\"},\"image\":{\"@id\":\"https:\\\/\\\/minutocerord.com\\\/?p=1050#primaryimage\"},\"thumbnailUrl\":\"https:\\\/\\\/i0.wp.com\\\/minutocerord.com\\\/wp-content\\\/uploads\\\/2020\\\/11\\\/iiiii-5fc432444b9f9.png?fit=664%2C466&ssl=1\",\"datePublished\":\"2020-11-30T16:15:18+00:00\",\"dateModified\":\"2020-11-30T16:15:21+00:00\",\"breadcrumb\":{\"@id\":\"https:\\\/\\\/minutocerord.com\\\/?p=1050#breadcrumb\"},\"inLanguage\":\"es-DO\",\"potentialAction\":[{\"@type\":\"ReadAction\",\"target\":[\"https:\\\/\\\/minutocerord.com\\\/?p=1050\"]}]},{\"@type\":\"ImageObject\",\"inLanguage\":\"es-DO\",\"@id\":\"https:\\\/\\\/minutocerord.com\\\/?p=1050#primaryimage\",\"url\":\"https:\\\/\\\/i0.wp.com\\\/minutocerord.com\\\/wp-content\\\/uploads\\\/2020\\\/11\\\/iiiii-5fc432444b9f9.png?fit=664%2C466&ssl=1\",\"contentUrl\":\"https:\\\/\\\/i0.wp.com\\\/minutocerord.com\\\/wp-content\\\/uploads\\\/2020\\\/11\\\/iiiii-5fc432444b9f9.png?fit=664%2C466&ssl=1\",\"width\":664,\"height\":466},{\"@type\":\"BreadcrumbList\",\"@id\":\"https:\\\/\\\/minutocerord.com\\\/?p=1050#breadcrumb\",\"itemListElement\":[{\"@type\":\"ListItem\",\"position\":1,\"name\":\"Home\",\"item\":\"https:\\\/\\\/minutocerord.com\\\/\"},{\"@type\":\"ListItem\",\"position\":2,\"name\":\"Incautan cajas fuertes y armas de fuego durante allanamiento a hermano Danilo Medina\"}]},{\"@type\":\"WebSite\",\"@id\":\"https:\\\/\\\/minutocerord.com\\\/#website\",\"url\":\"https:\\\/\\\/minutocerord.com\\\/\",\"name\":\"Minuto Cero RD\",\"description\":\"Periodismo serio y veraz\",\"publisher\":{\"@id\":\"https:\\\/\\\/minutocerord.com\\\/#\\\/schema\\\/person\\\/60b5372d60aaa0a5171fb6488be9aee6\"},\"potentialAction\":[{\"@type\":\"SearchAction\",\"target\":{\"@type\":\"EntryPoint\",\"urlTemplate\":\"https:\\\/\\\/minutocerord.com\\\/?s={search_term_string}\"},\"query-input\":{\"@type\":\"PropertyValueSpecification\",\"valueRequired\":true,\"valueName\":\"search_term_string\"}}],\"inLanguage\":\"es-DO\"},{\"@type\":[\"Person\",\"Organization\"],\"@id\":\"https:\\\/\\\/minutocerord.com\\\/#\\\/schema\\\/person\\\/60b5372d60aaa0a5171fb6488be9aee6\",\"name\":\"Genof\u00f3ntes Urb\u00e1ez\",\"image\":{\"@type\":\"ImageObject\",\"inLanguage\":\"es-DO\",\"@id\":\"https:\\\/\\\/secure.gravatar.com\\\/avatar\\\/a49ef3186a692098ac3e8a1612261e3ad70cf9e44553dff2929e67939a0ecb9d?s=96&d=identicon&r=g\",\"url\":\"https:\\\/\\\/secure.gravatar.com\\\/avatar\\\/a49ef3186a692098ac3e8a1612261e3ad70cf9e44553dff2929e67939a0ecb9d?s=96&d=identicon&r=g\",\"contentUrl\":\"https:\\\/\\\/secure.gravatar.com\\\/avatar\\\/a49ef3186a692098ac3e8a1612261e3ad70cf9e44553dff2929e67939a0ecb9d?s=96&d=identicon&r=g\",\"caption\":\"Genof\u00f3ntes Urb\u00e1ez\"},\"logo\":{\"@id\":\"https:\\\/\\\/secure.gravatar.com\\\/avatar\\\/a49ef3186a692098ac3e8a1612261e3ad70cf9e44553dff2929e67939a0ecb9d?s=96&d=identicon&r=g\"},\"description\":\"Periodista \\\/ Locutor\",\"sameAs\":[\"https:\\\/\\\/www.facebook.com\\\/Genofnotes\",\"https:\\\/\\\/www.instagram.com\\\/genofnotes\\\/\"]}]}<\/script>\n<!-- \/ Yoast SEO plugin. -->","yoast_head_json":{"title":"Incautan cajas fuertes y armas de fuego durante allanamiento a hermano Danilo Medina - Minuto Cero RD","robots":{"index":"index","follow":"follow","max-snippet":"max-snippet:-1","max-image-preview":"max-image-preview:large","max-video-preview":"max-video-preview:-1"},"canonical":"https:\/\/minutocerord.com\/?p=1050","og_locale":"es_ES","og_type":"article","og_title":"Incautan cajas fuertes y armas de fuego durante allanamiento a hermano Danilo Medina - Minuto Cero RD","og_description":"&nbsp;Santo Domingo. &#8211; Durante el allanamiento que se le practic\u00f3 a Juan Alexis Medina S\u00e1nchez, hermano del expresidente Danilo Medina, la Procuradur\u00eda Especializada de Persecuci\u00f3n de la Corrupci\u00f3n (Pepca), incaut\u00f3 cajas fuertes, armas de fuego y municiones. Se recuerda que Juan Alexis Medina, figura entre los vinculados&nbsp; a casos de corrupci\u00f3n administrativa. Por su lado [&hellip;]","og_url":"https:\/\/minutocerord.com\/?p=1050","og_site_name":"Minuto Cero RD","article_publisher":"https:\/\/www.facebook.com\/Genofnotes","article_author":"https:\/\/www.facebook.com\/Genofnotes","article_published_time":"2020-11-30T16:15:18+00:00","article_modified_time":"2020-11-30T16:15:21+00:00","og_image":[{"width":664,"height":466,"url":"https:\/\/i0.wp.com\/minutocerord.com\/wp-content\/uploads\/2020\/11\/iiiii-5fc432444b9f9.png?fit=664%2C466&ssl=1","type":"image\/png"}],"author":"Genof\u00f3ntes Urb\u00e1ez","twitter_card":"summary_large_image","twitter_misc":{"Written by":"Genof\u00f3ntes Urb\u00e1ez","Est. reading time":"1 minuto"},"schema":{"@context":"https:\/\/schema.org","@graph":[{"@type":"Article","@id":"https:\/\/minutocerord.com\/?p=1050#article","isPartOf":{"@id":"https:\/\/minutocerord.com\/?p=1050"},"author":{"name":"Genof\u00f3ntes Urb\u00e1ez","@id":"https:\/\/minutocerord.com\/#\/schema\/person\/60b5372d60aaa0a5171fb6488be9aee6"},"headline":"Incautan cajas fuertes y armas de fuego durante allanamiento a hermano Danilo Medina","datePublished":"2020-11-30T16:15:18+00:00","dateModified":"2020-11-30T16:15:21+00:00","mainEntityOfPage":{"@id":"https:\/\/minutocerord.com\/?p=1050"},"wordCount":205,"commentCount":0,"publisher":{"@id":"https:\/\/minutocerord.com\/#\/schema\/person\/60b5372d60aaa0a5171fb6488be9aee6"},"image":{"@id":"https:\/\/minutocerord.com\/?p=1050#primaryimage"},"thumbnailUrl":"https:\/\/i0.wp.com\/minutocerord.com\/wp-content\/uploads\/2020\/11\/iiiii-5fc432444b9f9.png?fit=664%2C466&ssl=1","articleSection":["Nacionales"],"inLanguage":"es-DO","potentialAction":[{"@type":"CommentAction","name":"Comment","target":["https:\/\/minutocerord.com\/?p=1050#respond"]}]},{"@type":"WebPage","@id":"https:\/\/minutocerord.com\/?p=1050","url":"https:\/\/minutocerord.com\/?p=1050","name":"Incautan cajas fuertes y armas de fuego durante allanamiento a hermano Danilo Medina - Minuto Cero RD","isPartOf":{"@id":"https:\/\/minutocerord.com\/#website"},"primaryImageOfPage":{"@id":"https:\/\/minutocerord.com\/?p=1050#primaryimage"},"image":{"@id":"https:\/\/minutocerord.com\/?p=1050#primaryimage"},"thumbnailUrl":"https:\/\/i0.wp.com\/minutocerord.com\/wp-content\/uploads\/2020\/11\/iiiii-5fc432444b9f9.png?fit=664%2C466&ssl=1","datePublished":"2020-11-30T16:15:18+00:00","dateModified":"2020-11-30T16:15:21+00:00","breadcrumb":{"@id":"https:\/\/minutocerord.com\/?p=1050#breadcrumb"},"inLanguage":"es-DO","potentialAction":[{"@type":"ReadAction","target":["https:\/\/minutocerord.com\/?p=1050"]}]},{"@type":"ImageObject","inLanguage":"es-DO","@id":"https:\/\/minutocerord.com\/?p=1050#primaryimage","url":"https:\/\/i0.wp.com\/minutocerord.com\/wp-content\/uploads\/2020\/11\/iiiii-5fc432444b9f9.png?fit=664%2C466&ssl=1","contentUrl":"https:\/\/i0.wp.com\/minutocerord.com\/wp-content\/uploads\/2020\/11\/iiiii-5fc432444b9f9.png?fit=664%2C466&ssl=1","width":664,"height":466},{"@type":"BreadcrumbList","@id":"https:\/\/minutocerord.com\/?p=1050#breadcrumb","itemListElement":[{"@type":"ListItem","position":1,"name":"Home","item":"https:\/\/minutocerord.com\/"},{"@type":"ListItem","position":2,"name":"Incautan cajas fuertes y armas de fuego durante allanamiento a hermano Danilo Medina"}]},{"@type":"WebSite","@id":"https:\/\/minutocerord.com\/#website","url":"https:\/\/minutocerord.com\/","name":"Minuto Cero RD","description":"Periodismo serio y veraz","publisher":{"@id":"https:\/\/minutocerord.com\/#\/schema\/person\/60b5372d60aaa0a5171fb6488be9aee6"},"potentialAction":[{"@type":"SearchAction","target":{"@type":"EntryPoint","urlTemplate":"https:\/\/minutocerord.com\/?s={search_term_string}"},"query-input":{"@type":"PropertyValueSpecification","valueRequired":true,"valueName":"search_term_string"}}],"inLanguage":"es-DO"},{"@type":["Person","Organization"],"@id":"https:\/\/minutocerord.com\/#\/schema\/person\/60b5372d60aaa0a5171fb6488be9aee6","name":"Genof\u00f3ntes Urb\u00e1ez","image":{"@type":"ImageObject","inLanguage":"es-DO","@id":"https:\/\/secure.gravatar.com\/avatar\/a49ef3186a692098ac3e8a1612261e3ad70cf9e44553dff2929e67939a0ecb9d?s=96&d=identicon&r=g","url":"https:\/\/secure.gravatar.com\/avatar\/a49ef3186a692098ac3e8a1612261e3ad70cf9e44553dff2929e67939a0ecb9d?s=96&d=identicon&r=g","contentUrl":"https:\/\/secure.gravatar.com\/avatar\/a49ef3186a692098ac3e8a1612261e3ad70cf9e44553dff2929e67939a0ecb9d?s=96&d=identicon&r=g","caption":"Genof\u00f3ntes Urb\u00e1ez"},"logo":{"@id":"https:\/\/secure.gravatar.com\/avatar\/a49ef3186a692098ac3e8a1612261e3ad70cf9e44553dff2929e67939a0ecb9d?s=96&d=identicon&r=g"},"description":"Periodista \/ Locutor","sameAs":["https:\/\/www.facebook.com\/Genofnotes","https:\/\/www.instagram.com\/genofnotes\/"]}]}},"jetpack_publicize_connections":[],"jetpack_featured_media_url":"https:\/\/i0.wp.com\/minutocerord.com\/wp-content\/uploads\/2020\/11\/iiiii-5fc432444b9f9.png?fit=664%2C466&ssl=1","jetpack-related-posts":[],"jetpack_sharing_enabled":true,"_links":{"self":[{"href":"https:\/\/minutocerord.com\/index.php?rest_route=\/wp\/v2\/posts\/1050","targetHints":{"allow":["GET"]}}],"collection":[{"href":"https:\/\/minutocerord.com\/index.php?rest_route=\/wp\/v2\/posts"}],"about":[{"href":"https:\/\/minutocerord.com\/index.php?rest_route=\/wp\/v2\/types\/post"}],"author":[{"embeddable":true,"href":"https:\/\/minutocerord.com\/index.php?rest_route=\/wp\/v2\/users\/1"}],"replies":[{"embeddable":true,"href":"https:\/\/minutocerord.com\/index.php?rest_route=%2Fwp%2Fv2%2Fcomments&post=1050"}],"version-history":[{"count":1,"href":"https:\/\/minutocerord.com\/index.php?rest_route=\/wp\/v2\/posts\/1050\/revisions"}],"predecessor-version":[{"id":1052,"href":"https:\/\/minutocerord.com\/index.php?rest_route=\/wp\/v2\/posts\/1050\/revisions\/1052"}],"wp:featuredmedia":[{"embeddable":true,"href":"https:\/\/minutocerord.com\/index.php?rest_route=\/wp\/v2\/media\/1051"}],"wp:attachment":[{"href":"https:\/\/minutocerord.com\/index.php?rest_route=%2Fwp%2Fv2%2Fmedia&parent=1050"}],"wp:term":[{"taxonomy":"category","embeddable":true,"href":"https:\/\/minutocerord.com\/index.php?rest_route=%2Fwp%2Fv2%2Fcategories&post=1050"},{"taxonomy":"post_tag","embeddable":true,"href":"https:\/\/minutocerord.com\/index.php?rest_route=%2Fwp%2Fv2%2Ftags&post=1050"}],"curies":[{"name":"wp","href":"https:\/\/api.w.org\/{rel}","templated":true}]}}