{"id":10581,"date":"2022-08-22T15:28:05","date_gmt":"2022-08-22T19:28:05","guid":{"rendered":"https:\/\/minutocerord.com\/?p=10581"},"modified":"2022-08-22T15:28:08","modified_gmt":"2022-08-22T19:28:08","slug":"muere-frankeli-bencosme-productor-de-la-pelicula-andrea","status":"publish","type":"post","link":"https:\/\/minutocerord.com\/?p=10581","title":{"rendered":"Muere Frankeli Bencosme, productor de la pel\u00edcula \u201cAndrea\u201d"},"content":{"rendered":"\n<p><strong>Santo Domingo.- <\/strong>El autor y productor de la primera pel\u00edcula dominicana de horror \u201cAndrea\u201d, Frankeli Bencosme, falleci\u00f3 la tarde del domingo, tras presentar varias complicaciones de salud.<\/p>\n\n\n\n<p>Bencosme se encontraba ingresado, por varios d\u00edas, en el Hospital Metropolitano de Santiago (HOMS), aquejado de problemas pulmonares, seguido de diabetes, produci\u00e9ndole la muerte.<\/p>\n\n\n\n<p>Se\u00f1ala\u00a0El Nuevo Diario\u00a0que el cineasta, oriundo de la comunidad Juan L\u00f3pez, del municipio de Moca, se encontraba postrado en una silla de ruedas, ya no ten\u00eda movilidad propia, producto a las complicaciones de salud.<\/p>\n\n\n\n<p>Seg\u00fan informaciones, el cuerpo del productor ser\u00e1 velado en su pueblo natal, mientras esperan la llegada de su hermano Roger Bencosme para este lunes, desde la ciudad de Boston, quien tambi\u00e9n fue parte fundamental del rodaje de la pel\u00edcula criolla \u201cAndrea\u201d.<\/p>\n\n\n\n<p>Frankeli Bencosme, adem\u00e1s de ser el autor de \u201cAndrea\u201d, tambi\u00e9n tuvo la responsabilidad de ser el encargado de la fotograf\u00eda y de los efectos especiales.<\/p>\n\n\n\n<p><a href=\"https:\/\/ensegundos.do\/2022\/08\/16\/pld-al-prm-no-pueden-exhibir-ningun-gran-logro-en-dos-anos\/\"><\/a><\/p>\n\n\n\n<p>El \u00e9xito de la cinta pudo envolver a los espectadores, de la \u00e9poca, adem\u00e1s de que tuvo los tres elementos que hicieron atractiva la producci\u00f3n cinematogr\u00e1fica.<\/p>\n","protected":false},"excerpt":{"rendered":"<p>Santo Domingo.- El autor y productor de la primera pel\u00edcula dominicana de horror \u201cAndrea\u201d, Frankeli Bencosme, falleci\u00f3 la tarde del domingo, tras presentar varias complicaciones de salud. Bencosme se encontraba ingresado, por varios d\u00edas, en el Hospital Metropolitano de Santiago (HOMS), aquejado de problemas pulmonares, seguido de diabetes, produci\u00e9ndole la muerte. Se\u00f1ala\u00a0El Nuevo Diario\u00a0que el [&hellip;]<\/p>\n","protected":false},"author":1,"featured_media":10582,"comment_status":"open","ping_status":"open","sticky":false,"template":"","format":"standard","meta":{"nf_dc_page":"","jetpack_post_was_ever_published":false,"_jetpack_newsletter_access":"","_jetpack_dont_email_post_to_subs":false,"_jetpack_newsletter_tier_id":0,"_jetpack_memberships_contains_paywalled_content":false,"_jetpack_memberships_contains_paid_content":false,"footnotes":"","jetpack_publicize_message":"","jetpack_publicize_feature_enabled":true,"jetpack_social_post_already_shared":false,"jetpack_social_options":{"image_generator_settings":{"template":"highway","default_image_id":0,"font":"","enabled":false},"version":2}},"categories":[68],"tags":[],"class_list":["post-10581","post","type-post","status-publish","format-standard","has-post-thumbnail","hentry","category-entretenimiento"],"yoast_head":"<!-- This site is optimized with the Yoast SEO plugin v27.4 - https:\/\/yoast.com\/product\/yoast-seo-wordpress\/ -->\n<title>Muere Frankeli Bencosme, productor de la pel\u00edcula \u201cAndrea\u201d - Minuto Cero RD<\/title>\n<meta name=\"robots\" content=\"index, follow, max-snippet:-1, max-image-preview:large, max-video-preview:-1\" \/>\n<link rel=\"canonical\" href=\"http:\/\/minutocerord.com\/?p=10581\" \/>\n<meta property=\"og:locale\" content=\"es_ES\" \/>\n<meta property=\"og:type\" content=\"article\" \/>\n<meta property=\"og:title\" content=\"Muere Frankeli Bencosme, productor de la pel\u00edcula \u201cAndrea\u201d - Minuto Cero RD\" \/>\n<meta property=\"og:description\" content=\"Santo Domingo.- El autor y productor de la primera pel\u00edcula dominicana de horror \u201cAndrea\u201d, Frankeli Bencosme, falleci\u00f3 la tarde del domingo, tras presentar varias complicaciones de salud. Bencosme se encontraba ingresado, por varios d\u00edas, en el Hospital Metropolitano de Santiago (HOMS), aquejado de problemas pulmonares, seguido de diabetes, produci\u00e9ndole la muerte. Se\u00f1ala\u00a0El Nuevo Diario\u00a0que el [&hellip;]\" \/>\n<meta property=\"og:url\" content=\"http:\/\/minutocerord.com\/?p=10581\" \/>\n<meta property=\"og:site_name\" content=\"Minuto Cero RD\" \/>\n<meta property=\"article:publisher\" content=\"https:\/\/www.facebook.com\/Genofnotes\" \/>\n<meta property=\"article:author\" content=\"https:\/\/www.facebook.com\/Genofnotes\" \/>\n<meta property=\"article:published_time\" content=\"2022-08-22T19:28:05+00:00\" \/>\n<meta property=\"article:modified_time\" content=\"2022-08-22T19:28:08+00:00\" \/>\n<meta property=\"og:image\" content=\"https:\/\/i0.wp.com\/minutocerord.com\/wp-content\/uploads\/2022\/08\/Screenshot_20220822-142223_Feedly.jpg?fit=990%2C640\" \/>\n\t<meta property=\"og:image:width\" content=\"990\" \/>\n\t<meta property=\"og:image:height\" content=\"640\" \/>\n\t<meta property=\"og:image:type\" content=\"image\/jpeg\" \/>\n<meta name=\"author\" content=\"Genof\u00f3ntes Urb\u00e1ez\" \/>\n<meta name=\"twitter:card\" content=\"summary_large_image\" \/>\n<meta name=\"twitter:label1\" content=\"Written by\" \/>\n\t<meta name=\"twitter:data1\" content=\"Genof\u00f3ntes Urb\u00e1ez\" \/>\n\t<meta name=\"twitter:label2\" content=\"Est. reading time\" \/>\n\t<meta name=\"twitter:data2\" content=\"1 minuto\" \/>\n<script type=\"application\/ld+json\" class=\"yoast-schema-graph\">{\"@context\":\"https:\\\/\\\/schema.org\",\"@graph\":[{\"@type\":\"Article\",\"@id\":\"http:\\\/\\\/minutocerord.com\\\/?p=10581#article\",\"isPartOf\":{\"@id\":\"http:\\\/\\\/minutocerord.com\\\/?p=10581\"},\"author\":{\"name\":\"Genof\u00f3ntes Urb\u00e1ez\",\"@id\":\"https:\\\/\\\/minutocerord.com\\\/#\\\/schema\\\/person\\\/60b5372d60aaa0a5171fb6488be9aee6\"},\"headline\":\"Muere Frankeli Bencosme, productor de la pel\u00edcula \u201cAndrea\u201d\",\"datePublished\":\"2022-08-22T19:28:05+00:00\",\"dateModified\":\"2022-08-22T19:28:08+00:00\",\"mainEntityOfPage\":{\"@id\":\"http:\\\/\\\/minutocerord.com\\\/?p=10581\"},\"wordCount\":204,\"commentCount\":0,\"publisher\":{\"@id\":\"https:\\\/\\\/minutocerord.com\\\/#\\\/schema\\\/person\\\/60b5372d60aaa0a5171fb6488be9aee6\"},\"image\":{\"@id\":\"http:\\\/\\\/minutocerord.com\\\/?p=10581#primaryimage\"},\"thumbnailUrl\":\"https:\\\/\\\/i0.wp.com\\\/minutocerord.com\\\/wp-content\\\/uploads\\\/2022\\\/08\\\/Screenshot_20220822-142223_Feedly.jpg?fit=990%2C640&ssl=1\",\"articleSection\":[\"Entretenimiento\"],\"inLanguage\":\"es-DO\",\"potentialAction\":[{\"@type\":\"CommentAction\",\"name\":\"Comment\",\"target\":[\"http:\\\/\\\/minutocerord.com\\\/?p=10581#respond\"]}]},{\"@type\":\"WebPage\",\"@id\":\"http:\\\/\\\/minutocerord.com\\\/?p=10581\",\"url\":\"http:\\\/\\\/minutocerord.com\\\/?p=10581\",\"name\":\"Muere Frankeli Bencosme, productor de la pel\u00edcula \u201cAndrea\u201d - Minuto Cero RD\",\"isPartOf\":{\"@id\":\"https:\\\/\\\/minutocerord.com\\\/#website\"},\"primaryImageOfPage\":{\"@id\":\"http:\\\/\\\/minutocerord.com\\\/?p=10581#primaryimage\"},\"image\":{\"@id\":\"http:\\\/\\\/minutocerord.com\\\/?p=10581#primaryimage\"},\"thumbnailUrl\":\"https:\\\/\\\/i0.wp.com\\\/minutocerord.com\\\/wp-content\\\/uploads\\\/2022\\\/08\\\/Screenshot_20220822-142223_Feedly.jpg?fit=990%2C640&ssl=1\",\"datePublished\":\"2022-08-22T19:28:05+00:00\",\"dateModified\":\"2022-08-22T19:28:08+00:00\",\"breadcrumb\":{\"@id\":\"http:\\\/\\\/minutocerord.com\\\/?p=10581#breadcrumb\"},\"inLanguage\":\"es-DO\",\"potentialAction\":[{\"@type\":\"ReadAction\",\"target\":[\"http:\\\/\\\/minutocerord.com\\\/?p=10581\"]}]},{\"@type\":\"ImageObject\",\"inLanguage\":\"es-DO\",\"@id\":\"http:\\\/\\\/minutocerord.com\\\/?p=10581#primaryimage\",\"url\":\"https:\\\/\\\/i0.wp.com\\\/minutocerord.com\\\/wp-content\\\/uploads\\\/2022\\\/08\\\/Screenshot_20220822-142223_Feedly.jpg?fit=990%2C640&ssl=1\",\"contentUrl\":\"https:\\\/\\\/i0.wp.com\\\/minutocerord.com\\\/wp-content\\\/uploads\\\/2022\\\/08\\\/Screenshot_20220822-142223_Feedly.jpg?fit=990%2C640&ssl=1\",\"width\":990,\"height\":640},{\"@type\":\"BreadcrumbList\",\"@id\":\"http:\\\/\\\/minutocerord.com\\\/?p=10581#breadcrumb\",\"itemListElement\":[{\"@type\":\"ListItem\",\"position\":1,\"name\":\"Home\",\"item\":\"https:\\\/\\\/minutocerord.com\\\/\"},{\"@type\":\"ListItem\",\"position\":2,\"name\":\"Muere Frankeli Bencosme, productor de la pel\u00edcula \u201cAndrea\u201d\"}]},{\"@type\":\"WebSite\",\"@id\":\"https:\\\/\\\/minutocerord.com\\\/#website\",\"url\":\"https:\\\/\\\/minutocerord.com\\\/\",\"name\":\"Minuto Cero RD\",\"description\":\"Periodismo serio y veraz\",\"publisher\":{\"@id\":\"https:\\\/\\\/minutocerord.com\\\/#\\\/schema\\\/person\\\/60b5372d60aaa0a5171fb6488be9aee6\"},\"potentialAction\":[{\"@type\":\"SearchAction\",\"target\":{\"@type\":\"EntryPoint\",\"urlTemplate\":\"https:\\\/\\\/minutocerord.com\\\/?s={search_term_string}\"},\"query-input\":{\"@type\":\"PropertyValueSpecification\",\"valueRequired\":true,\"valueName\":\"search_term_string\"}}],\"inLanguage\":\"es-DO\"},{\"@type\":[\"Person\",\"Organization\"],\"@id\":\"https:\\\/\\\/minutocerord.com\\\/#\\\/schema\\\/person\\\/60b5372d60aaa0a5171fb6488be9aee6\",\"name\":\"Genof\u00f3ntes Urb\u00e1ez\",\"image\":{\"@type\":\"ImageObject\",\"inLanguage\":\"es-DO\",\"@id\":\"https:\\\/\\\/secure.gravatar.com\\\/avatar\\\/a49ef3186a692098ac3e8a1612261e3ad70cf9e44553dff2929e67939a0ecb9d?s=96&d=identicon&r=g\",\"url\":\"https:\\\/\\\/secure.gravatar.com\\\/avatar\\\/a49ef3186a692098ac3e8a1612261e3ad70cf9e44553dff2929e67939a0ecb9d?s=96&d=identicon&r=g\",\"contentUrl\":\"https:\\\/\\\/secure.gravatar.com\\\/avatar\\\/a49ef3186a692098ac3e8a1612261e3ad70cf9e44553dff2929e67939a0ecb9d?s=96&d=identicon&r=g\",\"caption\":\"Genof\u00f3ntes Urb\u00e1ez\"},\"logo\":{\"@id\":\"https:\\\/\\\/secure.gravatar.com\\\/avatar\\\/a49ef3186a692098ac3e8a1612261e3ad70cf9e44553dff2929e67939a0ecb9d?s=96&d=identicon&r=g\"},\"description\":\"Periodista \\\/ Locutor\",\"sameAs\":[\"https:\\\/\\\/www.facebook.com\\\/Genofnotes\",\"https:\\\/\\\/www.instagram.com\\\/genofnotes\\\/\"]}]}<\/script>\n<!-- \/ Yoast SEO plugin. -->","yoast_head_json":{"title":"Muere Frankeli Bencosme, productor de la pel\u00edcula \u201cAndrea\u201d - Minuto Cero RD","robots":{"index":"index","follow":"follow","max-snippet":"max-snippet:-1","max-image-preview":"max-image-preview:large","max-video-preview":"max-video-preview:-1"},"canonical":"http:\/\/minutocerord.com\/?p=10581","og_locale":"es_ES","og_type":"article","og_title":"Muere Frankeli Bencosme, productor de la pel\u00edcula \u201cAndrea\u201d - Minuto Cero RD","og_description":"Santo Domingo.- El autor y productor de la primera pel\u00edcula dominicana de horror \u201cAndrea\u201d, Frankeli Bencosme, falleci\u00f3 la tarde del domingo, tras presentar varias complicaciones de salud. Bencosme se encontraba ingresado, por varios d\u00edas, en el Hospital Metropolitano de Santiago (HOMS), aquejado de problemas pulmonares, seguido de diabetes, produci\u00e9ndole la muerte. Se\u00f1ala\u00a0El Nuevo Diario\u00a0que el [&hellip;]","og_url":"http:\/\/minutocerord.com\/?p=10581","og_site_name":"Minuto Cero RD","article_publisher":"https:\/\/www.facebook.com\/Genofnotes","article_author":"https:\/\/www.facebook.com\/Genofnotes","article_published_time":"2022-08-22T19:28:05+00:00","article_modified_time":"2022-08-22T19:28:08+00:00","og_image":[{"width":990,"height":640,"url":"https:\/\/i0.wp.com\/minutocerord.com\/wp-content\/uploads\/2022\/08\/Screenshot_20220822-142223_Feedly.jpg?fit=990%2C640","type":"image\/jpeg"}],"author":"Genof\u00f3ntes Urb\u00e1ez","twitter_card":"summary_large_image","twitter_misc":{"Written by":"Genof\u00f3ntes Urb\u00e1ez","Est. reading time":"1 minuto"},"schema":{"@context":"https:\/\/schema.org","@graph":[{"@type":"Article","@id":"http:\/\/minutocerord.com\/?p=10581#article","isPartOf":{"@id":"http:\/\/minutocerord.com\/?p=10581"},"author":{"name":"Genof\u00f3ntes Urb\u00e1ez","@id":"https:\/\/minutocerord.com\/#\/schema\/person\/60b5372d60aaa0a5171fb6488be9aee6"},"headline":"Muere Frankeli Bencosme, productor de la pel\u00edcula \u201cAndrea\u201d","datePublished":"2022-08-22T19:28:05+00:00","dateModified":"2022-08-22T19:28:08+00:00","mainEntityOfPage":{"@id":"http:\/\/minutocerord.com\/?p=10581"},"wordCount":204,"commentCount":0,"publisher":{"@id":"https:\/\/minutocerord.com\/#\/schema\/person\/60b5372d60aaa0a5171fb6488be9aee6"},"image":{"@id":"http:\/\/minutocerord.com\/?p=10581#primaryimage"},"thumbnailUrl":"https:\/\/i0.wp.com\/minutocerord.com\/wp-content\/uploads\/2022\/08\/Screenshot_20220822-142223_Feedly.jpg?fit=990%2C640&ssl=1","articleSection":["Entretenimiento"],"inLanguage":"es-DO","potentialAction":[{"@type":"CommentAction","name":"Comment","target":["http:\/\/minutocerord.com\/?p=10581#respond"]}]},{"@type":"WebPage","@id":"http:\/\/minutocerord.com\/?p=10581","url":"http:\/\/minutocerord.com\/?p=10581","name":"Muere Frankeli Bencosme, productor de la pel\u00edcula \u201cAndrea\u201d - Minuto Cero RD","isPartOf":{"@id":"https:\/\/minutocerord.com\/#website"},"primaryImageOfPage":{"@id":"http:\/\/minutocerord.com\/?p=10581#primaryimage"},"image":{"@id":"http:\/\/minutocerord.com\/?p=10581#primaryimage"},"thumbnailUrl":"https:\/\/i0.wp.com\/minutocerord.com\/wp-content\/uploads\/2022\/08\/Screenshot_20220822-142223_Feedly.jpg?fit=990%2C640&ssl=1","datePublished":"2022-08-22T19:28:05+00:00","dateModified":"2022-08-22T19:28:08+00:00","breadcrumb":{"@id":"http:\/\/minutocerord.com\/?p=10581#breadcrumb"},"inLanguage":"es-DO","potentialAction":[{"@type":"ReadAction","target":["http:\/\/minutocerord.com\/?p=10581"]}]},{"@type":"ImageObject","inLanguage":"es-DO","@id":"http:\/\/minutocerord.com\/?p=10581#primaryimage","url":"https:\/\/i0.wp.com\/minutocerord.com\/wp-content\/uploads\/2022\/08\/Screenshot_20220822-142223_Feedly.jpg?fit=990%2C640&ssl=1","contentUrl":"https:\/\/i0.wp.com\/minutocerord.com\/wp-content\/uploads\/2022\/08\/Screenshot_20220822-142223_Feedly.jpg?fit=990%2C640&ssl=1","width":990,"height":640},{"@type":"BreadcrumbList","@id":"http:\/\/minutocerord.com\/?p=10581#breadcrumb","itemListElement":[{"@type":"ListItem","position":1,"name":"Home","item":"https:\/\/minutocerord.com\/"},{"@type":"ListItem","position":2,"name":"Muere Frankeli Bencosme, productor de la pel\u00edcula \u201cAndrea\u201d"}]},{"@type":"WebSite","@id":"https:\/\/minutocerord.com\/#website","url":"https:\/\/minutocerord.com\/","name":"Minuto Cero RD","description":"Periodismo serio y veraz","publisher":{"@id":"https:\/\/minutocerord.com\/#\/schema\/person\/60b5372d60aaa0a5171fb6488be9aee6"},"potentialAction":[{"@type":"SearchAction","target":{"@type":"EntryPoint","urlTemplate":"https:\/\/minutocerord.com\/?s={search_term_string}"},"query-input":{"@type":"PropertyValueSpecification","valueRequired":true,"valueName":"search_term_string"}}],"inLanguage":"es-DO"},{"@type":["Person","Organization"],"@id":"https:\/\/minutocerord.com\/#\/schema\/person\/60b5372d60aaa0a5171fb6488be9aee6","name":"Genof\u00f3ntes Urb\u00e1ez","image":{"@type":"ImageObject","inLanguage":"es-DO","@id":"https:\/\/secure.gravatar.com\/avatar\/a49ef3186a692098ac3e8a1612261e3ad70cf9e44553dff2929e67939a0ecb9d?s=96&d=identicon&r=g","url":"https:\/\/secure.gravatar.com\/avatar\/a49ef3186a692098ac3e8a1612261e3ad70cf9e44553dff2929e67939a0ecb9d?s=96&d=identicon&r=g","contentUrl":"https:\/\/secure.gravatar.com\/avatar\/a49ef3186a692098ac3e8a1612261e3ad70cf9e44553dff2929e67939a0ecb9d?s=96&d=identicon&r=g","caption":"Genof\u00f3ntes Urb\u00e1ez"},"logo":{"@id":"https:\/\/secure.gravatar.com\/avatar\/a49ef3186a692098ac3e8a1612261e3ad70cf9e44553dff2929e67939a0ecb9d?s=96&d=identicon&r=g"},"description":"Periodista \/ Locutor","sameAs":["https:\/\/www.facebook.com\/Genofnotes","https:\/\/www.instagram.com\/genofnotes\/"]}]}},"jetpack_publicize_connections":[],"jetpack_featured_media_url":"https:\/\/i0.wp.com\/minutocerord.com\/wp-content\/uploads\/2022\/08\/Screenshot_20220822-142223_Feedly.jpg?fit=990%2C640&ssl=1","jetpack-related-posts":[],"jetpack_sharing_enabled":true,"_links":{"self":[{"href":"https:\/\/minutocerord.com\/index.php?rest_route=\/wp\/v2\/posts\/10581","targetHints":{"allow":["GET"]}}],"collection":[{"href":"https:\/\/minutocerord.com\/index.php?rest_route=\/wp\/v2\/posts"}],"about":[{"href":"https:\/\/minutocerord.com\/index.php?rest_route=\/wp\/v2\/types\/post"}],"author":[{"embeddable":true,"href":"https:\/\/minutocerord.com\/index.php?rest_route=\/wp\/v2\/users\/1"}],"replies":[{"embeddable":true,"href":"https:\/\/minutocerord.com\/index.php?rest_route=%2Fwp%2Fv2%2Fcomments&post=10581"}],"version-history":[{"count":1,"href":"https:\/\/minutocerord.com\/index.php?rest_route=\/wp\/v2\/posts\/10581\/revisions"}],"predecessor-version":[{"id":10583,"href":"https:\/\/minutocerord.com\/index.php?rest_route=\/wp\/v2\/posts\/10581\/revisions\/10583"}],"wp:featuredmedia":[{"embeddable":true,"href":"https:\/\/minutocerord.com\/index.php?rest_route=\/wp\/v2\/media\/10582"}],"wp:attachment":[{"href":"https:\/\/minutocerord.com\/index.php?rest_route=%2Fwp%2Fv2%2Fmedia&parent=10581"}],"wp:term":[{"taxonomy":"category","embeddable":true,"href":"https:\/\/minutocerord.com\/index.php?rest_route=%2Fwp%2Fv2%2Fcategories&post=10581"},{"taxonomy":"post_tag","embeddable":true,"href":"https:\/\/minutocerord.com\/index.php?rest_route=%2Fwp%2Fv2%2Ftags&post=10581"}],"curies":[{"name":"wp","href":"https:\/\/api.w.org\/{rel}","templated":true}]}}