{"id":10584,"date":"2022-08-22T15:36:25","date_gmt":"2022-08-22T19:36:25","guid":{"rendered":"https:\/\/minutocerord.com\/?p=10584"},"modified":"2022-08-22T15:36:29","modified_gmt":"2022-08-22T19:36:29","slug":"el-euro-volvio-a-caer-brevemente-por-debajo-del-dolar","status":"publish","type":"post","link":"https:\/\/minutocerord.com\/?p=10584","title":{"rendered":"El euro volvi\u00f3 a caer brevemente por debajo del d\u00f3lar"},"content":{"rendered":"\n<p>El euro cay\u00f3 este lunes brevemente por debajo del d\u00f3lar, que se benefici\u00f3 de la determinaci\u00f3n de varios miembros de la Reserva Federal estadounidense (Fed) para endurecer la pol\u00edtica monetaria.<\/p>\n\n\n\n<p>Mientras la econom\u00eda europea se resiente de la subida de los precios de la energ\u00eda, que limitar\u00e1 el margen de maniobra del Banco Central Europeo y del Banco de Inglaterra, el euro perd\u00eda un 0,29% a 1,0008 d\u00f3lares hacia las 08H50 GMT, tras haber ca\u00eddo a 0,9990 d\u00f3lares, un nivel que no se ve\u00eda desde mediados de julio.<\/p>\n\n\n\n<p>El euro se acerca a su nivel m\u00e1s bajo del a\u00f1o, a 0,9952 d\u00f3lares. Si la moneda \u00fanica europea cae por debajo de ese umbral, llegar\u00e1 a una cotizaci\u00f3n que no se hab\u00eda dado desde 2002, cuando entr\u00f3 en circulaci\u00f3n.<\/p>\n\n\n\n<p>En Estados Unidos, aunque algunos responsables financieros hab\u00edan pronosticado que la Fed iba a reducir su ritmo de aumentos, varios miembros de la instituci\u00f3n insistieron en que la subida de las tasas iba a continuar.<a href=\"https:\/\/ensegundos.do\/2022\/08\/22\/remueven-del-cargo-al-inspector-general-del-ministerio-publico\/\"><\/a><\/p>\n\n\n\n<p>\u00abEl encuentro de Jackson Hole (este fin de semana) brindar\u00e1 una nueva ocasi\u00f3n a la Fed para convencer al mercado\u00bb, seg\u00fan Ulrich Leuchtmann, analista de Commerzbank.<\/p>\n\n\n\n<p>En esta reuni\u00f3n de responsables de bancos centrales, el dirigente de la Fed hablar\u00e1 el viernes.<\/p>\n\n\n\n<p><a href=\"https:\/\/www.youtube.com\/watch?v=2NDs4HtbK8I\" target=\"_blank\" rel=\"noreferrer noopener\"><\/a><\/p>\n","protected":false},"excerpt":{"rendered":"<p>El euro cay\u00f3 este lunes brevemente por debajo del d\u00f3lar, que se benefici\u00f3 de la determinaci\u00f3n de varios miembros de la Reserva Federal estadounidense (Fed) para endurecer la pol\u00edtica monetaria. Mientras la econom\u00eda europea se resiente de la subida de los precios de la energ\u00eda, que limitar\u00e1 el margen de maniobra del Banco Central Europeo [&hellip;]<\/p>\n","protected":false},"author":1,"featured_media":10585,"comment_status":"open","ping_status":"open","sticky":false,"template":"","format":"standard","meta":{"nf_dc_page":"","jetpack_post_was_ever_published":false,"_jetpack_newsletter_access":"","_jetpack_dont_email_post_to_subs":false,"_jetpack_newsletter_tier_id":0,"_jetpack_memberships_contains_paywalled_content":false,"_jetpack_memberships_contains_paid_content":false,"footnotes":"","jetpack_publicize_message":"","jetpack_publicize_feature_enabled":true,"jetpack_social_post_already_shared":false,"jetpack_social_options":{"image_generator_settings":{"template":"highway","default_image_id":0,"font":"","enabled":false},"version":2}},"categories":[74],"tags":[],"class_list":["post-10584","post","type-post","status-publish","format-standard","has-post-thumbnail","hentry","category-economicas"],"yoast_head":"<!-- This site is optimized with the Yoast SEO plugin v27.4 - https:\/\/yoast.com\/product\/yoast-seo-wordpress\/ -->\n<title>El euro volvi\u00f3 a caer brevemente por debajo del d\u00f3lar - Minuto Cero RD<\/title>\n<meta name=\"robots\" content=\"index, follow, max-snippet:-1, max-image-preview:large, max-video-preview:-1\" \/>\n<link rel=\"canonical\" href=\"http:\/\/minutocerord.com\/?p=10584\" \/>\n<meta property=\"og:locale\" content=\"es_ES\" \/>\n<meta property=\"og:type\" content=\"article\" \/>\n<meta property=\"og:title\" content=\"El euro volvi\u00f3 a caer brevemente por debajo del d\u00f3lar - Minuto Cero RD\" \/>\n<meta property=\"og:description\" content=\"El euro cay\u00f3 este lunes brevemente por debajo del d\u00f3lar, que se benefici\u00f3 de la determinaci\u00f3n de varios miembros de la Reserva Federal estadounidense (Fed) para endurecer la pol\u00edtica monetaria. Mientras la econom\u00eda europea se resiente de la subida de los precios de la energ\u00eda, que limitar\u00e1 el margen de maniobra del Banco Central Europeo [&hellip;]\" \/>\n<meta property=\"og:url\" content=\"http:\/\/minutocerord.com\/?p=10584\" \/>\n<meta property=\"og:site_name\" content=\"Minuto Cero RD\" \/>\n<meta property=\"article:publisher\" content=\"https:\/\/www.facebook.com\/Genofnotes\" \/>\n<meta property=\"article:author\" content=\"https:\/\/www.facebook.com\/Genofnotes\" \/>\n<meta property=\"article:published_time\" content=\"2022-08-22T19:36:25+00:00\" \/>\n<meta property=\"article:modified_time\" content=\"2022-08-22T19:36:29+00:00\" \/>\n<meta property=\"og:image\" content=\"https:\/\/i0.wp.com\/minutocerord.com\/wp-content\/uploads\/2022\/08\/Dolares-y-Euros.jpg?fit=1280%2C640\" \/>\n\t<meta property=\"og:image:width\" content=\"1280\" \/>\n\t<meta property=\"og:image:height\" content=\"640\" \/>\n\t<meta property=\"og:image:type\" content=\"image\/jpeg\" \/>\n<meta name=\"author\" content=\"Genof\u00f3ntes Urb\u00e1ez\" \/>\n<meta name=\"twitter:card\" content=\"summary_large_image\" \/>\n<meta name=\"twitter:label1\" content=\"Written by\" \/>\n\t<meta name=\"twitter:data1\" content=\"Genof\u00f3ntes Urb\u00e1ez\" \/>\n\t<meta name=\"twitter:label2\" content=\"Est. reading time\" \/>\n\t<meta name=\"twitter:data2\" content=\"1 minuto\" \/>\n<script type=\"application\/ld+json\" class=\"yoast-schema-graph\">{\"@context\":\"https:\\\/\\\/schema.org\",\"@graph\":[{\"@type\":\"Article\",\"@id\":\"http:\\\/\\\/minutocerord.com\\\/?p=10584#article\",\"isPartOf\":{\"@id\":\"http:\\\/\\\/minutocerord.com\\\/?p=10584\"},\"author\":{\"name\":\"Genof\u00f3ntes Urb\u00e1ez\",\"@id\":\"https:\\\/\\\/minutocerord.com\\\/#\\\/schema\\\/person\\\/60b5372d60aaa0a5171fb6488be9aee6\"},\"headline\":\"El euro volvi\u00f3 a caer brevemente por debajo del d\u00f3lar\",\"datePublished\":\"2022-08-22T19:36:25+00:00\",\"dateModified\":\"2022-08-22T19:36:29+00:00\",\"mainEntityOfPage\":{\"@id\":\"http:\\\/\\\/minutocerord.com\\\/?p=10584\"},\"wordCount\":232,\"commentCount\":0,\"publisher\":{\"@id\":\"https:\\\/\\\/minutocerord.com\\\/#\\\/schema\\\/person\\\/60b5372d60aaa0a5171fb6488be9aee6\"},\"image\":{\"@id\":\"http:\\\/\\\/minutocerord.com\\\/?p=10584#primaryimage\"},\"thumbnailUrl\":\"https:\\\/\\\/i0.wp.com\\\/minutocerord.com\\\/wp-content\\\/uploads\\\/2022\\\/08\\\/Dolares-y-Euros.jpg?fit=1280%2C640&ssl=1\",\"articleSection\":[\"Econ\u00f3micas\"],\"inLanguage\":\"es-DO\",\"potentialAction\":[{\"@type\":\"CommentAction\",\"name\":\"Comment\",\"target\":[\"http:\\\/\\\/minutocerord.com\\\/?p=10584#respond\"]}]},{\"@type\":\"WebPage\",\"@id\":\"http:\\\/\\\/minutocerord.com\\\/?p=10584\",\"url\":\"http:\\\/\\\/minutocerord.com\\\/?p=10584\",\"name\":\"El euro volvi\u00f3 a caer brevemente por debajo del d\u00f3lar - Minuto Cero RD\",\"isPartOf\":{\"@id\":\"https:\\\/\\\/minutocerord.com\\\/#website\"},\"primaryImageOfPage\":{\"@id\":\"http:\\\/\\\/minutocerord.com\\\/?p=10584#primaryimage\"},\"image\":{\"@id\":\"http:\\\/\\\/minutocerord.com\\\/?p=10584#primaryimage\"},\"thumbnailUrl\":\"https:\\\/\\\/i0.wp.com\\\/minutocerord.com\\\/wp-content\\\/uploads\\\/2022\\\/08\\\/Dolares-y-Euros.jpg?fit=1280%2C640&ssl=1\",\"datePublished\":\"2022-08-22T19:36:25+00:00\",\"dateModified\":\"2022-08-22T19:36:29+00:00\",\"breadcrumb\":{\"@id\":\"http:\\\/\\\/minutocerord.com\\\/?p=10584#breadcrumb\"},\"inLanguage\":\"es-DO\",\"potentialAction\":[{\"@type\":\"ReadAction\",\"target\":[\"http:\\\/\\\/minutocerord.com\\\/?p=10584\"]}]},{\"@type\":\"ImageObject\",\"inLanguage\":\"es-DO\",\"@id\":\"http:\\\/\\\/minutocerord.com\\\/?p=10584#primaryimage\",\"url\":\"https:\\\/\\\/i0.wp.com\\\/minutocerord.com\\\/wp-content\\\/uploads\\\/2022\\\/08\\\/Dolares-y-Euros.jpg?fit=1280%2C640&ssl=1\",\"contentUrl\":\"https:\\\/\\\/i0.wp.com\\\/minutocerord.com\\\/wp-content\\\/uploads\\\/2022\\\/08\\\/Dolares-y-Euros.jpg?fit=1280%2C640&ssl=1\",\"width\":1280,\"height\":640},{\"@type\":\"BreadcrumbList\",\"@id\":\"http:\\\/\\\/minutocerord.com\\\/?p=10584#breadcrumb\",\"itemListElement\":[{\"@type\":\"ListItem\",\"position\":1,\"name\":\"Home\",\"item\":\"https:\\\/\\\/minutocerord.com\\\/\"},{\"@type\":\"ListItem\",\"position\":2,\"name\":\"El euro volvi\u00f3 a caer brevemente por debajo del d\u00f3lar\"}]},{\"@type\":\"WebSite\",\"@id\":\"https:\\\/\\\/minutocerord.com\\\/#website\",\"url\":\"https:\\\/\\\/minutocerord.com\\\/\",\"name\":\"Minuto Cero RD\",\"description\":\"Periodismo serio y veraz\",\"publisher\":{\"@id\":\"https:\\\/\\\/minutocerord.com\\\/#\\\/schema\\\/person\\\/60b5372d60aaa0a5171fb6488be9aee6\"},\"potentialAction\":[{\"@type\":\"SearchAction\",\"target\":{\"@type\":\"EntryPoint\",\"urlTemplate\":\"https:\\\/\\\/minutocerord.com\\\/?s={search_term_string}\"},\"query-input\":{\"@type\":\"PropertyValueSpecification\",\"valueRequired\":true,\"valueName\":\"search_term_string\"}}],\"inLanguage\":\"es-DO\"},{\"@type\":[\"Person\",\"Organization\"],\"@id\":\"https:\\\/\\\/minutocerord.com\\\/#\\\/schema\\\/person\\\/60b5372d60aaa0a5171fb6488be9aee6\",\"name\":\"Genof\u00f3ntes Urb\u00e1ez\",\"image\":{\"@type\":\"ImageObject\",\"inLanguage\":\"es-DO\",\"@id\":\"https:\\\/\\\/secure.gravatar.com\\\/avatar\\\/a49ef3186a692098ac3e8a1612261e3ad70cf9e44553dff2929e67939a0ecb9d?s=96&d=identicon&r=g\",\"url\":\"https:\\\/\\\/secure.gravatar.com\\\/avatar\\\/a49ef3186a692098ac3e8a1612261e3ad70cf9e44553dff2929e67939a0ecb9d?s=96&d=identicon&r=g\",\"contentUrl\":\"https:\\\/\\\/secure.gravatar.com\\\/avatar\\\/a49ef3186a692098ac3e8a1612261e3ad70cf9e44553dff2929e67939a0ecb9d?s=96&d=identicon&r=g\",\"caption\":\"Genof\u00f3ntes Urb\u00e1ez\"},\"logo\":{\"@id\":\"https:\\\/\\\/secure.gravatar.com\\\/avatar\\\/a49ef3186a692098ac3e8a1612261e3ad70cf9e44553dff2929e67939a0ecb9d?s=96&d=identicon&r=g\"},\"description\":\"Periodista \\\/ Locutor\",\"sameAs\":[\"https:\\\/\\\/www.facebook.com\\\/Genofnotes\",\"https:\\\/\\\/www.instagram.com\\\/genofnotes\\\/\"]}]}<\/script>\n<!-- \/ Yoast SEO plugin. -->","yoast_head_json":{"title":"El euro volvi\u00f3 a caer brevemente por debajo del d\u00f3lar - Minuto Cero RD","robots":{"index":"index","follow":"follow","max-snippet":"max-snippet:-1","max-image-preview":"max-image-preview:large","max-video-preview":"max-video-preview:-1"},"canonical":"http:\/\/minutocerord.com\/?p=10584","og_locale":"es_ES","og_type":"article","og_title":"El euro volvi\u00f3 a caer brevemente por debajo del d\u00f3lar - Minuto Cero RD","og_description":"El euro cay\u00f3 este lunes brevemente por debajo del d\u00f3lar, que se benefici\u00f3 de la determinaci\u00f3n de varios miembros de la Reserva Federal estadounidense (Fed) para endurecer la pol\u00edtica monetaria. Mientras la econom\u00eda europea se resiente de la subida de los precios de la energ\u00eda, que limitar\u00e1 el margen de maniobra del Banco Central Europeo [&hellip;]","og_url":"http:\/\/minutocerord.com\/?p=10584","og_site_name":"Minuto Cero RD","article_publisher":"https:\/\/www.facebook.com\/Genofnotes","article_author":"https:\/\/www.facebook.com\/Genofnotes","article_published_time":"2022-08-22T19:36:25+00:00","article_modified_time":"2022-08-22T19:36:29+00:00","og_image":[{"width":1280,"height":640,"url":"https:\/\/i0.wp.com\/minutocerord.com\/wp-content\/uploads\/2022\/08\/Dolares-y-Euros.jpg?fit=1280%2C640","type":"image\/jpeg"}],"author":"Genof\u00f3ntes Urb\u00e1ez","twitter_card":"summary_large_image","twitter_misc":{"Written by":"Genof\u00f3ntes Urb\u00e1ez","Est. reading time":"1 minuto"},"schema":{"@context":"https:\/\/schema.org","@graph":[{"@type":"Article","@id":"http:\/\/minutocerord.com\/?p=10584#article","isPartOf":{"@id":"http:\/\/minutocerord.com\/?p=10584"},"author":{"name":"Genof\u00f3ntes Urb\u00e1ez","@id":"https:\/\/minutocerord.com\/#\/schema\/person\/60b5372d60aaa0a5171fb6488be9aee6"},"headline":"El euro volvi\u00f3 a caer brevemente por debajo del d\u00f3lar","datePublished":"2022-08-22T19:36:25+00:00","dateModified":"2022-08-22T19:36:29+00:00","mainEntityOfPage":{"@id":"http:\/\/minutocerord.com\/?p=10584"},"wordCount":232,"commentCount":0,"publisher":{"@id":"https:\/\/minutocerord.com\/#\/schema\/person\/60b5372d60aaa0a5171fb6488be9aee6"},"image":{"@id":"http:\/\/minutocerord.com\/?p=10584#primaryimage"},"thumbnailUrl":"https:\/\/i0.wp.com\/minutocerord.com\/wp-content\/uploads\/2022\/08\/Dolares-y-Euros.jpg?fit=1280%2C640&ssl=1","articleSection":["Econ\u00f3micas"],"inLanguage":"es-DO","potentialAction":[{"@type":"CommentAction","name":"Comment","target":["http:\/\/minutocerord.com\/?p=10584#respond"]}]},{"@type":"WebPage","@id":"http:\/\/minutocerord.com\/?p=10584","url":"http:\/\/minutocerord.com\/?p=10584","name":"El euro volvi\u00f3 a caer brevemente por debajo del d\u00f3lar - Minuto Cero RD","isPartOf":{"@id":"https:\/\/minutocerord.com\/#website"},"primaryImageOfPage":{"@id":"http:\/\/minutocerord.com\/?p=10584#primaryimage"},"image":{"@id":"http:\/\/minutocerord.com\/?p=10584#primaryimage"},"thumbnailUrl":"https:\/\/i0.wp.com\/minutocerord.com\/wp-content\/uploads\/2022\/08\/Dolares-y-Euros.jpg?fit=1280%2C640&ssl=1","datePublished":"2022-08-22T19:36:25+00:00","dateModified":"2022-08-22T19:36:29+00:00","breadcrumb":{"@id":"http:\/\/minutocerord.com\/?p=10584#breadcrumb"},"inLanguage":"es-DO","potentialAction":[{"@type":"ReadAction","target":["http:\/\/minutocerord.com\/?p=10584"]}]},{"@type":"ImageObject","inLanguage":"es-DO","@id":"http:\/\/minutocerord.com\/?p=10584#primaryimage","url":"https:\/\/i0.wp.com\/minutocerord.com\/wp-content\/uploads\/2022\/08\/Dolares-y-Euros.jpg?fit=1280%2C640&ssl=1","contentUrl":"https:\/\/i0.wp.com\/minutocerord.com\/wp-content\/uploads\/2022\/08\/Dolares-y-Euros.jpg?fit=1280%2C640&ssl=1","width":1280,"height":640},{"@type":"BreadcrumbList","@id":"http:\/\/minutocerord.com\/?p=10584#breadcrumb","itemListElement":[{"@type":"ListItem","position":1,"name":"Home","item":"https:\/\/minutocerord.com\/"},{"@type":"ListItem","position":2,"name":"El euro volvi\u00f3 a caer brevemente por debajo del d\u00f3lar"}]},{"@type":"WebSite","@id":"https:\/\/minutocerord.com\/#website","url":"https:\/\/minutocerord.com\/","name":"Minuto Cero RD","description":"Periodismo serio y veraz","publisher":{"@id":"https:\/\/minutocerord.com\/#\/schema\/person\/60b5372d60aaa0a5171fb6488be9aee6"},"potentialAction":[{"@type":"SearchAction","target":{"@type":"EntryPoint","urlTemplate":"https:\/\/minutocerord.com\/?s={search_term_string}"},"query-input":{"@type":"PropertyValueSpecification","valueRequired":true,"valueName":"search_term_string"}}],"inLanguage":"es-DO"},{"@type":["Person","Organization"],"@id":"https:\/\/minutocerord.com\/#\/schema\/person\/60b5372d60aaa0a5171fb6488be9aee6","name":"Genof\u00f3ntes Urb\u00e1ez","image":{"@type":"ImageObject","inLanguage":"es-DO","@id":"https:\/\/secure.gravatar.com\/avatar\/a49ef3186a692098ac3e8a1612261e3ad70cf9e44553dff2929e67939a0ecb9d?s=96&d=identicon&r=g","url":"https:\/\/secure.gravatar.com\/avatar\/a49ef3186a692098ac3e8a1612261e3ad70cf9e44553dff2929e67939a0ecb9d?s=96&d=identicon&r=g","contentUrl":"https:\/\/secure.gravatar.com\/avatar\/a49ef3186a692098ac3e8a1612261e3ad70cf9e44553dff2929e67939a0ecb9d?s=96&d=identicon&r=g","caption":"Genof\u00f3ntes Urb\u00e1ez"},"logo":{"@id":"https:\/\/secure.gravatar.com\/avatar\/a49ef3186a692098ac3e8a1612261e3ad70cf9e44553dff2929e67939a0ecb9d?s=96&d=identicon&r=g"},"description":"Periodista \/ Locutor","sameAs":["https:\/\/www.facebook.com\/Genofnotes","https:\/\/www.instagram.com\/genofnotes\/"]}]}},"jetpack_publicize_connections":[],"jetpack_featured_media_url":"https:\/\/i0.wp.com\/minutocerord.com\/wp-content\/uploads\/2022\/08\/Dolares-y-Euros.jpg?fit=1280%2C640&ssl=1","jetpack-related-posts":[],"jetpack_sharing_enabled":true,"_links":{"self":[{"href":"https:\/\/minutocerord.com\/index.php?rest_route=\/wp\/v2\/posts\/10584","targetHints":{"allow":["GET"]}}],"collection":[{"href":"https:\/\/minutocerord.com\/index.php?rest_route=\/wp\/v2\/posts"}],"about":[{"href":"https:\/\/minutocerord.com\/index.php?rest_route=\/wp\/v2\/types\/post"}],"author":[{"embeddable":true,"href":"https:\/\/minutocerord.com\/index.php?rest_route=\/wp\/v2\/users\/1"}],"replies":[{"embeddable":true,"href":"https:\/\/minutocerord.com\/index.php?rest_route=%2Fwp%2Fv2%2Fcomments&post=10584"}],"version-history":[{"count":1,"href":"https:\/\/minutocerord.com\/index.php?rest_route=\/wp\/v2\/posts\/10584\/revisions"}],"predecessor-version":[{"id":10586,"href":"https:\/\/minutocerord.com\/index.php?rest_route=\/wp\/v2\/posts\/10584\/revisions\/10586"}],"wp:featuredmedia":[{"embeddable":true,"href":"https:\/\/minutocerord.com\/index.php?rest_route=\/wp\/v2\/media\/10585"}],"wp:attachment":[{"href":"https:\/\/minutocerord.com\/index.php?rest_route=%2Fwp%2Fv2%2Fmedia&parent=10584"}],"wp:term":[{"taxonomy":"category","embeddable":true,"href":"https:\/\/minutocerord.com\/index.php?rest_route=%2Fwp%2Fv2%2Fcategories&post=10584"},{"taxonomy":"post_tag","embeddable":true,"href":"https:\/\/minutocerord.com\/index.php?rest_route=%2Fwp%2Fv2%2Ftags&post=10584"}],"curies":[{"name":"wp","href":"https:\/\/api.w.org\/{rel}","templated":true}]}}