{"id":10590,"date":"2022-08-22T16:13:05","date_gmt":"2022-08-22T20:13:05","guid":{"rendered":"https:\/\/minutocerord.com\/?p=10590"},"modified":"2022-08-22T16:13:07","modified_gmt":"2022-08-22T20:13:07","slug":"aplazan-conocimiento-medida-de-coercion-contra-alburquerque","status":"publish","type":"post","link":"https:\/\/minutocerord.com\/?p=10590","title":{"rendered":"Aplazan conocimiento medida de coerci\u00f3n contra Alburquerque"},"content":{"rendered":"\n<p><a href=\"https:\/\/almomento.net\/wp-content\/uploads\/2022\/08\/felix-alburquerque-compres-y-manuel-duncan-892x502-1-770x502.jpg\"><\/a><strong>SANTO DOMINGO.- <\/strong>El Juzgado de Atenci\u00f3n Permanente del Distrito Nacional aplaz\u00f3 para el d\u00eda 31 la audiencia para conocer medidas de coerci\u00f3n contra el vicealmirante de la Armada Dominicana F\u00e9lix Alburquerque Compr\u00e9s, acusado de haber asesinado a balazos al comunicador Manuel Duncan.<\/p>\n\n\n\n<p>La decisi\u00f3n obedece a que el juez a cargo pidi\u00f3 inhibirse y la defensa solicit\u00f3 que los certificados m\u00e9dicos de su representado y que se ordene una nueva evaluaci\u00f3n, ya que el acusado tiene varios golpes.<\/p>\n\n\n\n<p>El Ministerio ha solicitado un a\u00f1o de prisi\u00f3n preventiva contra Alburquerque Compr\u00e9s, al igual que la familia de Duncan, que se constituir\u00e1 en actor civil de la acusaci\u00f3n una vez tenga en su poder el expediente.<\/p>\n\n\n\n<p>El abogado Jos\u00e9 Ariza, de la defensa de Alburquerque, afirm\u00f3 que su representado, quien se entreg\u00f3 el pasado s\u00e1bado a la Procuradur\u00eda General de la Rep\u00fablica (PGR), est\u00e1 arrepentido de lo que hizo.<\/p>\n\n\n\n<p>La Fiscal\u00eda argumenta que el expresidente de la Direcci\u00f3n Nacional de Control de Drogas debe ser enviado a prisi\u00f3n preventiva, debido a que no ofrece garant\u00eda para presentarse a los actos del procedimiento y someterse a los mismos.<\/p>\n\n\n\n<p>Tambi\u00e9n considera que existe el peligro de fuga por tratarse de un hecho grave y por \u00abla posibilidad de que el imputado torpedee el proceso de investigaci\u00f3n\u00bb intimidando a testigos, dadas \u00ablas relaciones que cultiv\u00f3 en su carrera militar y su comportamiento violento\u00bb, a lo que se suma que ocult\u00f3 el arma ilegal que utiliz\u00f3 para cometer el hecho criminal.<\/p>\n\n\n\n<p>El expediente establece que el pasado 19 agosto, sobre las 2:30 de la madrugada, se origin\u00f3 una pelea entre el imputado y la v\u00edctima que derivo en la muerte de este \u00faltimo a manos del imputado.<\/p>\n\n\n\n<p>Indica que Duncan estaba en un establecimiento de comida r\u00e1pida de la capital cuando lleg\u00f3 Alburquerque y se origin\u00f3 una discusi\u00f3n entre ambos, llegando a agredirse mutuamente hasta que intervino un vigilante de seguridad y una persona que acompa\u00f1aba a la v\u00edctima.<\/p>\n\n\n\n<p>Posteriormente, Alburquerque se dirigi\u00f3 a su veh\u00edculo, de donde sac\u00f3 una pistola y comenz\u00f3 a realizar m\u00faltiples disparos en contra de la v\u00edctima y de su amigo, que salieron corriendo y evitaron que los tiros los alcanzaran.<\/p>\n\n\n\n<p>Duncan se escondi\u00f3 detr\u00e1s de una banca de loter\u00eda donde lo encontr\u00f3 el acusado, que le dispar\u00f3 en el t\u00f3rax y, cuando la v\u00edctima cay\u00f3 al pavimento, le hizo otro disparo y se march\u00f3 de la escena del crimen, dejando el cad\u00e1ver tirado en el suelo, tal y como se aprecia en un video de c\u00e1mara de seguridad difundido por internet.<\/p>\n\n\n\n<p>El comunicador falleci\u00f3 a causa de herida por proyectil de arma de fuego en hemit\u00f3rax derecho y salida en regi\u00f3n dorsal, conforme al acta de levantamiento de cad\u00e1ver realizada por el Instituto Nacional de Ciencias Forenses (Inacif).<\/p>\n\n\n\n<p>Tras cometer el hecho, el imputado se deshizo del arma homicida, que el Ministerio P\u00fablico califica de \u00abilegal\u00bb puesto que \u00abno le fue asignada por su instituci\u00f3n castrense\u00bb a la que pertenece.<\/p>\n\n\n\n<p>Alburquerque fue arrestado mediante orden judicial emitida por la Oficina Judicial de Servicios de Atenci\u00f3n Permanente del Distrito Nacional por violar disposiciones del C\u00f3digo Penal Dominicano y de la Ley para el Control y Regulaci\u00f3n de Armas, Municiones y Materiales Relacionados, que tipifican el homicidio voluntario causado con arma de fuego ilegal.<\/p>\n","protected":false},"excerpt":{"rendered":"<p>SANTO DOMINGO.- El Juzgado de Atenci\u00f3n Permanente del Distrito Nacional aplaz\u00f3 para el d\u00eda 31 la audiencia para conocer medidas de coerci\u00f3n contra el vicealmirante de la Armada Dominicana F\u00e9lix Alburquerque Compr\u00e9s, acusado de haber asesinado a balazos al comunicador Manuel Duncan. La decisi\u00f3n obedece a que el juez a cargo pidi\u00f3 inhibirse y la [&hellip;]<\/p>\n","protected":false},"author":1,"featured_media":10591,"comment_status":"open","ping_status":"open","sticky":false,"template":"","format":"standard","meta":{"nf_dc_page":"","jetpack_post_was_ever_published":false,"_jetpack_newsletter_access":"","_jetpack_dont_email_post_to_subs":false,"_jetpack_newsletter_tier_id":0,"_jetpack_memberships_contains_paywalled_content":false,"_jetpack_memberships_contains_paid_content":false,"footnotes":"","jetpack_publicize_message":"","jetpack_publicize_feature_enabled":true,"jetpack_social_post_already_shared":false,"jetpack_social_options":{"image_generator_settings":{"template":"highway","default_image_id":0,"font":"","enabled":false},"version":2}},"categories":[93],"tags":[],"class_list":["post-10590","post","type-post","status-publish","format-standard","has-post-thumbnail","hentry","category-justicia"],"yoast_head":"<!-- This site is optimized with the Yoast SEO plugin v27.4 - https:\/\/yoast.com\/product\/yoast-seo-wordpress\/ -->\n<title>Aplazan conocimiento medida de coerci\u00f3n contra Alburquerque - Minuto Cero RD<\/title>\n<meta name=\"robots\" content=\"index, follow, max-snippet:-1, max-image-preview:large, max-video-preview:-1\" \/>\n<link rel=\"canonical\" href=\"http:\/\/minutocerord.com\/?p=10590\" \/>\n<meta property=\"og:locale\" content=\"es_ES\" \/>\n<meta property=\"og:type\" content=\"article\" \/>\n<meta property=\"og:title\" content=\"Aplazan conocimiento medida de coerci\u00f3n contra Alburquerque - Minuto Cero RD\" \/>\n<meta property=\"og:description\" content=\"SANTO DOMINGO.- El Juzgado de Atenci\u00f3n Permanente del Distrito Nacional aplaz\u00f3 para el d\u00eda 31 la audiencia para conocer medidas de coerci\u00f3n contra el vicealmirante de la Armada Dominicana F\u00e9lix Alburquerque Compr\u00e9s, acusado de haber asesinado a balazos al comunicador Manuel Duncan. La decisi\u00f3n obedece a que el juez a cargo pidi\u00f3 inhibirse y la [&hellip;]\" \/>\n<meta property=\"og:url\" content=\"http:\/\/minutocerord.com\/?p=10590\" \/>\n<meta property=\"og:site_name\" content=\"Minuto Cero RD\" \/>\n<meta property=\"article:publisher\" content=\"https:\/\/www.facebook.com\/Genofnotes\" \/>\n<meta property=\"article:author\" content=\"https:\/\/www.facebook.com\/Genofnotes\" \/>\n<meta property=\"article:published_time\" content=\"2022-08-22T20:13:05+00:00\" \/>\n<meta property=\"article:modified_time\" content=\"2022-08-22T20:13:07+00:00\" \/>\n<meta property=\"og:image\" content=\"https:\/\/i0.wp.com\/minutocerord.com\/wp-content\/uploads\/2022\/08\/felix-alburquerque-compres-y-manuel-duncan-892x502-1-770x502-1.jpg?fit=770%2C449\" \/>\n\t<meta property=\"og:image:width\" content=\"770\" \/>\n\t<meta property=\"og:image:height\" content=\"449\" \/>\n\t<meta property=\"og:image:type\" content=\"image\/jpeg\" \/>\n<meta name=\"author\" content=\"Genof\u00f3ntes Urb\u00e1ez\" \/>\n<meta name=\"twitter:card\" content=\"summary_large_image\" \/>\n<meta name=\"twitter:label1\" content=\"Written by\" \/>\n\t<meta name=\"twitter:data1\" content=\"Genof\u00f3ntes Urb\u00e1ez\" \/>\n\t<meta name=\"twitter:label2\" content=\"Est. reading time\" \/>\n\t<meta name=\"twitter:data2\" content=\"3 minutos\" \/>\n<script type=\"application\/ld+json\" class=\"yoast-schema-graph\">{\"@context\":\"https:\\\/\\\/schema.org\",\"@graph\":[{\"@type\":\"Article\",\"@id\":\"http:\\\/\\\/minutocerord.com\\\/?p=10590#article\",\"isPartOf\":{\"@id\":\"http:\\\/\\\/minutocerord.com\\\/?p=10590\"},\"author\":{\"name\":\"Genof\u00f3ntes Urb\u00e1ez\",\"@id\":\"https:\\\/\\\/minutocerord.com\\\/#\\\/schema\\\/person\\\/60b5372d60aaa0a5171fb6488be9aee6\"},\"headline\":\"Aplazan conocimiento medida de coerci\u00f3n contra Alburquerque\",\"datePublished\":\"2022-08-22T20:13:05+00:00\",\"dateModified\":\"2022-08-22T20:13:07+00:00\",\"mainEntityOfPage\":{\"@id\":\"http:\\\/\\\/minutocerord.com\\\/?p=10590\"},\"wordCount\":591,\"commentCount\":0,\"publisher\":{\"@id\":\"https:\\\/\\\/minutocerord.com\\\/#\\\/schema\\\/person\\\/60b5372d60aaa0a5171fb6488be9aee6\"},\"image\":{\"@id\":\"http:\\\/\\\/minutocerord.com\\\/?p=10590#primaryimage\"},\"thumbnailUrl\":\"https:\\\/\\\/i0.wp.com\\\/minutocerord.com\\\/wp-content\\\/uploads\\\/2022\\\/08\\\/felix-alburquerque-compres-y-manuel-duncan-892x502-1-770x502-1.jpg?fit=770%2C449&ssl=1\",\"articleSection\":[\"Justicia\"],\"inLanguage\":\"es-DO\",\"potentialAction\":[{\"@type\":\"CommentAction\",\"name\":\"Comment\",\"target\":[\"http:\\\/\\\/minutocerord.com\\\/?p=10590#respond\"]}]},{\"@type\":\"WebPage\",\"@id\":\"http:\\\/\\\/minutocerord.com\\\/?p=10590\",\"url\":\"http:\\\/\\\/minutocerord.com\\\/?p=10590\",\"name\":\"Aplazan conocimiento medida de coerci\u00f3n contra Alburquerque - Minuto Cero RD\",\"isPartOf\":{\"@id\":\"https:\\\/\\\/minutocerord.com\\\/#website\"},\"primaryImageOfPage\":{\"@id\":\"http:\\\/\\\/minutocerord.com\\\/?p=10590#primaryimage\"},\"image\":{\"@id\":\"http:\\\/\\\/minutocerord.com\\\/?p=10590#primaryimage\"},\"thumbnailUrl\":\"https:\\\/\\\/i0.wp.com\\\/minutocerord.com\\\/wp-content\\\/uploads\\\/2022\\\/08\\\/felix-alburquerque-compres-y-manuel-duncan-892x502-1-770x502-1.jpg?fit=770%2C449&ssl=1\",\"datePublished\":\"2022-08-22T20:13:05+00:00\",\"dateModified\":\"2022-08-22T20:13:07+00:00\",\"breadcrumb\":{\"@id\":\"http:\\\/\\\/minutocerord.com\\\/?p=10590#breadcrumb\"},\"inLanguage\":\"es-DO\",\"potentialAction\":[{\"@type\":\"ReadAction\",\"target\":[\"http:\\\/\\\/minutocerord.com\\\/?p=10590\"]}]},{\"@type\":\"ImageObject\",\"inLanguage\":\"es-DO\",\"@id\":\"http:\\\/\\\/minutocerord.com\\\/?p=10590#primaryimage\",\"url\":\"https:\\\/\\\/i0.wp.com\\\/minutocerord.com\\\/wp-content\\\/uploads\\\/2022\\\/08\\\/felix-alburquerque-compres-y-manuel-duncan-892x502-1-770x502-1.jpg?fit=770%2C449&ssl=1\",\"contentUrl\":\"https:\\\/\\\/i0.wp.com\\\/minutocerord.com\\\/wp-content\\\/uploads\\\/2022\\\/08\\\/felix-alburquerque-compres-y-manuel-duncan-892x502-1-770x502-1.jpg?fit=770%2C449&ssl=1\",\"width\":770,\"height\":449},{\"@type\":\"BreadcrumbList\",\"@id\":\"http:\\\/\\\/minutocerord.com\\\/?p=10590#breadcrumb\",\"itemListElement\":[{\"@type\":\"ListItem\",\"position\":1,\"name\":\"Home\",\"item\":\"https:\\\/\\\/minutocerord.com\\\/\"},{\"@type\":\"ListItem\",\"position\":2,\"name\":\"Aplazan conocimiento medida de coerci\u00f3n contra Alburquerque\"}]},{\"@type\":\"WebSite\",\"@id\":\"https:\\\/\\\/minutocerord.com\\\/#website\",\"url\":\"https:\\\/\\\/minutocerord.com\\\/\",\"name\":\"Minuto Cero RD\",\"description\":\"Periodismo serio y veraz\",\"publisher\":{\"@id\":\"https:\\\/\\\/minutocerord.com\\\/#\\\/schema\\\/person\\\/60b5372d60aaa0a5171fb6488be9aee6\"},\"potentialAction\":[{\"@type\":\"SearchAction\",\"target\":{\"@type\":\"EntryPoint\",\"urlTemplate\":\"https:\\\/\\\/minutocerord.com\\\/?s={search_term_string}\"},\"query-input\":{\"@type\":\"PropertyValueSpecification\",\"valueRequired\":true,\"valueName\":\"search_term_string\"}}],\"inLanguage\":\"es-DO\"},{\"@type\":[\"Person\",\"Organization\"],\"@id\":\"https:\\\/\\\/minutocerord.com\\\/#\\\/schema\\\/person\\\/60b5372d60aaa0a5171fb6488be9aee6\",\"name\":\"Genof\u00f3ntes Urb\u00e1ez\",\"image\":{\"@type\":\"ImageObject\",\"inLanguage\":\"es-DO\",\"@id\":\"https:\\\/\\\/secure.gravatar.com\\\/avatar\\\/a49ef3186a692098ac3e8a1612261e3ad70cf9e44553dff2929e67939a0ecb9d?s=96&d=identicon&r=g\",\"url\":\"https:\\\/\\\/secure.gravatar.com\\\/avatar\\\/a49ef3186a692098ac3e8a1612261e3ad70cf9e44553dff2929e67939a0ecb9d?s=96&d=identicon&r=g\",\"contentUrl\":\"https:\\\/\\\/secure.gravatar.com\\\/avatar\\\/a49ef3186a692098ac3e8a1612261e3ad70cf9e44553dff2929e67939a0ecb9d?s=96&d=identicon&r=g\",\"caption\":\"Genof\u00f3ntes Urb\u00e1ez\"},\"logo\":{\"@id\":\"https:\\\/\\\/secure.gravatar.com\\\/avatar\\\/a49ef3186a692098ac3e8a1612261e3ad70cf9e44553dff2929e67939a0ecb9d?s=96&d=identicon&r=g\"},\"description\":\"Periodista \\\/ Locutor\",\"sameAs\":[\"https:\\\/\\\/www.facebook.com\\\/Genofnotes\",\"https:\\\/\\\/www.instagram.com\\\/genofnotes\\\/\"]}]}<\/script>\n<!-- \/ Yoast SEO plugin. -->","yoast_head_json":{"title":"Aplazan conocimiento medida de coerci\u00f3n contra Alburquerque - Minuto Cero RD","robots":{"index":"index","follow":"follow","max-snippet":"max-snippet:-1","max-image-preview":"max-image-preview:large","max-video-preview":"max-video-preview:-1"},"canonical":"http:\/\/minutocerord.com\/?p=10590","og_locale":"es_ES","og_type":"article","og_title":"Aplazan conocimiento medida de coerci\u00f3n contra Alburquerque - Minuto Cero RD","og_description":"SANTO DOMINGO.- El Juzgado de Atenci\u00f3n Permanente del Distrito Nacional aplaz\u00f3 para el d\u00eda 31 la audiencia para conocer medidas de coerci\u00f3n contra el vicealmirante de la Armada Dominicana F\u00e9lix Alburquerque Compr\u00e9s, acusado de haber asesinado a balazos al comunicador Manuel Duncan. La decisi\u00f3n obedece a que el juez a cargo pidi\u00f3 inhibirse y la [&hellip;]","og_url":"http:\/\/minutocerord.com\/?p=10590","og_site_name":"Minuto Cero RD","article_publisher":"https:\/\/www.facebook.com\/Genofnotes","article_author":"https:\/\/www.facebook.com\/Genofnotes","article_published_time":"2022-08-22T20:13:05+00:00","article_modified_time":"2022-08-22T20:13:07+00:00","og_image":[{"width":770,"height":449,"url":"https:\/\/i0.wp.com\/minutocerord.com\/wp-content\/uploads\/2022\/08\/felix-alburquerque-compres-y-manuel-duncan-892x502-1-770x502-1.jpg?fit=770%2C449","type":"image\/jpeg"}],"author":"Genof\u00f3ntes Urb\u00e1ez","twitter_card":"summary_large_image","twitter_misc":{"Written by":"Genof\u00f3ntes Urb\u00e1ez","Est. reading time":"3 minutos"},"schema":{"@context":"https:\/\/schema.org","@graph":[{"@type":"Article","@id":"http:\/\/minutocerord.com\/?p=10590#article","isPartOf":{"@id":"http:\/\/minutocerord.com\/?p=10590"},"author":{"name":"Genof\u00f3ntes Urb\u00e1ez","@id":"https:\/\/minutocerord.com\/#\/schema\/person\/60b5372d60aaa0a5171fb6488be9aee6"},"headline":"Aplazan conocimiento medida de coerci\u00f3n contra Alburquerque","datePublished":"2022-08-22T20:13:05+00:00","dateModified":"2022-08-22T20:13:07+00:00","mainEntityOfPage":{"@id":"http:\/\/minutocerord.com\/?p=10590"},"wordCount":591,"commentCount":0,"publisher":{"@id":"https:\/\/minutocerord.com\/#\/schema\/person\/60b5372d60aaa0a5171fb6488be9aee6"},"image":{"@id":"http:\/\/minutocerord.com\/?p=10590#primaryimage"},"thumbnailUrl":"https:\/\/i0.wp.com\/minutocerord.com\/wp-content\/uploads\/2022\/08\/felix-alburquerque-compres-y-manuel-duncan-892x502-1-770x502-1.jpg?fit=770%2C449&ssl=1","articleSection":["Justicia"],"inLanguage":"es-DO","potentialAction":[{"@type":"CommentAction","name":"Comment","target":["http:\/\/minutocerord.com\/?p=10590#respond"]}]},{"@type":"WebPage","@id":"http:\/\/minutocerord.com\/?p=10590","url":"http:\/\/minutocerord.com\/?p=10590","name":"Aplazan conocimiento medida de coerci\u00f3n contra Alburquerque - Minuto Cero RD","isPartOf":{"@id":"https:\/\/minutocerord.com\/#website"},"primaryImageOfPage":{"@id":"http:\/\/minutocerord.com\/?p=10590#primaryimage"},"image":{"@id":"http:\/\/minutocerord.com\/?p=10590#primaryimage"},"thumbnailUrl":"https:\/\/i0.wp.com\/minutocerord.com\/wp-content\/uploads\/2022\/08\/felix-alburquerque-compres-y-manuel-duncan-892x502-1-770x502-1.jpg?fit=770%2C449&ssl=1","datePublished":"2022-08-22T20:13:05+00:00","dateModified":"2022-08-22T20:13:07+00:00","breadcrumb":{"@id":"http:\/\/minutocerord.com\/?p=10590#breadcrumb"},"inLanguage":"es-DO","potentialAction":[{"@type":"ReadAction","target":["http:\/\/minutocerord.com\/?p=10590"]}]},{"@type":"ImageObject","inLanguage":"es-DO","@id":"http:\/\/minutocerord.com\/?p=10590#primaryimage","url":"https:\/\/i0.wp.com\/minutocerord.com\/wp-content\/uploads\/2022\/08\/felix-alburquerque-compres-y-manuel-duncan-892x502-1-770x502-1.jpg?fit=770%2C449&ssl=1","contentUrl":"https:\/\/i0.wp.com\/minutocerord.com\/wp-content\/uploads\/2022\/08\/felix-alburquerque-compres-y-manuel-duncan-892x502-1-770x502-1.jpg?fit=770%2C449&ssl=1","width":770,"height":449},{"@type":"BreadcrumbList","@id":"http:\/\/minutocerord.com\/?p=10590#breadcrumb","itemListElement":[{"@type":"ListItem","position":1,"name":"Home","item":"https:\/\/minutocerord.com\/"},{"@type":"ListItem","position":2,"name":"Aplazan conocimiento medida de coerci\u00f3n contra Alburquerque"}]},{"@type":"WebSite","@id":"https:\/\/minutocerord.com\/#website","url":"https:\/\/minutocerord.com\/","name":"Minuto Cero RD","description":"Periodismo serio y veraz","publisher":{"@id":"https:\/\/minutocerord.com\/#\/schema\/person\/60b5372d60aaa0a5171fb6488be9aee6"},"potentialAction":[{"@type":"SearchAction","target":{"@type":"EntryPoint","urlTemplate":"https:\/\/minutocerord.com\/?s={search_term_string}"},"query-input":{"@type":"PropertyValueSpecification","valueRequired":true,"valueName":"search_term_string"}}],"inLanguage":"es-DO"},{"@type":["Person","Organization"],"@id":"https:\/\/minutocerord.com\/#\/schema\/person\/60b5372d60aaa0a5171fb6488be9aee6","name":"Genof\u00f3ntes Urb\u00e1ez","image":{"@type":"ImageObject","inLanguage":"es-DO","@id":"https:\/\/secure.gravatar.com\/avatar\/a49ef3186a692098ac3e8a1612261e3ad70cf9e44553dff2929e67939a0ecb9d?s=96&d=identicon&r=g","url":"https:\/\/secure.gravatar.com\/avatar\/a49ef3186a692098ac3e8a1612261e3ad70cf9e44553dff2929e67939a0ecb9d?s=96&d=identicon&r=g","contentUrl":"https:\/\/secure.gravatar.com\/avatar\/a49ef3186a692098ac3e8a1612261e3ad70cf9e44553dff2929e67939a0ecb9d?s=96&d=identicon&r=g","caption":"Genof\u00f3ntes Urb\u00e1ez"},"logo":{"@id":"https:\/\/secure.gravatar.com\/avatar\/a49ef3186a692098ac3e8a1612261e3ad70cf9e44553dff2929e67939a0ecb9d?s=96&d=identicon&r=g"},"description":"Periodista \/ Locutor","sameAs":["https:\/\/www.facebook.com\/Genofnotes","https:\/\/www.instagram.com\/genofnotes\/"]}]}},"jetpack_publicize_connections":[],"jetpack_featured_media_url":"https:\/\/i0.wp.com\/minutocerord.com\/wp-content\/uploads\/2022\/08\/felix-alburquerque-compres-y-manuel-duncan-892x502-1-770x502-1.jpg?fit=770%2C449&ssl=1","jetpack-related-posts":[],"jetpack_sharing_enabled":true,"_links":{"self":[{"href":"https:\/\/minutocerord.com\/index.php?rest_route=\/wp\/v2\/posts\/10590","targetHints":{"allow":["GET"]}}],"collection":[{"href":"https:\/\/minutocerord.com\/index.php?rest_route=\/wp\/v2\/posts"}],"about":[{"href":"https:\/\/minutocerord.com\/index.php?rest_route=\/wp\/v2\/types\/post"}],"author":[{"embeddable":true,"href":"https:\/\/minutocerord.com\/index.php?rest_route=\/wp\/v2\/users\/1"}],"replies":[{"embeddable":true,"href":"https:\/\/minutocerord.com\/index.php?rest_route=%2Fwp%2Fv2%2Fcomments&post=10590"}],"version-history":[{"count":1,"href":"https:\/\/minutocerord.com\/index.php?rest_route=\/wp\/v2\/posts\/10590\/revisions"}],"predecessor-version":[{"id":10592,"href":"https:\/\/minutocerord.com\/index.php?rest_route=\/wp\/v2\/posts\/10590\/revisions\/10592"}],"wp:featuredmedia":[{"embeddable":true,"href":"https:\/\/minutocerord.com\/index.php?rest_route=\/wp\/v2\/media\/10591"}],"wp:attachment":[{"href":"https:\/\/minutocerord.com\/index.php?rest_route=%2Fwp%2Fv2%2Fmedia&parent=10590"}],"wp:term":[{"taxonomy":"category","embeddable":true,"href":"https:\/\/minutocerord.com\/index.php?rest_route=%2Fwp%2Fv2%2Fcategories&post=10590"},{"taxonomy":"post_tag","embeddable":true,"href":"https:\/\/minutocerord.com\/index.php?rest_route=%2Fwp%2Fv2%2Ftags&post=10590"}],"curies":[{"name":"wp","href":"https:\/\/api.w.org\/{rel}","templated":true}]}}