{"id":10593,"date":"2022-08-23T14:32:37","date_gmt":"2022-08-23T18:32:37","guid":{"rendered":"https:\/\/minutocerord.com\/?p=10593"},"modified":"2022-08-29T09:41:02","modified_gmt":"2022-08-29T13:41:02","slug":"madrid-detienen-9-pandilleros-dominicanos-por-muerte-de-joven","status":"publish","type":"post","link":"https:\/\/minutocerord.com\/?p=10593","title":{"rendered":"MADRID: Detienen 9 pandilleros dominicanos por muerte de joven"},"content":{"rendered":"\n<p><strong>MADRID.- <\/strong>La Polic\u00eda espa\u00f1ola detuvo en Madrid a nueve miembros de la banda juvenil Dominican Don\u2019t Play (DDP), cinco de ellos menores de edad, como presuntos autores del homicidio de un joven de 20 a\u00f1os hace un a\u00f1o en la capital espa\u00f1ola.<\/p>\n\n\n\n<p>Los hechos ocurrieron el 19 de agosto de 2021 cuando los agresores atacaron a un joven, caus\u00e1ndole lesiones que acabaron con su vida, informaron este martes fuentes policiales.<\/p>\n\n\n\n<p>La reyerta se produjo cuando tres de los detenidos se cruzaron con la v\u00edctima que, en ese momento, se dirigi\u00f3 a ellos con una expresi\u00f3n empleada por la banda rival Blood.<\/p>\n\n\n\n<p>El chico sigui\u00f3 su camino hasta un domicilio donde le esperaban varios amigos, pero lo tres atacantes le siguieron e irrumpieron en el lugar con otros seis miembros de la banda y comenzaron a provocar al joven, que les dijo que no pertenec\u00eda a ning\u00fan grupo.<\/p>\n\n\n\n<p>Durante la pelea, la v\u00edctima fue apu\u00f1alada adem\u00e1s de sufrir otras lesiones causadas con un machete cuando trataba de defenderse.<\/p>\n\n\n\n<p>El joven falleci\u00f3 despu\u00e9s de refugiarse en la vivienda donde se encontraban el resto de sus amigos.<\/p>\n\n\n\n<p>La Polic\u00eda acudi\u00f3 al lugar de los hechos, donde comenzaron las primeras pesquisas, y tras un a\u00f1o de investigaci\u00f3n consigui\u00f3 identificar al grupo.<\/p>\n\n\n\n<p>Todos sus miembros fueron detenidos y puestos a disposici\u00f3n de la autoridad judicial y la Fiscal\u00eda de Menores, decretando su ingreso en prisi\u00f3n y su internamiento en centros de menores, as\u00ed como libertad vigilada para uno de ellos. EFE<\/p>\n","protected":false},"excerpt":{"rendered":"<p>MADRID.- La Polic\u00eda espa\u00f1ola detuvo en Madrid a nueve miembros de la banda juvenil Dominican Don\u2019t Play (DDP), cinco de ellos menores de edad, como presuntos autores del homicidio de un joven de 20 a\u00f1os hace un a\u00f1o en la capital espa\u00f1ola. Los hechos ocurrieron el 19 de agosto de 2021 cuando los agresores atacaron [&hellip;]<\/p>\n","protected":false},"author":1,"featured_media":10594,"comment_status":"open","ping_status":"open","sticky":false,"template":"","format":"standard","meta":{"nf_dc_page":"","jetpack_post_was_ever_published":false,"_jetpack_newsletter_access":"","_jetpack_dont_email_post_to_subs":false,"_jetpack_newsletter_tier_id":0,"_jetpack_memberships_contains_paywalled_content":false,"_jetpack_memberships_contains_paid_content":false,"footnotes":"","jetpack_publicize_message":"","jetpack_publicize_feature_enabled":true,"jetpack_social_post_already_shared":false,"jetpack_social_options":{"image_generator_settings":{"template":"highway","default_image_id":0,"font":"","enabled":false},"version":2}},"categories":[79],"tags":[],"class_list":["post-10593","post","type-post","status-publish","format-standard","has-post-thumbnail","hentry"],"yoast_head":"<!-- This site is optimized with the Yoast SEO plugin v27.4 - https:\/\/yoast.com\/product\/yoast-seo-wordpress\/ -->\n<title>MADRID: Detienen 9 pandilleros dominicanos por muerte de joven - Minuto Cero RD<\/title>\n<meta name=\"robots\" content=\"index, follow, max-snippet:-1, max-image-preview:large, max-video-preview:-1\" \/>\n<link rel=\"canonical\" href=\"http:\/\/minutocerord.com\/?p=10593\" \/>\n<meta property=\"og:locale\" content=\"es_ES\" \/>\n<meta property=\"og:type\" content=\"article\" \/>\n<meta property=\"og:title\" content=\"MADRID: Detienen 9 pandilleros dominicanos por muerte de joven - Minuto Cero RD\" \/>\n<meta property=\"og:description\" content=\"MADRID.- La Polic\u00eda espa\u00f1ola detuvo en Madrid a nueve miembros de la banda juvenil Dominican Don\u2019t Play (DDP), cinco de ellos menores de edad, como presuntos autores del homicidio de un joven de 20 a\u00f1os hace un a\u00f1o en la capital espa\u00f1ola. Los hechos ocurrieron el 19 de agosto de 2021 cuando los agresores atacaron [&hellip;]\" \/>\n<meta property=\"og:url\" content=\"http:\/\/minutocerord.com\/?p=10593\" \/>\n<meta property=\"og:site_name\" content=\"Minuto Cero RD\" \/>\n<meta property=\"article:publisher\" content=\"https:\/\/www.facebook.com\/Genofnotes\" \/>\n<meta property=\"article:author\" content=\"https:\/\/www.facebook.com\/Genofnotes\" \/>\n<meta property=\"article:published_time\" content=\"2022-08-23T18:32:37+00:00\" \/>\n<meta property=\"article:modified_time\" content=\"2022-08-29T13:41:02+00:00\" \/>\n<meta property=\"og:image\" content=\"https:\/\/i0.wp.com\/minutocerord.com\/wp-content\/uploads\/2022\/08\/Untitled-84.jpg?fit=897%2C513\" \/>\n\t<meta property=\"og:image:width\" content=\"897\" \/>\n\t<meta property=\"og:image:height\" content=\"513\" \/>\n\t<meta property=\"og:image:type\" content=\"image\/jpeg\" \/>\n<meta name=\"author\" content=\"Genof\u00f3ntes Urb\u00e1ez\" \/>\n<meta name=\"twitter:card\" content=\"summary_large_image\" \/>\n<meta name=\"twitter:label1\" content=\"Written by\" \/>\n\t<meta name=\"twitter:data1\" content=\"Genof\u00f3ntes Urb\u00e1ez\" \/>\n\t<meta name=\"twitter:label2\" content=\"Est. reading time\" \/>\n\t<meta name=\"twitter:data2\" content=\"2 minutos\" \/>\n<script type=\"application\/ld+json\" class=\"yoast-schema-graph\">{\"@context\":\"https:\\\/\\\/schema.org\",\"@graph\":[{\"@type\":\"Article\",\"@id\":\"http:\\\/\\\/minutocerord.com\\\/?p=10593#article\",\"isPartOf\":{\"@id\":\"http:\\\/\\\/minutocerord.com\\\/?p=10593\"},\"author\":{\"name\":\"Genof\u00f3ntes Urb\u00e1ez\",\"@id\":\"https:\\\/\\\/minutocerord.com\\\/#\\\/schema\\\/person\\\/60b5372d60aaa0a5171fb6488be9aee6\"},\"headline\":\"MADRID: Detienen 9 pandilleros dominicanos por muerte de joven\",\"datePublished\":\"2022-08-23T18:32:37+00:00\",\"dateModified\":\"2022-08-29T13:41:02+00:00\",\"mainEntityOfPage\":{\"@id\":\"http:\\\/\\\/minutocerord.com\\\/?p=10593\"},\"wordCount\":273,\"commentCount\":0,\"publisher\":{\"@id\":\"https:\\\/\\\/minutocerord.com\\\/#\\\/schema\\\/person\\\/60b5372d60aaa0a5171fb6488be9aee6\"},\"image\":{\"@id\":\"http:\\\/\\\/minutocerord.com\\\/?p=10593#primaryimage\"},\"thumbnailUrl\":\"https:\\\/\\\/i0.wp.com\\\/minutocerord.com\\\/wp-content\\\/uploads\\\/2022\\\/08\\\/Untitled-84.jpg?fit=897%2C513&ssl=1\",\"articleSection\":[\"Espa\u00f1a\"],\"inLanguage\":\"es-DO\",\"potentialAction\":[{\"@type\":\"CommentAction\",\"name\":\"Comment\",\"target\":[\"http:\\\/\\\/minutocerord.com\\\/?p=10593#respond\"]}]},{\"@type\":\"WebPage\",\"@id\":\"http:\\\/\\\/minutocerord.com\\\/?p=10593\",\"url\":\"http:\\\/\\\/minutocerord.com\\\/?p=10593\",\"name\":\"MADRID: Detienen 9 pandilleros dominicanos por muerte de joven - Minuto Cero RD\",\"isPartOf\":{\"@id\":\"https:\\\/\\\/minutocerord.com\\\/#website\"},\"primaryImageOfPage\":{\"@id\":\"http:\\\/\\\/minutocerord.com\\\/?p=10593#primaryimage\"},\"image\":{\"@id\":\"http:\\\/\\\/minutocerord.com\\\/?p=10593#primaryimage\"},\"thumbnailUrl\":\"https:\\\/\\\/i0.wp.com\\\/minutocerord.com\\\/wp-content\\\/uploads\\\/2022\\\/08\\\/Untitled-84.jpg?fit=897%2C513&ssl=1\",\"datePublished\":\"2022-08-23T18:32:37+00:00\",\"dateModified\":\"2022-08-29T13:41:02+00:00\",\"breadcrumb\":{\"@id\":\"http:\\\/\\\/minutocerord.com\\\/?p=10593#breadcrumb\"},\"inLanguage\":\"es-DO\",\"potentialAction\":[{\"@type\":\"ReadAction\",\"target\":[\"http:\\\/\\\/minutocerord.com\\\/?p=10593\"]}]},{\"@type\":\"ImageObject\",\"inLanguage\":\"es-DO\",\"@id\":\"http:\\\/\\\/minutocerord.com\\\/?p=10593#primaryimage\",\"url\":\"https:\\\/\\\/i0.wp.com\\\/minutocerord.com\\\/wp-content\\\/uploads\\\/2022\\\/08\\\/Untitled-84.jpg?fit=897%2C513&ssl=1\",\"contentUrl\":\"https:\\\/\\\/i0.wp.com\\\/minutocerord.com\\\/wp-content\\\/uploads\\\/2022\\\/08\\\/Untitled-84.jpg?fit=897%2C513&ssl=1\",\"width\":897,\"height\":513},{\"@type\":\"BreadcrumbList\",\"@id\":\"http:\\\/\\\/minutocerord.com\\\/?p=10593#breadcrumb\",\"itemListElement\":[{\"@type\":\"ListItem\",\"position\":1,\"name\":\"Home\",\"item\":\"https:\\\/\\\/minutocerord.com\\\/\"},{\"@type\":\"ListItem\",\"position\":2,\"name\":\"MADRID: Detienen 9 pandilleros dominicanos por muerte de joven\"}]},{\"@type\":\"WebSite\",\"@id\":\"https:\\\/\\\/minutocerord.com\\\/#website\",\"url\":\"https:\\\/\\\/minutocerord.com\\\/\",\"name\":\"Minuto Cero RD\",\"description\":\"Periodismo serio y veraz\",\"publisher\":{\"@id\":\"https:\\\/\\\/minutocerord.com\\\/#\\\/schema\\\/person\\\/60b5372d60aaa0a5171fb6488be9aee6\"},\"potentialAction\":[{\"@type\":\"SearchAction\",\"target\":{\"@type\":\"EntryPoint\",\"urlTemplate\":\"https:\\\/\\\/minutocerord.com\\\/?s={search_term_string}\"},\"query-input\":{\"@type\":\"PropertyValueSpecification\",\"valueRequired\":true,\"valueName\":\"search_term_string\"}}],\"inLanguage\":\"es-DO\"},{\"@type\":[\"Person\",\"Organization\"],\"@id\":\"https:\\\/\\\/minutocerord.com\\\/#\\\/schema\\\/person\\\/60b5372d60aaa0a5171fb6488be9aee6\",\"name\":\"Genof\u00f3ntes Urb\u00e1ez\",\"image\":{\"@type\":\"ImageObject\",\"inLanguage\":\"es-DO\",\"@id\":\"https:\\\/\\\/secure.gravatar.com\\\/avatar\\\/a49ef3186a692098ac3e8a1612261e3ad70cf9e44553dff2929e67939a0ecb9d?s=96&d=identicon&r=g\",\"url\":\"https:\\\/\\\/secure.gravatar.com\\\/avatar\\\/a49ef3186a692098ac3e8a1612261e3ad70cf9e44553dff2929e67939a0ecb9d?s=96&d=identicon&r=g\",\"contentUrl\":\"https:\\\/\\\/secure.gravatar.com\\\/avatar\\\/a49ef3186a692098ac3e8a1612261e3ad70cf9e44553dff2929e67939a0ecb9d?s=96&d=identicon&r=g\",\"caption\":\"Genof\u00f3ntes Urb\u00e1ez\"},\"logo\":{\"@id\":\"https:\\\/\\\/secure.gravatar.com\\\/avatar\\\/a49ef3186a692098ac3e8a1612261e3ad70cf9e44553dff2929e67939a0ecb9d?s=96&d=identicon&r=g\"},\"description\":\"Periodista \\\/ Locutor\",\"sameAs\":[\"https:\\\/\\\/www.facebook.com\\\/Genofnotes\",\"https:\\\/\\\/www.instagram.com\\\/genofnotes\\\/\"]}]}<\/script>\n<!-- \/ Yoast SEO plugin. -->","yoast_head_json":{"title":"MADRID: Detienen 9 pandilleros dominicanos por muerte de joven - Minuto Cero RD","robots":{"index":"index","follow":"follow","max-snippet":"max-snippet:-1","max-image-preview":"max-image-preview:large","max-video-preview":"max-video-preview:-1"},"canonical":"http:\/\/minutocerord.com\/?p=10593","og_locale":"es_ES","og_type":"article","og_title":"MADRID: Detienen 9 pandilleros dominicanos por muerte de joven - Minuto Cero RD","og_description":"MADRID.- La Polic\u00eda espa\u00f1ola detuvo en Madrid a nueve miembros de la banda juvenil Dominican Don\u2019t Play (DDP), cinco de ellos menores de edad, como presuntos autores del homicidio de un joven de 20 a\u00f1os hace un a\u00f1o en la capital espa\u00f1ola. Los hechos ocurrieron el 19 de agosto de 2021 cuando los agresores atacaron [&hellip;]","og_url":"http:\/\/minutocerord.com\/?p=10593","og_site_name":"Minuto Cero RD","article_publisher":"https:\/\/www.facebook.com\/Genofnotes","article_author":"https:\/\/www.facebook.com\/Genofnotes","article_published_time":"2022-08-23T18:32:37+00:00","article_modified_time":"2022-08-29T13:41:02+00:00","og_image":[{"width":897,"height":513,"url":"https:\/\/i0.wp.com\/minutocerord.com\/wp-content\/uploads\/2022\/08\/Untitled-84.jpg?fit=897%2C513","type":"image\/jpeg"}],"author":"Genof\u00f3ntes Urb\u00e1ez","twitter_card":"summary_large_image","twitter_misc":{"Written by":"Genof\u00f3ntes Urb\u00e1ez","Est. reading time":"2 minutos"},"schema":{"@context":"https:\/\/schema.org","@graph":[{"@type":"Article","@id":"http:\/\/minutocerord.com\/?p=10593#article","isPartOf":{"@id":"http:\/\/minutocerord.com\/?p=10593"},"author":{"name":"Genof\u00f3ntes Urb\u00e1ez","@id":"https:\/\/minutocerord.com\/#\/schema\/person\/60b5372d60aaa0a5171fb6488be9aee6"},"headline":"MADRID: Detienen 9 pandilleros dominicanos por muerte de joven","datePublished":"2022-08-23T18:32:37+00:00","dateModified":"2022-08-29T13:41:02+00:00","mainEntityOfPage":{"@id":"http:\/\/minutocerord.com\/?p=10593"},"wordCount":273,"commentCount":0,"publisher":{"@id":"https:\/\/minutocerord.com\/#\/schema\/person\/60b5372d60aaa0a5171fb6488be9aee6"},"image":{"@id":"http:\/\/minutocerord.com\/?p=10593#primaryimage"},"thumbnailUrl":"https:\/\/i0.wp.com\/minutocerord.com\/wp-content\/uploads\/2022\/08\/Untitled-84.jpg?fit=897%2C513&ssl=1","articleSection":["Espa\u00f1a"],"inLanguage":"es-DO","potentialAction":[{"@type":"CommentAction","name":"Comment","target":["http:\/\/minutocerord.com\/?p=10593#respond"]}]},{"@type":"WebPage","@id":"http:\/\/minutocerord.com\/?p=10593","url":"http:\/\/minutocerord.com\/?p=10593","name":"MADRID: Detienen 9 pandilleros dominicanos por muerte de joven - Minuto Cero RD","isPartOf":{"@id":"https:\/\/minutocerord.com\/#website"},"primaryImageOfPage":{"@id":"http:\/\/minutocerord.com\/?p=10593#primaryimage"},"image":{"@id":"http:\/\/minutocerord.com\/?p=10593#primaryimage"},"thumbnailUrl":"https:\/\/i0.wp.com\/minutocerord.com\/wp-content\/uploads\/2022\/08\/Untitled-84.jpg?fit=897%2C513&ssl=1","datePublished":"2022-08-23T18:32:37+00:00","dateModified":"2022-08-29T13:41:02+00:00","breadcrumb":{"@id":"http:\/\/minutocerord.com\/?p=10593#breadcrumb"},"inLanguage":"es-DO","potentialAction":[{"@type":"ReadAction","target":["http:\/\/minutocerord.com\/?p=10593"]}]},{"@type":"ImageObject","inLanguage":"es-DO","@id":"http:\/\/minutocerord.com\/?p=10593#primaryimage","url":"https:\/\/i0.wp.com\/minutocerord.com\/wp-content\/uploads\/2022\/08\/Untitled-84.jpg?fit=897%2C513&ssl=1","contentUrl":"https:\/\/i0.wp.com\/minutocerord.com\/wp-content\/uploads\/2022\/08\/Untitled-84.jpg?fit=897%2C513&ssl=1","width":897,"height":513},{"@type":"BreadcrumbList","@id":"http:\/\/minutocerord.com\/?p=10593#breadcrumb","itemListElement":[{"@type":"ListItem","position":1,"name":"Home","item":"https:\/\/minutocerord.com\/"},{"@type":"ListItem","position":2,"name":"MADRID: Detienen 9 pandilleros dominicanos por muerte de joven"}]},{"@type":"WebSite","@id":"https:\/\/minutocerord.com\/#website","url":"https:\/\/minutocerord.com\/","name":"Minuto Cero RD","description":"Periodismo serio y veraz","publisher":{"@id":"https:\/\/minutocerord.com\/#\/schema\/person\/60b5372d60aaa0a5171fb6488be9aee6"},"potentialAction":[{"@type":"SearchAction","target":{"@type":"EntryPoint","urlTemplate":"https:\/\/minutocerord.com\/?s={search_term_string}"},"query-input":{"@type":"PropertyValueSpecification","valueRequired":true,"valueName":"search_term_string"}}],"inLanguage":"es-DO"},{"@type":["Person","Organization"],"@id":"https:\/\/minutocerord.com\/#\/schema\/person\/60b5372d60aaa0a5171fb6488be9aee6","name":"Genof\u00f3ntes Urb\u00e1ez","image":{"@type":"ImageObject","inLanguage":"es-DO","@id":"https:\/\/secure.gravatar.com\/avatar\/a49ef3186a692098ac3e8a1612261e3ad70cf9e44553dff2929e67939a0ecb9d?s=96&d=identicon&r=g","url":"https:\/\/secure.gravatar.com\/avatar\/a49ef3186a692098ac3e8a1612261e3ad70cf9e44553dff2929e67939a0ecb9d?s=96&d=identicon&r=g","contentUrl":"https:\/\/secure.gravatar.com\/avatar\/a49ef3186a692098ac3e8a1612261e3ad70cf9e44553dff2929e67939a0ecb9d?s=96&d=identicon&r=g","caption":"Genof\u00f3ntes Urb\u00e1ez"},"logo":{"@id":"https:\/\/secure.gravatar.com\/avatar\/a49ef3186a692098ac3e8a1612261e3ad70cf9e44553dff2929e67939a0ecb9d?s=96&d=identicon&r=g"},"description":"Periodista \/ Locutor","sameAs":["https:\/\/www.facebook.com\/Genofnotes","https:\/\/www.instagram.com\/genofnotes\/"]}]}},"jetpack_publicize_connections":[],"jetpack_featured_media_url":"https:\/\/i0.wp.com\/minutocerord.com\/wp-content\/uploads\/2022\/08\/Untitled-84.jpg?fit=897%2C513&ssl=1","jetpack-related-posts":[],"jetpack_sharing_enabled":true,"_links":{"self":[{"href":"https:\/\/minutocerord.com\/index.php?rest_route=\/wp\/v2\/posts\/10593","targetHints":{"allow":["GET"]}}],"collection":[{"href":"https:\/\/minutocerord.com\/index.php?rest_route=\/wp\/v2\/posts"}],"about":[{"href":"https:\/\/minutocerord.com\/index.php?rest_route=\/wp\/v2\/types\/post"}],"author":[{"embeddable":true,"href":"https:\/\/minutocerord.com\/index.php?rest_route=\/wp\/v2\/users\/1"}],"replies":[{"embeddable":true,"href":"https:\/\/minutocerord.com\/index.php?rest_route=%2Fwp%2Fv2%2Fcomments&post=10593"}],"version-history":[{"count":2,"href":"https:\/\/minutocerord.com\/index.php?rest_route=\/wp\/v2\/posts\/10593\/revisions"}],"predecessor-version":[{"id":10617,"href":"https:\/\/minutocerord.com\/index.php?rest_route=\/wp\/v2\/posts\/10593\/revisions\/10617"}],"wp:featuredmedia":[{"embeddable":true,"href":"https:\/\/minutocerord.com\/index.php?rest_route=\/wp\/v2\/media\/10594"}],"wp:attachment":[{"href":"https:\/\/minutocerord.com\/index.php?rest_route=%2Fwp%2Fv2%2Fmedia&parent=10593"}],"wp:term":[{"taxonomy":"category","embeddable":true,"href":"https:\/\/minutocerord.com\/index.php?rest_route=%2Fwp%2Fv2%2Fcategories&post=10593"},{"taxonomy":"post_tag","embeddable":true,"href":"https:\/\/minutocerord.com\/index.php?rest_route=%2Fwp%2Fv2%2Ftags&post=10593"}],"curies":[{"name":"wp","href":"https:\/\/api.w.org\/{rel}","templated":true}]}}