{"id":10596,"date":"2022-08-23T14:39:26","date_gmt":"2022-08-23T18:39:26","guid":{"rendered":"https:\/\/minutocerord.com\/?p=10596"},"modified":"2022-08-23T14:39:27","modified_gmt":"2022-08-23T18:39:27","slug":"scj-confirma-20-anos-prision-a-exfuncionario-que-violo-hijastra","status":"publish","type":"post","link":"https:\/\/minutocerord.com\/?p=10596","title":{"rendered":"SCJ confirma 20 a\u00f1os prisi\u00f3n a exfuncionario que viol\u00f3 hijastra"},"content":{"rendered":"\n<p><a href=\"https:\/\/almomento.net\/wp-content\/uploads\/2022\/08\/Untitled-85.jpg\"><\/a><strong>SANTO DOMINGO.- <\/strong>La Segunda Sala Penal de la Suprema Corte de Justicia confirm\u00f3 la condena de 20 a\u00f1os de prisi\u00f3n que se hab\u00eda dictado contra el expresidente del Consejo Nacional de Frontera, Donni Santana Cuevas, por la violaci\u00f3n sexual de una hijastra.<\/p>\n\n\n\n<p>El tribunal tom\u00f3 la decisi\u00f3n tras rechazar un recurso de casaci\u00f3n presentado por los abogados del imputado, quien cumple prisi\u00f3n en el Centro de Correcci\u00f3n de San Pedro de Macor\u00eds.<\/p>\n\n\n\n<p>\u201cAl no verificarse los vicios invocados en los medios objetos de examen, procede rechazar el recurso de casaci\u00f3n de que se trata y, por v\u00eda de consecuencia, queda confirmada, en el aspecto penal, la decisi\u00f3n recurrida, de conformidad con las disposiciones del numeral 1 del art\u00edculo 427 del C\u00f3digo Procesal Penal\u201d, indica la sentencia.<\/p>\n\n\n\n<p>El tribunal, presidido por Francisco Jerez Mena, Nancy Salcedo Fern\u00e1ndez, Fran Soto S\u00e1nchez, Mar\u00eda Garabito Ram\u00edrez y Francisco Ortega Polanco, tambi\u00e9n restableci\u00f3 otra dispoci\u00f3n que ordenaba una indemnizaci\u00f3n de RD$1,500,000.00 en favor de la joven v\u00edctima, y no de la t\u00eda, quien se constituy\u00f3 en actor civil.<\/p>\n\n\n\n<p>Explic\u00f3 en la sentencia que a la t\u00eda paterna le fue entregada la ni\u00f1a cuando sali\u00f3 de Conani, que la madre de la menor fue acusada por la Fiscal\u00eda del Distrito Nacional y que el padre biol\u00f3gico hab\u00eda muerto.<\/p>\n\n\n\n<p>Santana fue sentenciado a 20 a\u00f1os de prisi\u00f3n el 12 de noviembre del 2019.<\/p>\n\n\n\n<p>Conforme el expediente acusatorio, cuando su hijastra ten\u00eda 11 a\u00f1os, el exfuncionario aprovechaba la ausencia de la madre para violarla.<\/p>\n","protected":false},"excerpt":{"rendered":"<p>SANTO DOMINGO.- La Segunda Sala Penal de la Suprema Corte de Justicia confirm\u00f3 la condena de 20 a\u00f1os de prisi\u00f3n que se hab\u00eda dictado contra el expresidente del Consejo Nacional de Frontera, Donni Santana Cuevas, por la violaci\u00f3n sexual de una hijastra. El tribunal tom\u00f3 la decisi\u00f3n tras rechazar un recurso de casaci\u00f3n presentado por [&hellip;]<\/p>\n","protected":false},"author":1,"featured_media":10597,"comment_status":"open","ping_status":"open","sticky":false,"template":"","format":"standard","meta":{"nf_dc_page":"","jetpack_post_was_ever_published":false,"_jetpack_newsletter_access":"","_jetpack_dont_email_post_to_subs":false,"_jetpack_newsletter_tier_id":0,"_jetpack_memberships_contains_paywalled_content":false,"_jetpack_memberships_contains_paid_content":false,"footnotes":"","jetpack_publicize_message":"","jetpack_publicize_feature_enabled":true,"jetpack_social_post_already_shared":false,"jetpack_social_options":{"image_generator_settings":{"template":"highway","default_image_id":0,"font":"","enabled":false},"version":2}},"categories":[93],"tags":[],"class_list":["post-10596","post","type-post","status-publish","format-standard","has-post-thumbnail","hentry","category-justicia"],"yoast_head":"<!-- This site is optimized with the Yoast SEO plugin v27.4 - https:\/\/yoast.com\/product\/yoast-seo-wordpress\/ -->\n<title>SCJ confirma 20 a\u00f1os prisi\u00f3n a exfuncionario que viol\u00f3 hijastra - Minuto Cero RD<\/title>\n<meta name=\"robots\" content=\"index, follow, max-snippet:-1, max-image-preview:large, max-video-preview:-1\" \/>\n<link rel=\"canonical\" href=\"http:\/\/minutocerord.com\/?p=10596\" \/>\n<meta property=\"og:locale\" content=\"es_ES\" \/>\n<meta property=\"og:type\" content=\"article\" \/>\n<meta property=\"og:title\" content=\"SCJ confirma 20 a\u00f1os prisi\u00f3n a exfuncionario que viol\u00f3 hijastra - Minuto Cero RD\" \/>\n<meta property=\"og:description\" content=\"SANTO DOMINGO.- La Segunda Sala Penal de la Suprema Corte de Justicia confirm\u00f3 la condena de 20 a\u00f1os de prisi\u00f3n que se hab\u00eda dictado contra el expresidente del Consejo Nacional de Frontera, Donni Santana Cuevas, por la violaci\u00f3n sexual de una hijastra. El tribunal tom\u00f3 la decisi\u00f3n tras rechazar un recurso de casaci\u00f3n presentado por [&hellip;]\" \/>\n<meta property=\"og:url\" content=\"http:\/\/minutocerord.com\/?p=10596\" \/>\n<meta property=\"og:site_name\" content=\"Minuto Cero RD\" \/>\n<meta property=\"article:publisher\" content=\"https:\/\/www.facebook.com\/Genofnotes\" \/>\n<meta property=\"article:author\" content=\"https:\/\/www.facebook.com\/Genofnotes\" \/>\n<meta property=\"article:published_time\" content=\"2022-08-23T18:39:26+00:00\" \/>\n<meta property=\"article:modified_time\" content=\"2022-08-23T18:39:27+00:00\" \/>\n<meta property=\"og:image\" content=\"https:\/\/i0.wp.com\/minutocerord.com\/wp-content\/uploads\/2022\/08\/Untitled-85.jpg?fit=680%2C355\" \/>\n\t<meta property=\"og:image:width\" content=\"680\" \/>\n\t<meta property=\"og:image:height\" content=\"355\" \/>\n\t<meta property=\"og:image:type\" content=\"image\/jpeg\" \/>\n<meta name=\"author\" content=\"Genof\u00f3ntes Urb\u00e1ez\" \/>\n<meta name=\"twitter:card\" content=\"summary_large_image\" \/>\n<meta name=\"twitter:label1\" content=\"Written by\" \/>\n\t<meta name=\"twitter:data1\" content=\"Genof\u00f3ntes Urb\u00e1ez\" \/>\n\t<meta name=\"twitter:label2\" content=\"Est. reading time\" \/>\n\t<meta name=\"twitter:data2\" content=\"2 minutos\" \/>\n<script type=\"application\/ld+json\" class=\"yoast-schema-graph\">{\"@context\":\"https:\\\/\\\/schema.org\",\"@graph\":[{\"@type\":\"Article\",\"@id\":\"http:\\\/\\\/minutocerord.com\\\/?p=10596#article\",\"isPartOf\":{\"@id\":\"http:\\\/\\\/minutocerord.com\\\/?p=10596\"},\"author\":{\"name\":\"Genof\u00f3ntes Urb\u00e1ez\",\"@id\":\"https:\\\/\\\/minutocerord.com\\\/#\\\/schema\\\/person\\\/60b5372d60aaa0a5171fb6488be9aee6\"},\"headline\":\"SCJ confirma 20 a\u00f1os prisi\u00f3n a exfuncionario que viol\u00f3 hijastra\",\"datePublished\":\"2022-08-23T18:39:26+00:00\",\"dateModified\":\"2022-08-23T18:39:27+00:00\",\"mainEntityOfPage\":{\"@id\":\"http:\\\/\\\/minutocerord.com\\\/?p=10596\"},\"wordCount\":283,\"commentCount\":0,\"publisher\":{\"@id\":\"https:\\\/\\\/minutocerord.com\\\/#\\\/schema\\\/person\\\/60b5372d60aaa0a5171fb6488be9aee6\"},\"image\":{\"@id\":\"http:\\\/\\\/minutocerord.com\\\/?p=10596#primaryimage\"},\"thumbnailUrl\":\"https:\\\/\\\/i0.wp.com\\\/minutocerord.com\\\/wp-content\\\/uploads\\\/2022\\\/08\\\/Untitled-85.jpg?fit=680%2C355&ssl=1\",\"articleSection\":[\"Justicia\"],\"inLanguage\":\"es-DO\",\"potentialAction\":[{\"@type\":\"CommentAction\",\"name\":\"Comment\",\"target\":[\"http:\\\/\\\/minutocerord.com\\\/?p=10596#respond\"]}]},{\"@type\":\"WebPage\",\"@id\":\"http:\\\/\\\/minutocerord.com\\\/?p=10596\",\"url\":\"http:\\\/\\\/minutocerord.com\\\/?p=10596\",\"name\":\"SCJ confirma 20 a\u00f1os prisi\u00f3n a exfuncionario que viol\u00f3 hijastra - Minuto Cero RD\",\"isPartOf\":{\"@id\":\"https:\\\/\\\/minutocerord.com\\\/#website\"},\"primaryImageOfPage\":{\"@id\":\"http:\\\/\\\/minutocerord.com\\\/?p=10596#primaryimage\"},\"image\":{\"@id\":\"http:\\\/\\\/minutocerord.com\\\/?p=10596#primaryimage\"},\"thumbnailUrl\":\"https:\\\/\\\/i0.wp.com\\\/minutocerord.com\\\/wp-content\\\/uploads\\\/2022\\\/08\\\/Untitled-85.jpg?fit=680%2C355&ssl=1\",\"datePublished\":\"2022-08-23T18:39:26+00:00\",\"dateModified\":\"2022-08-23T18:39:27+00:00\",\"breadcrumb\":{\"@id\":\"http:\\\/\\\/minutocerord.com\\\/?p=10596#breadcrumb\"},\"inLanguage\":\"es-DO\",\"potentialAction\":[{\"@type\":\"ReadAction\",\"target\":[\"http:\\\/\\\/minutocerord.com\\\/?p=10596\"]}]},{\"@type\":\"ImageObject\",\"inLanguage\":\"es-DO\",\"@id\":\"http:\\\/\\\/minutocerord.com\\\/?p=10596#primaryimage\",\"url\":\"https:\\\/\\\/i0.wp.com\\\/minutocerord.com\\\/wp-content\\\/uploads\\\/2022\\\/08\\\/Untitled-85.jpg?fit=680%2C355&ssl=1\",\"contentUrl\":\"https:\\\/\\\/i0.wp.com\\\/minutocerord.com\\\/wp-content\\\/uploads\\\/2022\\\/08\\\/Untitled-85.jpg?fit=680%2C355&ssl=1\",\"width\":680,\"height\":355},{\"@type\":\"BreadcrumbList\",\"@id\":\"http:\\\/\\\/minutocerord.com\\\/?p=10596#breadcrumb\",\"itemListElement\":[{\"@type\":\"ListItem\",\"position\":1,\"name\":\"Home\",\"item\":\"https:\\\/\\\/minutocerord.com\\\/\"},{\"@type\":\"ListItem\",\"position\":2,\"name\":\"SCJ confirma 20 a\u00f1os prisi\u00f3n a exfuncionario que viol\u00f3 hijastra\"}]},{\"@type\":\"WebSite\",\"@id\":\"https:\\\/\\\/minutocerord.com\\\/#website\",\"url\":\"https:\\\/\\\/minutocerord.com\\\/\",\"name\":\"Minuto Cero RD\",\"description\":\"Periodismo serio y veraz\",\"publisher\":{\"@id\":\"https:\\\/\\\/minutocerord.com\\\/#\\\/schema\\\/person\\\/60b5372d60aaa0a5171fb6488be9aee6\"},\"potentialAction\":[{\"@type\":\"SearchAction\",\"target\":{\"@type\":\"EntryPoint\",\"urlTemplate\":\"https:\\\/\\\/minutocerord.com\\\/?s={search_term_string}\"},\"query-input\":{\"@type\":\"PropertyValueSpecification\",\"valueRequired\":true,\"valueName\":\"search_term_string\"}}],\"inLanguage\":\"es-DO\"},{\"@type\":[\"Person\",\"Organization\"],\"@id\":\"https:\\\/\\\/minutocerord.com\\\/#\\\/schema\\\/person\\\/60b5372d60aaa0a5171fb6488be9aee6\",\"name\":\"Genof\u00f3ntes Urb\u00e1ez\",\"image\":{\"@type\":\"ImageObject\",\"inLanguage\":\"es-DO\",\"@id\":\"https:\\\/\\\/secure.gravatar.com\\\/avatar\\\/a49ef3186a692098ac3e8a1612261e3ad70cf9e44553dff2929e67939a0ecb9d?s=96&d=identicon&r=g\",\"url\":\"https:\\\/\\\/secure.gravatar.com\\\/avatar\\\/a49ef3186a692098ac3e8a1612261e3ad70cf9e44553dff2929e67939a0ecb9d?s=96&d=identicon&r=g\",\"contentUrl\":\"https:\\\/\\\/secure.gravatar.com\\\/avatar\\\/a49ef3186a692098ac3e8a1612261e3ad70cf9e44553dff2929e67939a0ecb9d?s=96&d=identicon&r=g\",\"caption\":\"Genof\u00f3ntes Urb\u00e1ez\"},\"logo\":{\"@id\":\"https:\\\/\\\/secure.gravatar.com\\\/avatar\\\/a49ef3186a692098ac3e8a1612261e3ad70cf9e44553dff2929e67939a0ecb9d?s=96&d=identicon&r=g\"},\"description\":\"Periodista \\\/ Locutor\",\"sameAs\":[\"https:\\\/\\\/www.facebook.com\\\/Genofnotes\",\"https:\\\/\\\/www.instagram.com\\\/genofnotes\\\/\"]}]}<\/script>\n<!-- \/ Yoast SEO plugin. -->","yoast_head_json":{"title":"SCJ confirma 20 a\u00f1os prisi\u00f3n a exfuncionario que viol\u00f3 hijastra - Minuto Cero RD","robots":{"index":"index","follow":"follow","max-snippet":"max-snippet:-1","max-image-preview":"max-image-preview:large","max-video-preview":"max-video-preview:-1"},"canonical":"http:\/\/minutocerord.com\/?p=10596","og_locale":"es_ES","og_type":"article","og_title":"SCJ confirma 20 a\u00f1os prisi\u00f3n a exfuncionario que viol\u00f3 hijastra - Minuto Cero RD","og_description":"SANTO DOMINGO.- La Segunda Sala Penal de la Suprema Corte de Justicia confirm\u00f3 la condena de 20 a\u00f1os de prisi\u00f3n que se hab\u00eda dictado contra el expresidente del Consejo Nacional de Frontera, Donni Santana Cuevas, por la violaci\u00f3n sexual de una hijastra. El tribunal tom\u00f3 la decisi\u00f3n tras rechazar un recurso de casaci\u00f3n presentado por [&hellip;]","og_url":"http:\/\/minutocerord.com\/?p=10596","og_site_name":"Minuto Cero RD","article_publisher":"https:\/\/www.facebook.com\/Genofnotes","article_author":"https:\/\/www.facebook.com\/Genofnotes","article_published_time":"2022-08-23T18:39:26+00:00","article_modified_time":"2022-08-23T18:39:27+00:00","og_image":[{"width":680,"height":355,"url":"https:\/\/i0.wp.com\/minutocerord.com\/wp-content\/uploads\/2022\/08\/Untitled-85.jpg?fit=680%2C355","type":"image\/jpeg"}],"author":"Genof\u00f3ntes Urb\u00e1ez","twitter_card":"summary_large_image","twitter_misc":{"Written by":"Genof\u00f3ntes Urb\u00e1ez","Est. reading time":"2 minutos"},"schema":{"@context":"https:\/\/schema.org","@graph":[{"@type":"Article","@id":"http:\/\/minutocerord.com\/?p=10596#article","isPartOf":{"@id":"http:\/\/minutocerord.com\/?p=10596"},"author":{"name":"Genof\u00f3ntes Urb\u00e1ez","@id":"https:\/\/minutocerord.com\/#\/schema\/person\/60b5372d60aaa0a5171fb6488be9aee6"},"headline":"SCJ confirma 20 a\u00f1os prisi\u00f3n a exfuncionario que viol\u00f3 hijastra","datePublished":"2022-08-23T18:39:26+00:00","dateModified":"2022-08-23T18:39:27+00:00","mainEntityOfPage":{"@id":"http:\/\/minutocerord.com\/?p=10596"},"wordCount":283,"commentCount":0,"publisher":{"@id":"https:\/\/minutocerord.com\/#\/schema\/person\/60b5372d60aaa0a5171fb6488be9aee6"},"image":{"@id":"http:\/\/minutocerord.com\/?p=10596#primaryimage"},"thumbnailUrl":"https:\/\/i0.wp.com\/minutocerord.com\/wp-content\/uploads\/2022\/08\/Untitled-85.jpg?fit=680%2C355&ssl=1","articleSection":["Justicia"],"inLanguage":"es-DO","potentialAction":[{"@type":"CommentAction","name":"Comment","target":["http:\/\/minutocerord.com\/?p=10596#respond"]}]},{"@type":"WebPage","@id":"http:\/\/minutocerord.com\/?p=10596","url":"http:\/\/minutocerord.com\/?p=10596","name":"SCJ confirma 20 a\u00f1os prisi\u00f3n a exfuncionario que viol\u00f3 hijastra - Minuto Cero RD","isPartOf":{"@id":"https:\/\/minutocerord.com\/#website"},"primaryImageOfPage":{"@id":"http:\/\/minutocerord.com\/?p=10596#primaryimage"},"image":{"@id":"http:\/\/minutocerord.com\/?p=10596#primaryimage"},"thumbnailUrl":"https:\/\/i0.wp.com\/minutocerord.com\/wp-content\/uploads\/2022\/08\/Untitled-85.jpg?fit=680%2C355&ssl=1","datePublished":"2022-08-23T18:39:26+00:00","dateModified":"2022-08-23T18:39:27+00:00","breadcrumb":{"@id":"http:\/\/minutocerord.com\/?p=10596#breadcrumb"},"inLanguage":"es-DO","potentialAction":[{"@type":"ReadAction","target":["http:\/\/minutocerord.com\/?p=10596"]}]},{"@type":"ImageObject","inLanguage":"es-DO","@id":"http:\/\/minutocerord.com\/?p=10596#primaryimage","url":"https:\/\/i0.wp.com\/minutocerord.com\/wp-content\/uploads\/2022\/08\/Untitled-85.jpg?fit=680%2C355&ssl=1","contentUrl":"https:\/\/i0.wp.com\/minutocerord.com\/wp-content\/uploads\/2022\/08\/Untitled-85.jpg?fit=680%2C355&ssl=1","width":680,"height":355},{"@type":"BreadcrumbList","@id":"http:\/\/minutocerord.com\/?p=10596#breadcrumb","itemListElement":[{"@type":"ListItem","position":1,"name":"Home","item":"https:\/\/minutocerord.com\/"},{"@type":"ListItem","position":2,"name":"SCJ confirma 20 a\u00f1os prisi\u00f3n a exfuncionario que viol\u00f3 hijastra"}]},{"@type":"WebSite","@id":"https:\/\/minutocerord.com\/#website","url":"https:\/\/minutocerord.com\/","name":"Minuto Cero RD","description":"Periodismo serio y veraz","publisher":{"@id":"https:\/\/minutocerord.com\/#\/schema\/person\/60b5372d60aaa0a5171fb6488be9aee6"},"potentialAction":[{"@type":"SearchAction","target":{"@type":"EntryPoint","urlTemplate":"https:\/\/minutocerord.com\/?s={search_term_string}"},"query-input":{"@type":"PropertyValueSpecification","valueRequired":true,"valueName":"search_term_string"}}],"inLanguage":"es-DO"},{"@type":["Person","Organization"],"@id":"https:\/\/minutocerord.com\/#\/schema\/person\/60b5372d60aaa0a5171fb6488be9aee6","name":"Genof\u00f3ntes Urb\u00e1ez","image":{"@type":"ImageObject","inLanguage":"es-DO","@id":"https:\/\/secure.gravatar.com\/avatar\/a49ef3186a692098ac3e8a1612261e3ad70cf9e44553dff2929e67939a0ecb9d?s=96&d=identicon&r=g","url":"https:\/\/secure.gravatar.com\/avatar\/a49ef3186a692098ac3e8a1612261e3ad70cf9e44553dff2929e67939a0ecb9d?s=96&d=identicon&r=g","contentUrl":"https:\/\/secure.gravatar.com\/avatar\/a49ef3186a692098ac3e8a1612261e3ad70cf9e44553dff2929e67939a0ecb9d?s=96&d=identicon&r=g","caption":"Genof\u00f3ntes Urb\u00e1ez"},"logo":{"@id":"https:\/\/secure.gravatar.com\/avatar\/a49ef3186a692098ac3e8a1612261e3ad70cf9e44553dff2929e67939a0ecb9d?s=96&d=identicon&r=g"},"description":"Periodista \/ Locutor","sameAs":["https:\/\/www.facebook.com\/Genofnotes","https:\/\/www.instagram.com\/genofnotes\/"]}]}},"jetpack_publicize_connections":[],"jetpack_featured_media_url":"https:\/\/i0.wp.com\/minutocerord.com\/wp-content\/uploads\/2022\/08\/Untitled-85.jpg?fit=680%2C355&ssl=1","jetpack-related-posts":[],"jetpack_sharing_enabled":true,"_links":{"self":[{"href":"https:\/\/minutocerord.com\/index.php?rest_route=\/wp\/v2\/posts\/10596","targetHints":{"allow":["GET"]}}],"collection":[{"href":"https:\/\/minutocerord.com\/index.php?rest_route=\/wp\/v2\/posts"}],"about":[{"href":"https:\/\/minutocerord.com\/index.php?rest_route=\/wp\/v2\/types\/post"}],"author":[{"embeddable":true,"href":"https:\/\/minutocerord.com\/index.php?rest_route=\/wp\/v2\/users\/1"}],"replies":[{"embeddable":true,"href":"https:\/\/minutocerord.com\/index.php?rest_route=%2Fwp%2Fv2%2Fcomments&post=10596"}],"version-history":[{"count":1,"href":"https:\/\/minutocerord.com\/index.php?rest_route=\/wp\/v2\/posts\/10596\/revisions"}],"predecessor-version":[{"id":10598,"href":"https:\/\/minutocerord.com\/index.php?rest_route=\/wp\/v2\/posts\/10596\/revisions\/10598"}],"wp:featuredmedia":[{"embeddable":true,"href":"https:\/\/minutocerord.com\/index.php?rest_route=\/wp\/v2\/media\/10597"}],"wp:attachment":[{"href":"https:\/\/minutocerord.com\/index.php?rest_route=%2Fwp%2Fv2%2Fmedia&parent=10596"}],"wp:term":[{"taxonomy":"category","embeddable":true,"href":"https:\/\/minutocerord.com\/index.php?rest_route=%2Fwp%2Fv2%2Fcategories&post=10596"},{"taxonomy":"post_tag","embeddable":true,"href":"https:\/\/minutocerord.com\/index.php?rest_route=%2Fwp%2Fv2%2Ftags&post=10596"}],"curies":[{"name":"wp","href":"https:\/\/api.w.org\/{rel}","templated":true}]}}