{"id":10627,"date":"2022-09-02T00:59:21","date_gmt":"2022-09-02T04:59:21","guid":{"rendered":"https:\/\/minutocerord.com\/?p=10627"},"modified":"2022-09-02T00:59:24","modified_gmt":"2022-09-02T04:59:24","slug":"desfalco-al-estado-habria-sido-de-15000-millones-segun-abogados","status":"publish","type":"post","link":"https:\/\/minutocerord.com\/?p=10627","title":{"rendered":"Desfalco al Estado habr\u00eda sido de 15,000 millones, seg\u00fan abogados"},"content":{"rendered":"\n<p><strong>SANTO DOMINGO.-<\/strong> El Equipo de Recuperaci\u00f3n de Patrimonio P\u00fablico estim\u00f3 en m\u00e1s de RD$15 mil la p\u00e9rdida para el Estado que han generado los casos de supuesta corrupci\u00f3n administrativa que ha sometido el Ministerio P\u00fablico a los tribunales.<\/p>\n\n\n\n<p>Sin embargo, seg\u00fan el peri\u00f3dico Diario Libre, por los da\u00f1os y perjuicios causados al erario, los abogados contratados por el Poder Ejecutivo para recuperar los recursos sustra\u00eddos se proponen reclamar una indemnizaci\u00f3n de unos 40 mil millones.<\/p>\n\n\n\n<p>Desde el caso Antipulpo, primero que instrument\u00f3 la Procuradur\u00eda Especializada en Persecuci\u00f3n de la Corrupci\u00f3n Administrativa (Pepca) luego de la designaci\u00f3n en 2020 de Miriam Germ\u00e1n Brito como procuradora general de la Rep\u00fablica, son varios los expedientes que describen presuntos entramados para estafar el patrimonio p\u00fablico.<\/p>\n\n\n\n<p>Entre las maniobras que se atribuyen a los encartados figuran soborno, falsificaci\u00f3n de documentos, lavado de activos y colaci\u00f3n de funcionarios.<\/p>\n\n\n\n<p>Actualmente, el Ministerio P\u00fablico investiga supuestas irregularidades en la gesti\u00f3n de Donald Guerrero en el Ministerio de Hacienda, donde supuestamente el fraude ascender\u00eda a unos RD$17,000 millones.<\/p>\n\n\n\n<p>Otros casos que se investigan son los denominados Antipulpo, Coral, Coral 5G, 13 y Medusa, en los que seg\u00fan el Ministerio P\u00fablico el Estado ha perdido unos 15,500 millones de pesos, en las operaciones.<\/p>\n","protected":false},"excerpt":{"rendered":"<p>SANTO DOMINGO.- El Equipo de Recuperaci\u00f3n de Patrimonio P\u00fablico estim\u00f3 en m\u00e1s de RD$15 mil la p\u00e9rdida para el Estado que han generado los casos de supuesta corrupci\u00f3n administrativa que ha sometido el Ministerio P\u00fablico a los tribunales. Sin embargo, seg\u00fan el peri\u00f3dico Diario Libre, por los da\u00f1os y perjuicios causados al erario, los abogados [&hellip;]<\/p>\n","protected":false},"author":1,"featured_media":10628,"comment_status":"open","ping_status":"open","sticky":false,"template":"","format":"standard","meta":{"nf_dc_page":"","jetpack_post_was_ever_published":false,"_jetpack_newsletter_access":"","_jetpack_dont_email_post_to_subs":false,"_jetpack_newsletter_tier_id":0,"_jetpack_memberships_contains_paywalled_content":false,"_jetpack_memberships_contains_paid_content":false,"footnotes":"","jetpack_publicize_message":"","jetpack_publicize_feature_enabled":true,"jetpack_social_post_already_shared":false,"jetpack_social_options":{"image_generator_settings":{"template":"highway","default_image_id":0,"font":"","enabled":false},"version":2}},"categories":[93],"tags":[],"class_list":["post-10627","post","type-post","status-publish","format-standard","has-post-thumbnail","hentry","category-justicia"],"yoast_head":"<!-- This site is optimized with the Yoast SEO plugin v27.4 - https:\/\/yoast.com\/product\/yoast-seo-wordpress\/ -->\n<title>Desfalco al Estado habr\u00eda sido de 15,000 millones, seg\u00fan abogados - Minuto Cero RD<\/title>\n<meta name=\"robots\" content=\"index, follow, max-snippet:-1, max-image-preview:large, max-video-preview:-1\" \/>\n<link rel=\"canonical\" href=\"http:\/\/minutocerord.com\/?p=10627\" \/>\n<meta property=\"og:locale\" content=\"es_ES\" \/>\n<meta property=\"og:type\" content=\"article\" \/>\n<meta property=\"og:title\" content=\"Desfalco al Estado habr\u00eda sido de 15,000 millones, seg\u00fan abogados - Minuto Cero RD\" \/>\n<meta property=\"og:description\" content=\"SANTO DOMINGO.- El Equipo de Recuperaci\u00f3n de Patrimonio P\u00fablico estim\u00f3 en m\u00e1s de RD$15 mil la p\u00e9rdida para el Estado que han generado los casos de supuesta corrupci\u00f3n administrativa que ha sometido el Ministerio P\u00fablico a los tribunales. Sin embargo, seg\u00fan el peri\u00f3dico Diario Libre, por los da\u00f1os y perjuicios causados al erario, los abogados [&hellip;]\" \/>\n<meta property=\"og:url\" content=\"http:\/\/minutocerord.com\/?p=10627\" \/>\n<meta property=\"og:site_name\" content=\"Minuto Cero RD\" \/>\n<meta property=\"article:publisher\" content=\"https:\/\/www.facebook.com\/Genofnotes\" \/>\n<meta property=\"article:author\" content=\"https:\/\/www.facebook.com\/Genofnotes\" \/>\n<meta property=\"article:published_time\" content=\"2022-09-02T04:59:21+00:00\" \/>\n<meta property=\"article:modified_time\" content=\"2022-09-02T04:59:24+00:00\" \/>\n<meta property=\"og:image\" content=\"https:\/\/i0.wp.com\/minutocerord.com\/wp-content\/uploads\/2022\/09\/Los-procuradores-adjuntos-Wilson-Camacho-y-Yeni-Berenice-Reynoso-1200x675-1.jpg?fit=1200%2C630\" \/>\n\t<meta property=\"og:image:width\" content=\"1200\" \/>\n\t<meta property=\"og:image:height\" content=\"630\" \/>\n\t<meta property=\"og:image:type\" content=\"image\/jpeg\" \/>\n<meta name=\"author\" content=\"Genof\u00f3ntes Urb\u00e1ez\" \/>\n<meta name=\"twitter:card\" content=\"summary_large_image\" \/>\n<meta name=\"twitter:label1\" content=\"Written by\" \/>\n\t<meta name=\"twitter:data1\" content=\"Genof\u00f3ntes Urb\u00e1ez\" \/>\n\t<meta name=\"twitter:label2\" content=\"Est. reading time\" \/>\n\t<meta name=\"twitter:data2\" content=\"1 minuto\" \/>\n<script type=\"application\/ld+json\" class=\"yoast-schema-graph\">{\"@context\":\"https:\\\/\\\/schema.org\",\"@graph\":[{\"@type\":\"Article\",\"@id\":\"http:\\\/\\\/minutocerord.com\\\/?p=10627#article\",\"isPartOf\":{\"@id\":\"http:\\\/\\\/minutocerord.com\\\/?p=10627\"},\"author\":{\"name\":\"Genof\u00f3ntes Urb\u00e1ez\",\"@id\":\"https:\\\/\\\/minutocerord.com\\\/#\\\/schema\\\/person\\\/60b5372d60aaa0a5171fb6488be9aee6\"},\"headline\":\"Desfalco al Estado habr\u00eda sido de 15,000 millones, seg\u00fan abogados\",\"datePublished\":\"2022-09-02T04:59:21+00:00\",\"dateModified\":\"2022-09-02T04:59:24+00:00\",\"mainEntityOfPage\":{\"@id\":\"http:\\\/\\\/minutocerord.com\\\/?p=10627\"},\"wordCount\":236,\"commentCount\":0,\"publisher\":{\"@id\":\"https:\\\/\\\/minutocerord.com\\\/#\\\/schema\\\/person\\\/60b5372d60aaa0a5171fb6488be9aee6\"},\"image\":{\"@id\":\"http:\\\/\\\/minutocerord.com\\\/?p=10627#primaryimage\"},\"thumbnailUrl\":\"https:\\\/\\\/i0.wp.com\\\/minutocerord.com\\\/wp-content\\\/uploads\\\/2022\\\/09\\\/Los-procuradores-adjuntos-Wilson-Camacho-y-Yeni-Berenice-Reynoso-1200x675-1.jpg?fit=1200%2C630&ssl=1\",\"articleSection\":[\"Justicia\"],\"inLanguage\":\"es-DO\",\"potentialAction\":[{\"@type\":\"CommentAction\",\"name\":\"Comment\",\"target\":[\"http:\\\/\\\/minutocerord.com\\\/?p=10627#respond\"]}]},{\"@type\":\"WebPage\",\"@id\":\"http:\\\/\\\/minutocerord.com\\\/?p=10627\",\"url\":\"http:\\\/\\\/minutocerord.com\\\/?p=10627\",\"name\":\"Desfalco al Estado habr\u00eda sido de 15,000 millones, seg\u00fan abogados - Minuto Cero RD\",\"isPartOf\":{\"@id\":\"https:\\\/\\\/minutocerord.com\\\/#website\"},\"primaryImageOfPage\":{\"@id\":\"http:\\\/\\\/minutocerord.com\\\/?p=10627#primaryimage\"},\"image\":{\"@id\":\"http:\\\/\\\/minutocerord.com\\\/?p=10627#primaryimage\"},\"thumbnailUrl\":\"https:\\\/\\\/i0.wp.com\\\/minutocerord.com\\\/wp-content\\\/uploads\\\/2022\\\/09\\\/Los-procuradores-adjuntos-Wilson-Camacho-y-Yeni-Berenice-Reynoso-1200x675-1.jpg?fit=1200%2C630&ssl=1\",\"datePublished\":\"2022-09-02T04:59:21+00:00\",\"dateModified\":\"2022-09-02T04:59:24+00:00\",\"breadcrumb\":{\"@id\":\"http:\\\/\\\/minutocerord.com\\\/?p=10627#breadcrumb\"},\"inLanguage\":\"es-DO\",\"potentialAction\":[{\"@type\":\"ReadAction\",\"target\":[\"http:\\\/\\\/minutocerord.com\\\/?p=10627\"]}]},{\"@type\":\"ImageObject\",\"inLanguage\":\"es-DO\",\"@id\":\"http:\\\/\\\/minutocerord.com\\\/?p=10627#primaryimage\",\"url\":\"https:\\\/\\\/i0.wp.com\\\/minutocerord.com\\\/wp-content\\\/uploads\\\/2022\\\/09\\\/Los-procuradores-adjuntos-Wilson-Camacho-y-Yeni-Berenice-Reynoso-1200x675-1.jpg?fit=1200%2C630&ssl=1\",\"contentUrl\":\"https:\\\/\\\/i0.wp.com\\\/minutocerord.com\\\/wp-content\\\/uploads\\\/2022\\\/09\\\/Los-procuradores-adjuntos-Wilson-Camacho-y-Yeni-Berenice-Reynoso-1200x675-1.jpg?fit=1200%2C630&ssl=1\",\"width\":1200,\"height\":630},{\"@type\":\"BreadcrumbList\",\"@id\":\"http:\\\/\\\/minutocerord.com\\\/?p=10627#breadcrumb\",\"itemListElement\":[{\"@type\":\"ListItem\",\"position\":1,\"name\":\"Home\",\"item\":\"https:\\\/\\\/minutocerord.com\\\/\"},{\"@type\":\"ListItem\",\"position\":2,\"name\":\"Desfalco al Estado habr\u00eda sido de 15,000 millones, seg\u00fan abogados\"}]},{\"@type\":\"WebSite\",\"@id\":\"https:\\\/\\\/minutocerord.com\\\/#website\",\"url\":\"https:\\\/\\\/minutocerord.com\\\/\",\"name\":\"Minuto Cero RD\",\"description\":\"Periodismo serio y veraz\",\"publisher\":{\"@id\":\"https:\\\/\\\/minutocerord.com\\\/#\\\/schema\\\/person\\\/60b5372d60aaa0a5171fb6488be9aee6\"},\"potentialAction\":[{\"@type\":\"SearchAction\",\"target\":{\"@type\":\"EntryPoint\",\"urlTemplate\":\"https:\\\/\\\/minutocerord.com\\\/?s={search_term_string}\"},\"query-input\":{\"@type\":\"PropertyValueSpecification\",\"valueRequired\":true,\"valueName\":\"search_term_string\"}}],\"inLanguage\":\"es-DO\"},{\"@type\":[\"Person\",\"Organization\"],\"@id\":\"https:\\\/\\\/minutocerord.com\\\/#\\\/schema\\\/person\\\/60b5372d60aaa0a5171fb6488be9aee6\",\"name\":\"Genof\u00f3ntes Urb\u00e1ez\",\"image\":{\"@type\":\"ImageObject\",\"inLanguage\":\"es-DO\",\"@id\":\"https:\\\/\\\/secure.gravatar.com\\\/avatar\\\/a49ef3186a692098ac3e8a1612261e3ad70cf9e44553dff2929e67939a0ecb9d?s=96&d=identicon&r=g\",\"url\":\"https:\\\/\\\/secure.gravatar.com\\\/avatar\\\/a49ef3186a692098ac3e8a1612261e3ad70cf9e44553dff2929e67939a0ecb9d?s=96&d=identicon&r=g\",\"contentUrl\":\"https:\\\/\\\/secure.gravatar.com\\\/avatar\\\/a49ef3186a692098ac3e8a1612261e3ad70cf9e44553dff2929e67939a0ecb9d?s=96&d=identicon&r=g\",\"caption\":\"Genof\u00f3ntes Urb\u00e1ez\"},\"logo\":{\"@id\":\"https:\\\/\\\/secure.gravatar.com\\\/avatar\\\/a49ef3186a692098ac3e8a1612261e3ad70cf9e44553dff2929e67939a0ecb9d?s=96&d=identicon&r=g\"},\"description\":\"Periodista \\\/ Locutor\",\"sameAs\":[\"https:\\\/\\\/www.facebook.com\\\/Genofnotes\",\"https:\\\/\\\/www.instagram.com\\\/genofnotes\\\/\"]}]}<\/script>\n<!-- \/ Yoast SEO plugin. -->","yoast_head_json":{"title":"Desfalco al Estado habr\u00eda sido de 15,000 millones, seg\u00fan abogados - Minuto Cero RD","robots":{"index":"index","follow":"follow","max-snippet":"max-snippet:-1","max-image-preview":"max-image-preview:large","max-video-preview":"max-video-preview:-1"},"canonical":"http:\/\/minutocerord.com\/?p=10627","og_locale":"es_ES","og_type":"article","og_title":"Desfalco al Estado habr\u00eda sido de 15,000 millones, seg\u00fan abogados - Minuto Cero RD","og_description":"SANTO DOMINGO.- El Equipo de Recuperaci\u00f3n de Patrimonio P\u00fablico estim\u00f3 en m\u00e1s de RD$15 mil la p\u00e9rdida para el Estado que han generado los casos de supuesta corrupci\u00f3n administrativa que ha sometido el Ministerio P\u00fablico a los tribunales. Sin embargo, seg\u00fan el peri\u00f3dico Diario Libre, por los da\u00f1os y perjuicios causados al erario, los abogados [&hellip;]","og_url":"http:\/\/minutocerord.com\/?p=10627","og_site_name":"Minuto Cero RD","article_publisher":"https:\/\/www.facebook.com\/Genofnotes","article_author":"https:\/\/www.facebook.com\/Genofnotes","article_published_time":"2022-09-02T04:59:21+00:00","article_modified_time":"2022-09-02T04:59:24+00:00","og_image":[{"width":1200,"height":630,"url":"https:\/\/i0.wp.com\/minutocerord.com\/wp-content\/uploads\/2022\/09\/Los-procuradores-adjuntos-Wilson-Camacho-y-Yeni-Berenice-Reynoso-1200x675-1.jpg?fit=1200%2C630","type":"image\/jpeg"}],"author":"Genof\u00f3ntes Urb\u00e1ez","twitter_card":"summary_large_image","twitter_misc":{"Written by":"Genof\u00f3ntes Urb\u00e1ez","Est. reading time":"1 minuto"},"schema":{"@context":"https:\/\/schema.org","@graph":[{"@type":"Article","@id":"http:\/\/minutocerord.com\/?p=10627#article","isPartOf":{"@id":"http:\/\/minutocerord.com\/?p=10627"},"author":{"name":"Genof\u00f3ntes Urb\u00e1ez","@id":"https:\/\/minutocerord.com\/#\/schema\/person\/60b5372d60aaa0a5171fb6488be9aee6"},"headline":"Desfalco al Estado habr\u00eda sido de 15,000 millones, seg\u00fan abogados","datePublished":"2022-09-02T04:59:21+00:00","dateModified":"2022-09-02T04:59:24+00:00","mainEntityOfPage":{"@id":"http:\/\/minutocerord.com\/?p=10627"},"wordCount":236,"commentCount":0,"publisher":{"@id":"https:\/\/minutocerord.com\/#\/schema\/person\/60b5372d60aaa0a5171fb6488be9aee6"},"image":{"@id":"http:\/\/minutocerord.com\/?p=10627#primaryimage"},"thumbnailUrl":"https:\/\/i0.wp.com\/minutocerord.com\/wp-content\/uploads\/2022\/09\/Los-procuradores-adjuntos-Wilson-Camacho-y-Yeni-Berenice-Reynoso-1200x675-1.jpg?fit=1200%2C630&ssl=1","articleSection":["Justicia"],"inLanguage":"es-DO","potentialAction":[{"@type":"CommentAction","name":"Comment","target":["http:\/\/minutocerord.com\/?p=10627#respond"]}]},{"@type":"WebPage","@id":"http:\/\/minutocerord.com\/?p=10627","url":"http:\/\/minutocerord.com\/?p=10627","name":"Desfalco al Estado habr\u00eda sido de 15,000 millones, seg\u00fan abogados - Minuto Cero RD","isPartOf":{"@id":"https:\/\/minutocerord.com\/#website"},"primaryImageOfPage":{"@id":"http:\/\/minutocerord.com\/?p=10627#primaryimage"},"image":{"@id":"http:\/\/minutocerord.com\/?p=10627#primaryimage"},"thumbnailUrl":"https:\/\/i0.wp.com\/minutocerord.com\/wp-content\/uploads\/2022\/09\/Los-procuradores-adjuntos-Wilson-Camacho-y-Yeni-Berenice-Reynoso-1200x675-1.jpg?fit=1200%2C630&ssl=1","datePublished":"2022-09-02T04:59:21+00:00","dateModified":"2022-09-02T04:59:24+00:00","breadcrumb":{"@id":"http:\/\/minutocerord.com\/?p=10627#breadcrumb"},"inLanguage":"es-DO","potentialAction":[{"@type":"ReadAction","target":["http:\/\/minutocerord.com\/?p=10627"]}]},{"@type":"ImageObject","inLanguage":"es-DO","@id":"http:\/\/minutocerord.com\/?p=10627#primaryimage","url":"https:\/\/i0.wp.com\/minutocerord.com\/wp-content\/uploads\/2022\/09\/Los-procuradores-adjuntos-Wilson-Camacho-y-Yeni-Berenice-Reynoso-1200x675-1.jpg?fit=1200%2C630&ssl=1","contentUrl":"https:\/\/i0.wp.com\/minutocerord.com\/wp-content\/uploads\/2022\/09\/Los-procuradores-adjuntos-Wilson-Camacho-y-Yeni-Berenice-Reynoso-1200x675-1.jpg?fit=1200%2C630&ssl=1","width":1200,"height":630},{"@type":"BreadcrumbList","@id":"http:\/\/minutocerord.com\/?p=10627#breadcrumb","itemListElement":[{"@type":"ListItem","position":1,"name":"Home","item":"https:\/\/minutocerord.com\/"},{"@type":"ListItem","position":2,"name":"Desfalco al Estado habr\u00eda sido de 15,000 millones, seg\u00fan abogados"}]},{"@type":"WebSite","@id":"https:\/\/minutocerord.com\/#website","url":"https:\/\/minutocerord.com\/","name":"Minuto Cero RD","description":"Periodismo serio y veraz","publisher":{"@id":"https:\/\/minutocerord.com\/#\/schema\/person\/60b5372d60aaa0a5171fb6488be9aee6"},"potentialAction":[{"@type":"SearchAction","target":{"@type":"EntryPoint","urlTemplate":"https:\/\/minutocerord.com\/?s={search_term_string}"},"query-input":{"@type":"PropertyValueSpecification","valueRequired":true,"valueName":"search_term_string"}}],"inLanguage":"es-DO"},{"@type":["Person","Organization"],"@id":"https:\/\/minutocerord.com\/#\/schema\/person\/60b5372d60aaa0a5171fb6488be9aee6","name":"Genof\u00f3ntes Urb\u00e1ez","image":{"@type":"ImageObject","inLanguage":"es-DO","@id":"https:\/\/secure.gravatar.com\/avatar\/a49ef3186a692098ac3e8a1612261e3ad70cf9e44553dff2929e67939a0ecb9d?s=96&d=identicon&r=g","url":"https:\/\/secure.gravatar.com\/avatar\/a49ef3186a692098ac3e8a1612261e3ad70cf9e44553dff2929e67939a0ecb9d?s=96&d=identicon&r=g","contentUrl":"https:\/\/secure.gravatar.com\/avatar\/a49ef3186a692098ac3e8a1612261e3ad70cf9e44553dff2929e67939a0ecb9d?s=96&d=identicon&r=g","caption":"Genof\u00f3ntes Urb\u00e1ez"},"logo":{"@id":"https:\/\/secure.gravatar.com\/avatar\/a49ef3186a692098ac3e8a1612261e3ad70cf9e44553dff2929e67939a0ecb9d?s=96&d=identicon&r=g"},"description":"Periodista \/ Locutor","sameAs":["https:\/\/www.facebook.com\/Genofnotes","https:\/\/www.instagram.com\/genofnotes\/"]}]}},"jetpack_publicize_connections":[],"jetpack_featured_media_url":"https:\/\/i0.wp.com\/minutocerord.com\/wp-content\/uploads\/2022\/09\/Los-procuradores-adjuntos-Wilson-Camacho-y-Yeni-Berenice-Reynoso-1200x675-1.jpg?fit=1200%2C630&ssl=1","jetpack-related-posts":[],"jetpack_sharing_enabled":true,"_links":{"self":[{"href":"https:\/\/minutocerord.com\/index.php?rest_route=\/wp\/v2\/posts\/10627","targetHints":{"allow":["GET"]}}],"collection":[{"href":"https:\/\/minutocerord.com\/index.php?rest_route=\/wp\/v2\/posts"}],"about":[{"href":"https:\/\/minutocerord.com\/index.php?rest_route=\/wp\/v2\/types\/post"}],"author":[{"embeddable":true,"href":"https:\/\/minutocerord.com\/index.php?rest_route=\/wp\/v2\/users\/1"}],"replies":[{"embeddable":true,"href":"https:\/\/minutocerord.com\/index.php?rest_route=%2Fwp%2Fv2%2Fcomments&post=10627"}],"version-history":[{"count":1,"href":"https:\/\/minutocerord.com\/index.php?rest_route=\/wp\/v2\/posts\/10627\/revisions"}],"predecessor-version":[{"id":10629,"href":"https:\/\/minutocerord.com\/index.php?rest_route=\/wp\/v2\/posts\/10627\/revisions\/10629"}],"wp:featuredmedia":[{"embeddable":true,"href":"https:\/\/minutocerord.com\/index.php?rest_route=\/wp\/v2\/media\/10628"}],"wp:attachment":[{"href":"https:\/\/minutocerord.com\/index.php?rest_route=%2Fwp%2Fv2%2Fmedia&parent=10627"}],"wp:term":[{"taxonomy":"category","embeddable":true,"href":"https:\/\/minutocerord.com\/index.php?rest_route=%2Fwp%2Fv2%2Fcategories&post=10627"},{"taxonomy":"post_tag","embeddable":true,"href":"https:\/\/minutocerord.com\/index.php?rest_route=%2Fwp%2Fv2%2Ftags&post=10627"}],"curies":[{"name":"wp","href":"https:\/\/api.w.org\/{rel}","templated":true}]}}