{"id":10630,"date":"2022-09-02T01:22:45","date_gmt":"2022-09-02T05:22:45","guid":{"rendered":"https:\/\/minutocerord.com\/?p=10630"},"modified":"2022-09-02T01:22:47","modified_gmt":"2022-09-02T05:22:47","slug":"adolescente-de-15-anos-mata-a-otro-de-su-misma-edad-en-los-tres-brazos","status":"publish","type":"post","link":"https:\/\/minutocerord.com\/?p=10630","title":{"rendered":"Adolescente \u00a0de 15 a\u00f1os mata a otro de su misma edad en Los Tres Brazos"},"content":{"rendered":"\n<h2 class=\"wp-block-heading\"><strong>Seg\u00fan testigos, tanto la v\u00edctima como su agresor, llegaron a la barriada pasada las 3 de la tarde y por razones a\u00fan desconocidas, sostuvieron una discusi\u00f3n en la que se agredieron mutuamente con machetes y pu\u00f1ales.<\/strong><\/h2>\n\n\n\n<p><strong>SANTO DOMINGO, ESTE.-<\/strong>\u00a0Un menor muri\u00f3 la tarde de este jueves a manos de un compa\u00f1ero de la misma edad, quien result\u00f3 con herido y su paradero se desconoce, en un hecho ocurrido en el sector Los Tres Brazos en Santo Domingo Este.<\/p>\n\n\n\n<p>La v\u00edctima fue identificada como William Manuel Encarnaci\u00f3n Segura de 15 a\u00f1os, quien fue apu\u00f1alado supuestamente por un amigo suyo de la misma edad, momentos en que sus tuvieron una discusi\u00f3n en el barrio La Lata de los Tres Brazos.<\/p>\n\n\n\n<p>De acuerdo a testigos, los menores se encontraban relajando con machete y cuchillo al tiempo que se sali\u00f3 de control el juego.<\/p>\n\n\n\n<p>Seg\u00fan testigos, tanto la v\u00edctima como su agresor, llegaron a la barriada pasada las 3 de la tarde y por razones a\u00fan desconocidas, sostuvieron una discusi\u00f3n en la que se agredieron mutuamente con machetes y pu\u00f1ales.<\/p>\n","protected":false},"excerpt":{"rendered":"<p>Seg\u00fan testigos, tanto la v\u00edctima como su agresor, llegaron a la barriada pasada las 3 de la tarde y por razones a\u00fan desconocidas, sostuvieron una discusi\u00f3n en la que se agredieron mutuamente con machetes y pu\u00f1ales. SANTO DOMINGO, ESTE.-\u00a0Un menor muri\u00f3 la tarde de este jueves a manos de un compa\u00f1ero de la misma edad, [&hellip;]<\/p>\n","protected":false},"author":1,"featured_media":10631,"comment_status":"open","ping_status":"open","sticky":false,"template":"","format":"standard","meta":{"nf_dc_page":"","jetpack_post_was_ever_published":false,"_jetpack_newsletter_access":"","_jetpack_dont_email_post_to_subs":false,"_jetpack_newsletter_tier_id":0,"_jetpack_memberships_contains_paywalled_content":false,"_jetpack_memberships_contains_paid_content":false,"footnotes":"","jetpack_publicize_message":"","jetpack_publicize_feature_enabled":true,"jetpack_social_post_already_shared":false,"jetpack_social_options":{"image_generator_settings":{"template":"highway","default_image_id":0,"font":"","enabled":false},"version":2}},"categories":[65],"tags":[],"class_list":["post-10630","post","type-post","status-publish","format-standard","has-post-thumbnail","hentry","category-nacionales"],"yoast_head":"<!-- This site is optimized with the Yoast SEO plugin v27.4 - https:\/\/yoast.com\/product\/yoast-seo-wordpress\/ -->\n<title>Adolescente \u00a0de 15 a\u00f1os mata a otro de su misma edad en Los Tres Brazos - Minuto Cero RD<\/title>\n<meta name=\"robots\" content=\"index, follow, max-snippet:-1, max-image-preview:large, max-video-preview:-1\" \/>\n<link rel=\"canonical\" href=\"http:\/\/minutocerord.com\/?p=10630\" \/>\n<meta property=\"og:locale\" content=\"es_ES\" \/>\n<meta property=\"og:type\" content=\"article\" \/>\n<meta property=\"og:title\" content=\"Adolescente \u00a0de 15 a\u00f1os mata a otro de su misma edad en Los Tres Brazos - Minuto Cero RD\" \/>\n<meta property=\"og:description\" content=\"Seg\u00fan testigos, tanto la v\u00edctima como su agresor, llegaron a la barriada pasada las 3 de la tarde y por razones a\u00fan desconocidas, sostuvieron una discusi\u00f3n en la que se agredieron mutuamente con machetes y pu\u00f1ales. SANTO DOMINGO, ESTE.-\u00a0Un menor muri\u00f3 la tarde de este jueves a manos de un compa\u00f1ero de la misma edad, [&hellip;]\" \/>\n<meta property=\"og:url\" content=\"http:\/\/minutocerord.com\/?p=10630\" \/>\n<meta property=\"og:site_name\" content=\"Minuto Cero RD\" \/>\n<meta property=\"article:publisher\" content=\"https:\/\/www.facebook.com\/Genofnotes\" \/>\n<meta property=\"article:author\" content=\"https:\/\/www.facebook.com\/Genofnotes\" \/>\n<meta property=\"article:published_time\" content=\"2022-09-02T05:22:45+00:00\" \/>\n<meta property=\"article:modified_time\" content=\"2022-09-02T05:22:47+00:00\" \/>\n<meta property=\"og:image\" content=\"https:\/\/i0.wp.com\/minutocerord.com\/wp-content\/uploads\/2022\/09\/asesinado-hombre-13-cuchilladas-980x600-728x410-1.jpg?fit=688%2C387\" \/>\n\t<meta property=\"og:image:width\" content=\"688\" \/>\n\t<meta property=\"og:image:height\" content=\"387\" \/>\n\t<meta property=\"og:image:type\" content=\"image\/jpeg\" \/>\n<meta name=\"author\" content=\"Genof\u00f3ntes Urb\u00e1ez\" \/>\n<meta name=\"twitter:card\" content=\"summary_large_image\" \/>\n<meta name=\"twitter:label1\" content=\"Written by\" \/>\n\t<meta name=\"twitter:data1\" content=\"Genof\u00f3ntes Urb\u00e1ez\" \/>\n\t<meta name=\"twitter:label2\" content=\"Est. reading time\" \/>\n\t<meta name=\"twitter:data2\" content=\"1 minuto\" \/>\n<script type=\"application\/ld+json\" class=\"yoast-schema-graph\">{\"@context\":\"https:\\\/\\\/schema.org\",\"@graph\":[{\"@type\":\"Article\",\"@id\":\"http:\\\/\\\/minutocerord.com\\\/?p=10630#article\",\"isPartOf\":{\"@id\":\"http:\\\/\\\/minutocerord.com\\\/?p=10630\"},\"author\":{\"name\":\"Genof\u00f3ntes Urb\u00e1ez\",\"@id\":\"https:\\\/\\\/minutocerord.com\\\/#\\\/schema\\\/person\\\/60b5372d60aaa0a5171fb6488be9aee6\"},\"headline\":\"Adolescente \u00a0de 15 a\u00f1os mata a otro de su misma edad en Los Tres Brazos\",\"datePublished\":\"2022-09-02T05:22:45+00:00\",\"dateModified\":\"2022-09-02T05:22:47+00:00\",\"mainEntityOfPage\":{\"@id\":\"http:\\\/\\\/minutocerord.com\\\/?p=10630\"},\"wordCount\":206,\"commentCount\":0,\"publisher\":{\"@id\":\"https:\\\/\\\/minutocerord.com\\\/#\\\/schema\\\/person\\\/60b5372d60aaa0a5171fb6488be9aee6\"},\"image\":{\"@id\":\"http:\\\/\\\/minutocerord.com\\\/?p=10630#primaryimage\"},\"thumbnailUrl\":\"https:\\\/\\\/i0.wp.com\\\/minutocerord.com\\\/wp-content\\\/uploads\\\/2022\\\/09\\\/asesinado-hombre-13-cuchilladas-980x600-728x410-1.jpg?fit=688%2C387&ssl=1\",\"articleSection\":[\"Nacionales\"],\"inLanguage\":\"es-DO\",\"potentialAction\":[{\"@type\":\"CommentAction\",\"name\":\"Comment\",\"target\":[\"http:\\\/\\\/minutocerord.com\\\/?p=10630#respond\"]}]},{\"@type\":\"WebPage\",\"@id\":\"http:\\\/\\\/minutocerord.com\\\/?p=10630\",\"url\":\"http:\\\/\\\/minutocerord.com\\\/?p=10630\",\"name\":\"Adolescente \u00a0de 15 a\u00f1os mata a otro de su misma edad en Los Tres Brazos - Minuto Cero RD\",\"isPartOf\":{\"@id\":\"https:\\\/\\\/minutocerord.com\\\/#website\"},\"primaryImageOfPage\":{\"@id\":\"http:\\\/\\\/minutocerord.com\\\/?p=10630#primaryimage\"},\"image\":{\"@id\":\"http:\\\/\\\/minutocerord.com\\\/?p=10630#primaryimage\"},\"thumbnailUrl\":\"https:\\\/\\\/i0.wp.com\\\/minutocerord.com\\\/wp-content\\\/uploads\\\/2022\\\/09\\\/asesinado-hombre-13-cuchilladas-980x600-728x410-1.jpg?fit=688%2C387&ssl=1\",\"datePublished\":\"2022-09-02T05:22:45+00:00\",\"dateModified\":\"2022-09-02T05:22:47+00:00\",\"breadcrumb\":{\"@id\":\"http:\\\/\\\/minutocerord.com\\\/?p=10630#breadcrumb\"},\"inLanguage\":\"es-DO\",\"potentialAction\":[{\"@type\":\"ReadAction\",\"target\":[\"http:\\\/\\\/minutocerord.com\\\/?p=10630\"]}]},{\"@type\":\"ImageObject\",\"inLanguage\":\"es-DO\",\"@id\":\"http:\\\/\\\/minutocerord.com\\\/?p=10630#primaryimage\",\"url\":\"https:\\\/\\\/i0.wp.com\\\/minutocerord.com\\\/wp-content\\\/uploads\\\/2022\\\/09\\\/asesinado-hombre-13-cuchilladas-980x600-728x410-1.jpg?fit=688%2C387&ssl=1\",\"contentUrl\":\"https:\\\/\\\/i0.wp.com\\\/minutocerord.com\\\/wp-content\\\/uploads\\\/2022\\\/09\\\/asesinado-hombre-13-cuchilladas-980x600-728x410-1.jpg?fit=688%2C387&ssl=1\",\"width\":688,\"height\":387},{\"@type\":\"BreadcrumbList\",\"@id\":\"http:\\\/\\\/minutocerord.com\\\/?p=10630#breadcrumb\",\"itemListElement\":[{\"@type\":\"ListItem\",\"position\":1,\"name\":\"Home\",\"item\":\"https:\\\/\\\/minutocerord.com\\\/\"},{\"@type\":\"ListItem\",\"position\":2,\"name\":\"Adolescente \u00a0de 15 a\u00f1os mata a otro de su misma edad en Los Tres Brazos\"}]},{\"@type\":\"WebSite\",\"@id\":\"https:\\\/\\\/minutocerord.com\\\/#website\",\"url\":\"https:\\\/\\\/minutocerord.com\\\/\",\"name\":\"Minuto Cero RD\",\"description\":\"Periodismo serio y veraz\",\"publisher\":{\"@id\":\"https:\\\/\\\/minutocerord.com\\\/#\\\/schema\\\/person\\\/60b5372d60aaa0a5171fb6488be9aee6\"},\"potentialAction\":[{\"@type\":\"SearchAction\",\"target\":{\"@type\":\"EntryPoint\",\"urlTemplate\":\"https:\\\/\\\/minutocerord.com\\\/?s={search_term_string}\"},\"query-input\":{\"@type\":\"PropertyValueSpecification\",\"valueRequired\":true,\"valueName\":\"search_term_string\"}}],\"inLanguage\":\"es-DO\"},{\"@type\":[\"Person\",\"Organization\"],\"@id\":\"https:\\\/\\\/minutocerord.com\\\/#\\\/schema\\\/person\\\/60b5372d60aaa0a5171fb6488be9aee6\",\"name\":\"Genof\u00f3ntes Urb\u00e1ez\",\"image\":{\"@type\":\"ImageObject\",\"inLanguage\":\"es-DO\",\"@id\":\"https:\\\/\\\/secure.gravatar.com\\\/avatar\\\/a49ef3186a692098ac3e8a1612261e3ad70cf9e44553dff2929e67939a0ecb9d?s=96&d=identicon&r=g\",\"url\":\"https:\\\/\\\/secure.gravatar.com\\\/avatar\\\/a49ef3186a692098ac3e8a1612261e3ad70cf9e44553dff2929e67939a0ecb9d?s=96&d=identicon&r=g\",\"contentUrl\":\"https:\\\/\\\/secure.gravatar.com\\\/avatar\\\/a49ef3186a692098ac3e8a1612261e3ad70cf9e44553dff2929e67939a0ecb9d?s=96&d=identicon&r=g\",\"caption\":\"Genof\u00f3ntes Urb\u00e1ez\"},\"logo\":{\"@id\":\"https:\\\/\\\/secure.gravatar.com\\\/avatar\\\/a49ef3186a692098ac3e8a1612261e3ad70cf9e44553dff2929e67939a0ecb9d?s=96&d=identicon&r=g\"},\"description\":\"Periodista \\\/ Locutor\",\"sameAs\":[\"https:\\\/\\\/www.facebook.com\\\/Genofnotes\",\"https:\\\/\\\/www.instagram.com\\\/genofnotes\\\/\"]}]}<\/script>\n<!-- \/ Yoast SEO plugin. -->","yoast_head_json":{"title":"Adolescente \u00a0de 15 a\u00f1os mata a otro de su misma edad en Los Tres Brazos - Minuto Cero RD","robots":{"index":"index","follow":"follow","max-snippet":"max-snippet:-1","max-image-preview":"max-image-preview:large","max-video-preview":"max-video-preview:-1"},"canonical":"http:\/\/minutocerord.com\/?p=10630","og_locale":"es_ES","og_type":"article","og_title":"Adolescente \u00a0de 15 a\u00f1os mata a otro de su misma edad en Los Tres Brazos - Minuto Cero RD","og_description":"Seg\u00fan testigos, tanto la v\u00edctima como su agresor, llegaron a la barriada pasada las 3 de la tarde y por razones a\u00fan desconocidas, sostuvieron una discusi\u00f3n en la que se agredieron mutuamente con machetes y pu\u00f1ales. SANTO DOMINGO, ESTE.-\u00a0Un menor muri\u00f3 la tarde de este jueves a manos de un compa\u00f1ero de la misma edad, [&hellip;]","og_url":"http:\/\/minutocerord.com\/?p=10630","og_site_name":"Minuto Cero RD","article_publisher":"https:\/\/www.facebook.com\/Genofnotes","article_author":"https:\/\/www.facebook.com\/Genofnotes","article_published_time":"2022-09-02T05:22:45+00:00","article_modified_time":"2022-09-02T05:22:47+00:00","og_image":[{"width":688,"height":387,"url":"https:\/\/i0.wp.com\/minutocerord.com\/wp-content\/uploads\/2022\/09\/asesinado-hombre-13-cuchilladas-980x600-728x410-1.jpg?fit=688%2C387","type":"image\/jpeg"}],"author":"Genof\u00f3ntes Urb\u00e1ez","twitter_card":"summary_large_image","twitter_misc":{"Written by":"Genof\u00f3ntes Urb\u00e1ez","Est. reading time":"1 minuto"},"schema":{"@context":"https:\/\/schema.org","@graph":[{"@type":"Article","@id":"http:\/\/minutocerord.com\/?p=10630#article","isPartOf":{"@id":"http:\/\/minutocerord.com\/?p=10630"},"author":{"name":"Genof\u00f3ntes Urb\u00e1ez","@id":"https:\/\/minutocerord.com\/#\/schema\/person\/60b5372d60aaa0a5171fb6488be9aee6"},"headline":"Adolescente \u00a0de 15 a\u00f1os mata a otro de su misma edad en Los Tres Brazos","datePublished":"2022-09-02T05:22:45+00:00","dateModified":"2022-09-02T05:22:47+00:00","mainEntityOfPage":{"@id":"http:\/\/minutocerord.com\/?p=10630"},"wordCount":206,"commentCount":0,"publisher":{"@id":"https:\/\/minutocerord.com\/#\/schema\/person\/60b5372d60aaa0a5171fb6488be9aee6"},"image":{"@id":"http:\/\/minutocerord.com\/?p=10630#primaryimage"},"thumbnailUrl":"https:\/\/i0.wp.com\/minutocerord.com\/wp-content\/uploads\/2022\/09\/asesinado-hombre-13-cuchilladas-980x600-728x410-1.jpg?fit=688%2C387&ssl=1","articleSection":["Nacionales"],"inLanguage":"es-DO","potentialAction":[{"@type":"CommentAction","name":"Comment","target":["http:\/\/minutocerord.com\/?p=10630#respond"]}]},{"@type":"WebPage","@id":"http:\/\/minutocerord.com\/?p=10630","url":"http:\/\/minutocerord.com\/?p=10630","name":"Adolescente \u00a0de 15 a\u00f1os mata a otro de su misma edad en Los Tres Brazos - Minuto Cero RD","isPartOf":{"@id":"https:\/\/minutocerord.com\/#website"},"primaryImageOfPage":{"@id":"http:\/\/minutocerord.com\/?p=10630#primaryimage"},"image":{"@id":"http:\/\/minutocerord.com\/?p=10630#primaryimage"},"thumbnailUrl":"https:\/\/i0.wp.com\/minutocerord.com\/wp-content\/uploads\/2022\/09\/asesinado-hombre-13-cuchilladas-980x600-728x410-1.jpg?fit=688%2C387&ssl=1","datePublished":"2022-09-02T05:22:45+00:00","dateModified":"2022-09-02T05:22:47+00:00","breadcrumb":{"@id":"http:\/\/minutocerord.com\/?p=10630#breadcrumb"},"inLanguage":"es-DO","potentialAction":[{"@type":"ReadAction","target":["http:\/\/minutocerord.com\/?p=10630"]}]},{"@type":"ImageObject","inLanguage":"es-DO","@id":"http:\/\/minutocerord.com\/?p=10630#primaryimage","url":"https:\/\/i0.wp.com\/minutocerord.com\/wp-content\/uploads\/2022\/09\/asesinado-hombre-13-cuchilladas-980x600-728x410-1.jpg?fit=688%2C387&ssl=1","contentUrl":"https:\/\/i0.wp.com\/minutocerord.com\/wp-content\/uploads\/2022\/09\/asesinado-hombre-13-cuchilladas-980x600-728x410-1.jpg?fit=688%2C387&ssl=1","width":688,"height":387},{"@type":"BreadcrumbList","@id":"http:\/\/minutocerord.com\/?p=10630#breadcrumb","itemListElement":[{"@type":"ListItem","position":1,"name":"Home","item":"https:\/\/minutocerord.com\/"},{"@type":"ListItem","position":2,"name":"Adolescente \u00a0de 15 a\u00f1os mata a otro de su misma edad en Los Tres Brazos"}]},{"@type":"WebSite","@id":"https:\/\/minutocerord.com\/#website","url":"https:\/\/minutocerord.com\/","name":"Minuto Cero RD","description":"Periodismo serio y veraz","publisher":{"@id":"https:\/\/minutocerord.com\/#\/schema\/person\/60b5372d60aaa0a5171fb6488be9aee6"},"potentialAction":[{"@type":"SearchAction","target":{"@type":"EntryPoint","urlTemplate":"https:\/\/minutocerord.com\/?s={search_term_string}"},"query-input":{"@type":"PropertyValueSpecification","valueRequired":true,"valueName":"search_term_string"}}],"inLanguage":"es-DO"},{"@type":["Person","Organization"],"@id":"https:\/\/minutocerord.com\/#\/schema\/person\/60b5372d60aaa0a5171fb6488be9aee6","name":"Genof\u00f3ntes Urb\u00e1ez","image":{"@type":"ImageObject","inLanguage":"es-DO","@id":"https:\/\/secure.gravatar.com\/avatar\/a49ef3186a692098ac3e8a1612261e3ad70cf9e44553dff2929e67939a0ecb9d?s=96&d=identicon&r=g","url":"https:\/\/secure.gravatar.com\/avatar\/a49ef3186a692098ac3e8a1612261e3ad70cf9e44553dff2929e67939a0ecb9d?s=96&d=identicon&r=g","contentUrl":"https:\/\/secure.gravatar.com\/avatar\/a49ef3186a692098ac3e8a1612261e3ad70cf9e44553dff2929e67939a0ecb9d?s=96&d=identicon&r=g","caption":"Genof\u00f3ntes Urb\u00e1ez"},"logo":{"@id":"https:\/\/secure.gravatar.com\/avatar\/a49ef3186a692098ac3e8a1612261e3ad70cf9e44553dff2929e67939a0ecb9d?s=96&d=identicon&r=g"},"description":"Periodista \/ Locutor","sameAs":["https:\/\/www.facebook.com\/Genofnotes","https:\/\/www.instagram.com\/genofnotes\/"]}]}},"jetpack_publicize_connections":[],"jetpack_featured_media_url":"https:\/\/i0.wp.com\/minutocerord.com\/wp-content\/uploads\/2022\/09\/asesinado-hombre-13-cuchilladas-980x600-728x410-1.jpg?fit=688%2C387&ssl=1","jetpack-related-posts":[],"jetpack_sharing_enabled":true,"_links":{"self":[{"href":"https:\/\/minutocerord.com\/index.php?rest_route=\/wp\/v2\/posts\/10630","targetHints":{"allow":["GET"]}}],"collection":[{"href":"https:\/\/minutocerord.com\/index.php?rest_route=\/wp\/v2\/posts"}],"about":[{"href":"https:\/\/minutocerord.com\/index.php?rest_route=\/wp\/v2\/types\/post"}],"author":[{"embeddable":true,"href":"https:\/\/minutocerord.com\/index.php?rest_route=\/wp\/v2\/users\/1"}],"replies":[{"embeddable":true,"href":"https:\/\/minutocerord.com\/index.php?rest_route=%2Fwp%2Fv2%2Fcomments&post=10630"}],"version-history":[{"count":1,"href":"https:\/\/minutocerord.com\/index.php?rest_route=\/wp\/v2\/posts\/10630\/revisions"}],"predecessor-version":[{"id":10632,"href":"https:\/\/minutocerord.com\/index.php?rest_route=\/wp\/v2\/posts\/10630\/revisions\/10632"}],"wp:featuredmedia":[{"embeddable":true,"href":"https:\/\/minutocerord.com\/index.php?rest_route=\/wp\/v2\/media\/10631"}],"wp:attachment":[{"href":"https:\/\/minutocerord.com\/index.php?rest_route=%2Fwp%2Fv2%2Fmedia&parent=10630"}],"wp:term":[{"taxonomy":"category","embeddable":true,"href":"https:\/\/minutocerord.com\/index.php?rest_route=%2Fwp%2Fv2%2Fcategories&post=10630"},{"taxonomy":"post_tag","embeddable":true,"href":"https:\/\/minutocerord.com\/index.php?rest_route=%2Fwp%2Fv2%2Ftags&post=10630"}],"curies":[{"name":"wp","href":"https:\/\/api.w.org\/{rel}","templated":true}]}}