{"id":10643,"date":"2022-09-05T12:05:26","date_gmt":"2022-09-05T16:05:26","guid":{"rendered":"https:\/\/minutocerord.com\/?p=10643"},"modified":"2022-09-05T12:05:28","modified_gmt":"2022-09-05T16:05:28","slug":"efectos-indirectos-de-earl-dejara-lluvias-en-rd","status":"publish","type":"post","link":"https:\/\/minutocerord.com\/?p=10643","title":{"rendered":"Efectos indirectos de Earl dejar\u00e1 lluvias en RD"},"content":{"rendered":"\n<p><strong>Santo Domingo.-<\/strong> La Oficina Nacional de Meteorolog\u00eda (Onamet), inform\u00f3 este lunes que la tormenta tropical Earl se ubica al norte de San Thomas y continuar\u00e1 generando precipitaciones de manera indirecta sobre nuestro territorio en los pr\u00f3ximos d\u00edas, especialmente en horas de la tarde.<\/p>\n\n\n\n<p>Meteorolog\u00eda explic\u00f3 que contin\u00faan vigentes los niveles de alerta y se mantienen las recomendaciones en la costa Atl\u00e1ntica.<\/p>\n\n\n\n<p>Los efectos indirectos asociados a la tormenta tropical Earl y los efectos de una vaguada en la porci\u00f3n central de Cuba, continuar\u00e1n generando incrementos nubosos ocasionales sobre nuestro territorio que dejaran precipitaciones dispersas en la ma\u00f1ana, esper\u00e1ndose que incrementen durante las horas de la tarde cuando ocurrir\u00e1n aguaceros fuertes en ocasiones, tronadas y r\u00e1fagas de viento en ocasiones sobre poblados en las regiones norte, noreste sureste, suroeste, la cordillera central y zona fronteriza.<\/p>\n\n\n\n<p>\u201cHoy a las cinco de la ma\u00f1ana el centro de la tormenta tropical EARL, fue ubicado cerca de la latitud 20.9 norte y longitud 65.3 oeste, a unos 280 km al norte de St. Thomas (Antillas Menores), se mueve hacia el nor\/noroeste a unos 7 km\/h, vientos m\u00e1ximos de 85 km\/h. Presi\u00f3n m\u00ednima central de 998 milibares. Damos seguimiento de cerca a la evoluci\u00f3n y desarrollo de este fen\u00f3meno meteorol\u00f3gico\u201d, inform\u00f3 Onamaet.<\/p>\n\n\n\n<p>Debido a las precipitaciones que se esperan asociados a los efectos indirectos de Earl la Onamet, mantiene las alertas meteorol\u00f3gicas debido a posibles crecidas de r\u00edos, arroyos y ca\u00f1adas, as\u00ed como, inundaciones urbanas y deslizamiento de tierra.<\/p>\n\n\n\n<p>Las provincias en alerta son: La Altagracia, El Seibo, San Pedro de Macor\u00eds, La Vega, San Crist\u00f3bal, Monte Plata, Hato Mayor, La Romana, Santiago, Dajab\u00f3n, Santiago Rodr\u00edguez, Valverde, El\u00edas Pi\u00f1a, San Juan, Santo Domingo, Monse\u00f1or Nouel y S\u00e1nchez Ram\u00edrez.<a><\/a><\/p>\n\n\n\n<p>Recomend\u00f3 a los operadores de fr\u00e1giles y peque\u00f1as embarcaciones, no aventurarse m\u00e1s adentro por vientos y olas anormales, dentro del per\u00edmetro costero entre Cabo Enga\u00f1o en La Altagracia hasta Cabo Franc\u00e9s Viejo en Mar\u00eda Trinidad S\u00e1nchez, por efectos del viento fuerte generado por la tormenta tropical Earl que provoca oleaje anormal mar adentro.<\/p>\n\n\n\n<p>Para ma\u00f1ana martes, continuaremos bajo el ingreso de campos nubosos asociados a la tormenta tropical Earl, la cual, se localizar\u00e1 al norte de nuestra isla sobre aguas del oc\u00e9ano Atl\u00e1ntico, y tambi\u00e9n la de la vaguada asociada con este sistema. Por tal raz\u00f3n, se estar\u00e1n generando aguaceros moderados a fuertes, tormentas el\u00e9ctricas y r\u00e1fagas de viento, principalmente hacia localidades de las regiones: noreste, sureste, este, suroeste, la zona fronteriza y la Cordillera Central.<\/p>\n","protected":false},"excerpt":{"rendered":"<p>Santo Domingo.- La Oficina Nacional de Meteorolog\u00eda (Onamet), inform\u00f3 este lunes que la tormenta tropical Earl se ubica al norte de San Thomas y continuar\u00e1 generando precipitaciones de manera indirecta sobre nuestro territorio en los pr\u00f3ximos d\u00edas, especialmente en horas de la tarde. Meteorolog\u00eda explic\u00f3 que contin\u00faan vigentes los niveles de alerta y se mantienen [&hellip;]<\/p>\n","protected":false},"author":1,"featured_media":10310,"comment_status":"open","ping_status":"open","sticky":false,"template":"","format":"standard","meta":{"nf_dc_page":"","jetpack_post_was_ever_published":false,"_jetpack_newsletter_access":"","_jetpack_dont_email_post_to_subs":false,"_jetpack_newsletter_tier_id":0,"_jetpack_memberships_contains_paywalled_content":false,"_jetpack_memberships_contains_paid_content":false,"footnotes":"","jetpack_publicize_message":"","jetpack_publicize_feature_enabled":true,"jetpack_social_post_already_shared":false,"jetpack_social_options":{"image_generator_settings":{"template":"highway","default_image_id":0,"font":"","enabled":false},"version":2}},"categories":[87],"tags":[],"class_list":["post-10643","post","type-post","status-publish","format-standard","has-post-thumbnail","hentry","category-el-clima"],"yoast_head":"<!-- This site is optimized with the Yoast SEO plugin v27.4 - https:\/\/yoast.com\/product\/yoast-seo-wordpress\/ -->\n<title>Efectos indirectos de Earl dejar\u00e1 lluvias en RD - Minuto Cero RD<\/title>\n<meta name=\"robots\" content=\"index, follow, max-snippet:-1, max-image-preview:large, max-video-preview:-1\" \/>\n<link rel=\"canonical\" href=\"http:\/\/minutocerord.com\/?p=10643\" \/>\n<meta property=\"og:locale\" content=\"es_ES\" \/>\n<meta property=\"og:type\" content=\"article\" \/>\n<meta property=\"og:title\" content=\"Efectos indirectos de Earl dejar\u00e1 lluvias en RD - Minuto Cero RD\" \/>\n<meta property=\"og:description\" content=\"Santo Domingo.- La Oficina Nacional de Meteorolog\u00eda (Onamet), inform\u00f3 este lunes que la tormenta tropical Earl se ubica al norte de San Thomas y continuar\u00e1 generando precipitaciones de manera indirecta sobre nuestro territorio en los pr\u00f3ximos d\u00edas, especialmente en horas de la tarde. Meteorolog\u00eda explic\u00f3 que contin\u00faan vigentes los niveles de alerta y se mantienen [&hellip;]\" \/>\n<meta property=\"og:url\" content=\"http:\/\/minutocerord.com\/?p=10643\" \/>\n<meta property=\"og:site_name\" content=\"Minuto Cero RD\" \/>\n<meta property=\"article:publisher\" content=\"https:\/\/www.facebook.com\/Genofnotes\" \/>\n<meta property=\"article:author\" content=\"https:\/\/www.facebook.com\/Genofnotes\" \/>\n<meta property=\"article:published_time\" content=\"2022-09-05T16:05:26+00:00\" \/>\n<meta property=\"article:modified_time\" content=\"2022-09-05T16:05:28+00:00\" \/>\n<meta property=\"og:image\" content=\"https:\/\/i0.wp.com\/minutocerord.com\/wp-content\/uploads\/2022\/07\/f81ac7a7-6cf7eded-f89b0f9f-lluvias-2-5e67975ae6a5f-5f88413a02b1c-604ccd020c8d9-1024x538-1.jpg?fit=1024%2C538\" \/>\n\t<meta property=\"og:image:width\" content=\"1024\" \/>\n\t<meta property=\"og:image:height\" content=\"538\" \/>\n\t<meta property=\"og:image:type\" content=\"image\/jpeg\" \/>\n<meta name=\"author\" content=\"Genof\u00f3ntes Urb\u00e1ez\" \/>\n<meta name=\"twitter:card\" content=\"summary_large_image\" \/>\n<meta name=\"twitter:label1\" content=\"Written by\" \/>\n\t<meta name=\"twitter:data1\" content=\"Genof\u00f3ntes Urb\u00e1ez\" \/>\n\t<meta name=\"twitter:label2\" content=\"Est. reading time\" \/>\n\t<meta name=\"twitter:data2\" content=\"2 minutos\" \/>\n<script type=\"application\/ld+json\" class=\"yoast-schema-graph\">{\"@context\":\"https:\\\/\\\/schema.org\",\"@graph\":[{\"@type\":\"Article\",\"@id\":\"http:\\\/\\\/minutocerord.com\\\/?p=10643#article\",\"isPartOf\":{\"@id\":\"http:\\\/\\\/minutocerord.com\\\/?p=10643\"},\"author\":{\"name\":\"Genof\u00f3ntes Urb\u00e1ez\",\"@id\":\"https:\\\/\\\/minutocerord.com\\\/#\\\/schema\\\/person\\\/60b5372d60aaa0a5171fb6488be9aee6\"},\"headline\":\"Efectos indirectos de Earl dejar\u00e1 lluvias en RD\",\"datePublished\":\"2022-09-05T16:05:26+00:00\",\"dateModified\":\"2022-09-05T16:05:28+00:00\",\"mainEntityOfPage\":{\"@id\":\"http:\\\/\\\/minutocerord.com\\\/?p=10643\"},\"wordCount\":461,\"commentCount\":0,\"publisher\":{\"@id\":\"https:\\\/\\\/minutocerord.com\\\/#\\\/schema\\\/person\\\/60b5372d60aaa0a5171fb6488be9aee6\"},\"image\":{\"@id\":\"http:\\\/\\\/minutocerord.com\\\/?p=10643#primaryimage\"},\"thumbnailUrl\":\"https:\\\/\\\/i0.wp.com\\\/minutocerord.com\\\/wp-content\\\/uploads\\\/2022\\\/07\\\/f81ac7a7-6cf7eded-f89b0f9f-lluvias-2-5e67975ae6a5f-5f88413a02b1c-604ccd020c8d9-1024x538-1.jpg?fit=1024%2C538&ssl=1\",\"articleSection\":[\"El clima\"],\"inLanguage\":\"es-DO\",\"potentialAction\":[{\"@type\":\"CommentAction\",\"name\":\"Comment\",\"target\":[\"http:\\\/\\\/minutocerord.com\\\/?p=10643#respond\"]}]},{\"@type\":\"WebPage\",\"@id\":\"http:\\\/\\\/minutocerord.com\\\/?p=10643\",\"url\":\"http:\\\/\\\/minutocerord.com\\\/?p=10643\",\"name\":\"Efectos indirectos de Earl dejar\u00e1 lluvias en RD - Minuto Cero RD\",\"isPartOf\":{\"@id\":\"https:\\\/\\\/minutocerord.com\\\/#website\"},\"primaryImageOfPage\":{\"@id\":\"http:\\\/\\\/minutocerord.com\\\/?p=10643#primaryimage\"},\"image\":{\"@id\":\"http:\\\/\\\/minutocerord.com\\\/?p=10643#primaryimage\"},\"thumbnailUrl\":\"https:\\\/\\\/i0.wp.com\\\/minutocerord.com\\\/wp-content\\\/uploads\\\/2022\\\/07\\\/f81ac7a7-6cf7eded-f89b0f9f-lluvias-2-5e67975ae6a5f-5f88413a02b1c-604ccd020c8d9-1024x538-1.jpg?fit=1024%2C538&ssl=1\",\"datePublished\":\"2022-09-05T16:05:26+00:00\",\"dateModified\":\"2022-09-05T16:05:28+00:00\",\"breadcrumb\":{\"@id\":\"http:\\\/\\\/minutocerord.com\\\/?p=10643#breadcrumb\"},\"inLanguage\":\"es-DO\",\"potentialAction\":[{\"@type\":\"ReadAction\",\"target\":[\"http:\\\/\\\/minutocerord.com\\\/?p=10643\"]}]},{\"@type\":\"ImageObject\",\"inLanguage\":\"es-DO\",\"@id\":\"http:\\\/\\\/minutocerord.com\\\/?p=10643#primaryimage\",\"url\":\"https:\\\/\\\/i0.wp.com\\\/minutocerord.com\\\/wp-content\\\/uploads\\\/2022\\\/07\\\/f81ac7a7-6cf7eded-f89b0f9f-lluvias-2-5e67975ae6a5f-5f88413a02b1c-604ccd020c8d9-1024x538-1.jpg?fit=1024%2C538&ssl=1\",\"contentUrl\":\"https:\\\/\\\/i0.wp.com\\\/minutocerord.com\\\/wp-content\\\/uploads\\\/2022\\\/07\\\/f81ac7a7-6cf7eded-f89b0f9f-lluvias-2-5e67975ae6a5f-5f88413a02b1c-604ccd020c8d9-1024x538-1.jpg?fit=1024%2C538&ssl=1\",\"width\":1024,\"height\":538},{\"@type\":\"BreadcrumbList\",\"@id\":\"http:\\\/\\\/minutocerord.com\\\/?p=10643#breadcrumb\",\"itemListElement\":[{\"@type\":\"ListItem\",\"position\":1,\"name\":\"Home\",\"item\":\"https:\\\/\\\/minutocerord.com\\\/\"},{\"@type\":\"ListItem\",\"position\":2,\"name\":\"Efectos indirectos de Earl dejar\u00e1 lluvias en RD\"}]},{\"@type\":\"WebSite\",\"@id\":\"https:\\\/\\\/minutocerord.com\\\/#website\",\"url\":\"https:\\\/\\\/minutocerord.com\\\/\",\"name\":\"Minuto Cero RD\",\"description\":\"Periodismo serio y veraz\",\"publisher\":{\"@id\":\"https:\\\/\\\/minutocerord.com\\\/#\\\/schema\\\/person\\\/60b5372d60aaa0a5171fb6488be9aee6\"},\"potentialAction\":[{\"@type\":\"SearchAction\",\"target\":{\"@type\":\"EntryPoint\",\"urlTemplate\":\"https:\\\/\\\/minutocerord.com\\\/?s={search_term_string}\"},\"query-input\":{\"@type\":\"PropertyValueSpecification\",\"valueRequired\":true,\"valueName\":\"search_term_string\"}}],\"inLanguage\":\"es-DO\"},{\"@type\":[\"Person\",\"Organization\"],\"@id\":\"https:\\\/\\\/minutocerord.com\\\/#\\\/schema\\\/person\\\/60b5372d60aaa0a5171fb6488be9aee6\",\"name\":\"Genof\u00f3ntes Urb\u00e1ez\",\"image\":{\"@type\":\"ImageObject\",\"inLanguage\":\"es-DO\",\"@id\":\"https:\\\/\\\/secure.gravatar.com\\\/avatar\\\/a49ef3186a692098ac3e8a1612261e3ad70cf9e44553dff2929e67939a0ecb9d?s=96&d=identicon&r=g\",\"url\":\"https:\\\/\\\/secure.gravatar.com\\\/avatar\\\/a49ef3186a692098ac3e8a1612261e3ad70cf9e44553dff2929e67939a0ecb9d?s=96&d=identicon&r=g\",\"contentUrl\":\"https:\\\/\\\/secure.gravatar.com\\\/avatar\\\/a49ef3186a692098ac3e8a1612261e3ad70cf9e44553dff2929e67939a0ecb9d?s=96&d=identicon&r=g\",\"caption\":\"Genof\u00f3ntes Urb\u00e1ez\"},\"logo\":{\"@id\":\"https:\\\/\\\/secure.gravatar.com\\\/avatar\\\/a49ef3186a692098ac3e8a1612261e3ad70cf9e44553dff2929e67939a0ecb9d?s=96&d=identicon&r=g\"},\"description\":\"Periodista \\\/ Locutor\",\"sameAs\":[\"https:\\\/\\\/www.facebook.com\\\/Genofnotes\",\"https:\\\/\\\/www.instagram.com\\\/genofnotes\\\/\"]}]}<\/script>\n<!-- \/ Yoast SEO plugin. -->","yoast_head_json":{"title":"Efectos indirectos de Earl dejar\u00e1 lluvias en RD - Minuto Cero RD","robots":{"index":"index","follow":"follow","max-snippet":"max-snippet:-1","max-image-preview":"max-image-preview:large","max-video-preview":"max-video-preview:-1"},"canonical":"http:\/\/minutocerord.com\/?p=10643","og_locale":"es_ES","og_type":"article","og_title":"Efectos indirectos de Earl dejar\u00e1 lluvias en RD - Minuto Cero RD","og_description":"Santo Domingo.- La Oficina Nacional de Meteorolog\u00eda (Onamet), inform\u00f3 este lunes que la tormenta tropical Earl se ubica al norte de San Thomas y continuar\u00e1 generando precipitaciones de manera indirecta sobre nuestro territorio en los pr\u00f3ximos d\u00edas, especialmente en horas de la tarde. Meteorolog\u00eda explic\u00f3 que contin\u00faan vigentes los niveles de alerta y se mantienen [&hellip;]","og_url":"http:\/\/minutocerord.com\/?p=10643","og_site_name":"Minuto Cero RD","article_publisher":"https:\/\/www.facebook.com\/Genofnotes","article_author":"https:\/\/www.facebook.com\/Genofnotes","article_published_time":"2022-09-05T16:05:26+00:00","article_modified_time":"2022-09-05T16:05:28+00:00","og_image":[{"width":1024,"height":538,"url":"https:\/\/i0.wp.com\/minutocerord.com\/wp-content\/uploads\/2022\/07\/f81ac7a7-6cf7eded-f89b0f9f-lluvias-2-5e67975ae6a5f-5f88413a02b1c-604ccd020c8d9-1024x538-1.jpg?fit=1024%2C538","type":"image\/jpeg"}],"author":"Genof\u00f3ntes Urb\u00e1ez","twitter_card":"summary_large_image","twitter_misc":{"Written by":"Genof\u00f3ntes Urb\u00e1ez","Est. reading time":"2 minutos"},"schema":{"@context":"https:\/\/schema.org","@graph":[{"@type":"Article","@id":"http:\/\/minutocerord.com\/?p=10643#article","isPartOf":{"@id":"http:\/\/minutocerord.com\/?p=10643"},"author":{"name":"Genof\u00f3ntes Urb\u00e1ez","@id":"https:\/\/minutocerord.com\/#\/schema\/person\/60b5372d60aaa0a5171fb6488be9aee6"},"headline":"Efectos indirectos de Earl dejar\u00e1 lluvias en RD","datePublished":"2022-09-05T16:05:26+00:00","dateModified":"2022-09-05T16:05:28+00:00","mainEntityOfPage":{"@id":"http:\/\/minutocerord.com\/?p=10643"},"wordCount":461,"commentCount":0,"publisher":{"@id":"https:\/\/minutocerord.com\/#\/schema\/person\/60b5372d60aaa0a5171fb6488be9aee6"},"image":{"@id":"http:\/\/minutocerord.com\/?p=10643#primaryimage"},"thumbnailUrl":"https:\/\/i0.wp.com\/minutocerord.com\/wp-content\/uploads\/2022\/07\/f81ac7a7-6cf7eded-f89b0f9f-lluvias-2-5e67975ae6a5f-5f88413a02b1c-604ccd020c8d9-1024x538-1.jpg?fit=1024%2C538&ssl=1","articleSection":["El clima"],"inLanguage":"es-DO","potentialAction":[{"@type":"CommentAction","name":"Comment","target":["http:\/\/minutocerord.com\/?p=10643#respond"]}]},{"@type":"WebPage","@id":"http:\/\/minutocerord.com\/?p=10643","url":"http:\/\/minutocerord.com\/?p=10643","name":"Efectos indirectos de Earl dejar\u00e1 lluvias en RD - Minuto Cero RD","isPartOf":{"@id":"https:\/\/minutocerord.com\/#website"},"primaryImageOfPage":{"@id":"http:\/\/minutocerord.com\/?p=10643#primaryimage"},"image":{"@id":"http:\/\/minutocerord.com\/?p=10643#primaryimage"},"thumbnailUrl":"https:\/\/i0.wp.com\/minutocerord.com\/wp-content\/uploads\/2022\/07\/f81ac7a7-6cf7eded-f89b0f9f-lluvias-2-5e67975ae6a5f-5f88413a02b1c-604ccd020c8d9-1024x538-1.jpg?fit=1024%2C538&ssl=1","datePublished":"2022-09-05T16:05:26+00:00","dateModified":"2022-09-05T16:05:28+00:00","breadcrumb":{"@id":"http:\/\/minutocerord.com\/?p=10643#breadcrumb"},"inLanguage":"es-DO","potentialAction":[{"@type":"ReadAction","target":["http:\/\/minutocerord.com\/?p=10643"]}]},{"@type":"ImageObject","inLanguage":"es-DO","@id":"http:\/\/minutocerord.com\/?p=10643#primaryimage","url":"https:\/\/i0.wp.com\/minutocerord.com\/wp-content\/uploads\/2022\/07\/f81ac7a7-6cf7eded-f89b0f9f-lluvias-2-5e67975ae6a5f-5f88413a02b1c-604ccd020c8d9-1024x538-1.jpg?fit=1024%2C538&ssl=1","contentUrl":"https:\/\/i0.wp.com\/minutocerord.com\/wp-content\/uploads\/2022\/07\/f81ac7a7-6cf7eded-f89b0f9f-lluvias-2-5e67975ae6a5f-5f88413a02b1c-604ccd020c8d9-1024x538-1.jpg?fit=1024%2C538&ssl=1","width":1024,"height":538},{"@type":"BreadcrumbList","@id":"http:\/\/minutocerord.com\/?p=10643#breadcrumb","itemListElement":[{"@type":"ListItem","position":1,"name":"Home","item":"https:\/\/minutocerord.com\/"},{"@type":"ListItem","position":2,"name":"Efectos indirectos de Earl dejar\u00e1 lluvias en RD"}]},{"@type":"WebSite","@id":"https:\/\/minutocerord.com\/#website","url":"https:\/\/minutocerord.com\/","name":"Minuto Cero RD","description":"Periodismo serio y veraz","publisher":{"@id":"https:\/\/minutocerord.com\/#\/schema\/person\/60b5372d60aaa0a5171fb6488be9aee6"},"potentialAction":[{"@type":"SearchAction","target":{"@type":"EntryPoint","urlTemplate":"https:\/\/minutocerord.com\/?s={search_term_string}"},"query-input":{"@type":"PropertyValueSpecification","valueRequired":true,"valueName":"search_term_string"}}],"inLanguage":"es-DO"},{"@type":["Person","Organization"],"@id":"https:\/\/minutocerord.com\/#\/schema\/person\/60b5372d60aaa0a5171fb6488be9aee6","name":"Genof\u00f3ntes Urb\u00e1ez","image":{"@type":"ImageObject","inLanguage":"es-DO","@id":"https:\/\/secure.gravatar.com\/avatar\/a49ef3186a692098ac3e8a1612261e3ad70cf9e44553dff2929e67939a0ecb9d?s=96&d=identicon&r=g","url":"https:\/\/secure.gravatar.com\/avatar\/a49ef3186a692098ac3e8a1612261e3ad70cf9e44553dff2929e67939a0ecb9d?s=96&d=identicon&r=g","contentUrl":"https:\/\/secure.gravatar.com\/avatar\/a49ef3186a692098ac3e8a1612261e3ad70cf9e44553dff2929e67939a0ecb9d?s=96&d=identicon&r=g","caption":"Genof\u00f3ntes Urb\u00e1ez"},"logo":{"@id":"https:\/\/secure.gravatar.com\/avatar\/a49ef3186a692098ac3e8a1612261e3ad70cf9e44553dff2929e67939a0ecb9d?s=96&d=identicon&r=g"},"description":"Periodista \/ Locutor","sameAs":["https:\/\/www.facebook.com\/Genofnotes","https:\/\/www.instagram.com\/genofnotes\/"]}]}},"jetpack_publicize_connections":[],"jetpack_featured_media_url":"https:\/\/i0.wp.com\/minutocerord.com\/wp-content\/uploads\/2022\/07\/f81ac7a7-6cf7eded-f89b0f9f-lluvias-2-5e67975ae6a5f-5f88413a02b1c-604ccd020c8d9-1024x538-1.jpg?fit=1024%2C538&ssl=1","jetpack-related-posts":[],"jetpack_sharing_enabled":true,"_links":{"self":[{"href":"https:\/\/minutocerord.com\/index.php?rest_route=\/wp\/v2\/posts\/10643","targetHints":{"allow":["GET"]}}],"collection":[{"href":"https:\/\/minutocerord.com\/index.php?rest_route=\/wp\/v2\/posts"}],"about":[{"href":"https:\/\/minutocerord.com\/index.php?rest_route=\/wp\/v2\/types\/post"}],"author":[{"embeddable":true,"href":"https:\/\/minutocerord.com\/index.php?rest_route=\/wp\/v2\/users\/1"}],"replies":[{"embeddable":true,"href":"https:\/\/minutocerord.com\/index.php?rest_route=%2Fwp%2Fv2%2Fcomments&post=10643"}],"version-history":[{"count":1,"href":"https:\/\/minutocerord.com\/index.php?rest_route=\/wp\/v2\/posts\/10643\/revisions"}],"predecessor-version":[{"id":10644,"href":"https:\/\/minutocerord.com\/index.php?rest_route=\/wp\/v2\/posts\/10643\/revisions\/10644"}],"wp:featuredmedia":[{"embeddable":true,"href":"https:\/\/minutocerord.com\/index.php?rest_route=\/wp\/v2\/media\/10310"}],"wp:attachment":[{"href":"https:\/\/minutocerord.com\/index.php?rest_route=%2Fwp%2Fv2%2Fmedia&parent=10643"}],"wp:term":[{"taxonomy":"category","embeddable":true,"href":"https:\/\/minutocerord.com\/index.php?rest_route=%2Fwp%2Fv2%2Fcategories&post=10643"},{"taxonomy":"post_tag","embeddable":true,"href":"https:\/\/minutocerord.com\/index.php?rest_route=%2Fwp%2Fv2%2Ftags&post=10643"}],"curies":[{"name":"wp","href":"https:\/\/api.w.org\/{rel}","templated":true}]}}