{"id":1065,"date":"2020-11-30T12:42:09","date_gmt":"2020-11-30T16:42:09","guid":{"rendered":"https:\/\/minutocerord.com\/?p=1065"},"modified":"2020-11-30T12:42:12","modified_gmt":"2020-11-30T16:42:12","slug":"micm-ve-crecimiento-indice-actividad-manufacturera-prueba-firmeza-sector","status":"publish","type":"post","link":"https:\/\/minutocerord.com\/?p=1065","title":{"rendered":"MICM ve crecimiento \u00edndice actividad manufacturera prueba firmeza sector"},"content":{"rendered":"\n<p>SANTO DOMINGO.- El Ministerio de Industria Comercio y Mipymes (MICM) inform\u00f3 que el crecimiento consecutivo en los \u00faltimos tres meses del \u00cdndice Mensual de Actividad Manufacturera (IMAM) de la Asociaci\u00f3n de Industrias de la Rep\u00fablica Dominicana (AIRD), es un claro indicador del \u00e9xito que han tenido las pol\u00edticas de est\u00edmulo adoptadas por la instituci\u00f3n durante estos primeros 100 d\u00edas de gesti\u00f3n.<\/p>\n\n\n\n<p>Seg\u00fan las cifras, el IMAM pas\u00f3 de 47.7 en agosto a 65.6 en septiembre para subir a 69.0 en octubre, indicador que en los mercados se toma como una referencia de la actividad manufacturera de un mes con relaci\u00f3n al anterior y que, de acuerdo al MICM, este se convierte en sin\u00f3nimo de confianza en el clima econ\u00f3mico y de inversi\u00f3n que construye la actual gesti\u00f3n.<\/p>\n\n\n\n<p>En ese sentido, el ministro V\u00edctor \u2013Ito- Bison\u00f3 asegur\u00f3 que el saldo positivo que ofrecen estos indicadores en solo 100 d\u00edas de gesti\u00f3n, \u201cno solo muestran la resiliencia de nuestro sector industrial, sino que reflejan el resultado de la firme decisi\u00f3n del Gobierno de recuperar todos los sectores con acciones concretas, una agenda transparente y proactiva frente a los efectos de la pandemia\u201d.<\/p>\n\n\n\n<p>Agreg\u00f3: \u201cen momentos donde la vista de los inversores a nivel global est\u00e1 puesta en dos sectores tan esenciales como la salud y la econom\u00eda, la confianza se convierte en el principal activo de un pa\u00eds\u201d.<\/p>\n\n\n\n<p>Entiende que \u201cel ritmo que lleva la recuperaci\u00f3n de la industria nacional es un claro mensaje para los tomadores de decisi\u00f3n, agentes econ\u00f3micos y las entidades financieras\u201d.<\/p>\n\n\n\n<p>Asimismo, valor\u00f3 el trabajo de la AIRD con estudios como estos que agregan valor al sector para la toma de decisiones.<\/p>\n","protected":false},"excerpt":{"rendered":"<p>SANTO DOMINGO.- El Ministerio de Industria Comercio y Mipymes (MICM) inform\u00f3 que el crecimiento consecutivo en los \u00faltimos tres meses del \u00cdndice Mensual de Actividad Manufacturera (IMAM) de la Asociaci\u00f3n de Industrias de la Rep\u00fablica Dominicana (AIRD), es un claro indicador del \u00e9xito que han tenido las pol\u00edticas de est\u00edmulo adoptadas por la instituci\u00f3n durante [&hellip;]<\/p>\n","protected":false},"author":1,"featured_media":1066,"comment_status":"open","ping_status":"open","sticky":false,"template":"","format":"standard","meta":{"nf_dc_page":"","jetpack_post_was_ever_published":false,"_jetpack_newsletter_access":"","_jetpack_dont_email_post_to_subs":false,"_jetpack_newsletter_tier_id":0,"_jetpack_memberships_contains_paywalled_content":false,"_jetpack_memberships_contains_paid_content":false,"footnotes":"","jetpack_publicize_message":"","jetpack_publicize_feature_enabled":true,"jetpack_social_post_already_shared":false,"jetpack_social_options":{"image_generator_settings":{"template":"highway","default_image_id":0,"font":"","enabled":false},"version":2}},"categories":[74],"tags":[],"class_list":["post-1065","post","type-post","status-publish","format-standard","has-post-thumbnail","hentry","category-economicas"],"yoast_head":"<!-- This site is optimized with the Yoast SEO plugin v27.4 - https:\/\/yoast.com\/product\/yoast-seo-wordpress\/ -->\n<title>MICM ve crecimiento \u00edndice actividad manufacturera prueba firmeza sector - Minuto Cero RD<\/title>\n<meta name=\"robots\" content=\"index, follow, max-snippet:-1, max-image-preview:large, max-video-preview:-1\" \/>\n<link rel=\"canonical\" href=\"http:\/\/minutocerord.com\/?p=1065\" \/>\n<meta property=\"og:locale\" content=\"es_ES\" \/>\n<meta property=\"og:type\" content=\"article\" \/>\n<meta property=\"og:title\" content=\"MICM ve crecimiento \u00edndice actividad manufacturera prueba firmeza sector - Minuto Cero RD\" \/>\n<meta property=\"og:description\" content=\"SANTO DOMINGO.- El Ministerio de Industria Comercio y Mipymes (MICM) inform\u00f3 que el crecimiento consecutivo en los \u00faltimos tres meses del \u00cdndice Mensual de Actividad Manufacturera (IMAM) de la Asociaci\u00f3n de Industrias de la Rep\u00fablica Dominicana (AIRD), es un claro indicador del \u00e9xito que han tenido las pol\u00edticas de est\u00edmulo adoptadas por la instituci\u00f3n durante [&hellip;]\" \/>\n<meta property=\"og:url\" content=\"http:\/\/minutocerord.com\/?p=1065\" \/>\n<meta property=\"og:site_name\" content=\"Minuto Cero RD\" \/>\n<meta property=\"article:publisher\" content=\"https:\/\/www.facebook.com\/Genofnotes\" \/>\n<meta property=\"article:author\" content=\"https:\/\/www.facebook.com\/Genofnotes\" \/>\n<meta property=\"article:published_time\" content=\"2020-11-30T16:42:09+00:00\" \/>\n<meta property=\"article:modified_time\" content=\"2020-11-30T16:42:12+00:00\" \/>\n<meta property=\"og:image\" content=\"https:\/\/i0.wp.com\/minutocerord.com\/wp-content\/uploads\/2020\/11\/Ministro-Victor-Ito-Bisono.jpg?fit=584%2C339\" \/>\n\t<meta property=\"og:image:width\" content=\"584\" \/>\n\t<meta property=\"og:image:height\" content=\"339\" \/>\n\t<meta property=\"og:image:type\" content=\"image\/jpeg\" \/>\n<meta name=\"author\" content=\"Genof\u00f3ntes Urb\u00e1ez\" \/>\n<meta name=\"twitter:card\" content=\"summary_large_image\" \/>\n<meta name=\"twitter:label1\" content=\"Written by\" \/>\n\t<meta name=\"twitter:data1\" content=\"Genof\u00f3ntes Urb\u00e1ez\" \/>\n\t<meta name=\"twitter:label2\" content=\"Est. reading time\" \/>\n\t<meta name=\"twitter:data2\" content=\"1 minuto\" \/>\n<script type=\"application\/ld+json\" class=\"yoast-schema-graph\">{\"@context\":\"https:\\\/\\\/schema.org\",\"@graph\":[{\"@type\":\"Article\",\"@id\":\"http:\\\/\\\/minutocerord.com\\\/?p=1065#article\",\"isPartOf\":{\"@id\":\"http:\\\/\\\/minutocerord.com\\\/?p=1065\"},\"author\":{\"name\":\"Genof\u00f3ntes Urb\u00e1ez\",\"@id\":\"https:\\\/\\\/minutocerord.com\\\/#\\\/schema\\\/person\\\/60b5372d60aaa0a5171fb6488be9aee6\"},\"headline\":\"MICM ve crecimiento \u00edndice actividad manufacturera prueba firmeza sector\",\"datePublished\":\"2020-11-30T16:42:09+00:00\",\"dateModified\":\"2020-11-30T16:42:12+00:00\",\"mainEntityOfPage\":{\"@id\":\"http:\\\/\\\/minutocerord.com\\\/?p=1065\"},\"wordCount\":301,\"commentCount\":0,\"publisher\":{\"@id\":\"https:\\\/\\\/minutocerord.com\\\/#\\\/schema\\\/person\\\/60b5372d60aaa0a5171fb6488be9aee6\"},\"image\":{\"@id\":\"http:\\\/\\\/minutocerord.com\\\/?p=1065#primaryimage\"},\"thumbnailUrl\":\"https:\\\/\\\/i0.wp.com\\\/minutocerord.com\\\/wp-content\\\/uploads\\\/2020\\\/11\\\/Ministro-Victor-Ito-Bisono.jpg?fit=584%2C339&ssl=1\",\"articleSection\":[\"Econ\u00f3micas\"],\"inLanguage\":\"es-DO\",\"potentialAction\":[{\"@type\":\"CommentAction\",\"name\":\"Comment\",\"target\":[\"http:\\\/\\\/minutocerord.com\\\/?p=1065#respond\"]}]},{\"@type\":\"WebPage\",\"@id\":\"http:\\\/\\\/minutocerord.com\\\/?p=1065\",\"url\":\"http:\\\/\\\/minutocerord.com\\\/?p=1065\",\"name\":\"MICM ve crecimiento \u00edndice actividad manufacturera prueba firmeza sector - Minuto Cero RD\",\"isPartOf\":{\"@id\":\"https:\\\/\\\/minutocerord.com\\\/#website\"},\"primaryImageOfPage\":{\"@id\":\"http:\\\/\\\/minutocerord.com\\\/?p=1065#primaryimage\"},\"image\":{\"@id\":\"http:\\\/\\\/minutocerord.com\\\/?p=1065#primaryimage\"},\"thumbnailUrl\":\"https:\\\/\\\/i0.wp.com\\\/minutocerord.com\\\/wp-content\\\/uploads\\\/2020\\\/11\\\/Ministro-Victor-Ito-Bisono.jpg?fit=584%2C339&ssl=1\",\"datePublished\":\"2020-11-30T16:42:09+00:00\",\"dateModified\":\"2020-11-30T16:42:12+00:00\",\"breadcrumb\":{\"@id\":\"http:\\\/\\\/minutocerord.com\\\/?p=1065#breadcrumb\"},\"inLanguage\":\"es-DO\",\"potentialAction\":[{\"@type\":\"ReadAction\",\"target\":[\"http:\\\/\\\/minutocerord.com\\\/?p=1065\"]}]},{\"@type\":\"ImageObject\",\"inLanguage\":\"es-DO\",\"@id\":\"http:\\\/\\\/minutocerord.com\\\/?p=1065#primaryimage\",\"url\":\"https:\\\/\\\/i0.wp.com\\\/minutocerord.com\\\/wp-content\\\/uploads\\\/2020\\\/11\\\/Ministro-Victor-Ito-Bisono.jpg?fit=584%2C339&ssl=1\",\"contentUrl\":\"https:\\\/\\\/i0.wp.com\\\/minutocerord.com\\\/wp-content\\\/uploads\\\/2020\\\/11\\\/Ministro-Victor-Ito-Bisono.jpg?fit=584%2C339&ssl=1\",\"width\":584,\"height\":339},{\"@type\":\"BreadcrumbList\",\"@id\":\"http:\\\/\\\/minutocerord.com\\\/?p=1065#breadcrumb\",\"itemListElement\":[{\"@type\":\"ListItem\",\"position\":1,\"name\":\"Home\",\"item\":\"https:\\\/\\\/minutocerord.com\\\/\"},{\"@type\":\"ListItem\",\"position\":2,\"name\":\"MICM ve crecimiento \u00edndice actividad manufacturera prueba firmeza sector\"}]},{\"@type\":\"WebSite\",\"@id\":\"https:\\\/\\\/minutocerord.com\\\/#website\",\"url\":\"https:\\\/\\\/minutocerord.com\\\/\",\"name\":\"Minuto Cero RD\",\"description\":\"Periodismo serio y veraz\",\"publisher\":{\"@id\":\"https:\\\/\\\/minutocerord.com\\\/#\\\/schema\\\/person\\\/60b5372d60aaa0a5171fb6488be9aee6\"},\"potentialAction\":[{\"@type\":\"SearchAction\",\"target\":{\"@type\":\"EntryPoint\",\"urlTemplate\":\"https:\\\/\\\/minutocerord.com\\\/?s={search_term_string}\"},\"query-input\":{\"@type\":\"PropertyValueSpecification\",\"valueRequired\":true,\"valueName\":\"search_term_string\"}}],\"inLanguage\":\"es-DO\"},{\"@type\":[\"Person\",\"Organization\"],\"@id\":\"https:\\\/\\\/minutocerord.com\\\/#\\\/schema\\\/person\\\/60b5372d60aaa0a5171fb6488be9aee6\",\"name\":\"Genof\u00f3ntes Urb\u00e1ez\",\"image\":{\"@type\":\"ImageObject\",\"inLanguage\":\"es-DO\",\"@id\":\"https:\\\/\\\/secure.gravatar.com\\\/avatar\\\/a49ef3186a692098ac3e8a1612261e3ad70cf9e44553dff2929e67939a0ecb9d?s=96&d=identicon&r=g\",\"url\":\"https:\\\/\\\/secure.gravatar.com\\\/avatar\\\/a49ef3186a692098ac3e8a1612261e3ad70cf9e44553dff2929e67939a0ecb9d?s=96&d=identicon&r=g\",\"contentUrl\":\"https:\\\/\\\/secure.gravatar.com\\\/avatar\\\/a49ef3186a692098ac3e8a1612261e3ad70cf9e44553dff2929e67939a0ecb9d?s=96&d=identicon&r=g\",\"caption\":\"Genof\u00f3ntes Urb\u00e1ez\"},\"logo\":{\"@id\":\"https:\\\/\\\/secure.gravatar.com\\\/avatar\\\/a49ef3186a692098ac3e8a1612261e3ad70cf9e44553dff2929e67939a0ecb9d?s=96&d=identicon&r=g\"},\"description\":\"Periodista \\\/ Locutor\",\"sameAs\":[\"https:\\\/\\\/www.facebook.com\\\/Genofnotes\",\"https:\\\/\\\/www.instagram.com\\\/genofnotes\\\/\"]}]}<\/script>\n<!-- \/ Yoast SEO plugin. -->","yoast_head_json":{"title":"MICM ve crecimiento \u00edndice actividad manufacturera prueba firmeza sector - Minuto Cero RD","robots":{"index":"index","follow":"follow","max-snippet":"max-snippet:-1","max-image-preview":"max-image-preview:large","max-video-preview":"max-video-preview:-1"},"canonical":"http:\/\/minutocerord.com\/?p=1065","og_locale":"es_ES","og_type":"article","og_title":"MICM ve crecimiento \u00edndice actividad manufacturera prueba firmeza sector - Minuto Cero RD","og_description":"SANTO DOMINGO.- El Ministerio de Industria Comercio y Mipymes (MICM) inform\u00f3 que el crecimiento consecutivo en los \u00faltimos tres meses del \u00cdndice Mensual de Actividad Manufacturera (IMAM) de la Asociaci\u00f3n de Industrias de la Rep\u00fablica Dominicana (AIRD), es un claro indicador del \u00e9xito que han tenido las pol\u00edticas de est\u00edmulo adoptadas por la instituci\u00f3n durante [&hellip;]","og_url":"http:\/\/minutocerord.com\/?p=1065","og_site_name":"Minuto Cero RD","article_publisher":"https:\/\/www.facebook.com\/Genofnotes","article_author":"https:\/\/www.facebook.com\/Genofnotes","article_published_time":"2020-11-30T16:42:09+00:00","article_modified_time":"2020-11-30T16:42:12+00:00","og_image":[{"width":584,"height":339,"url":"https:\/\/i0.wp.com\/minutocerord.com\/wp-content\/uploads\/2020\/11\/Ministro-Victor-Ito-Bisono.jpg?fit=584%2C339","type":"image\/jpeg"}],"author":"Genof\u00f3ntes Urb\u00e1ez","twitter_card":"summary_large_image","twitter_misc":{"Written by":"Genof\u00f3ntes Urb\u00e1ez","Est. reading time":"1 minuto"},"schema":{"@context":"https:\/\/schema.org","@graph":[{"@type":"Article","@id":"http:\/\/minutocerord.com\/?p=1065#article","isPartOf":{"@id":"http:\/\/minutocerord.com\/?p=1065"},"author":{"name":"Genof\u00f3ntes Urb\u00e1ez","@id":"https:\/\/minutocerord.com\/#\/schema\/person\/60b5372d60aaa0a5171fb6488be9aee6"},"headline":"MICM ve crecimiento \u00edndice actividad manufacturera prueba firmeza sector","datePublished":"2020-11-30T16:42:09+00:00","dateModified":"2020-11-30T16:42:12+00:00","mainEntityOfPage":{"@id":"http:\/\/minutocerord.com\/?p=1065"},"wordCount":301,"commentCount":0,"publisher":{"@id":"https:\/\/minutocerord.com\/#\/schema\/person\/60b5372d60aaa0a5171fb6488be9aee6"},"image":{"@id":"http:\/\/minutocerord.com\/?p=1065#primaryimage"},"thumbnailUrl":"https:\/\/i0.wp.com\/minutocerord.com\/wp-content\/uploads\/2020\/11\/Ministro-Victor-Ito-Bisono.jpg?fit=584%2C339&ssl=1","articleSection":["Econ\u00f3micas"],"inLanguage":"es-DO","potentialAction":[{"@type":"CommentAction","name":"Comment","target":["http:\/\/minutocerord.com\/?p=1065#respond"]}]},{"@type":"WebPage","@id":"http:\/\/minutocerord.com\/?p=1065","url":"http:\/\/minutocerord.com\/?p=1065","name":"MICM ve crecimiento \u00edndice actividad manufacturera prueba firmeza sector - Minuto Cero RD","isPartOf":{"@id":"https:\/\/minutocerord.com\/#website"},"primaryImageOfPage":{"@id":"http:\/\/minutocerord.com\/?p=1065#primaryimage"},"image":{"@id":"http:\/\/minutocerord.com\/?p=1065#primaryimage"},"thumbnailUrl":"https:\/\/i0.wp.com\/minutocerord.com\/wp-content\/uploads\/2020\/11\/Ministro-Victor-Ito-Bisono.jpg?fit=584%2C339&ssl=1","datePublished":"2020-11-30T16:42:09+00:00","dateModified":"2020-11-30T16:42:12+00:00","breadcrumb":{"@id":"http:\/\/minutocerord.com\/?p=1065#breadcrumb"},"inLanguage":"es-DO","potentialAction":[{"@type":"ReadAction","target":["http:\/\/minutocerord.com\/?p=1065"]}]},{"@type":"ImageObject","inLanguage":"es-DO","@id":"http:\/\/minutocerord.com\/?p=1065#primaryimage","url":"https:\/\/i0.wp.com\/minutocerord.com\/wp-content\/uploads\/2020\/11\/Ministro-Victor-Ito-Bisono.jpg?fit=584%2C339&ssl=1","contentUrl":"https:\/\/i0.wp.com\/minutocerord.com\/wp-content\/uploads\/2020\/11\/Ministro-Victor-Ito-Bisono.jpg?fit=584%2C339&ssl=1","width":584,"height":339},{"@type":"BreadcrumbList","@id":"http:\/\/minutocerord.com\/?p=1065#breadcrumb","itemListElement":[{"@type":"ListItem","position":1,"name":"Home","item":"https:\/\/minutocerord.com\/"},{"@type":"ListItem","position":2,"name":"MICM ve crecimiento \u00edndice actividad manufacturera prueba firmeza sector"}]},{"@type":"WebSite","@id":"https:\/\/minutocerord.com\/#website","url":"https:\/\/minutocerord.com\/","name":"Minuto Cero RD","description":"Periodismo serio y veraz","publisher":{"@id":"https:\/\/minutocerord.com\/#\/schema\/person\/60b5372d60aaa0a5171fb6488be9aee6"},"potentialAction":[{"@type":"SearchAction","target":{"@type":"EntryPoint","urlTemplate":"https:\/\/minutocerord.com\/?s={search_term_string}"},"query-input":{"@type":"PropertyValueSpecification","valueRequired":true,"valueName":"search_term_string"}}],"inLanguage":"es-DO"},{"@type":["Person","Organization"],"@id":"https:\/\/minutocerord.com\/#\/schema\/person\/60b5372d60aaa0a5171fb6488be9aee6","name":"Genof\u00f3ntes Urb\u00e1ez","image":{"@type":"ImageObject","inLanguage":"es-DO","@id":"https:\/\/secure.gravatar.com\/avatar\/a49ef3186a692098ac3e8a1612261e3ad70cf9e44553dff2929e67939a0ecb9d?s=96&d=identicon&r=g","url":"https:\/\/secure.gravatar.com\/avatar\/a49ef3186a692098ac3e8a1612261e3ad70cf9e44553dff2929e67939a0ecb9d?s=96&d=identicon&r=g","contentUrl":"https:\/\/secure.gravatar.com\/avatar\/a49ef3186a692098ac3e8a1612261e3ad70cf9e44553dff2929e67939a0ecb9d?s=96&d=identicon&r=g","caption":"Genof\u00f3ntes Urb\u00e1ez"},"logo":{"@id":"https:\/\/secure.gravatar.com\/avatar\/a49ef3186a692098ac3e8a1612261e3ad70cf9e44553dff2929e67939a0ecb9d?s=96&d=identicon&r=g"},"description":"Periodista \/ Locutor","sameAs":["https:\/\/www.facebook.com\/Genofnotes","https:\/\/www.instagram.com\/genofnotes\/"]}]}},"jetpack_publicize_connections":[],"jetpack_featured_media_url":"https:\/\/i0.wp.com\/minutocerord.com\/wp-content\/uploads\/2020\/11\/Ministro-Victor-Ito-Bisono.jpg?fit=584%2C339&ssl=1","jetpack-related-posts":[],"jetpack_sharing_enabled":true,"_links":{"self":[{"href":"https:\/\/minutocerord.com\/index.php?rest_route=\/wp\/v2\/posts\/1065","targetHints":{"allow":["GET"]}}],"collection":[{"href":"https:\/\/minutocerord.com\/index.php?rest_route=\/wp\/v2\/posts"}],"about":[{"href":"https:\/\/minutocerord.com\/index.php?rest_route=\/wp\/v2\/types\/post"}],"author":[{"embeddable":true,"href":"https:\/\/minutocerord.com\/index.php?rest_route=\/wp\/v2\/users\/1"}],"replies":[{"embeddable":true,"href":"https:\/\/minutocerord.com\/index.php?rest_route=%2Fwp%2Fv2%2Fcomments&post=1065"}],"version-history":[{"count":1,"href":"https:\/\/minutocerord.com\/index.php?rest_route=\/wp\/v2\/posts\/1065\/revisions"}],"predecessor-version":[{"id":1067,"href":"https:\/\/minutocerord.com\/index.php?rest_route=\/wp\/v2\/posts\/1065\/revisions\/1067"}],"wp:featuredmedia":[{"embeddable":true,"href":"https:\/\/minutocerord.com\/index.php?rest_route=\/wp\/v2\/media\/1066"}],"wp:attachment":[{"href":"https:\/\/minutocerord.com\/index.php?rest_route=%2Fwp%2Fv2%2Fmedia&parent=1065"}],"wp:term":[{"taxonomy":"category","embeddable":true,"href":"https:\/\/minutocerord.com\/index.php?rest_route=%2Fwp%2Fv2%2Fcategories&post=1065"},{"taxonomy":"post_tag","embeddable":true,"href":"https:\/\/minutocerord.com\/index.php?rest_route=%2Fwp%2Fv2%2Ftags&post=1065"}],"curies":[{"name":"wp","href":"https:\/\/api.w.org\/{rel}","templated":true}]}}