{"id":10661,"date":"2022-09-10T16:02:47","date_gmt":"2022-09-10T20:02:47","guid":{"rendered":"https:\/\/minutocerord.com\/?p=10661"},"modified":"2022-09-10T16:02:49","modified_gmt":"2022-09-10T20:02:49","slug":"los-procesos-por-corrupcion-siguen-desplomandose","status":"publish","type":"post","link":"https:\/\/minutocerord.com\/?p=10661","title":{"rendered":"Los procesos por corrupci\u00f3n siguen desplom\u00e1ndose"},"content":{"rendered":"\n<p><strong>Santo Domingo.-<\/strong> En los \u00faltimos meses, al Ministerio P\u00fablico no le ha ido muy bien con los casos de corrupci\u00f3n que han llevado a los tribunales. Ahora suman cuatro los procesos judiciales de este tipo que no han podido sustentar.<\/p>\n\n\n\n<p>Y una muestra de esto es que, de los tres acusados por corrupci\u00f3n en la Oficina Metropolitana de Servicios de Autobuses (OMSA), que provoc\u00f3 la muerte del abogado Yuniol Ram\u00edrez, solo uno fue condenado y a una pena muy inferior a la que hab\u00edan solicitado.<\/p>\n\n\n\n<p>No hubo suficientes pruebas para que Manuel Rivas, exdirector de la entidad gubernamental, y Argenis Contreras, quien fung\u00eda como encargado de Compras y Contrataciones, fueran condenados por este hecho.<\/p>\n\n\n\n<p>As\u00ed lo estableci\u00f3 el Segundo Tribunal Colegiado del Distrito Nacional al descargar a los acusados, debido a que el Ministerio P\u00fablico no present\u00f3 suficientes pruebas de que cometieron actos il\u00edcitos. Contreras, por otro lado, s\u00ed fue condenado a 20 a\u00f1os de prisi\u00f3n por el homicidio del jurista Ram\u00edrez.<\/p>\n\n\n\n<p>El \u00f3rgano acusador ped\u00eda que Rivas fuera sentenciado a 20 a\u00f1os de c\u00e1rcel, y Contreras a 30.<\/p>\n\n\n\n<p>Un a\u00f1o de prisi\u00f3n<a><\/a><\/p>\n\n\n\n<p>El que fue condenado por corrupci\u00f3n fue Faustino Rivas, exfinanciero de la OMSA, quien fue hallado culpable del delito de funcionario mezclado en asuntos incompatibles con su funci\u00f3n.<\/p>\n\n\n\n<p>Fue sentenciado a un a\u00f1o de prisi\u00f3n (que ya cumpli\u00f3 cuando estuvo en prisi\u00f3n preventiva) y fue inhabilitado para ejercer cargos p\u00fablicos. Contra este, el Ministerio P\u00fablico hab\u00eda pedido una pena de 20 a\u00f1os de c\u00e1rcel.<\/p>\n\n\n\n<p>Al dar a conocer su fallo, la madrugada del viernes, las juezas Claribel Nivar, Yissel Soto y Clara Castillo, indicaron que, de acuerdo a las pruebas aportadas por el Ministerio P\u00fablico, Rivas no incurri\u00f3 en desfalco, soborno, prevaricaci\u00f3n u otra modalidad de corrupci\u00f3n administrativa, sino que su negligencia permiti\u00f3 que sus empleados de confianza manejaran inadecuadamente las licitaciones para las compras en la instituci\u00f3n.<\/p>\n\n\n\n<p>Precis\u00f3 que el af\u00e1n de Rivas era el parque vehicular de OMSA, y que probablemente en su intenci\u00f3n de obtener una cantidad de bienes y servicios en un tiempo r\u00e9cord, se descuid\u00f3 y permiti\u00f3 que se utilizaran algunas herramientas para beneficios de unos cuantos.<\/p>\n\n\n\n<p>\u201cEsa falta de supervisi\u00f3n a sus empleados de confianza facilit\u00f3 un manejo inadecuado, no imputable penalmente, al ciudadano Manuel Rivas, situaci\u00f3n esta que v\u00e1lidamente estaban dadas las condiciones de una retenci\u00f3n de falta de car\u00e1cter civil, esto as\u00ed pues con su negligencia se afect\u00f3 el inter\u00e9s general de aquellos ciudadanos que haciendo uno de la ley 340 se presentaran como oferentes a la entidad\u201d, dijo la magistrada Soto.<\/p>\n\n\n\n<p>Si hubiera querella del Estado\u2026<\/p>\n\n\n\n<p>Precis\u00f3 que si el Estado hubiera presentado una querella con constituci\u00f3n en actor civil en contra de Rivas, el tribunal hubiese podido admitir alguna retenci\u00f3n de car\u00e1cter civil.<\/p>\n\n\n\n<p>Sobre Rosario, quien era el director financiero de la OMSA y pertenec\u00eda al comit\u00e9 de compras de la entidad, manifest\u00f3 que compa\u00f1\u00edas de sus parientes participaron y ganaron licitaciones de OMSA, violando as\u00ed el art\u00edculo 145 del C\u00f3digo Penal que tipifica que un funcionario, que abiertamente, por simulaci\u00f3n de actos, o por interposici\u00f3n de persona, reciba un inter\u00e9s o una recompensa, no prevista por la ley, en los actos, adjudicaciones de la oficina que tiene a su cargo.<\/p>\n\n\n\n<p>Por otro lado, el tribunal descarg\u00f3 a Jos\u00e9 Mercado Blanco (el Grande), Heidy Pe\u00f1a, Jorge Abreu (el Taxista), V\u00edctor Ravelo Campos, Lilian Francisca Su\u00e1rez, quienes estaban vinculados a la muerte de Yuniol Ram\u00edrez, ocurrida en 2017, tras la cual se destap\u00f3 el esc\u00e1ndalo de corrupci\u00f3n en la entidad de transporte p\u00fablico.<\/p>\n\n\n\n<p>Los otros casos<\/p>\n\n\n\n<p>Estas absoluciones con respecto a los actos de corrupci\u00f3n, se suma a la lista de los dem\u00e1s procesos que la Procuradur\u00eda Especializada de Persecuci\u00f3n de la Corrupci\u00f3n Administrativa (Pepca) no ha podido sustentar.<\/p>\n\n\n\n<p>Hace solo tres meses, un tribunal descarg\u00f3 a los tres imputados en el caso Tucano y dos semanas antes, otro juzgado dict\u00f3 auto de no ha lugar a favor de todos los acusados por la supuesta venta ilegal del sector Los Tres Brazos, con lo que los liber\u00f3 de ir a juicio de fondo. Y en octubre del pasado a\u00f1o, en el juicio por los sobornos de Odebrecht, fueron descargados cuatro de los implicados y los otros dos condenados a penas inferiores a las que el \u00f3rgano persecutor hab\u00eda pedido.<\/p>\n\n\n\n<p>\u201cJurisprudencia es vergonzosa\u201d<\/p>\n\n\n\n<p>Ayer, horas despu\u00e9s de emitirse el fallo del caso OMSA, la directora de Persecuci\u00f3n del Ministerio P\u00fablico, Yeni Berenice Reynoso, manifest\u00f3 que en el pa\u00eds \u201cla jurisprudencia de la corrupci\u00f3n es vergonzosa, indignante, parcial, il\u00f3gica, contradictoria, servil, deficiente, err\u00f3nea\u201d. A trav\u00e9s de un tuit, la dijo que le resulta \u201cincre\u00edble\u201d que la mayor\u00eda de los tribunales cambien sus criterios solo \u201cpara favorecer corruptos y el crimen organizado\u201d. Sobre la decisi\u00f3n del caso OMSA, y el combate de la corrupci\u00f3n, la coordinadora de Litigaci\u00f3n de la Pepca, Mirna Ortiz, precis\u00f3 que \u201cno es una lucha sencilla\u201d hacerle frente a este flagelo. Indic\u00f3 que aun as\u00ed no descansar\u00e1n.<\/p>\n\n\n\n<p>Cuatro casos<\/p>\n\n\n\n<p>Cantidad Suman cuatro los procesos por corrupci\u00f3n que el Ministerio P\u00fablico no ha podido sustentar en los \u00faltimos meses<\/p>\n","protected":false},"excerpt":{"rendered":"<p>Santo Domingo.- En los \u00faltimos meses, al Ministerio P\u00fablico no le ha ido muy bien con los casos de corrupci\u00f3n que han llevado a los tribunales. Ahora suman cuatro los procesos judiciales de este tipo que no han podido sustentar. Y una muestra de esto es que, de los tres acusados por corrupci\u00f3n en la [&hellip;]<\/p>\n","protected":false},"author":1,"featured_media":10662,"comment_status":"open","ping_status":"open","sticky":false,"template":"","format":"standard","meta":{"nf_dc_page":"","jetpack_post_was_ever_published":false,"_jetpack_newsletter_access":"","_jetpack_dont_email_post_to_subs":false,"_jetpack_newsletter_tier_id":0,"_jetpack_memberships_contains_paywalled_content":false,"_jetpack_memberships_contains_paid_content":false,"footnotes":"","jetpack_publicize_message":"","jetpack_publicize_feature_enabled":true,"jetpack_social_post_already_shared":false,"jetpack_social_options":{"image_generator_settings":{"template":"highway","default_image_id":0,"font":"","enabled":false},"version":2}},"categories":[93],"tags":[],"class_list":["post-10661","post","type-post","status-publish","format-standard","has-post-thumbnail","hentry","category-justicia"],"yoast_head":"<!-- This site is optimized with the Yoast SEO plugin v27.4 - https:\/\/yoast.com\/product\/yoast-seo-wordpress\/ -->\n<title>Los procesos por corrupci\u00f3n siguen desplom\u00e1ndose - Minuto Cero RD<\/title>\n<meta name=\"robots\" content=\"index, follow, max-snippet:-1, max-image-preview:large, max-video-preview:-1\" \/>\n<link rel=\"canonical\" href=\"http:\/\/minutocerord.com\/?p=10661\" \/>\n<meta property=\"og:locale\" content=\"es_ES\" \/>\n<meta property=\"og:type\" content=\"article\" \/>\n<meta property=\"og:title\" content=\"Los procesos por corrupci\u00f3n siguen desplom\u00e1ndose - Minuto Cero RD\" \/>\n<meta property=\"og:description\" content=\"Santo Domingo.- En los \u00faltimos meses, al Ministerio P\u00fablico no le ha ido muy bien con los casos de corrupci\u00f3n que han llevado a los tribunales. Ahora suman cuatro los procesos judiciales de este tipo que no han podido sustentar. Y una muestra de esto es que, de los tres acusados por corrupci\u00f3n en la [&hellip;]\" \/>\n<meta property=\"og:url\" content=\"http:\/\/minutocerord.com\/?p=10661\" \/>\n<meta property=\"og:site_name\" content=\"Minuto Cero RD\" \/>\n<meta property=\"article:publisher\" content=\"https:\/\/www.facebook.com\/Genofnotes\" \/>\n<meta property=\"article:author\" content=\"https:\/\/www.facebook.com\/Genofnotes\" \/>\n<meta property=\"article:published_time\" content=\"2022-09-10T20:02:47+00:00\" \/>\n<meta property=\"article:modified_time\" content=\"2022-09-10T20:02:49+00:00\" \/>\n<meta property=\"og:image\" content=\"https:\/\/i0.wp.com\/minutocerord.com\/wp-content\/uploads\/2022\/09\/palacio-de-justicia-yunior-ramirez-yimel-rivera-14.jpg?fit=1200%2C600\" \/>\n\t<meta property=\"og:image:width\" content=\"1200\" \/>\n\t<meta property=\"og:image:height\" content=\"600\" \/>\n\t<meta property=\"og:image:type\" content=\"image\/jpeg\" \/>\n<meta name=\"author\" content=\"Genof\u00f3ntes Urb\u00e1ez\" \/>\n<meta name=\"twitter:card\" content=\"summary_large_image\" \/>\n<meta name=\"twitter:label1\" content=\"Written by\" \/>\n\t<meta name=\"twitter:data1\" content=\"Genof\u00f3ntes Urb\u00e1ez\" \/>\n\t<meta name=\"twitter:label2\" content=\"Est. reading time\" \/>\n\t<meta name=\"twitter:data2\" content=\"4 minutos\" \/>\n<script type=\"application\/ld+json\" class=\"yoast-schema-graph\">{\"@context\":\"https:\\\/\\\/schema.org\",\"@graph\":[{\"@type\":\"Article\",\"@id\":\"http:\\\/\\\/minutocerord.com\\\/?p=10661#article\",\"isPartOf\":{\"@id\":\"http:\\\/\\\/minutocerord.com\\\/?p=10661\"},\"author\":{\"name\":\"Genof\u00f3ntes Urb\u00e1ez\",\"@id\":\"https:\\\/\\\/minutocerord.com\\\/#\\\/schema\\\/person\\\/60b5372d60aaa0a5171fb6488be9aee6\"},\"headline\":\"Los procesos por corrupci\u00f3n siguen desplom\u00e1ndose\",\"datePublished\":\"2022-09-10T20:02:47+00:00\",\"dateModified\":\"2022-09-10T20:02:49+00:00\",\"mainEntityOfPage\":{\"@id\":\"http:\\\/\\\/minutocerord.com\\\/?p=10661\"},\"wordCount\":922,\"commentCount\":0,\"publisher\":{\"@id\":\"https:\\\/\\\/minutocerord.com\\\/#\\\/schema\\\/person\\\/60b5372d60aaa0a5171fb6488be9aee6\"},\"image\":{\"@id\":\"http:\\\/\\\/minutocerord.com\\\/?p=10661#primaryimage\"},\"thumbnailUrl\":\"https:\\\/\\\/i0.wp.com\\\/minutocerord.com\\\/wp-content\\\/uploads\\\/2022\\\/09\\\/palacio-de-justicia-yunior-ramirez-yimel-rivera-14.jpg?fit=1200%2C600&ssl=1\",\"articleSection\":[\"Justicia\"],\"inLanguage\":\"es-DO\",\"potentialAction\":[{\"@type\":\"CommentAction\",\"name\":\"Comment\",\"target\":[\"http:\\\/\\\/minutocerord.com\\\/?p=10661#respond\"]}]},{\"@type\":\"WebPage\",\"@id\":\"http:\\\/\\\/minutocerord.com\\\/?p=10661\",\"url\":\"http:\\\/\\\/minutocerord.com\\\/?p=10661\",\"name\":\"Los procesos por corrupci\u00f3n siguen desplom\u00e1ndose - Minuto Cero RD\",\"isPartOf\":{\"@id\":\"https:\\\/\\\/minutocerord.com\\\/#website\"},\"primaryImageOfPage\":{\"@id\":\"http:\\\/\\\/minutocerord.com\\\/?p=10661#primaryimage\"},\"image\":{\"@id\":\"http:\\\/\\\/minutocerord.com\\\/?p=10661#primaryimage\"},\"thumbnailUrl\":\"https:\\\/\\\/i0.wp.com\\\/minutocerord.com\\\/wp-content\\\/uploads\\\/2022\\\/09\\\/palacio-de-justicia-yunior-ramirez-yimel-rivera-14.jpg?fit=1200%2C600&ssl=1\",\"datePublished\":\"2022-09-10T20:02:47+00:00\",\"dateModified\":\"2022-09-10T20:02:49+00:00\",\"breadcrumb\":{\"@id\":\"http:\\\/\\\/minutocerord.com\\\/?p=10661#breadcrumb\"},\"inLanguage\":\"es-DO\",\"potentialAction\":[{\"@type\":\"ReadAction\",\"target\":[\"http:\\\/\\\/minutocerord.com\\\/?p=10661\"]}]},{\"@type\":\"ImageObject\",\"inLanguage\":\"es-DO\",\"@id\":\"http:\\\/\\\/minutocerord.com\\\/?p=10661#primaryimage\",\"url\":\"https:\\\/\\\/i0.wp.com\\\/minutocerord.com\\\/wp-content\\\/uploads\\\/2022\\\/09\\\/palacio-de-justicia-yunior-ramirez-yimel-rivera-14.jpg?fit=1200%2C600&ssl=1\",\"contentUrl\":\"https:\\\/\\\/i0.wp.com\\\/minutocerord.com\\\/wp-content\\\/uploads\\\/2022\\\/09\\\/palacio-de-justicia-yunior-ramirez-yimel-rivera-14.jpg?fit=1200%2C600&ssl=1\",\"width\":1200,\"height\":600},{\"@type\":\"BreadcrumbList\",\"@id\":\"http:\\\/\\\/minutocerord.com\\\/?p=10661#breadcrumb\",\"itemListElement\":[{\"@type\":\"ListItem\",\"position\":1,\"name\":\"Home\",\"item\":\"https:\\\/\\\/minutocerord.com\\\/\"},{\"@type\":\"ListItem\",\"position\":2,\"name\":\"Los procesos por corrupci\u00f3n siguen desplom\u00e1ndose\"}]},{\"@type\":\"WebSite\",\"@id\":\"https:\\\/\\\/minutocerord.com\\\/#website\",\"url\":\"https:\\\/\\\/minutocerord.com\\\/\",\"name\":\"Minuto Cero RD\",\"description\":\"Periodismo serio y veraz\",\"publisher\":{\"@id\":\"https:\\\/\\\/minutocerord.com\\\/#\\\/schema\\\/person\\\/60b5372d60aaa0a5171fb6488be9aee6\"},\"potentialAction\":[{\"@type\":\"SearchAction\",\"target\":{\"@type\":\"EntryPoint\",\"urlTemplate\":\"https:\\\/\\\/minutocerord.com\\\/?s={search_term_string}\"},\"query-input\":{\"@type\":\"PropertyValueSpecification\",\"valueRequired\":true,\"valueName\":\"search_term_string\"}}],\"inLanguage\":\"es-DO\"},{\"@type\":[\"Person\",\"Organization\"],\"@id\":\"https:\\\/\\\/minutocerord.com\\\/#\\\/schema\\\/person\\\/60b5372d60aaa0a5171fb6488be9aee6\",\"name\":\"Genof\u00f3ntes Urb\u00e1ez\",\"image\":{\"@type\":\"ImageObject\",\"inLanguage\":\"es-DO\",\"@id\":\"https:\\\/\\\/secure.gravatar.com\\\/avatar\\\/a49ef3186a692098ac3e8a1612261e3ad70cf9e44553dff2929e67939a0ecb9d?s=96&d=identicon&r=g\",\"url\":\"https:\\\/\\\/secure.gravatar.com\\\/avatar\\\/a49ef3186a692098ac3e8a1612261e3ad70cf9e44553dff2929e67939a0ecb9d?s=96&d=identicon&r=g\",\"contentUrl\":\"https:\\\/\\\/secure.gravatar.com\\\/avatar\\\/a49ef3186a692098ac3e8a1612261e3ad70cf9e44553dff2929e67939a0ecb9d?s=96&d=identicon&r=g\",\"caption\":\"Genof\u00f3ntes Urb\u00e1ez\"},\"logo\":{\"@id\":\"https:\\\/\\\/secure.gravatar.com\\\/avatar\\\/a49ef3186a692098ac3e8a1612261e3ad70cf9e44553dff2929e67939a0ecb9d?s=96&d=identicon&r=g\"},\"description\":\"Periodista \\\/ Locutor\",\"sameAs\":[\"https:\\\/\\\/www.facebook.com\\\/Genofnotes\",\"https:\\\/\\\/www.instagram.com\\\/genofnotes\\\/\"]}]}<\/script>\n<!-- \/ Yoast SEO plugin. -->","yoast_head_json":{"title":"Los procesos por corrupci\u00f3n siguen desplom\u00e1ndose - Minuto Cero RD","robots":{"index":"index","follow":"follow","max-snippet":"max-snippet:-1","max-image-preview":"max-image-preview:large","max-video-preview":"max-video-preview:-1"},"canonical":"http:\/\/minutocerord.com\/?p=10661","og_locale":"es_ES","og_type":"article","og_title":"Los procesos por corrupci\u00f3n siguen desplom\u00e1ndose - Minuto Cero RD","og_description":"Santo Domingo.- En los \u00faltimos meses, al Ministerio P\u00fablico no le ha ido muy bien con los casos de corrupci\u00f3n que han llevado a los tribunales. Ahora suman cuatro los procesos judiciales de este tipo que no han podido sustentar. Y una muestra de esto es que, de los tres acusados por corrupci\u00f3n en la [&hellip;]","og_url":"http:\/\/minutocerord.com\/?p=10661","og_site_name":"Minuto Cero RD","article_publisher":"https:\/\/www.facebook.com\/Genofnotes","article_author":"https:\/\/www.facebook.com\/Genofnotes","article_published_time":"2022-09-10T20:02:47+00:00","article_modified_time":"2022-09-10T20:02:49+00:00","og_image":[{"width":1200,"height":600,"url":"https:\/\/i0.wp.com\/minutocerord.com\/wp-content\/uploads\/2022\/09\/palacio-de-justicia-yunior-ramirez-yimel-rivera-14.jpg?fit=1200%2C600","type":"image\/jpeg"}],"author":"Genof\u00f3ntes Urb\u00e1ez","twitter_card":"summary_large_image","twitter_misc":{"Written by":"Genof\u00f3ntes Urb\u00e1ez","Est. reading time":"4 minutos"},"schema":{"@context":"https:\/\/schema.org","@graph":[{"@type":"Article","@id":"http:\/\/minutocerord.com\/?p=10661#article","isPartOf":{"@id":"http:\/\/minutocerord.com\/?p=10661"},"author":{"name":"Genof\u00f3ntes Urb\u00e1ez","@id":"https:\/\/minutocerord.com\/#\/schema\/person\/60b5372d60aaa0a5171fb6488be9aee6"},"headline":"Los procesos por corrupci\u00f3n siguen desplom\u00e1ndose","datePublished":"2022-09-10T20:02:47+00:00","dateModified":"2022-09-10T20:02:49+00:00","mainEntityOfPage":{"@id":"http:\/\/minutocerord.com\/?p=10661"},"wordCount":922,"commentCount":0,"publisher":{"@id":"https:\/\/minutocerord.com\/#\/schema\/person\/60b5372d60aaa0a5171fb6488be9aee6"},"image":{"@id":"http:\/\/minutocerord.com\/?p=10661#primaryimage"},"thumbnailUrl":"https:\/\/i0.wp.com\/minutocerord.com\/wp-content\/uploads\/2022\/09\/palacio-de-justicia-yunior-ramirez-yimel-rivera-14.jpg?fit=1200%2C600&ssl=1","articleSection":["Justicia"],"inLanguage":"es-DO","potentialAction":[{"@type":"CommentAction","name":"Comment","target":["http:\/\/minutocerord.com\/?p=10661#respond"]}]},{"@type":"WebPage","@id":"http:\/\/minutocerord.com\/?p=10661","url":"http:\/\/minutocerord.com\/?p=10661","name":"Los procesos por corrupci\u00f3n siguen desplom\u00e1ndose - Minuto Cero RD","isPartOf":{"@id":"https:\/\/minutocerord.com\/#website"},"primaryImageOfPage":{"@id":"http:\/\/minutocerord.com\/?p=10661#primaryimage"},"image":{"@id":"http:\/\/minutocerord.com\/?p=10661#primaryimage"},"thumbnailUrl":"https:\/\/i0.wp.com\/minutocerord.com\/wp-content\/uploads\/2022\/09\/palacio-de-justicia-yunior-ramirez-yimel-rivera-14.jpg?fit=1200%2C600&ssl=1","datePublished":"2022-09-10T20:02:47+00:00","dateModified":"2022-09-10T20:02:49+00:00","breadcrumb":{"@id":"http:\/\/minutocerord.com\/?p=10661#breadcrumb"},"inLanguage":"es-DO","potentialAction":[{"@type":"ReadAction","target":["http:\/\/minutocerord.com\/?p=10661"]}]},{"@type":"ImageObject","inLanguage":"es-DO","@id":"http:\/\/minutocerord.com\/?p=10661#primaryimage","url":"https:\/\/i0.wp.com\/minutocerord.com\/wp-content\/uploads\/2022\/09\/palacio-de-justicia-yunior-ramirez-yimel-rivera-14.jpg?fit=1200%2C600&ssl=1","contentUrl":"https:\/\/i0.wp.com\/minutocerord.com\/wp-content\/uploads\/2022\/09\/palacio-de-justicia-yunior-ramirez-yimel-rivera-14.jpg?fit=1200%2C600&ssl=1","width":1200,"height":600},{"@type":"BreadcrumbList","@id":"http:\/\/minutocerord.com\/?p=10661#breadcrumb","itemListElement":[{"@type":"ListItem","position":1,"name":"Home","item":"https:\/\/minutocerord.com\/"},{"@type":"ListItem","position":2,"name":"Los procesos por corrupci\u00f3n siguen desplom\u00e1ndose"}]},{"@type":"WebSite","@id":"https:\/\/minutocerord.com\/#website","url":"https:\/\/minutocerord.com\/","name":"Minuto Cero RD","description":"Periodismo serio y veraz","publisher":{"@id":"https:\/\/minutocerord.com\/#\/schema\/person\/60b5372d60aaa0a5171fb6488be9aee6"},"potentialAction":[{"@type":"SearchAction","target":{"@type":"EntryPoint","urlTemplate":"https:\/\/minutocerord.com\/?s={search_term_string}"},"query-input":{"@type":"PropertyValueSpecification","valueRequired":true,"valueName":"search_term_string"}}],"inLanguage":"es-DO"},{"@type":["Person","Organization"],"@id":"https:\/\/minutocerord.com\/#\/schema\/person\/60b5372d60aaa0a5171fb6488be9aee6","name":"Genof\u00f3ntes Urb\u00e1ez","image":{"@type":"ImageObject","inLanguage":"es-DO","@id":"https:\/\/secure.gravatar.com\/avatar\/a49ef3186a692098ac3e8a1612261e3ad70cf9e44553dff2929e67939a0ecb9d?s=96&d=identicon&r=g","url":"https:\/\/secure.gravatar.com\/avatar\/a49ef3186a692098ac3e8a1612261e3ad70cf9e44553dff2929e67939a0ecb9d?s=96&d=identicon&r=g","contentUrl":"https:\/\/secure.gravatar.com\/avatar\/a49ef3186a692098ac3e8a1612261e3ad70cf9e44553dff2929e67939a0ecb9d?s=96&d=identicon&r=g","caption":"Genof\u00f3ntes Urb\u00e1ez"},"logo":{"@id":"https:\/\/secure.gravatar.com\/avatar\/a49ef3186a692098ac3e8a1612261e3ad70cf9e44553dff2929e67939a0ecb9d?s=96&d=identicon&r=g"},"description":"Periodista \/ Locutor","sameAs":["https:\/\/www.facebook.com\/Genofnotes","https:\/\/www.instagram.com\/genofnotes\/"]}]}},"jetpack_publicize_connections":[],"jetpack_featured_media_url":"https:\/\/i0.wp.com\/minutocerord.com\/wp-content\/uploads\/2022\/09\/palacio-de-justicia-yunior-ramirez-yimel-rivera-14.jpg?fit=1200%2C600&ssl=1","jetpack-related-posts":[],"jetpack_sharing_enabled":true,"_links":{"self":[{"href":"https:\/\/minutocerord.com\/index.php?rest_route=\/wp\/v2\/posts\/10661","targetHints":{"allow":["GET"]}}],"collection":[{"href":"https:\/\/minutocerord.com\/index.php?rest_route=\/wp\/v2\/posts"}],"about":[{"href":"https:\/\/minutocerord.com\/index.php?rest_route=\/wp\/v2\/types\/post"}],"author":[{"embeddable":true,"href":"https:\/\/minutocerord.com\/index.php?rest_route=\/wp\/v2\/users\/1"}],"replies":[{"embeddable":true,"href":"https:\/\/minutocerord.com\/index.php?rest_route=%2Fwp%2Fv2%2Fcomments&post=10661"}],"version-history":[{"count":1,"href":"https:\/\/minutocerord.com\/index.php?rest_route=\/wp\/v2\/posts\/10661\/revisions"}],"predecessor-version":[{"id":10663,"href":"https:\/\/minutocerord.com\/index.php?rest_route=\/wp\/v2\/posts\/10661\/revisions\/10663"}],"wp:featuredmedia":[{"embeddable":true,"href":"https:\/\/minutocerord.com\/index.php?rest_route=\/wp\/v2\/media\/10662"}],"wp:attachment":[{"href":"https:\/\/minutocerord.com\/index.php?rest_route=%2Fwp%2Fv2%2Fmedia&parent=10661"}],"wp:term":[{"taxonomy":"category","embeddable":true,"href":"https:\/\/minutocerord.com\/index.php?rest_route=%2Fwp%2Fv2%2Fcategories&post=10661"},{"taxonomy":"post_tag","embeddable":true,"href":"https:\/\/minutocerord.com\/index.php?rest_route=%2Fwp%2Fv2%2Ftags&post=10661"}],"curies":[{"name":"wp","href":"https:\/\/api.w.org\/{rel}","templated":true}]}}