{"id":10664,"date":"2022-09-10T16:21:00","date_gmt":"2022-09-10T20:21:00","guid":{"rendered":"https:\/\/minutocerord.com\/?p=10664"},"modified":"2022-09-10T16:21:02","modified_gmt":"2022-09-10T20:21:02","slug":"otra-querella-en-contra-de-ricky-martin-por-presunta-agresion-sexual","status":"publish","type":"post","link":"https:\/\/minutocerord.com\/?p=10664","title":{"rendered":"Otra querella en contra de Ricky Martin por presunta agresi\u00f3n sexual"},"content":{"rendered":"\n<p><strong>Puerto Rico.- <\/strong>Una querella por presunta agresi\u00f3n sexual ha sido presentada contra el cantante puertorrique\u00f1o Ricky Martin en un cuartel de San Juan, pocos d\u00edas despu\u00e9s de que el artista demandara a su sobrino Dennis Yadiel S\u00e1nchez por extorsi\u00f3n.<\/p>\n\n\n\n<p>El portavoz de la Polic\u00eda de Puerto Rico, Axel Valencia, confirm\u00f3 este s\u00e1bado a Efe la radicaci\u00f3n de la mencionada querella contra Enrique Martin Morales, nombre real del cantante.<\/p>\n\n\n\n<p>\u00abHay una denuncia que se puso ayer en horas de la tarde en el cuartel de R\u00edo Piedras por una v\u00edctima que es adulta\u00bb, explic\u00f3 Valencia.<br>El portavoz agreg\u00f3 que son \u00abinvestigaciones bien sensibles\u00bb y que por los protocolos de protecci\u00f3n de v\u00edctimas \u00abse protege la identidad\u00bb de las mismas.<\/p>\n\n\n\n<p>La Polic\u00eda no puede revelar el nombre del querellante aunque, seg\u00fan el medio local Primera Hora, se trata nuevamente su sobrino, quien logr\u00f3 una orden de protecci\u00f3n por violencia dom\u00e9stica contra su t\u00edo el pasado julio.<\/p>\n\n\n\n<p>El Tribunal de Primera Instancia de San Juan archiv\u00f3 el pasado 21 de julio ese caso despu\u00e9s de pedir S\u00e1nchez dejar sin efecto la orden de protecci\u00f3n solicitada, pareciendo que todo quedaba zanjado.<\/p>\n\n\n\n<p>Sin embargo, el cantante present\u00f3 el pasado mi\u00e9rcoles una demanda contra su sobrino por extorsi\u00f3n, da\u00f1os y perjuicios, solicitando una compensaci\u00f3n no menor a 30 millones de d\u00f3lares.<\/p>\n\n\n\n<p>\u00abEl demandado S\u00e1nchez ha amenazado y extorsionado al demandante que a menos que se le compense econ\u00f3micamente, continuar\u00e1 con su campa\u00f1a de asesinarle su reputaci\u00f3n e integridad mediante imputaciones falsas y maliciosas\u00bb, indic\u00f3 la demanda.<br>Seg\u00fan el texto, \u00ablas acciones temerarias, maliciosas y culposas de S\u00e1nchez fueron motivadas por el deseo de exponer al demandante al odio y desprecio de su fanaticada y de coartar sus oportunidades de negocio y destruir su reputaci\u00f3n\u00bb.<\/p>\n\n\n\n<p>Dichas acciones causaron que le cancelaran al demandante contratos millonarios y proyectos art\u00edsticos presentes y futuros. Los da\u00f1os pecuniarios se cuantifican en una suma no menor de 10 millones de d\u00f3lares.<\/p>\n\n\n\n<p><a href=\"https:\/\/ensegundos.do\/2022\/09\/08\/viene-tema-entre-lapiz-conciente-mozart-la-para-y-don-miguelo\/\"><\/a><\/p>\n\n\n\n<p>Adem\u00e1s, han causado da\u00f1os a la reputaci\u00f3n del demandante que se cuantifican a la fecha de la presentaci\u00f3n de esta demanda en una suma no menor de 20 millones de d\u00f3lares.<\/p>\n\n\n\n<p>S\u00e1nchez, de 21 a\u00f1os, aleg\u00f3 en su momento que mantuvo una relaci\u00f3n sentimental con Ricky Martin durante siete meses y que, tras la ruptura, su t\u00edo lo intimid\u00f3 y se acerc\u00f3 en varias ocasiones a su hogar.<\/p>\n\n\n\n<p>El cantante siempre calific\u00f3 las alegaciones de \u00abcompletamente falsas\u00bb.<\/p>\n","protected":false},"excerpt":{"rendered":"<p>Puerto Rico.- Una querella por presunta agresi\u00f3n sexual ha sido presentada contra el cantante puertorrique\u00f1o Ricky Martin en un cuartel de San Juan, pocos d\u00edas despu\u00e9s de que el artista demandara a su sobrino Dennis Yadiel S\u00e1nchez por extorsi\u00f3n. El portavoz de la Polic\u00eda de Puerto Rico, Axel Valencia, confirm\u00f3 este s\u00e1bado a Efe la [&hellip;]<\/p>\n","protected":false},"author":1,"featured_media":10665,"comment_status":"open","ping_status":"open","sticky":false,"template":"","format":"standard","meta":{"nf_dc_page":"","jetpack_post_was_ever_published":false,"_jetpack_newsletter_access":"","_jetpack_dont_email_post_to_subs":false,"_jetpack_newsletter_tier_id":0,"_jetpack_memberships_contains_paywalled_content":false,"_jetpack_memberships_contains_paid_content":false,"footnotes":"","jetpack_publicize_message":"","jetpack_publicize_feature_enabled":true,"jetpack_social_post_already_shared":false,"jetpack_social_options":{"image_generator_settings":{"template":"highway","default_image_id":0,"font":"","enabled":false},"version":2}},"categories":[68],"tags":[],"class_list":["post-10664","post","type-post","status-publish","format-standard","has-post-thumbnail","hentry","category-entretenimiento"],"yoast_head":"<!-- This site is optimized with the Yoast SEO plugin v27.4 - https:\/\/yoast.com\/product\/yoast-seo-wordpress\/ -->\n<title>Otra querella en contra de Ricky Martin por presunta agresi\u00f3n sexual - Minuto Cero RD<\/title>\n<meta name=\"robots\" content=\"index, follow, max-snippet:-1, max-image-preview:large, max-video-preview:-1\" \/>\n<link rel=\"canonical\" href=\"http:\/\/minutocerord.com\/?p=10664\" \/>\n<meta property=\"og:locale\" content=\"es_ES\" \/>\n<meta property=\"og:type\" content=\"article\" \/>\n<meta property=\"og:title\" content=\"Otra querella en contra de Ricky Martin por presunta agresi\u00f3n sexual - Minuto Cero RD\" \/>\n<meta property=\"og:description\" content=\"Puerto Rico.- Una querella por presunta agresi\u00f3n sexual ha sido presentada contra el cantante puertorrique\u00f1o Ricky Martin en un cuartel de San Juan, pocos d\u00edas despu\u00e9s de que el artista demandara a su sobrino Dennis Yadiel S\u00e1nchez por extorsi\u00f3n. El portavoz de la Polic\u00eda de Puerto Rico, Axel Valencia, confirm\u00f3 este s\u00e1bado a Efe la [&hellip;]\" \/>\n<meta property=\"og:url\" content=\"http:\/\/minutocerord.com\/?p=10664\" \/>\n<meta property=\"og:site_name\" content=\"Minuto Cero RD\" \/>\n<meta property=\"article:publisher\" content=\"https:\/\/www.facebook.com\/Genofnotes\" \/>\n<meta property=\"article:author\" content=\"https:\/\/www.facebook.com\/Genofnotes\" \/>\n<meta property=\"article:published_time\" content=\"2022-09-10T20:21:00+00:00\" \/>\n<meta property=\"article:modified_time\" content=\"2022-09-10T20:21:02+00:00\" \/>\n<meta property=\"og:image\" content=\"https:\/\/i0.wp.com\/minutocerord.com\/wp-content\/uploads\/2022\/09\/Ricky-Martin.jpg?fit=716%2C425\" \/>\n\t<meta property=\"og:image:width\" content=\"716\" \/>\n\t<meta property=\"og:image:height\" content=\"425\" \/>\n\t<meta property=\"og:image:type\" content=\"image\/jpeg\" \/>\n<meta name=\"author\" content=\"Genof\u00f3ntes Urb\u00e1ez\" \/>\n<meta name=\"twitter:card\" content=\"summary_large_image\" \/>\n<meta name=\"twitter:label1\" content=\"Written by\" \/>\n\t<meta name=\"twitter:data1\" content=\"Genof\u00f3ntes Urb\u00e1ez\" \/>\n\t<meta name=\"twitter:label2\" content=\"Est. reading time\" \/>\n\t<meta name=\"twitter:data2\" content=\"2 minutos\" \/>\n<script type=\"application\/ld+json\" class=\"yoast-schema-graph\">{\"@context\":\"https:\\\/\\\/schema.org\",\"@graph\":[{\"@type\":\"Article\",\"@id\":\"http:\\\/\\\/minutocerord.com\\\/?p=10664#article\",\"isPartOf\":{\"@id\":\"http:\\\/\\\/minutocerord.com\\\/?p=10664\"},\"author\":{\"name\":\"Genof\u00f3ntes Urb\u00e1ez\",\"@id\":\"https:\\\/\\\/minutocerord.com\\\/#\\\/schema\\\/person\\\/60b5372d60aaa0a5171fb6488be9aee6\"},\"headline\":\"Otra querella en contra de Ricky Martin por presunta agresi\u00f3n sexual\",\"datePublished\":\"2022-09-10T20:21:00+00:00\",\"dateModified\":\"2022-09-10T20:21:02+00:00\",\"mainEntityOfPage\":{\"@id\":\"http:\\\/\\\/minutocerord.com\\\/?p=10664\"},\"wordCount\":449,\"commentCount\":0,\"publisher\":{\"@id\":\"https:\\\/\\\/minutocerord.com\\\/#\\\/schema\\\/person\\\/60b5372d60aaa0a5171fb6488be9aee6\"},\"image\":{\"@id\":\"http:\\\/\\\/minutocerord.com\\\/?p=10664#primaryimage\"},\"thumbnailUrl\":\"https:\\\/\\\/i0.wp.com\\\/minutocerord.com\\\/wp-content\\\/uploads\\\/2022\\\/09\\\/Ricky-Martin.jpg?fit=716%2C425&ssl=1\",\"articleSection\":[\"Entretenimiento\"],\"inLanguage\":\"es-DO\",\"potentialAction\":[{\"@type\":\"CommentAction\",\"name\":\"Comment\",\"target\":[\"http:\\\/\\\/minutocerord.com\\\/?p=10664#respond\"]}]},{\"@type\":\"WebPage\",\"@id\":\"http:\\\/\\\/minutocerord.com\\\/?p=10664\",\"url\":\"http:\\\/\\\/minutocerord.com\\\/?p=10664\",\"name\":\"Otra querella en contra de Ricky Martin por presunta agresi\u00f3n sexual - Minuto Cero RD\",\"isPartOf\":{\"@id\":\"https:\\\/\\\/minutocerord.com\\\/#website\"},\"primaryImageOfPage\":{\"@id\":\"http:\\\/\\\/minutocerord.com\\\/?p=10664#primaryimage\"},\"image\":{\"@id\":\"http:\\\/\\\/minutocerord.com\\\/?p=10664#primaryimage\"},\"thumbnailUrl\":\"https:\\\/\\\/i0.wp.com\\\/minutocerord.com\\\/wp-content\\\/uploads\\\/2022\\\/09\\\/Ricky-Martin.jpg?fit=716%2C425&ssl=1\",\"datePublished\":\"2022-09-10T20:21:00+00:00\",\"dateModified\":\"2022-09-10T20:21:02+00:00\",\"breadcrumb\":{\"@id\":\"http:\\\/\\\/minutocerord.com\\\/?p=10664#breadcrumb\"},\"inLanguage\":\"es-DO\",\"potentialAction\":[{\"@type\":\"ReadAction\",\"target\":[\"http:\\\/\\\/minutocerord.com\\\/?p=10664\"]}]},{\"@type\":\"ImageObject\",\"inLanguage\":\"es-DO\",\"@id\":\"http:\\\/\\\/minutocerord.com\\\/?p=10664#primaryimage\",\"url\":\"https:\\\/\\\/i0.wp.com\\\/minutocerord.com\\\/wp-content\\\/uploads\\\/2022\\\/09\\\/Ricky-Martin.jpg?fit=716%2C425&ssl=1\",\"contentUrl\":\"https:\\\/\\\/i0.wp.com\\\/minutocerord.com\\\/wp-content\\\/uploads\\\/2022\\\/09\\\/Ricky-Martin.jpg?fit=716%2C425&ssl=1\",\"width\":716,\"height\":425},{\"@type\":\"BreadcrumbList\",\"@id\":\"http:\\\/\\\/minutocerord.com\\\/?p=10664#breadcrumb\",\"itemListElement\":[{\"@type\":\"ListItem\",\"position\":1,\"name\":\"Home\",\"item\":\"https:\\\/\\\/minutocerord.com\\\/\"},{\"@type\":\"ListItem\",\"position\":2,\"name\":\"Otra querella en contra de Ricky Martin por presunta agresi\u00f3n sexual\"}]},{\"@type\":\"WebSite\",\"@id\":\"https:\\\/\\\/minutocerord.com\\\/#website\",\"url\":\"https:\\\/\\\/minutocerord.com\\\/\",\"name\":\"Minuto Cero RD\",\"description\":\"Periodismo serio y veraz\",\"publisher\":{\"@id\":\"https:\\\/\\\/minutocerord.com\\\/#\\\/schema\\\/person\\\/60b5372d60aaa0a5171fb6488be9aee6\"},\"potentialAction\":[{\"@type\":\"SearchAction\",\"target\":{\"@type\":\"EntryPoint\",\"urlTemplate\":\"https:\\\/\\\/minutocerord.com\\\/?s={search_term_string}\"},\"query-input\":{\"@type\":\"PropertyValueSpecification\",\"valueRequired\":true,\"valueName\":\"search_term_string\"}}],\"inLanguage\":\"es-DO\"},{\"@type\":[\"Person\",\"Organization\"],\"@id\":\"https:\\\/\\\/minutocerord.com\\\/#\\\/schema\\\/person\\\/60b5372d60aaa0a5171fb6488be9aee6\",\"name\":\"Genof\u00f3ntes Urb\u00e1ez\",\"image\":{\"@type\":\"ImageObject\",\"inLanguage\":\"es-DO\",\"@id\":\"https:\\\/\\\/secure.gravatar.com\\\/avatar\\\/a49ef3186a692098ac3e8a1612261e3ad70cf9e44553dff2929e67939a0ecb9d?s=96&d=identicon&r=g\",\"url\":\"https:\\\/\\\/secure.gravatar.com\\\/avatar\\\/a49ef3186a692098ac3e8a1612261e3ad70cf9e44553dff2929e67939a0ecb9d?s=96&d=identicon&r=g\",\"contentUrl\":\"https:\\\/\\\/secure.gravatar.com\\\/avatar\\\/a49ef3186a692098ac3e8a1612261e3ad70cf9e44553dff2929e67939a0ecb9d?s=96&d=identicon&r=g\",\"caption\":\"Genof\u00f3ntes Urb\u00e1ez\"},\"logo\":{\"@id\":\"https:\\\/\\\/secure.gravatar.com\\\/avatar\\\/a49ef3186a692098ac3e8a1612261e3ad70cf9e44553dff2929e67939a0ecb9d?s=96&d=identicon&r=g\"},\"description\":\"Periodista \\\/ Locutor\",\"sameAs\":[\"https:\\\/\\\/www.facebook.com\\\/Genofnotes\",\"https:\\\/\\\/www.instagram.com\\\/genofnotes\\\/\"]}]}<\/script>\n<!-- \/ Yoast SEO plugin. -->","yoast_head_json":{"title":"Otra querella en contra de Ricky Martin por presunta agresi\u00f3n sexual - Minuto Cero RD","robots":{"index":"index","follow":"follow","max-snippet":"max-snippet:-1","max-image-preview":"max-image-preview:large","max-video-preview":"max-video-preview:-1"},"canonical":"http:\/\/minutocerord.com\/?p=10664","og_locale":"es_ES","og_type":"article","og_title":"Otra querella en contra de Ricky Martin por presunta agresi\u00f3n sexual - Minuto Cero RD","og_description":"Puerto Rico.- Una querella por presunta agresi\u00f3n sexual ha sido presentada contra el cantante puertorrique\u00f1o Ricky Martin en un cuartel de San Juan, pocos d\u00edas despu\u00e9s de que el artista demandara a su sobrino Dennis Yadiel S\u00e1nchez por extorsi\u00f3n. El portavoz de la Polic\u00eda de Puerto Rico, Axel Valencia, confirm\u00f3 este s\u00e1bado a Efe la [&hellip;]","og_url":"http:\/\/minutocerord.com\/?p=10664","og_site_name":"Minuto Cero RD","article_publisher":"https:\/\/www.facebook.com\/Genofnotes","article_author":"https:\/\/www.facebook.com\/Genofnotes","article_published_time":"2022-09-10T20:21:00+00:00","article_modified_time":"2022-09-10T20:21:02+00:00","og_image":[{"width":716,"height":425,"url":"https:\/\/i0.wp.com\/minutocerord.com\/wp-content\/uploads\/2022\/09\/Ricky-Martin.jpg?fit=716%2C425","type":"image\/jpeg"}],"author":"Genof\u00f3ntes Urb\u00e1ez","twitter_card":"summary_large_image","twitter_misc":{"Written by":"Genof\u00f3ntes Urb\u00e1ez","Est. reading time":"2 minutos"},"schema":{"@context":"https:\/\/schema.org","@graph":[{"@type":"Article","@id":"http:\/\/minutocerord.com\/?p=10664#article","isPartOf":{"@id":"http:\/\/minutocerord.com\/?p=10664"},"author":{"name":"Genof\u00f3ntes Urb\u00e1ez","@id":"https:\/\/minutocerord.com\/#\/schema\/person\/60b5372d60aaa0a5171fb6488be9aee6"},"headline":"Otra querella en contra de Ricky Martin por presunta agresi\u00f3n sexual","datePublished":"2022-09-10T20:21:00+00:00","dateModified":"2022-09-10T20:21:02+00:00","mainEntityOfPage":{"@id":"http:\/\/minutocerord.com\/?p=10664"},"wordCount":449,"commentCount":0,"publisher":{"@id":"https:\/\/minutocerord.com\/#\/schema\/person\/60b5372d60aaa0a5171fb6488be9aee6"},"image":{"@id":"http:\/\/minutocerord.com\/?p=10664#primaryimage"},"thumbnailUrl":"https:\/\/i0.wp.com\/minutocerord.com\/wp-content\/uploads\/2022\/09\/Ricky-Martin.jpg?fit=716%2C425&ssl=1","articleSection":["Entretenimiento"],"inLanguage":"es-DO","potentialAction":[{"@type":"CommentAction","name":"Comment","target":["http:\/\/minutocerord.com\/?p=10664#respond"]}]},{"@type":"WebPage","@id":"http:\/\/minutocerord.com\/?p=10664","url":"http:\/\/minutocerord.com\/?p=10664","name":"Otra querella en contra de Ricky Martin por presunta agresi\u00f3n sexual - Minuto Cero RD","isPartOf":{"@id":"https:\/\/minutocerord.com\/#website"},"primaryImageOfPage":{"@id":"http:\/\/minutocerord.com\/?p=10664#primaryimage"},"image":{"@id":"http:\/\/minutocerord.com\/?p=10664#primaryimage"},"thumbnailUrl":"https:\/\/i0.wp.com\/minutocerord.com\/wp-content\/uploads\/2022\/09\/Ricky-Martin.jpg?fit=716%2C425&ssl=1","datePublished":"2022-09-10T20:21:00+00:00","dateModified":"2022-09-10T20:21:02+00:00","breadcrumb":{"@id":"http:\/\/minutocerord.com\/?p=10664#breadcrumb"},"inLanguage":"es-DO","potentialAction":[{"@type":"ReadAction","target":["http:\/\/minutocerord.com\/?p=10664"]}]},{"@type":"ImageObject","inLanguage":"es-DO","@id":"http:\/\/minutocerord.com\/?p=10664#primaryimage","url":"https:\/\/i0.wp.com\/minutocerord.com\/wp-content\/uploads\/2022\/09\/Ricky-Martin.jpg?fit=716%2C425&ssl=1","contentUrl":"https:\/\/i0.wp.com\/minutocerord.com\/wp-content\/uploads\/2022\/09\/Ricky-Martin.jpg?fit=716%2C425&ssl=1","width":716,"height":425},{"@type":"BreadcrumbList","@id":"http:\/\/minutocerord.com\/?p=10664#breadcrumb","itemListElement":[{"@type":"ListItem","position":1,"name":"Home","item":"https:\/\/minutocerord.com\/"},{"@type":"ListItem","position":2,"name":"Otra querella en contra de Ricky Martin por presunta agresi\u00f3n sexual"}]},{"@type":"WebSite","@id":"https:\/\/minutocerord.com\/#website","url":"https:\/\/minutocerord.com\/","name":"Minuto Cero RD","description":"Periodismo serio y veraz","publisher":{"@id":"https:\/\/minutocerord.com\/#\/schema\/person\/60b5372d60aaa0a5171fb6488be9aee6"},"potentialAction":[{"@type":"SearchAction","target":{"@type":"EntryPoint","urlTemplate":"https:\/\/minutocerord.com\/?s={search_term_string}"},"query-input":{"@type":"PropertyValueSpecification","valueRequired":true,"valueName":"search_term_string"}}],"inLanguage":"es-DO"},{"@type":["Person","Organization"],"@id":"https:\/\/minutocerord.com\/#\/schema\/person\/60b5372d60aaa0a5171fb6488be9aee6","name":"Genof\u00f3ntes Urb\u00e1ez","image":{"@type":"ImageObject","inLanguage":"es-DO","@id":"https:\/\/secure.gravatar.com\/avatar\/a49ef3186a692098ac3e8a1612261e3ad70cf9e44553dff2929e67939a0ecb9d?s=96&d=identicon&r=g","url":"https:\/\/secure.gravatar.com\/avatar\/a49ef3186a692098ac3e8a1612261e3ad70cf9e44553dff2929e67939a0ecb9d?s=96&d=identicon&r=g","contentUrl":"https:\/\/secure.gravatar.com\/avatar\/a49ef3186a692098ac3e8a1612261e3ad70cf9e44553dff2929e67939a0ecb9d?s=96&d=identicon&r=g","caption":"Genof\u00f3ntes Urb\u00e1ez"},"logo":{"@id":"https:\/\/secure.gravatar.com\/avatar\/a49ef3186a692098ac3e8a1612261e3ad70cf9e44553dff2929e67939a0ecb9d?s=96&d=identicon&r=g"},"description":"Periodista \/ Locutor","sameAs":["https:\/\/www.facebook.com\/Genofnotes","https:\/\/www.instagram.com\/genofnotes\/"]}]}},"jetpack_publicize_connections":[],"jetpack_featured_media_url":"https:\/\/i0.wp.com\/minutocerord.com\/wp-content\/uploads\/2022\/09\/Ricky-Martin.jpg?fit=716%2C425&ssl=1","jetpack-related-posts":[],"jetpack_sharing_enabled":true,"_links":{"self":[{"href":"https:\/\/minutocerord.com\/index.php?rest_route=\/wp\/v2\/posts\/10664","targetHints":{"allow":["GET"]}}],"collection":[{"href":"https:\/\/minutocerord.com\/index.php?rest_route=\/wp\/v2\/posts"}],"about":[{"href":"https:\/\/minutocerord.com\/index.php?rest_route=\/wp\/v2\/types\/post"}],"author":[{"embeddable":true,"href":"https:\/\/minutocerord.com\/index.php?rest_route=\/wp\/v2\/users\/1"}],"replies":[{"embeddable":true,"href":"https:\/\/minutocerord.com\/index.php?rest_route=%2Fwp%2Fv2%2Fcomments&post=10664"}],"version-history":[{"count":1,"href":"https:\/\/minutocerord.com\/index.php?rest_route=\/wp\/v2\/posts\/10664\/revisions"}],"predecessor-version":[{"id":10666,"href":"https:\/\/minutocerord.com\/index.php?rest_route=\/wp\/v2\/posts\/10664\/revisions\/10666"}],"wp:featuredmedia":[{"embeddable":true,"href":"https:\/\/minutocerord.com\/index.php?rest_route=\/wp\/v2\/media\/10665"}],"wp:attachment":[{"href":"https:\/\/minutocerord.com\/index.php?rest_route=%2Fwp%2Fv2%2Fmedia&parent=10664"}],"wp:term":[{"taxonomy":"category","embeddable":true,"href":"https:\/\/minutocerord.com\/index.php?rest_route=%2Fwp%2Fv2%2Fcategories&post=10664"},{"taxonomy":"post_tag","embeddable":true,"href":"https:\/\/minutocerord.com\/index.php?rest_route=%2Fwp%2Fv2%2Ftags&post=10664"}],"curies":[{"name":"wp","href":"https:\/\/api.w.org\/{rel}","templated":true}]}}