{"id":10667,"date":"2022-09-10T16:25:31","date_gmt":"2022-09-10T20:25:31","guid":{"rendered":"https:\/\/minutocerord.com\/?p=10667"},"modified":"2022-09-10T16:25:33","modified_gmt":"2022-09-10T20:25:33","slug":"conani-cierra-centro-situado-en-el-expreso-v-centenario","status":"publish","type":"post","link":"https:\/\/minutocerord.com\/?p=10667","title":{"rendered":"Conani cierra centro situado en el Expreso V Centenario"},"content":{"rendered":"\n<p><strong>Santo Domingo.-<\/strong> La directora ejecutiva del Consejo Nacional para la Ni\u00f1ez y la Adolescencia (Conani), Alexandra Inmaculada Santelises Joaqu\u00edn, ha informado que las ni\u00f1as y adolescentes alojadas en el Hogar de Paso situado en el Expreso V Centenario han sido trasladadas a nuevos lugares y pronto se proceder\u00e1 al cierre de ese centro de acogida.<\/p>\n\n\n\n<p>Santelises Joaqu\u00edn indic\u00f3 que primero fueron reubicadas 22 ni\u00f1as y adolescentes, distribuidas en dos grupos, a dos estancias, en coordinaci\u00f3n con el Ministerio P\u00fablico, y la tarde de ayer, viernes, se concluy\u00f3 la mudanza de otro grupo de 20, elevando el total a 47.<\/p>\n\n\n\n<p>\u201cEsa decisi\u00f3n de traslado ya ven\u00eda en curso. Vamos a proceder al cierre de ese Hogar de Paso, pero ha sido un proceso\u201d, dijo la directora ejecutiva, en una conversaci\u00f3n con LISTIN DIARIO.<\/p>\n\n\n\n<p>Explic\u00f3 que en marzo pasado, la organizaci\u00f3n infantil hab\u00eda mudado un total de 40 ni\u00f1os y adolescentes al Centro Luis Rosario, al darse cuenta de que \u201cno pod\u00edan convivir hembras y varones en el mismo lugar\u201d.<\/p>\n\n\n\n<p><a href=\"https:\/\/ensegundos.do\/2022\/09\/10\/cancelan-director-de-reside-tras-denunciar-crisis\/\"><\/a>Residentes cercanos al hogar en el V Centenario aseguraron que all\u00ed han ocurrido muchas situaciones.<\/p>\n\n\n\n<p>\u201cEso es constante, siempre lo mismo (que se escapen menores), por eso es que yo digo que ese Conani est\u00e1 de lujo ah\u00ed, no sirve\u201d, fue lo que dijo Johanny Rodr\u00edguez, residente en la parte trasera (sector Villa Consuelo).<\/p>\n","protected":false},"excerpt":{"rendered":"<p>Santo Domingo.- La directora ejecutiva del Consejo Nacional para la Ni\u00f1ez y la Adolescencia (Conani), Alexandra Inmaculada Santelises Joaqu\u00edn, ha informado que las ni\u00f1as y adolescentes alojadas en el Hogar de Paso situado en el Expreso V Centenario han sido trasladadas a nuevos lugares y pronto se proceder\u00e1 al cierre de ese centro de acogida. [&hellip;]<\/p>\n","protected":false},"author":1,"featured_media":10668,"comment_status":"open","ping_status":"open","sticky":false,"template":"","format":"standard","meta":{"nf_dc_page":"","jetpack_post_was_ever_published":false,"_jetpack_newsletter_access":"","_jetpack_dont_email_post_to_subs":false,"_jetpack_newsletter_tier_id":0,"_jetpack_memberships_contains_paywalled_content":false,"_jetpack_memberships_contains_paid_content":false,"footnotes":"","jetpack_publicize_message":"","jetpack_publicize_feature_enabled":true,"jetpack_social_post_already_shared":false,"jetpack_social_options":{"image_generator_settings":{"template":"highway","default_image_id":0,"font":"","enabled":false},"version":2}},"categories":[65],"tags":[],"class_list":["post-10667","post","type-post","status-publish","format-standard","has-post-thumbnail","hentry","category-nacionales"],"yoast_head":"<!-- This site is optimized with the Yoast SEO plugin v27.4 - https:\/\/yoast.com\/product\/yoast-seo-wordpress\/ -->\n<title>Conani cierra centro situado en el Expreso V Centenario - Minuto Cero RD<\/title>\n<meta name=\"robots\" content=\"index, follow, max-snippet:-1, max-image-preview:large, max-video-preview:-1\" \/>\n<link rel=\"canonical\" href=\"http:\/\/minutocerord.com\/?p=10667\" \/>\n<meta property=\"og:locale\" content=\"es_ES\" \/>\n<meta property=\"og:type\" content=\"article\" \/>\n<meta property=\"og:title\" content=\"Conani cierra centro situado en el Expreso V Centenario - Minuto Cero RD\" \/>\n<meta property=\"og:description\" content=\"Santo Domingo.- La directora ejecutiva del Consejo Nacional para la Ni\u00f1ez y la Adolescencia (Conani), Alexandra Inmaculada Santelises Joaqu\u00edn, ha informado que las ni\u00f1as y adolescentes alojadas en el Hogar de Paso situado en el Expreso V Centenario han sido trasladadas a nuevos lugares y pronto se proceder\u00e1 al cierre de ese centro de acogida. [&hellip;]\" \/>\n<meta property=\"og:url\" content=\"http:\/\/minutocerord.com\/?p=10667\" \/>\n<meta property=\"og:site_name\" content=\"Minuto Cero RD\" \/>\n<meta property=\"article:publisher\" content=\"https:\/\/www.facebook.com\/Genofnotes\" \/>\n<meta property=\"article:author\" content=\"https:\/\/www.facebook.com\/Genofnotes\" \/>\n<meta property=\"article:published_time\" content=\"2022-09-10T20:25:31+00:00\" \/>\n<meta property=\"article:modified_time\" content=\"2022-09-10T20:25:33+00:00\" \/>\n<meta property=\"og:image\" content=\"https:\/\/i0.wp.com\/minutocerord.com\/wp-content\/uploads\/2022\/09\/conani-traslada-47-menores-y-cierra-centro.jpg?fit=680%2C454\" \/>\n\t<meta property=\"og:image:width\" content=\"680\" \/>\n\t<meta property=\"og:image:height\" content=\"454\" \/>\n\t<meta property=\"og:image:type\" content=\"image\/jpeg\" \/>\n<meta name=\"author\" content=\"Genof\u00f3ntes Urb\u00e1ez\" \/>\n<meta name=\"twitter:card\" content=\"summary_large_image\" \/>\n<meta name=\"twitter:label1\" content=\"Written by\" \/>\n\t<meta name=\"twitter:data1\" content=\"Genof\u00f3ntes Urb\u00e1ez\" \/>\n\t<meta name=\"twitter:label2\" content=\"Est. reading time\" \/>\n\t<meta name=\"twitter:data2\" content=\"2 minutos\" \/>\n<script type=\"application\/ld+json\" class=\"yoast-schema-graph\">{\"@context\":\"https:\\\/\\\/schema.org\",\"@graph\":[{\"@type\":\"Article\",\"@id\":\"http:\\\/\\\/minutocerord.com\\\/?p=10667#article\",\"isPartOf\":{\"@id\":\"http:\\\/\\\/minutocerord.com\\\/?p=10667\"},\"author\":{\"name\":\"Genof\u00f3ntes Urb\u00e1ez\",\"@id\":\"https:\\\/\\\/minutocerord.com\\\/#\\\/schema\\\/person\\\/60b5372d60aaa0a5171fb6488be9aee6\"},\"headline\":\"Conani cierra centro situado en el Expreso V Centenario\",\"datePublished\":\"2022-09-10T20:25:31+00:00\",\"dateModified\":\"2022-09-10T20:25:33+00:00\",\"mainEntityOfPage\":{\"@id\":\"http:\\\/\\\/minutocerord.com\\\/?p=10667\"},\"wordCount\":243,\"commentCount\":0,\"publisher\":{\"@id\":\"https:\\\/\\\/minutocerord.com\\\/#\\\/schema\\\/person\\\/60b5372d60aaa0a5171fb6488be9aee6\"},\"image\":{\"@id\":\"http:\\\/\\\/minutocerord.com\\\/?p=10667#primaryimage\"},\"thumbnailUrl\":\"https:\\\/\\\/i0.wp.com\\\/minutocerord.com\\\/wp-content\\\/uploads\\\/2022\\\/09\\\/conani-traslada-47-menores-y-cierra-centro.jpg?fit=680%2C454&ssl=1\",\"articleSection\":[\"Nacionales\"],\"inLanguage\":\"es-DO\",\"potentialAction\":[{\"@type\":\"CommentAction\",\"name\":\"Comment\",\"target\":[\"http:\\\/\\\/minutocerord.com\\\/?p=10667#respond\"]}]},{\"@type\":\"WebPage\",\"@id\":\"http:\\\/\\\/minutocerord.com\\\/?p=10667\",\"url\":\"http:\\\/\\\/minutocerord.com\\\/?p=10667\",\"name\":\"Conani cierra centro situado en el Expreso V Centenario - Minuto Cero RD\",\"isPartOf\":{\"@id\":\"https:\\\/\\\/minutocerord.com\\\/#website\"},\"primaryImageOfPage\":{\"@id\":\"http:\\\/\\\/minutocerord.com\\\/?p=10667#primaryimage\"},\"image\":{\"@id\":\"http:\\\/\\\/minutocerord.com\\\/?p=10667#primaryimage\"},\"thumbnailUrl\":\"https:\\\/\\\/i0.wp.com\\\/minutocerord.com\\\/wp-content\\\/uploads\\\/2022\\\/09\\\/conani-traslada-47-menores-y-cierra-centro.jpg?fit=680%2C454&ssl=1\",\"datePublished\":\"2022-09-10T20:25:31+00:00\",\"dateModified\":\"2022-09-10T20:25:33+00:00\",\"breadcrumb\":{\"@id\":\"http:\\\/\\\/minutocerord.com\\\/?p=10667#breadcrumb\"},\"inLanguage\":\"es-DO\",\"potentialAction\":[{\"@type\":\"ReadAction\",\"target\":[\"http:\\\/\\\/minutocerord.com\\\/?p=10667\"]}]},{\"@type\":\"ImageObject\",\"inLanguage\":\"es-DO\",\"@id\":\"http:\\\/\\\/minutocerord.com\\\/?p=10667#primaryimage\",\"url\":\"https:\\\/\\\/i0.wp.com\\\/minutocerord.com\\\/wp-content\\\/uploads\\\/2022\\\/09\\\/conani-traslada-47-menores-y-cierra-centro.jpg?fit=680%2C454&ssl=1\",\"contentUrl\":\"https:\\\/\\\/i0.wp.com\\\/minutocerord.com\\\/wp-content\\\/uploads\\\/2022\\\/09\\\/conani-traslada-47-menores-y-cierra-centro.jpg?fit=680%2C454&ssl=1\",\"width\":680,\"height\":454},{\"@type\":\"BreadcrumbList\",\"@id\":\"http:\\\/\\\/minutocerord.com\\\/?p=10667#breadcrumb\",\"itemListElement\":[{\"@type\":\"ListItem\",\"position\":1,\"name\":\"Home\",\"item\":\"https:\\\/\\\/minutocerord.com\\\/\"},{\"@type\":\"ListItem\",\"position\":2,\"name\":\"Conani cierra centro situado en el Expreso V Centenario\"}]},{\"@type\":\"WebSite\",\"@id\":\"https:\\\/\\\/minutocerord.com\\\/#website\",\"url\":\"https:\\\/\\\/minutocerord.com\\\/\",\"name\":\"Minuto Cero RD\",\"description\":\"Periodismo serio y veraz\",\"publisher\":{\"@id\":\"https:\\\/\\\/minutocerord.com\\\/#\\\/schema\\\/person\\\/60b5372d60aaa0a5171fb6488be9aee6\"},\"potentialAction\":[{\"@type\":\"SearchAction\",\"target\":{\"@type\":\"EntryPoint\",\"urlTemplate\":\"https:\\\/\\\/minutocerord.com\\\/?s={search_term_string}\"},\"query-input\":{\"@type\":\"PropertyValueSpecification\",\"valueRequired\":true,\"valueName\":\"search_term_string\"}}],\"inLanguage\":\"es-DO\"},{\"@type\":[\"Person\",\"Organization\"],\"@id\":\"https:\\\/\\\/minutocerord.com\\\/#\\\/schema\\\/person\\\/60b5372d60aaa0a5171fb6488be9aee6\",\"name\":\"Genof\u00f3ntes Urb\u00e1ez\",\"image\":{\"@type\":\"ImageObject\",\"inLanguage\":\"es-DO\",\"@id\":\"https:\\\/\\\/secure.gravatar.com\\\/avatar\\\/a49ef3186a692098ac3e8a1612261e3ad70cf9e44553dff2929e67939a0ecb9d?s=96&d=identicon&r=g\",\"url\":\"https:\\\/\\\/secure.gravatar.com\\\/avatar\\\/a49ef3186a692098ac3e8a1612261e3ad70cf9e44553dff2929e67939a0ecb9d?s=96&d=identicon&r=g\",\"contentUrl\":\"https:\\\/\\\/secure.gravatar.com\\\/avatar\\\/a49ef3186a692098ac3e8a1612261e3ad70cf9e44553dff2929e67939a0ecb9d?s=96&d=identicon&r=g\",\"caption\":\"Genof\u00f3ntes Urb\u00e1ez\"},\"logo\":{\"@id\":\"https:\\\/\\\/secure.gravatar.com\\\/avatar\\\/a49ef3186a692098ac3e8a1612261e3ad70cf9e44553dff2929e67939a0ecb9d?s=96&d=identicon&r=g\"},\"description\":\"Periodista \\\/ Locutor\",\"sameAs\":[\"https:\\\/\\\/www.facebook.com\\\/Genofnotes\",\"https:\\\/\\\/www.instagram.com\\\/genofnotes\\\/\"]}]}<\/script>\n<!-- \/ Yoast SEO plugin. -->","yoast_head_json":{"title":"Conani cierra centro situado en el Expreso V Centenario - Minuto Cero RD","robots":{"index":"index","follow":"follow","max-snippet":"max-snippet:-1","max-image-preview":"max-image-preview:large","max-video-preview":"max-video-preview:-1"},"canonical":"http:\/\/minutocerord.com\/?p=10667","og_locale":"es_ES","og_type":"article","og_title":"Conani cierra centro situado en el Expreso V Centenario - Minuto Cero RD","og_description":"Santo Domingo.- La directora ejecutiva del Consejo Nacional para la Ni\u00f1ez y la Adolescencia (Conani), Alexandra Inmaculada Santelises Joaqu\u00edn, ha informado que las ni\u00f1as y adolescentes alojadas en el Hogar de Paso situado en el Expreso V Centenario han sido trasladadas a nuevos lugares y pronto se proceder\u00e1 al cierre de ese centro de acogida. [&hellip;]","og_url":"http:\/\/minutocerord.com\/?p=10667","og_site_name":"Minuto Cero RD","article_publisher":"https:\/\/www.facebook.com\/Genofnotes","article_author":"https:\/\/www.facebook.com\/Genofnotes","article_published_time":"2022-09-10T20:25:31+00:00","article_modified_time":"2022-09-10T20:25:33+00:00","og_image":[{"width":680,"height":454,"url":"https:\/\/i0.wp.com\/minutocerord.com\/wp-content\/uploads\/2022\/09\/conani-traslada-47-menores-y-cierra-centro.jpg?fit=680%2C454","type":"image\/jpeg"}],"author":"Genof\u00f3ntes Urb\u00e1ez","twitter_card":"summary_large_image","twitter_misc":{"Written by":"Genof\u00f3ntes Urb\u00e1ez","Est. reading time":"2 minutos"},"schema":{"@context":"https:\/\/schema.org","@graph":[{"@type":"Article","@id":"http:\/\/minutocerord.com\/?p=10667#article","isPartOf":{"@id":"http:\/\/minutocerord.com\/?p=10667"},"author":{"name":"Genof\u00f3ntes Urb\u00e1ez","@id":"https:\/\/minutocerord.com\/#\/schema\/person\/60b5372d60aaa0a5171fb6488be9aee6"},"headline":"Conani cierra centro situado en el Expreso V Centenario","datePublished":"2022-09-10T20:25:31+00:00","dateModified":"2022-09-10T20:25:33+00:00","mainEntityOfPage":{"@id":"http:\/\/minutocerord.com\/?p=10667"},"wordCount":243,"commentCount":0,"publisher":{"@id":"https:\/\/minutocerord.com\/#\/schema\/person\/60b5372d60aaa0a5171fb6488be9aee6"},"image":{"@id":"http:\/\/minutocerord.com\/?p=10667#primaryimage"},"thumbnailUrl":"https:\/\/i0.wp.com\/minutocerord.com\/wp-content\/uploads\/2022\/09\/conani-traslada-47-menores-y-cierra-centro.jpg?fit=680%2C454&ssl=1","articleSection":["Nacionales"],"inLanguage":"es-DO","potentialAction":[{"@type":"CommentAction","name":"Comment","target":["http:\/\/minutocerord.com\/?p=10667#respond"]}]},{"@type":"WebPage","@id":"http:\/\/minutocerord.com\/?p=10667","url":"http:\/\/minutocerord.com\/?p=10667","name":"Conani cierra centro situado en el Expreso V Centenario - Minuto Cero RD","isPartOf":{"@id":"https:\/\/minutocerord.com\/#website"},"primaryImageOfPage":{"@id":"http:\/\/minutocerord.com\/?p=10667#primaryimage"},"image":{"@id":"http:\/\/minutocerord.com\/?p=10667#primaryimage"},"thumbnailUrl":"https:\/\/i0.wp.com\/minutocerord.com\/wp-content\/uploads\/2022\/09\/conani-traslada-47-menores-y-cierra-centro.jpg?fit=680%2C454&ssl=1","datePublished":"2022-09-10T20:25:31+00:00","dateModified":"2022-09-10T20:25:33+00:00","breadcrumb":{"@id":"http:\/\/minutocerord.com\/?p=10667#breadcrumb"},"inLanguage":"es-DO","potentialAction":[{"@type":"ReadAction","target":["http:\/\/minutocerord.com\/?p=10667"]}]},{"@type":"ImageObject","inLanguage":"es-DO","@id":"http:\/\/minutocerord.com\/?p=10667#primaryimage","url":"https:\/\/i0.wp.com\/minutocerord.com\/wp-content\/uploads\/2022\/09\/conani-traslada-47-menores-y-cierra-centro.jpg?fit=680%2C454&ssl=1","contentUrl":"https:\/\/i0.wp.com\/minutocerord.com\/wp-content\/uploads\/2022\/09\/conani-traslada-47-menores-y-cierra-centro.jpg?fit=680%2C454&ssl=1","width":680,"height":454},{"@type":"BreadcrumbList","@id":"http:\/\/minutocerord.com\/?p=10667#breadcrumb","itemListElement":[{"@type":"ListItem","position":1,"name":"Home","item":"https:\/\/minutocerord.com\/"},{"@type":"ListItem","position":2,"name":"Conani cierra centro situado en el Expreso V Centenario"}]},{"@type":"WebSite","@id":"https:\/\/minutocerord.com\/#website","url":"https:\/\/minutocerord.com\/","name":"Minuto Cero RD","description":"Periodismo serio y veraz","publisher":{"@id":"https:\/\/minutocerord.com\/#\/schema\/person\/60b5372d60aaa0a5171fb6488be9aee6"},"potentialAction":[{"@type":"SearchAction","target":{"@type":"EntryPoint","urlTemplate":"https:\/\/minutocerord.com\/?s={search_term_string}"},"query-input":{"@type":"PropertyValueSpecification","valueRequired":true,"valueName":"search_term_string"}}],"inLanguage":"es-DO"},{"@type":["Person","Organization"],"@id":"https:\/\/minutocerord.com\/#\/schema\/person\/60b5372d60aaa0a5171fb6488be9aee6","name":"Genof\u00f3ntes Urb\u00e1ez","image":{"@type":"ImageObject","inLanguage":"es-DO","@id":"https:\/\/secure.gravatar.com\/avatar\/a49ef3186a692098ac3e8a1612261e3ad70cf9e44553dff2929e67939a0ecb9d?s=96&d=identicon&r=g","url":"https:\/\/secure.gravatar.com\/avatar\/a49ef3186a692098ac3e8a1612261e3ad70cf9e44553dff2929e67939a0ecb9d?s=96&d=identicon&r=g","contentUrl":"https:\/\/secure.gravatar.com\/avatar\/a49ef3186a692098ac3e8a1612261e3ad70cf9e44553dff2929e67939a0ecb9d?s=96&d=identicon&r=g","caption":"Genof\u00f3ntes Urb\u00e1ez"},"logo":{"@id":"https:\/\/secure.gravatar.com\/avatar\/a49ef3186a692098ac3e8a1612261e3ad70cf9e44553dff2929e67939a0ecb9d?s=96&d=identicon&r=g"},"description":"Periodista \/ Locutor","sameAs":["https:\/\/www.facebook.com\/Genofnotes","https:\/\/www.instagram.com\/genofnotes\/"]}]}},"jetpack_publicize_connections":[],"jetpack_featured_media_url":"https:\/\/i0.wp.com\/minutocerord.com\/wp-content\/uploads\/2022\/09\/conani-traslada-47-menores-y-cierra-centro.jpg?fit=680%2C454&ssl=1","jetpack-related-posts":[],"jetpack_sharing_enabled":true,"_links":{"self":[{"href":"https:\/\/minutocerord.com\/index.php?rest_route=\/wp\/v2\/posts\/10667","targetHints":{"allow":["GET"]}}],"collection":[{"href":"https:\/\/minutocerord.com\/index.php?rest_route=\/wp\/v2\/posts"}],"about":[{"href":"https:\/\/minutocerord.com\/index.php?rest_route=\/wp\/v2\/types\/post"}],"author":[{"embeddable":true,"href":"https:\/\/minutocerord.com\/index.php?rest_route=\/wp\/v2\/users\/1"}],"replies":[{"embeddable":true,"href":"https:\/\/minutocerord.com\/index.php?rest_route=%2Fwp%2Fv2%2Fcomments&post=10667"}],"version-history":[{"count":1,"href":"https:\/\/minutocerord.com\/index.php?rest_route=\/wp\/v2\/posts\/10667\/revisions"}],"predecessor-version":[{"id":10669,"href":"https:\/\/minutocerord.com\/index.php?rest_route=\/wp\/v2\/posts\/10667\/revisions\/10669"}],"wp:featuredmedia":[{"embeddable":true,"href":"https:\/\/minutocerord.com\/index.php?rest_route=\/wp\/v2\/media\/10668"}],"wp:attachment":[{"href":"https:\/\/minutocerord.com\/index.php?rest_route=%2Fwp%2Fv2%2Fmedia&parent=10667"}],"wp:term":[{"taxonomy":"category","embeddable":true,"href":"https:\/\/minutocerord.com\/index.php?rest_route=%2Fwp%2Fv2%2Fcategories&post=10667"},{"taxonomy":"post_tag","embeddable":true,"href":"https:\/\/minutocerord.com\/index.php?rest_route=%2Fwp%2Fv2%2Ftags&post=10667"}],"curies":[{"name":"wp","href":"https:\/\/api.w.org\/{rel}","templated":true}]}}