{"id":10673,"date":"2022-09-14T09:49:37","date_gmt":"2022-09-14T13:49:37","guid":{"rendered":"https:\/\/minutocerord.com\/?p=10673"},"modified":"2022-09-14T09:49:52","modified_gmt":"2022-09-14T13:49:52","slug":"abinader-parte-para-eu-donde-se-reunira-con-vicepresidenta-harris","status":"publish","type":"post","link":"https:\/\/minutocerord.com\/?p=10673","title":{"rendered":"Abinader parte para EU; donde se reunir\u00e1 con Vicepresidenta Harris"},"content":{"rendered":"\n<p><a href=\"https:\/\/almomento.net\/wp-content\/uploads\/2022\/09\/abinader-1024x718.jpg\"><\/a><strong>SANTO DOMINGO.-<\/strong> El presidente Luis Abinader parti\u00f3 este mi\u00e9rcoles para Washington, Estados Unidos, donde se reunir\u00e1 con la vicepresidenta Kamala Harris\u00a0 y otras personalidades.<\/p>\n\n\n\n<p>Sali\u00f3 pasadas las 9:00 de la ma\u00f1ana desde la base a\u00e9rea de San Isidro, acompa\u00f1antes del ministro de Relaciones Exteriores, Roberto \u00c1lvarez, sus asistentes Eilyn Beltr\u00e1n y Lourdes Herrera, y el jefe del Cuerpo de Seguridad Presidencial (Cusep), general de brigada Jimmy Arias Grull\u00f3n.<\/p>\n\n\n\n<p>Se espera que arribe a Estados Unidos cerca del mediod\u00eda y que retorne al pa\u00eds el jueves en&nbsp; la noche.<\/p>\n\n\n\n<p><strong>AGENDA MI\u00c9RCOLES<\/strong><\/p>\n\n\n\n<p>Este mismo mi\u00e9rcoles a partir de la 1:45 de la tarde. el Jefe de Estado se reunir\u00e1 en el Capitolio con la presidenta de la C\u00e1mara de Representantes, Nancy Pelosi. Posteriormente tiene previsto un encuentro con el presidente del Banco Interamericano de Desarrollo (BID), Mauricio Claver-Carone.<\/p>\n\n\n\n<p><strong>JUEVES&nbsp;<\/strong><\/p>\n\n\n\n<p>Abinader ser\u00e1 recibido el jueves a las 10:00 de la ma\u00f1ana en el Capitolio por miembros del Congreso de Estados Unidos,&nbsp; en una actividad organizada por el congresista de origen dominicano, Adriano Espaillat.<\/p>\n\n\n\n<p>La reuni\u00f3n entre el Mandatario y Harris est\u00e1 programada para las 12:00 del mediod\u00eda en la residencia oficial para los invitados del presidente de Estados Unidos (Blair House).<\/p>\n\n\n\n<p>Adem\u00e1s, el gobernante tiene previsto otras reuniones con el senador Bob Men\u00e9ndez, presidente del Comit\u00e9 de Relaciones Exteriores del Congreso,&nbsp; y con Samantha Power, administradora de la Agencia de Estados Unidos para el Desarrollo Internacional (USAID).<\/p>\n\n\n\n<p>Asimismo, con Juan Gonz\u00e1lez, asistente especial del Presidente y director para el Hemisferio Occidental del Consejo Nacional de Seguridad, y con Philip Gordon, asistente especial del presidente de Estados Unidos, Joe Biden y asesor de Seguridad Nacional de la vicepresidenta, Kamala Harris.<\/p>\n","protected":false},"excerpt":{"rendered":"<p>SANTO DOMINGO.- El presidente Luis Abinader parti\u00f3 este mi\u00e9rcoles para Washington, Estados Unidos, donde se reunir\u00e1 con la vicepresidenta Kamala Harris\u00a0 y otras personalidades. Sali\u00f3 pasadas las 9:00 de la ma\u00f1ana desde la base a\u00e9rea de San Isidro, acompa\u00f1antes del ministro de Relaciones Exteriores, Roberto \u00c1lvarez, sus asistentes Eilyn Beltr\u00e1n y Lourdes Herrera, y el [&hellip;]<\/p>\n","protected":false},"author":1,"featured_media":10674,"comment_status":"open","ping_status":"open","sticky":false,"template":"","format":"standard","meta":{"nf_dc_page":"","jetpack_post_was_ever_published":false,"_jetpack_newsletter_access":"","_jetpack_dont_email_post_to_subs":false,"_jetpack_newsletter_tier_id":0,"_jetpack_memberships_contains_paywalled_content":false,"_jetpack_memberships_contains_paid_content":false,"footnotes":"","jetpack_publicize_message":"","jetpack_publicize_feature_enabled":true,"jetpack_social_post_already_shared":false,"jetpack_social_options":{"image_generator_settings":{"template":"highway","default_image_id":0,"font":"","enabled":false},"version":2}},"categories":[70],"tags":[],"class_list":["post-10673","post","type-post","status-publish","format-standard","has-post-thumbnail","hentry","category-politica"],"yoast_head":"<!-- This site is optimized with the Yoast SEO plugin v27.4 - https:\/\/yoast.com\/product\/yoast-seo-wordpress\/ -->\n<title>Abinader parte para EU; donde se reunir\u00e1 con Vicepresidenta Harris - Minuto Cero RD<\/title>\n<meta name=\"robots\" content=\"index, follow, max-snippet:-1, max-image-preview:large, max-video-preview:-1\" \/>\n<link rel=\"canonical\" href=\"http:\/\/minutocerord.com\/?p=10673\" \/>\n<meta property=\"og:locale\" content=\"es_ES\" \/>\n<meta property=\"og:type\" content=\"article\" \/>\n<meta property=\"og:title\" content=\"Abinader parte para EU; donde se reunir\u00e1 con Vicepresidenta Harris - Minuto Cero RD\" \/>\n<meta property=\"og:description\" content=\"SANTO DOMINGO.- El presidente Luis Abinader parti\u00f3 este mi\u00e9rcoles para Washington, Estados Unidos, donde se reunir\u00e1 con la vicepresidenta Kamala Harris\u00a0 y otras personalidades. Sali\u00f3 pasadas las 9:00 de la ma\u00f1ana desde la base a\u00e9rea de San Isidro, acompa\u00f1antes del ministro de Relaciones Exteriores, Roberto \u00c1lvarez, sus asistentes Eilyn Beltr\u00e1n y Lourdes Herrera, y el [&hellip;]\" \/>\n<meta property=\"og:url\" content=\"http:\/\/minutocerord.com\/?p=10673\" \/>\n<meta property=\"og:site_name\" content=\"Minuto Cero RD\" \/>\n<meta property=\"article:publisher\" content=\"https:\/\/www.facebook.com\/Genofnotes\" \/>\n<meta property=\"article:author\" content=\"https:\/\/www.facebook.com\/Genofnotes\" \/>\n<meta property=\"article:published_time\" content=\"2022-09-14T13:49:37+00:00\" \/>\n<meta property=\"article:modified_time\" content=\"2022-09-14T13:49:52+00:00\" \/>\n<meta property=\"og:image\" content=\"https:\/\/i0.wp.com\/minutocerord.com\/wp-content\/uploads\/2022\/09\/abinader-1024x718-1.jpg?fit=1024%2C570\" \/>\n\t<meta property=\"og:image:width\" content=\"1024\" \/>\n\t<meta property=\"og:image:height\" content=\"570\" \/>\n\t<meta property=\"og:image:type\" content=\"image\/jpeg\" \/>\n<meta name=\"author\" content=\"Genof\u00f3ntes Urb\u00e1ez\" \/>\n<meta name=\"twitter:card\" content=\"summary_large_image\" \/>\n<meta name=\"twitter:label1\" content=\"Written by\" \/>\n\t<meta name=\"twitter:data1\" content=\"Genof\u00f3ntes Urb\u00e1ez\" \/>\n\t<meta name=\"twitter:label2\" content=\"Est. reading time\" \/>\n\t<meta name=\"twitter:data2\" content=\"2 minutos\" \/>\n<script type=\"application\/ld+json\" class=\"yoast-schema-graph\">{\"@context\":\"https:\\\/\\\/schema.org\",\"@graph\":[{\"@type\":\"Article\",\"@id\":\"http:\\\/\\\/minutocerord.com\\\/?p=10673#article\",\"isPartOf\":{\"@id\":\"http:\\\/\\\/minutocerord.com\\\/?p=10673\"},\"author\":{\"name\":\"Genof\u00f3ntes Urb\u00e1ez\",\"@id\":\"https:\\\/\\\/minutocerord.com\\\/#\\\/schema\\\/person\\\/60b5372d60aaa0a5171fb6488be9aee6\"},\"headline\":\"Abinader parte para EU; donde se reunir\u00e1 con Vicepresidenta Harris\",\"datePublished\":\"2022-09-14T13:49:37+00:00\",\"dateModified\":\"2022-09-14T13:49:52+00:00\",\"mainEntityOfPage\":{\"@id\":\"http:\\\/\\\/minutocerord.com\\\/?p=10673\"},\"wordCount\":304,\"commentCount\":0,\"publisher\":{\"@id\":\"https:\\\/\\\/minutocerord.com\\\/#\\\/schema\\\/person\\\/60b5372d60aaa0a5171fb6488be9aee6\"},\"image\":{\"@id\":\"http:\\\/\\\/minutocerord.com\\\/?p=10673#primaryimage\"},\"thumbnailUrl\":\"https:\\\/\\\/i0.wp.com\\\/minutocerord.com\\\/wp-content\\\/uploads\\\/2022\\\/09\\\/abinader-1024x718-1.jpg?fit=1024%2C570&ssl=1\",\"articleSection\":[\"Pol\u00edtica\"],\"inLanguage\":\"es-DO\",\"potentialAction\":[{\"@type\":\"CommentAction\",\"name\":\"Comment\",\"target\":[\"http:\\\/\\\/minutocerord.com\\\/?p=10673#respond\"]}]},{\"@type\":\"WebPage\",\"@id\":\"http:\\\/\\\/minutocerord.com\\\/?p=10673\",\"url\":\"http:\\\/\\\/minutocerord.com\\\/?p=10673\",\"name\":\"Abinader parte para EU; donde se reunir\u00e1 con Vicepresidenta Harris - Minuto Cero RD\",\"isPartOf\":{\"@id\":\"https:\\\/\\\/minutocerord.com\\\/#website\"},\"primaryImageOfPage\":{\"@id\":\"http:\\\/\\\/minutocerord.com\\\/?p=10673#primaryimage\"},\"image\":{\"@id\":\"http:\\\/\\\/minutocerord.com\\\/?p=10673#primaryimage\"},\"thumbnailUrl\":\"https:\\\/\\\/i0.wp.com\\\/minutocerord.com\\\/wp-content\\\/uploads\\\/2022\\\/09\\\/abinader-1024x718-1.jpg?fit=1024%2C570&ssl=1\",\"datePublished\":\"2022-09-14T13:49:37+00:00\",\"dateModified\":\"2022-09-14T13:49:52+00:00\",\"breadcrumb\":{\"@id\":\"http:\\\/\\\/minutocerord.com\\\/?p=10673#breadcrumb\"},\"inLanguage\":\"es-DO\",\"potentialAction\":[{\"@type\":\"ReadAction\",\"target\":[\"http:\\\/\\\/minutocerord.com\\\/?p=10673\"]}]},{\"@type\":\"ImageObject\",\"inLanguage\":\"es-DO\",\"@id\":\"http:\\\/\\\/minutocerord.com\\\/?p=10673#primaryimage\",\"url\":\"https:\\\/\\\/i0.wp.com\\\/minutocerord.com\\\/wp-content\\\/uploads\\\/2022\\\/09\\\/abinader-1024x718-1.jpg?fit=1024%2C570&ssl=1\",\"contentUrl\":\"https:\\\/\\\/i0.wp.com\\\/minutocerord.com\\\/wp-content\\\/uploads\\\/2022\\\/09\\\/abinader-1024x718-1.jpg?fit=1024%2C570&ssl=1\",\"width\":1024,\"height\":570},{\"@type\":\"BreadcrumbList\",\"@id\":\"http:\\\/\\\/minutocerord.com\\\/?p=10673#breadcrumb\",\"itemListElement\":[{\"@type\":\"ListItem\",\"position\":1,\"name\":\"Home\",\"item\":\"https:\\\/\\\/minutocerord.com\\\/\"},{\"@type\":\"ListItem\",\"position\":2,\"name\":\"Abinader parte para EU; donde se reunir\u00e1 con Vicepresidenta Harris\"}]},{\"@type\":\"WebSite\",\"@id\":\"https:\\\/\\\/minutocerord.com\\\/#website\",\"url\":\"https:\\\/\\\/minutocerord.com\\\/\",\"name\":\"Minuto Cero RD\",\"description\":\"Periodismo serio y veraz\",\"publisher\":{\"@id\":\"https:\\\/\\\/minutocerord.com\\\/#\\\/schema\\\/person\\\/60b5372d60aaa0a5171fb6488be9aee6\"},\"potentialAction\":[{\"@type\":\"SearchAction\",\"target\":{\"@type\":\"EntryPoint\",\"urlTemplate\":\"https:\\\/\\\/minutocerord.com\\\/?s={search_term_string}\"},\"query-input\":{\"@type\":\"PropertyValueSpecification\",\"valueRequired\":true,\"valueName\":\"search_term_string\"}}],\"inLanguage\":\"es-DO\"},{\"@type\":[\"Person\",\"Organization\"],\"@id\":\"https:\\\/\\\/minutocerord.com\\\/#\\\/schema\\\/person\\\/60b5372d60aaa0a5171fb6488be9aee6\",\"name\":\"Genof\u00f3ntes Urb\u00e1ez\",\"image\":{\"@type\":\"ImageObject\",\"inLanguage\":\"es-DO\",\"@id\":\"https:\\\/\\\/secure.gravatar.com\\\/avatar\\\/a49ef3186a692098ac3e8a1612261e3ad70cf9e44553dff2929e67939a0ecb9d?s=96&d=identicon&r=g\",\"url\":\"https:\\\/\\\/secure.gravatar.com\\\/avatar\\\/a49ef3186a692098ac3e8a1612261e3ad70cf9e44553dff2929e67939a0ecb9d?s=96&d=identicon&r=g\",\"contentUrl\":\"https:\\\/\\\/secure.gravatar.com\\\/avatar\\\/a49ef3186a692098ac3e8a1612261e3ad70cf9e44553dff2929e67939a0ecb9d?s=96&d=identicon&r=g\",\"caption\":\"Genof\u00f3ntes Urb\u00e1ez\"},\"logo\":{\"@id\":\"https:\\\/\\\/secure.gravatar.com\\\/avatar\\\/a49ef3186a692098ac3e8a1612261e3ad70cf9e44553dff2929e67939a0ecb9d?s=96&d=identicon&r=g\"},\"description\":\"Periodista \\\/ Locutor\",\"sameAs\":[\"https:\\\/\\\/www.facebook.com\\\/Genofnotes\",\"https:\\\/\\\/www.instagram.com\\\/genofnotes\\\/\"]}]}<\/script>\n<!-- \/ Yoast SEO plugin. -->","yoast_head_json":{"title":"Abinader parte para EU; donde se reunir\u00e1 con Vicepresidenta Harris - Minuto Cero RD","robots":{"index":"index","follow":"follow","max-snippet":"max-snippet:-1","max-image-preview":"max-image-preview:large","max-video-preview":"max-video-preview:-1"},"canonical":"http:\/\/minutocerord.com\/?p=10673","og_locale":"es_ES","og_type":"article","og_title":"Abinader parte para EU; donde se reunir\u00e1 con Vicepresidenta Harris - Minuto Cero RD","og_description":"SANTO DOMINGO.- El presidente Luis Abinader parti\u00f3 este mi\u00e9rcoles para Washington, Estados Unidos, donde se reunir\u00e1 con la vicepresidenta Kamala Harris\u00a0 y otras personalidades. Sali\u00f3 pasadas las 9:00 de la ma\u00f1ana desde la base a\u00e9rea de San Isidro, acompa\u00f1antes del ministro de Relaciones Exteriores, Roberto \u00c1lvarez, sus asistentes Eilyn Beltr\u00e1n y Lourdes Herrera, y el [&hellip;]","og_url":"http:\/\/minutocerord.com\/?p=10673","og_site_name":"Minuto Cero RD","article_publisher":"https:\/\/www.facebook.com\/Genofnotes","article_author":"https:\/\/www.facebook.com\/Genofnotes","article_published_time":"2022-09-14T13:49:37+00:00","article_modified_time":"2022-09-14T13:49:52+00:00","og_image":[{"width":1024,"height":570,"url":"https:\/\/i0.wp.com\/minutocerord.com\/wp-content\/uploads\/2022\/09\/abinader-1024x718-1.jpg?fit=1024%2C570","type":"image\/jpeg"}],"author":"Genof\u00f3ntes Urb\u00e1ez","twitter_card":"summary_large_image","twitter_misc":{"Written by":"Genof\u00f3ntes Urb\u00e1ez","Est. reading time":"2 minutos"},"schema":{"@context":"https:\/\/schema.org","@graph":[{"@type":"Article","@id":"http:\/\/minutocerord.com\/?p=10673#article","isPartOf":{"@id":"http:\/\/minutocerord.com\/?p=10673"},"author":{"name":"Genof\u00f3ntes Urb\u00e1ez","@id":"https:\/\/minutocerord.com\/#\/schema\/person\/60b5372d60aaa0a5171fb6488be9aee6"},"headline":"Abinader parte para EU; donde se reunir\u00e1 con Vicepresidenta Harris","datePublished":"2022-09-14T13:49:37+00:00","dateModified":"2022-09-14T13:49:52+00:00","mainEntityOfPage":{"@id":"http:\/\/minutocerord.com\/?p=10673"},"wordCount":304,"commentCount":0,"publisher":{"@id":"https:\/\/minutocerord.com\/#\/schema\/person\/60b5372d60aaa0a5171fb6488be9aee6"},"image":{"@id":"http:\/\/minutocerord.com\/?p=10673#primaryimage"},"thumbnailUrl":"https:\/\/i0.wp.com\/minutocerord.com\/wp-content\/uploads\/2022\/09\/abinader-1024x718-1.jpg?fit=1024%2C570&ssl=1","articleSection":["Pol\u00edtica"],"inLanguage":"es-DO","potentialAction":[{"@type":"CommentAction","name":"Comment","target":["http:\/\/minutocerord.com\/?p=10673#respond"]}]},{"@type":"WebPage","@id":"http:\/\/minutocerord.com\/?p=10673","url":"http:\/\/minutocerord.com\/?p=10673","name":"Abinader parte para EU; donde se reunir\u00e1 con Vicepresidenta Harris - Minuto Cero RD","isPartOf":{"@id":"https:\/\/minutocerord.com\/#website"},"primaryImageOfPage":{"@id":"http:\/\/minutocerord.com\/?p=10673#primaryimage"},"image":{"@id":"http:\/\/minutocerord.com\/?p=10673#primaryimage"},"thumbnailUrl":"https:\/\/i0.wp.com\/minutocerord.com\/wp-content\/uploads\/2022\/09\/abinader-1024x718-1.jpg?fit=1024%2C570&ssl=1","datePublished":"2022-09-14T13:49:37+00:00","dateModified":"2022-09-14T13:49:52+00:00","breadcrumb":{"@id":"http:\/\/minutocerord.com\/?p=10673#breadcrumb"},"inLanguage":"es-DO","potentialAction":[{"@type":"ReadAction","target":["http:\/\/minutocerord.com\/?p=10673"]}]},{"@type":"ImageObject","inLanguage":"es-DO","@id":"http:\/\/minutocerord.com\/?p=10673#primaryimage","url":"https:\/\/i0.wp.com\/minutocerord.com\/wp-content\/uploads\/2022\/09\/abinader-1024x718-1.jpg?fit=1024%2C570&ssl=1","contentUrl":"https:\/\/i0.wp.com\/minutocerord.com\/wp-content\/uploads\/2022\/09\/abinader-1024x718-1.jpg?fit=1024%2C570&ssl=1","width":1024,"height":570},{"@type":"BreadcrumbList","@id":"http:\/\/minutocerord.com\/?p=10673#breadcrumb","itemListElement":[{"@type":"ListItem","position":1,"name":"Home","item":"https:\/\/minutocerord.com\/"},{"@type":"ListItem","position":2,"name":"Abinader parte para EU; donde se reunir\u00e1 con Vicepresidenta Harris"}]},{"@type":"WebSite","@id":"https:\/\/minutocerord.com\/#website","url":"https:\/\/minutocerord.com\/","name":"Minuto Cero RD","description":"Periodismo serio y veraz","publisher":{"@id":"https:\/\/minutocerord.com\/#\/schema\/person\/60b5372d60aaa0a5171fb6488be9aee6"},"potentialAction":[{"@type":"SearchAction","target":{"@type":"EntryPoint","urlTemplate":"https:\/\/minutocerord.com\/?s={search_term_string}"},"query-input":{"@type":"PropertyValueSpecification","valueRequired":true,"valueName":"search_term_string"}}],"inLanguage":"es-DO"},{"@type":["Person","Organization"],"@id":"https:\/\/minutocerord.com\/#\/schema\/person\/60b5372d60aaa0a5171fb6488be9aee6","name":"Genof\u00f3ntes Urb\u00e1ez","image":{"@type":"ImageObject","inLanguage":"es-DO","@id":"https:\/\/secure.gravatar.com\/avatar\/a49ef3186a692098ac3e8a1612261e3ad70cf9e44553dff2929e67939a0ecb9d?s=96&d=identicon&r=g","url":"https:\/\/secure.gravatar.com\/avatar\/a49ef3186a692098ac3e8a1612261e3ad70cf9e44553dff2929e67939a0ecb9d?s=96&d=identicon&r=g","contentUrl":"https:\/\/secure.gravatar.com\/avatar\/a49ef3186a692098ac3e8a1612261e3ad70cf9e44553dff2929e67939a0ecb9d?s=96&d=identicon&r=g","caption":"Genof\u00f3ntes Urb\u00e1ez"},"logo":{"@id":"https:\/\/secure.gravatar.com\/avatar\/a49ef3186a692098ac3e8a1612261e3ad70cf9e44553dff2929e67939a0ecb9d?s=96&d=identicon&r=g"},"description":"Periodista \/ Locutor","sameAs":["https:\/\/www.facebook.com\/Genofnotes","https:\/\/www.instagram.com\/genofnotes\/"]}]}},"jetpack_publicize_connections":[],"jetpack_featured_media_url":"https:\/\/i0.wp.com\/minutocerord.com\/wp-content\/uploads\/2022\/09\/abinader-1024x718-1.jpg?fit=1024%2C570&ssl=1","jetpack-related-posts":[],"jetpack_sharing_enabled":true,"_links":{"self":[{"href":"https:\/\/minutocerord.com\/index.php?rest_route=\/wp\/v2\/posts\/10673","targetHints":{"allow":["GET"]}}],"collection":[{"href":"https:\/\/minutocerord.com\/index.php?rest_route=\/wp\/v2\/posts"}],"about":[{"href":"https:\/\/minutocerord.com\/index.php?rest_route=\/wp\/v2\/types\/post"}],"author":[{"embeddable":true,"href":"https:\/\/minutocerord.com\/index.php?rest_route=\/wp\/v2\/users\/1"}],"replies":[{"embeddable":true,"href":"https:\/\/minutocerord.com\/index.php?rest_route=%2Fwp%2Fv2%2Fcomments&post=10673"}],"version-history":[{"count":1,"href":"https:\/\/minutocerord.com\/index.php?rest_route=\/wp\/v2\/posts\/10673\/revisions"}],"predecessor-version":[{"id":10675,"href":"https:\/\/minutocerord.com\/index.php?rest_route=\/wp\/v2\/posts\/10673\/revisions\/10675"}],"wp:featuredmedia":[{"embeddable":true,"href":"https:\/\/minutocerord.com\/index.php?rest_route=\/wp\/v2\/media\/10674"}],"wp:attachment":[{"href":"https:\/\/minutocerord.com\/index.php?rest_route=%2Fwp%2Fv2%2Fmedia&parent=10673"}],"wp:term":[{"taxonomy":"category","embeddable":true,"href":"https:\/\/minutocerord.com\/index.php?rest_route=%2Fwp%2Fv2%2Fcategories&post=10673"},{"taxonomy":"post_tag","embeddable":true,"href":"https:\/\/minutocerord.com\/index.php?rest_route=%2Fwp%2Fv2%2Ftags&post=10673"}],"curies":[{"name":"wp","href":"https:\/\/api.w.org\/{rel}","templated":true}]}}