{"id":10676,"date":"2022-09-14T10:04:40","date_gmt":"2022-09-14T14:04:40","guid":{"rendered":"https:\/\/minutocerord.com\/?p=10676"},"modified":"2022-09-14T10:04:48","modified_gmt":"2022-09-14T14:04:48","slug":"madre-destrozada-su-bebe-fallecio-en-una-clinica-en-santiago","status":"publish","type":"post","link":"https:\/\/minutocerord.com\/?p=10676","title":{"rendered":"Madre destrozada: Su beb\u00e9 falleci\u00f3 en una cl\u00ednica en Santiago"},"content":{"rendered":"\n<p><strong>Santiago.- <\/strong>En la tarde de este martes se conoci\u00f3 la historia de una madre cuyo beb\u00e9 falleci\u00f3 con tan solo 6 meses de nacida en un centro m\u00e9dico de Santiago.<\/p>\n\n\n\n<p>La beb\u00e9 que falleci\u00f3 se trata de Elba Victoria Sosa Pichardo, perteneciente al sector de Los Cocos de esa ciudad. Estuvo recluida en el centro m\u00e9dico por varias semanas resistiendo al dengue. Y a pesar de que los m\u00e9dicos hicieron todo a su alcance, la beb\u00e9 falleci\u00f3.<\/p>\n\n\n\n<p>Con el dolor de perder a su peque\u00f1a criatura, su madre relata c\u00f3mo hace una semana la llevaron al centro m\u00e9dico por fiebre. Los m\u00e9dicos afirmaban que era una fiebre pasajera.<\/p>\n\n\n\n<p>Pero al ser llevada nuevamente el pasado jueves, dio positivo por dengue, por lo que ingres\u00f3 a cuidados intensivos por el delicado estado de salud que manten\u00eda.<\/p>\n\n\n\n<p>\u201cEstaba en un dengue que ellos mismos estaban sorprendidos. No era un dengue normal. Era un dengue muy agresivo\u201d esas fueron las palabras de la madre que con l\u00e1grimas y dolor en su alma relataba lo sucedido.<\/p>\n\n\n\n<p>\u201cLe hago un llamado a las autoridades y salud p\u00fablica que tomen esto en serio. Es un problema que est\u00e1n causando, mi ni\u00f1ita no ten\u00eda nada y mire como un mosquito tiene la familia destrozada\u201d.<\/p>\n","protected":false},"excerpt":{"rendered":"<p>Santiago.- En la tarde de este martes se conoci\u00f3 la historia de una madre cuyo beb\u00e9 falleci\u00f3 con tan solo 6 meses de nacida en un centro m\u00e9dico de Santiago. La beb\u00e9 que falleci\u00f3 se trata de Elba Victoria Sosa Pichardo, perteneciente al sector de Los Cocos de esa ciudad. Estuvo recluida en el centro [&hellip;]<\/p>\n","protected":false},"author":1,"featured_media":10677,"comment_status":"open","ping_status":"open","sticky":false,"template":"","format":"standard","meta":{"nf_dc_page":"","jetpack_post_was_ever_published":false,"_jetpack_newsletter_access":"","_jetpack_dont_email_post_to_subs":false,"_jetpack_newsletter_tier_id":0,"_jetpack_memberships_contains_paywalled_content":false,"_jetpack_memberships_contains_paid_content":false,"footnotes":"","jetpack_publicize_message":"","jetpack_publicize_feature_enabled":true,"jetpack_social_post_already_shared":false,"jetpack_social_options":{"image_generator_settings":{"template":"highway","default_image_id":0,"font":"","enabled":false},"version":2}},"categories":[89],"tags":[],"class_list":["post-10676","post","type-post","status-publish","format-standard","has-post-thumbnail","hentry","category-santiago"],"yoast_head":"<!-- This site is optimized with the Yoast SEO plugin v27.4 - https:\/\/yoast.com\/product\/yoast-seo-wordpress\/ -->\n<title>Madre destrozada: Su beb\u00e9 falleci\u00f3 en una cl\u00ednica en Santiago - Minuto Cero RD<\/title>\n<meta name=\"robots\" content=\"index, follow, max-snippet:-1, max-image-preview:large, max-video-preview:-1\" \/>\n<link rel=\"canonical\" href=\"http:\/\/minutocerord.com\/?p=10676\" \/>\n<meta property=\"og:locale\" content=\"es_ES\" \/>\n<meta property=\"og:type\" content=\"article\" \/>\n<meta property=\"og:title\" content=\"Madre destrozada: Su beb\u00e9 falleci\u00f3 en una cl\u00ednica en Santiago - Minuto Cero RD\" \/>\n<meta property=\"og:description\" content=\"Santiago.- En la tarde de este martes se conoci\u00f3 la historia de una madre cuyo beb\u00e9 falleci\u00f3 con tan solo 6 meses de nacida en un centro m\u00e9dico de Santiago. La beb\u00e9 que falleci\u00f3 se trata de Elba Victoria Sosa Pichardo, perteneciente al sector de Los Cocos de esa ciudad. Estuvo recluida en el centro [&hellip;]\" \/>\n<meta property=\"og:url\" content=\"http:\/\/minutocerord.com\/?p=10676\" \/>\n<meta property=\"og:site_name\" content=\"Minuto Cero RD\" \/>\n<meta property=\"article:publisher\" content=\"https:\/\/www.facebook.com\/Genofnotes\" \/>\n<meta property=\"article:author\" content=\"https:\/\/www.facebook.com\/Genofnotes\" \/>\n<meta property=\"article:published_time\" content=\"2022-09-14T14:04:40+00:00\" \/>\n<meta property=\"article:modified_time\" content=\"2022-09-14T14:04:48+00:00\" \/>\n<meta property=\"og:image\" content=\"https:\/\/i0.wp.com\/minutocerord.com\/wp-content\/uploads\/2022\/09\/bebe-fallecio.jpg?fit=961%2C717\" \/>\n\t<meta property=\"og:image:width\" content=\"961\" \/>\n\t<meta property=\"og:image:height\" content=\"717\" \/>\n\t<meta property=\"og:image:type\" content=\"image\/jpeg\" \/>\n<meta name=\"author\" content=\"Genof\u00f3ntes Urb\u00e1ez\" \/>\n<meta name=\"twitter:card\" content=\"summary_large_image\" \/>\n<meta name=\"twitter:label1\" content=\"Written by\" \/>\n\t<meta name=\"twitter:data1\" content=\"Genof\u00f3ntes Urb\u00e1ez\" \/>\n\t<meta name=\"twitter:label2\" content=\"Est. reading time\" \/>\n\t<meta name=\"twitter:data2\" content=\"1 minuto\" \/>\n<script type=\"application\/ld+json\" class=\"yoast-schema-graph\">{\"@context\":\"https:\\\/\\\/schema.org\",\"@graph\":[{\"@type\":\"Article\",\"@id\":\"http:\\\/\\\/minutocerord.com\\\/?p=10676#article\",\"isPartOf\":{\"@id\":\"http:\\\/\\\/minutocerord.com\\\/?p=10676\"},\"author\":{\"name\":\"Genof\u00f3ntes Urb\u00e1ez\",\"@id\":\"https:\\\/\\\/minutocerord.com\\\/#\\\/schema\\\/person\\\/60b5372d60aaa0a5171fb6488be9aee6\"},\"headline\":\"Madre destrozada: Su beb\u00e9 falleci\u00f3 en una cl\u00ednica en Santiago\",\"datePublished\":\"2022-09-14T14:04:40+00:00\",\"dateModified\":\"2022-09-14T14:04:48+00:00\",\"mainEntityOfPage\":{\"@id\":\"http:\\\/\\\/minutocerord.com\\\/?p=10676\"},\"wordCount\":231,\"commentCount\":0,\"publisher\":{\"@id\":\"https:\\\/\\\/minutocerord.com\\\/#\\\/schema\\\/person\\\/60b5372d60aaa0a5171fb6488be9aee6\"},\"image\":{\"@id\":\"http:\\\/\\\/minutocerord.com\\\/?p=10676#primaryimage\"},\"thumbnailUrl\":\"https:\\\/\\\/i0.wp.com\\\/minutocerord.com\\\/wp-content\\\/uploads\\\/2022\\\/09\\\/bebe-fallecio.jpg?fit=961%2C717&ssl=1\",\"articleSection\":[\"Santiago\"],\"inLanguage\":\"es-DO\",\"potentialAction\":[{\"@type\":\"CommentAction\",\"name\":\"Comment\",\"target\":[\"http:\\\/\\\/minutocerord.com\\\/?p=10676#respond\"]}]},{\"@type\":\"WebPage\",\"@id\":\"http:\\\/\\\/minutocerord.com\\\/?p=10676\",\"url\":\"http:\\\/\\\/minutocerord.com\\\/?p=10676\",\"name\":\"Madre destrozada: Su beb\u00e9 falleci\u00f3 en una cl\u00ednica en Santiago - Minuto Cero RD\",\"isPartOf\":{\"@id\":\"https:\\\/\\\/minutocerord.com\\\/#website\"},\"primaryImageOfPage\":{\"@id\":\"http:\\\/\\\/minutocerord.com\\\/?p=10676#primaryimage\"},\"image\":{\"@id\":\"http:\\\/\\\/minutocerord.com\\\/?p=10676#primaryimage\"},\"thumbnailUrl\":\"https:\\\/\\\/i0.wp.com\\\/minutocerord.com\\\/wp-content\\\/uploads\\\/2022\\\/09\\\/bebe-fallecio.jpg?fit=961%2C717&ssl=1\",\"datePublished\":\"2022-09-14T14:04:40+00:00\",\"dateModified\":\"2022-09-14T14:04:48+00:00\",\"breadcrumb\":{\"@id\":\"http:\\\/\\\/minutocerord.com\\\/?p=10676#breadcrumb\"},\"inLanguage\":\"es-DO\",\"potentialAction\":[{\"@type\":\"ReadAction\",\"target\":[\"http:\\\/\\\/minutocerord.com\\\/?p=10676\"]}]},{\"@type\":\"ImageObject\",\"inLanguage\":\"es-DO\",\"@id\":\"http:\\\/\\\/minutocerord.com\\\/?p=10676#primaryimage\",\"url\":\"https:\\\/\\\/i0.wp.com\\\/minutocerord.com\\\/wp-content\\\/uploads\\\/2022\\\/09\\\/bebe-fallecio.jpg?fit=961%2C717&ssl=1\",\"contentUrl\":\"https:\\\/\\\/i0.wp.com\\\/minutocerord.com\\\/wp-content\\\/uploads\\\/2022\\\/09\\\/bebe-fallecio.jpg?fit=961%2C717&ssl=1\",\"width\":961,\"height\":717},{\"@type\":\"BreadcrumbList\",\"@id\":\"http:\\\/\\\/minutocerord.com\\\/?p=10676#breadcrumb\",\"itemListElement\":[{\"@type\":\"ListItem\",\"position\":1,\"name\":\"Home\",\"item\":\"https:\\\/\\\/minutocerord.com\\\/\"},{\"@type\":\"ListItem\",\"position\":2,\"name\":\"Madre destrozada: Su beb\u00e9 falleci\u00f3 en una cl\u00ednica en Santiago\"}]},{\"@type\":\"WebSite\",\"@id\":\"https:\\\/\\\/minutocerord.com\\\/#website\",\"url\":\"https:\\\/\\\/minutocerord.com\\\/\",\"name\":\"Minuto Cero RD\",\"description\":\"Periodismo serio y veraz\",\"publisher\":{\"@id\":\"https:\\\/\\\/minutocerord.com\\\/#\\\/schema\\\/person\\\/60b5372d60aaa0a5171fb6488be9aee6\"},\"potentialAction\":[{\"@type\":\"SearchAction\",\"target\":{\"@type\":\"EntryPoint\",\"urlTemplate\":\"https:\\\/\\\/minutocerord.com\\\/?s={search_term_string}\"},\"query-input\":{\"@type\":\"PropertyValueSpecification\",\"valueRequired\":true,\"valueName\":\"search_term_string\"}}],\"inLanguage\":\"es-DO\"},{\"@type\":[\"Person\",\"Organization\"],\"@id\":\"https:\\\/\\\/minutocerord.com\\\/#\\\/schema\\\/person\\\/60b5372d60aaa0a5171fb6488be9aee6\",\"name\":\"Genof\u00f3ntes Urb\u00e1ez\",\"image\":{\"@type\":\"ImageObject\",\"inLanguage\":\"es-DO\",\"@id\":\"https:\\\/\\\/secure.gravatar.com\\\/avatar\\\/a49ef3186a692098ac3e8a1612261e3ad70cf9e44553dff2929e67939a0ecb9d?s=96&d=identicon&r=g\",\"url\":\"https:\\\/\\\/secure.gravatar.com\\\/avatar\\\/a49ef3186a692098ac3e8a1612261e3ad70cf9e44553dff2929e67939a0ecb9d?s=96&d=identicon&r=g\",\"contentUrl\":\"https:\\\/\\\/secure.gravatar.com\\\/avatar\\\/a49ef3186a692098ac3e8a1612261e3ad70cf9e44553dff2929e67939a0ecb9d?s=96&d=identicon&r=g\",\"caption\":\"Genof\u00f3ntes Urb\u00e1ez\"},\"logo\":{\"@id\":\"https:\\\/\\\/secure.gravatar.com\\\/avatar\\\/a49ef3186a692098ac3e8a1612261e3ad70cf9e44553dff2929e67939a0ecb9d?s=96&d=identicon&r=g\"},\"description\":\"Periodista \\\/ Locutor\",\"sameAs\":[\"https:\\\/\\\/www.facebook.com\\\/Genofnotes\",\"https:\\\/\\\/www.instagram.com\\\/genofnotes\\\/\"]}]}<\/script>\n<!-- \/ Yoast SEO plugin. -->","yoast_head_json":{"title":"Madre destrozada: Su beb\u00e9 falleci\u00f3 en una cl\u00ednica en Santiago - Minuto Cero RD","robots":{"index":"index","follow":"follow","max-snippet":"max-snippet:-1","max-image-preview":"max-image-preview:large","max-video-preview":"max-video-preview:-1"},"canonical":"http:\/\/minutocerord.com\/?p=10676","og_locale":"es_ES","og_type":"article","og_title":"Madre destrozada: Su beb\u00e9 falleci\u00f3 en una cl\u00ednica en Santiago - Minuto Cero RD","og_description":"Santiago.- En la tarde de este martes se conoci\u00f3 la historia de una madre cuyo beb\u00e9 falleci\u00f3 con tan solo 6 meses de nacida en un centro m\u00e9dico de Santiago. La beb\u00e9 que falleci\u00f3 se trata de Elba Victoria Sosa Pichardo, perteneciente al sector de Los Cocos de esa ciudad. Estuvo recluida en el centro [&hellip;]","og_url":"http:\/\/minutocerord.com\/?p=10676","og_site_name":"Minuto Cero RD","article_publisher":"https:\/\/www.facebook.com\/Genofnotes","article_author":"https:\/\/www.facebook.com\/Genofnotes","article_published_time":"2022-09-14T14:04:40+00:00","article_modified_time":"2022-09-14T14:04:48+00:00","og_image":[{"width":961,"height":717,"url":"https:\/\/i0.wp.com\/minutocerord.com\/wp-content\/uploads\/2022\/09\/bebe-fallecio.jpg?fit=961%2C717","type":"image\/jpeg"}],"author":"Genof\u00f3ntes Urb\u00e1ez","twitter_card":"summary_large_image","twitter_misc":{"Written by":"Genof\u00f3ntes Urb\u00e1ez","Est. reading time":"1 minuto"},"schema":{"@context":"https:\/\/schema.org","@graph":[{"@type":"Article","@id":"http:\/\/minutocerord.com\/?p=10676#article","isPartOf":{"@id":"http:\/\/minutocerord.com\/?p=10676"},"author":{"name":"Genof\u00f3ntes Urb\u00e1ez","@id":"https:\/\/minutocerord.com\/#\/schema\/person\/60b5372d60aaa0a5171fb6488be9aee6"},"headline":"Madre destrozada: Su beb\u00e9 falleci\u00f3 en una cl\u00ednica en Santiago","datePublished":"2022-09-14T14:04:40+00:00","dateModified":"2022-09-14T14:04:48+00:00","mainEntityOfPage":{"@id":"http:\/\/minutocerord.com\/?p=10676"},"wordCount":231,"commentCount":0,"publisher":{"@id":"https:\/\/minutocerord.com\/#\/schema\/person\/60b5372d60aaa0a5171fb6488be9aee6"},"image":{"@id":"http:\/\/minutocerord.com\/?p=10676#primaryimage"},"thumbnailUrl":"https:\/\/i0.wp.com\/minutocerord.com\/wp-content\/uploads\/2022\/09\/bebe-fallecio.jpg?fit=961%2C717&ssl=1","articleSection":["Santiago"],"inLanguage":"es-DO","potentialAction":[{"@type":"CommentAction","name":"Comment","target":["http:\/\/minutocerord.com\/?p=10676#respond"]}]},{"@type":"WebPage","@id":"http:\/\/minutocerord.com\/?p=10676","url":"http:\/\/minutocerord.com\/?p=10676","name":"Madre destrozada: Su beb\u00e9 falleci\u00f3 en una cl\u00ednica en Santiago - Minuto Cero RD","isPartOf":{"@id":"https:\/\/minutocerord.com\/#website"},"primaryImageOfPage":{"@id":"http:\/\/minutocerord.com\/?p=10676#primaryimage"},"image":{"@id":"http:\/\/minutocerord.com\/?p=10676#primaryimage"},"thumbnailUrl":"https:\/\/i0.wp.com\/minutocerord.com\/wp-content\/uploads\/2022\/09\/bebe-fallecio.jpg?fit=961%2C717&ssl=1","datePublished":"2022-09-14T14:04:40+00:00","dateModified":"2022-09-14T14:04:48+00:00","breadcrumb":{"@id":"http:\/\/minutocerord.com\/?p=10676#breadcrumb"},"inLanguage":"es-DO","potentialAction":[{"@type":"ReadAction","target":["http:\/\/minutocerord.com\/?p=10676"]}]},{"@type":"ImageObject","inLanguage":"es-DO","@id":"http:\/\/minutocerord.com\/?p=10676#primaryimage","url":"https:\/\/i0.wp.com\/minutocerord.com\/wp-content\/uploads\/2022\/09\/bebe-fallecio.jpg?fit=961%2C717&ssl=1","contentUrl":"https:\/\/i0.wp.com\/minutocerord.com\/wp-content\/uploads\/2022\/09\/bebe-fallecio.jpg?fit=961%2C717&ssl=1","width":961,"height":717},{"@type":"BreadcrumbList","@id":"http:\/\/minutocerord.com\/?p=10676#breadcrumb","itemListElement":[{"@type":"ListItem","position":1,"name":"Home","item":"https:\/\/minutocerord.com\/"},{"@type":"ListItem","position":2,"name":"Madre destrozada: Su beb\u00e9 falleci\u00f3 en una cl\u00ednica en Santiago"}]},{"@type":"WebSite","@id":"https:\/\/minutocerord.com\/#website","url":"https:\/\/minutocerord.com\/","name":"Minuto Cero RD","description":"Periodismo serio y veraz","publisher":{"@id":"https:\/\/minutocerord.com\/#\/schema\/person\/60b5372d60aaa0a5171fb6488be9aee6"},"potentialAction":[{"@type":"SearchAction","target":{"@type":"EntryPoint","urlTemplate":"https:\/\/minutocerord.com\/?s={search_term_string}"},"query-input":{"@type":"PropertyValueSpecification","valueRequired":true,"valueName":"search_term_string"}}],"inLanguage":"es-DO"},{"@type":["Person","Organization"],"@id":"https:\/\/minutocerord.com\/#\/schema\/person\/60b5372d60aaa0a5171fb6488be9aee6","name":"Genof\u00f3ntes Urb\u00e1ez","image":{"@type":"ImageObject","inLanguage":"es-DO","@id":"https:\/\/secure.gravatar.com\/avatar\/a49ef3186a692098ac3e8a1612261e3ad70cf9e44553dff2929e67939a0ecb9d?s=96&d=identicon&r=g","url":"https:\/\/secure.gravatar.com\/avatar\/a49ef3186a692098ac3e8a1612261e3ad70cf9e44553dff2929e67939a0ecb9d?s=96&d=identicon&r=g","contentUrl":"https:\/\/secure.gravatar.com\/avatar\/a49ef3186a692098ac3e8a1612261e3ad70cf9e44553dff2929e67939a0ecb9d?s=96&d=identicon&r=g","caption":"Genof\u00f3ntes Urb\u00e1ez"},"logo":{"@id":"https:\/\/secure.gravatar.com\/avatar\/a49ef3186a692098ac3e8a1612261e3ad70cf9e44553dff2929e67939a0ecb9d?s=96&d=identicon&r=g"},"description":"Periodista \/ Locutor","sameAs":["https:\/\/www.facebook.com\/Genofnotes","https:\/\/www.instagram.com\/genofnotes\/"]}]}},"jetpack_publicize_connections":[],"jetpack_featured_media_url":"https:\/\/i0.wp.com\/minutocerord.com\/wp-content\/uploads\/2022\/09\/bebe-fallecio.jpg?fit=961%2C717&ssl=1","jetpack-related-posts":[],"jetpack_sharing_enabled":true,"_links":{"self":[{"href":"https:\/\/minutocerord.com\/index.php?rest_route=\/wp\/v2\/posts\/10676","targetHints":{"allow":["GET"]}}],"collection":[{"href":"https:\/\/minutocerord.com\/index.php?rest_route=\/wp\/v2\/posts"}],"about":[{"href":"https:\/\/minutocerord.com\/index.php?rest_route=\/wp\/v2\/types\/post"}],"author":[{"embeddable":true,"href":"https:\/\/minutocerord.com\/index.php?rest_route=\/wp\/v2\/users\/1"}],"replies":[{"embeddable":true,"href":"https:\/\/minutocerord.com\/index.php?rest_route=%2Fwp%2Fv2%2Fcomments&post=10676"}],"version-history":[{"count":1,"href":"https:\/\/minutocerord.com\/index.php?rest_route=\/wp\/v2\/posts\/10676\/revisions"}],"predecessor-version":[{"id":10678,"href":"https:\/\/minutocerord.com\/index.php?rest_route=\/wp\/v2\/posts\/10676\/revisions\/10678"}],"wp:featuredmedia":[{"embeddable":true,"href":"https:\/\/minutocerord.com\/index.php?rest_route=\/wp\/v2\/media\/10677"}],"wp:attachment":[{"href":"https:\/\/minutocerord.com\/index.php?rest_route=%2Fwp%2Fv2%2Fmedia&parent=10676"}],"wp:term":[{"taxonomy":"category","embeddable":true,"href":"https:\/\/minutocerord.com\/index.php?rest_route=%2Fwp%2Fv2%2Fcategories&post=10676"},{"taxonomy":"post_tag","embeddable":true,"href":"https:\/\/minutocerord.com\/index.php?rest_route=%2Fwp%2Fv2%2Ftags&post=10676"}],"curies":[{"name":"wp","href":"https:\/\/api.w.org\/{rel}","templated":true}]}}