{"id":10688,"date":"2022-09-15T12:37:13","date_gmt":"2022-09-15T16:37:13","guid":{"rendered":"https:\/\/minutocerord.com\/?p=10688"},"modified":"2022-09-15T12:37:15","modified_gmt":"2022-09-15T16:37:15","slug":"sp-notifica-305-nuevos-contagios-de-covid-19-y-ninguna-defuncion","status":"publish","type":"post","link":"https:\/\/minutocerord.com\/?p=10688","title":{"rendered":"SP notifica 305 nuevos contagios de covid-19 y ninguna defunci\u00f3n"},"content":{"rendered":"\n<p><strong>SANTO DOMINGO.-<\/strong> El Ministerio de Salud P\u00fablica notific\u00f3 este jueves 305 nuevos contagios de covid, 14 menos que los 319 registrados la v\u00edspera, y ninguna defunci\u00f3n por esa causa.<\/p>\n\n\n\n<p><strong>2,597 PRUEBAS<\/strong><\/p>\n\n\n\n<p>Indic\u00f3 que entre las 9:00 de la ma\u00f1ana del martes e igual hora del mi\u00e9rcoles fueron procesadas 2,597 pruebas que detectaron 109 contagios en el Distrito Nacional, 59 en la provincia Santo Domingo, 49 en Santiago, 14 en Espaillat, 9 en La Vega, 9 en Puerto Plata, 7 en La Altagracia, 6 La Romana, 5 en Peravia, 5 en San Pedro de Macor\u00eds, 4 en Saman\u00e1, 4 en San Juan, 3 en San Crist\u00f3bal, 3 en S\u00e1nchez Ram\u00edrez, 3 en Valverde, 2 en la provincia Duarte, 2 en Mar\u00eda Trinidad S\u00e1nchez, 2 en Hermanas Mirabal, 2 en Santiago Rodr\u00edguez y 2 en Monse\u00f1or Nouel.<\/p>\n\n\n\n<p><strong>4,384 MUERTOS<\/strong><\/p>\n\n\n\n<p>El total de muertos por covid-19 en el pa\u00eds es de 4,384, el 24.61% de los cuales era hipertenso y el 15.90% diab\u00e9tico.<\/p>\n\n\n\n<p>Entre los infectados hay 3,088 trabajadores de la salud, 3,698 embarazadas y 81,614 menores de 20 a\u00f1os.<\/p>\n\n\n\n<p><strong>OCUPACION HOSPITALARIA<\/strong><\/p>\n\n\n\n<p>En Rep\u00fablica Dominicana hay disponibilidad de 2,373 camas para pacientes de covid, 28 de las cuales (1.2%) est\u00e1n ocupadas.<\/p>\n\n\n\n<p>Hay 585 camas en unidades de cuidados intensivos, 7 ocupadas (1.2%). De 468 ventiladores disponibles en la red hospitalaria, 0 ocupado (0.0%).<\/p>\n\n\n\n<p><strong>CIFRAS CONTAGIOS Y MUERTES<\/strong><\/p>\n\n\n\n<p>3 de septiembre \u2013 261 contagios, 0 defunci\u00f3n<\/p>\n\n\n\n<p>4 de septiembre \u2013 326 contagios, 0 defunci\u00f3n<\/p>\n\n\n\n<p>5 de septiembre \u2013 234 contagios, 0 defunci\u00f3n<\/p>\n\n\n\n<p>6 de septiembre \u2013 266 contagios, 0 defunci\u00f3n<\/p>\n\n\n\n<p>7 de septiembre \u2013 356 contagios, 0 defunci\u00f3n<\/p>\n\n\n\n<p>8 de septiembre \u2013 228 contagios, 0 defunci\u00f3n<\/p>\n\n\n\n<p>9 de septiembre \u2013 302 contagios, 0 defunci\u00f3n<\/p>\n\n\n\n<p>10 de septiembre \u2013 286 contagios, 0 defunci\u00f3n<\/p>\n\n\n\n<p>11 de septiembre \u2013 205 contagios, 0 defunci\u00f3n<\/p>\n\n\n\n<p>12 de septiembre \u2013 242 contagios, 0 defunci\u00f3n<\/p>\n\n\n\n<p>13 de septiembre \u2013 409 contagios, 0 defunci\u00f3n<\/p>\n\n\n\n<p>14 de septiembre \u2013 319 contagios, 0 defunci\u00f3n<\/p>\n\n\n\n<p>15 de septiembre \u2013 305 contagios, 0 defunci\u00f3n<\/p>\n","protected":false},"excerpt":{"rendered":"<p>SANTO DOMINGO.- El Ministerio de Salud P\u00fablica notific\u00f3 este jueves 305 nuevos contagios de covid, 14 menos que los 319 registrados la v\u00edspera, y ninguna defunci\u00f3n por esa causa. 2,597 PRUEBAS Indic\u00f3 que entre las 9:00 de la ma\u00f1ana del martes e igual hora del mi\u00e9rcoles fueron procesadas 2,597 pruebas que detectaron 109 contagios en [&hellip;]<\/p>\n","protected":false},"author":1,"featured_media":10689,"comment_status":"open","ping_status":"open","sticky":false,"template":"","format":"standard","meta":{"nf_dc_page":"","jetpack_post_was_ever_published":false,"_jetpack_newsletter_access":"","_jetpack_dont_email_post_to_subs":false,"_jetpack_newsletter_tier_id":0,"_jetpack_memberships_contains_paywalled_content":false,"_jetpack_memberships_contains_paid_content":false,"footnotes":"","jetpack_publicize_message":"","jetpack_publicize_feature_enabled":true,"jetpack_social_post_already_shared":false,"jetpack_social_options":{"image_generator_settings":{"template":"highway","default_image_id":0,"font":"","enabled":false},"version":2}},"categories":[67],"tags":[],"class_list":["post-10688","post","type-post","status-publish","format-standard","has-post-thumbnail","hentry","category-salud"],"yoast_head":"<!-- This site is optimized with the Yoast SEO plugin v27.4 - https:\/\/yoast.com\/product\/yoast-seo-wordpress\/ -->\n<title>SP notifica 305 nuevos contagios de covid-19 y ninguna defunci\u00f3n - Minuto Cero RD<\/title>\n<meta name=\"robots\" content=\"index, follow, max-snippet:-1, max-image-preview:large, max-video-preview:-1\" \/>\n<link rel=\"canonical\" href=\"http:\/\/minutocerord.com\/?p=10688\" \/>\n<meta property=\"og:locale\" content=\"es_ES\" \/>\n<meta property=\"og:type\" content=\"article\" \/>\n<meta property=\"og:title\" content=\"SP notifica 305 nuevos contagios de covid-19 y ninguna defunci\u00f3n - Minuto Cero RD\" \/>\n<meta property=\"og:description\" content=\"SANTO DOMINGO.- El Ministerio de Salud P\u00fablica notific\u00f3 este jueves 305 nuevos contagios de covid, 14 menos que los 319 registrados la v\u00edspera, y ninguna defunci\u00f3n por esa causa. 2,597 PRUEBAS Indic\u00f3 que entre las 9:00 de la ma\u00f1ana del martes e igual hora del mi\u00e9rcoles fueron procesadas 2,597 pruebas que detectaron 109 contagios en [&hellip;]\" \/>\n<meta property=\"og:url\" content=\"http:\/\/minutocerord.com\/?p=10688\" \/>\n<meta property=\"og:site_name\" content=\"Minuto Cero RD\" \/>\n<meta property=\"article:publisher\" content=\"https:\/\/www.facebook.com\/Genofnotes\" \/>\n<meta property=\"article:author\" content=\"https:\/\/www.facebook.com\/Genofnotes\" \/>\n<meta property=\"article:published_time\" content=\"2022-09-15T16:37:13+00:00\" \/>\n<meta property=\"article:modified_time\" content=\"2022-09-15T16:37:15+00:00\" \/>\n<meta property=\"og:image\" content=\"https:\/\/i0.wp.com\/minutocerord.com\/wp-content\/uploads\/2022\/09\/pcr-29ccbe29-focus-0-0-895-573.jpg?fit=895%2C497\" \/>\n\t<meta property=\"og:image:width\" content=\"895\" \/>\n\t<meta property=\"og:image:height\" content=\"497\" \/>\n\t<meta property=\"og:image:type\" content=\"image\/jpeg\" \/>\n<meta name=\"author\" content=\"Genof\u00f3ntes Urb\u00e1ez\" \/>\n<meta name=\"twitter:card\" content=\"summary_large_image\" \/>\n<meta name=\"twitter:label1\" content=\"Written by\" \/>\n\t<meta name=\"twitter:data1\" content=\"Genof\u00f3ntes Urb\u00e1ez\" \/>\n\t<meta name=\"twitter:label2\" content=\"Est. reading time\" \/>\n\t<meta name=\"twitter:data2\" content=\"2 minutos\" \/>\n<script type=\"application\/ld+json\" class=\"yoast-schema-graph\">{\"@context\":\"https:\\\/\\\/schema.org\",\"@graph\":[{\"@type\":\"Article\",\"@id\":\"http:\\\/\\\/minutocerord.com\\\/?p=10688#article\",\"isPartOf\":{\"@id\":\"http:\\\/\\\/minutocerord.com\\\/?p=10688\"},\"author\":{\"name\":\"Genof\u00f3ntes Urb\u00e1ez\",\"@id\":\"https:\\\/\\\/minutocerord.com\\\/#\\\/schema\\\/person\\\/60b5372d60aaa0a5171fb6488be9aee6\"},\"headline\":\"SP notifica 305 nuevos contagios de covid-19 y ninguna defunci\u00f3n\",\"datePublished\":\"2022-09-15T16:37:13+00:00\",\"dateModified\":\"2022-09-15T16:37:15+00:00\",\"mainEntityOfPage\":{\"@id\":\"http:\\\/\\\/minutocerord.com\\\/?p=10688\"},\"wordCount\":275,\"commentCount\":0,\"publisher\":{\"@id\":\"https:\\\/\\\/minutocerord.com\\\/#\\\/schema\\\/person\\\/60b5372d60aaa0a5171fb6488be9aee6\"},\"image\":{\"@id\":\"http:\\\/\\\/minutocerord.com\\\/?p=10688#primaryimage\"},\"thumbnailUrl\":\"https:\\\/\\\/i0.wp.com\\\/minutocerord.com\\\/wp-content\\\/uploads\\\/2022\\\/09\\\/pcr-29ccbe29-focus-0-0-895-573.jpg?fit=895%2C497&ssl=1\",\"articleSection\":[\"Salud\"],\"inLanguage\":\"es-DO\",\"potentialAction\":[{\"@type\":\"CommentAction\",\"name\":\"Comment\",\"target\":[\"http:\\\/\\\/minutocerord.com\\\/?p=10688#respond\"]}]},{\"@type\":\"WebPage\",\"@id\":\"http:\\\/\\\/minutocerord.com\\\/?p=10688\",\"url\":\"http:\\\/\\\/minutocerord.com\\\/?p=10688\",\"name\":\"SP notifica 305 nuevos contagios de covid-19 y ninguna defunci\u00f3n - Minuto Cero RD\",\"isPartOf\":{\"@id\":\"https:\\\/\\\/minutocerord.com\\\/#website\"},\"primaryImageOfPage\":{\"@id\":\"http:\\\/\\\/minutocerord.com\\\/?p=10688#primaryimage\"},\"image\":{\"@id\":\"http:\\\/\\\/minutocerord.com\\\/?p=10688#primaryimage\"},\"thumbnailUrl\":\"https:\\\/\\\/i0.wp.com\\\/minutocerord.com\\\/wp-content\\\/uploads\\\/2022\\\/09\\\/pcr-29ccbe29-focus-0-0-895-573.jpg?fit=895%2C497&ssl=1\",\"datePublished\":\"2022-09-15T16:37:13+00:00\",\"dateModified\":\"2022-09-15T16:37:15+00:00\",\"breadcrumb\":{\"@id\":\"http:\\\/\\\/minutocerord.com\\\/?p=10688#breadcrumb\"},\"inLanguage\":\"es-DO\",\"potentialAction\":[{\"@type\":\"ReadAction\",\"target\":[\"http:\\\/\\\/minutocerord.com\\\/?p=10688\"]}]},{\"@type\":\"ImageObject\",\"inLanguage\":\"es-DO\",\"@id\":\"http:\\\/\\\/minutocerord.com\\\/?p=10688#primaryimage\",\"url\":\"https:\\\/\\\/i0.wp.com\\\/minutocerord.com\\\/wp-content\\\/uploads\\\/2022\\\/09\\\/pcr-29ccbe29-focus-0-0-895-573.jpg?fit=895%2C497&ssl=1\",\"contentUrl\":\"https:\\\/\\\/i0.wp.com\\\/minutocerord.com\\\/wp-content\\\/uploads\\\/2022\\\/09\\\/pcr-29ccbe29-focus-0-0-895-573.jpg?fit=895%2C497&ssl=1\",\"width\":895,\"height\":497},{\"@type\":\"BreadcrumbList\",\"@id\":\"http:\\\/\\\/minutocerord.com\\\/?p=10688#breadcrumb\",\"itemListElement\":[{\"@type\":\"ListItem\",\"position\":1,\"name\":\"Home\",\"item\":\"https:\\\/\\\/minutocerord.com\\\/\"},{\"@type\":\"ListItem\",\"position\":2,\"name\":\"SP notifica 305 nuevos contagios de covid-19 y ninguna defunci\u00f3n\"}]},{\"@type\":\"WebSite\",\"@id\":\"https:\\\/\\\/minutocerord.com\\\/#website\",\"url\":\"https:\\\/\\\/minutocerord.com\\\/\",\"name\":\"Minuto Cero RD\",\"description\":\"Periodismo serio y veraz\",\"publisher\":{\"@id\":\"https:\\\/\\\/minutocerord.com\\\/#\\\/schema\\\/person\\\/60b5372d60aaa0a5171fb6488be9aee6\"},\"potentialAction\":[{\"@type\":\"SearchAction\",\"target\":{\"@type\":\"EntryPoint\",\"urlTemplate\":\"https:\\\/\\\/minutocerord.com\\\/?s={search_term_string}\"},\"query-input\":{\"@type\":\"PropertyValueSpecification\",\"valueRequired\":true,\"valueName\":\"search_term_string\"}}],\"inLanguage\":\"es-DO\"},{\"@type\":[\"Person\",\"Organization\"],\"@id\":\"https:\\\/\\\/minutocerord.com\\\/#\\\/schema\\\/person\\\/60b5372d60aaa0a5171fb6488be9aee6\",\"name\":\"Genof\u00f3ntes Urb\u00e1ez\",\"image\":{\"@type\":\"ImageObject\",\"inLanguage\":\"es-DO\",\"@id\":\"https:\\\/\\\/secure.gravatar.com\\\/avatar\\\/a49ef3186a692098ac3e8a1612261e3ad70cf9e44553dff2929e67939a0ecb9d?s=96&d=identicon&r=g\",\"url\":\"https:\\\/\\\/secure.gravatar.com\\\/avatar\\\/a49ef3186a692098ac3e8a1612261e3ad70cf9e44553dff2929e67939a0ecb9d?s=96&d=identicon&r=g\",\"contentUrl\":\"https:\\\/\\\/secure.gravatar.com\\\/avatar\\\/a49ef3186a692098ac3e8a1612261e3ad70cf9e44553dff2929e67939a0ecb9d?s=96&d=identicon&r=g\",\"caption\":\"Genof\u00f3ntes Urb\u00e1ez\"},\"logo\":{\"@id\":\"https:\\\/\\\/secure.gravatar.com\\\/avatar\\\/a49ef3186a692098ac3e8a1612261e3ad70cf9e44553dff2929e67939a0ecb9d?s=96&d=identicon&r=g\"},\"description\":\"Periodista \\\/ Locutor\",\"sameAs\":[\"https:\\\/\\\/www.facebook.com\\\/Genofnotes\",\"https:\\\/\\\/www.instagram.com\\\/genofnotes\\\/\"]}]}<\/script>\n<!-- \/ Yoast SEO plugin. -->","yoast_head_json":{"title":"SP notifica 305 nuevos contagios de covid-19 y ninguna defunci\u00f3n - Minuto Cero RD","robots":{"index":"index","follow":"follow","max-snippet":"max-snippet:-1","max-image-preview":"max-image-preview:large","max-video-preview":"max-video-preview:-1"},"canonical":"http:\/\/minutocerord.com\/?p=10688","og_locale":"es_ES","og_type":"article","og_title":"SP notifica 305 nuevos contagios de covid-19 y ninguna defunci\u00f3n - Minuto Cero RD","og_description":"SANTO DOMINGO.- El Ministerio de Salud P\u00fablica notific\u00f3 este jueves 305 nuevos contagios de covid, 14 menos que los 319 registrados la v\u00edspera, y ninguna defunci\u00f3n por esa causa. 2,597 PRUEBAS Indic\u00f3 que entre las 9:00 de la ma\u00f1ana del martes e igual hora del mi\u00e9rcoles fueron procesadas 2,597 pruebas que detectaron 109 contagios en [&hellip;]","og_url":"http:\/\/minutocerord.com\/?p=10688","og_site_name":"Minuto Cero RD","article_publisher":"https:\/\/www.facebook.com\/Genofnotes","article_author":"https:\/\/www.facebook.com\/Genofnotes","article_published_time":"2022-09-15T16:37:13+00:00","article_modified_time":"2022-09-15T16:37:15+00:00","og_image":[{"width":895,"height":497,"url":"https:\/\/i0.wp.com\/minutocerord.com\/wp-content\/uploads\/2022\/09\/pcr-29ccbe29-focus-0-0-895-573.jpg?fit=895%2C497","type":"image\/jpeg"}],"author":"Genof\u00f3ntes Urb\u00e1ez","twitter_card":"summary_large_image","twitter_misc":{"Written by":"Genof\u00f3ntes Urb\u00e1ez","Est. reading time":"2 minutos"},"schema":{"@context":"https:\/\/schema.org","@graph":[{"@type":"Article","@id":"http:\/\/minutocerord.com\/?p=10688#article","isPartOf":{"@id":"http:\/\/minutocerord.com\/?p=10688"},"author":{"name":"Genof\u00f3ntes Urb\u00e1ez","@id":"https:\/\/minutocerord.com\/#\/schema\/person\/60b5372d60aaa0a5171fb6488be9aee6"},"headline":"SP notifica 305 nuevos contagios de covid-19 y ninguna defunci\u00f3n","datePublished":"2022-09-15T16:37:13+00:00","dateModified":"2022-09-15T16:37:15+00:00","mainEntityOfPage":{"@id":"http:\/\/minutocerord.com\/?p=10688"},"wordCount":275,"commentCount":0,"publisher":{"@id":"https:\/\/minutocerord.com\/#\/schema\/person\/60b5372d60aaa0a5171fb6488be9aee6"},"image":{"@id":"http:\/\/minutocerord.com\/?p=10688#primaryimage"},"thumbnailUrl":"https:\/\/i0.wp.com\/minutocerord.com\/wp-content\/uploads\/2022\/09\/pcr-29ccbe29-focus-0-0-895-573.jpg?fit=895%2C497&ssl=1","articleSection":["Salud"],"inLanguage":"es-DO","potentialAction":[{"@type":"CommentAction","name":"Comment","target":["http:\/\/minutocerord.com\/?p=10688#respond"]}]},{"@type":"WebPage","@id":"http:\/\/minutocerord.com\/?p=10688","url":"http:\/\/minutocerord.com\/?p=10688","name":"SP notifica 305 nuevos contagios de covid-19 y ninguna defunci\u00f3n - Minuto Cero RD","isPartOf":{"@id":"https:\/\/minutocerord.com\/#website"},"primaryImageOfPage":{"@id":"http:\/\/minutocerord.com\/?p=10688#primaryimage"},"image":{"@id":"http:\/\/minutocerord.com\/?p=10688#primaryimage"},"thumbnailUrl":"https:\/\/i0.wp.com\/minutocerord.com\/wp-content\/uploads\/2022\/09\/pcr-29ccbe29-focus-0-0-895-573.jpg?fit=895%2C497&ssl=1","datePublished":"2022-09-15T16:37:13+00:00","dateModified":"2022-09-15T16:37:15+00:00","breadcrumb":{"@id":"http:\/\/minutocerord.com\/?p=10688#breadcrumb"},"inLanguage":"es-DO","potentialAction":[{"@type":"ReadAction","target":["http:\/\/minutocerord.com\/?p=10688"]}]},{"@type":"ImageObject","inLanguage":"es-DO","@id":"http:\/\/minutocerord.com\/?p=10688#primaryimage","url":"https:\/\/i0.wp.com\/minutocerord.com\/wp-content\/uploads\/2022\/09\/pcr-29ccbe29-focus-0-0-895-573.jpg?fit=895%2C497&ssl=1","contentUrl":"https:\/\/i0.wp.com\/minutocerord.com\/wp-content\/uploads\/2022\/09\/pcr-29ccbe29-focus-0-0-895-573.jpg?fit=895%2C497&ssl=1","width":895,"height":497},{"@type":"BreadcrumbList","@id":"http:\/\/minutocerord.com\/?p=10688#breadcrumb","itemListElement":[{"@type":"ListItem","position":1,"name":"Home","item":"https:\/\/minutocerord.com\/"},{"@type":"ListItem","position":2,"name":"SP notifica 305 nuevos contagios de covid-19 y ninguna defunci\u00f3n"}]},{"@type":"WebSite","@id":"https:\/\/minutocerord.com\/#website","url":"https:\/\/minutocerord.com\/","name":"Minuto Cero RD","description":"Periodismo serio y veraz","publisher":{"@id":"https:\/\/minutocerord.com\/#\/schema\/person\/60b5372d60aaa0a5171fb6488be9aee6"},"potentialAction":[{"@type":"SearchAction","target":{"@type":"EntryPoint","urlTemplate":"https:\/\/minutocerord.com\/?s={search_term_string}"},"query-input":{"@type":"PropertyValueSpecification","valueRequired":true,"valueName":"search_term_string"}}],"inLanguage":"es-DO"},{"@type":["Person","Organization"],"@id":"https:\/\/minutocerord.com\/#\/schema\/person\/60b5372d60aaa0a5171fb6488be9aee6","name":"Genof\u00f3ntes Urb\u00e1ez","image":{"@type":"ImageObject","inLanguage":"es-DO","@id":"https:\/\/secure.gravatar.com\/avatar\/a49ef3186a692098ac3e8a1612261e3ad70cf9e44553dff2929e67939a0ecb9d?s=96&d=identicon&r=g","url":"https:\/\/secure.gravatar.com\/avatar\/a49ef3186a692098ac3e8a1612261e3ad70cf9e44553dff2929e67939a0ecb9d?s=96&d=identicon&r=g","contentUrl":"https:\/\/secure.gravatar.com\/avatar\/a49ef3186a692098ac3e8a1612261e3ad70cf9e44553dff2929e67939a0ecb9d?s=96&d=identicon&r=g","caption":"Genof\u00f3ntes Urb\u00e1ez"},"logo":{"@id":"https:\/\/secure.gravatar.com\/avatar\/a49ef3186a692098ac3e8a1612261e3ad70cf9e44553dff2929e67939a0ecb9d?s=96&d=identicon&r=g"},"description":"Periodista \/ Locutor","sameAs":["https:\/\/www.facebook.com\/Genofnotes","https:\/\/www.instagram.com\/genofnotes\/"]}]}},"jetpack_publicize_connections":[],"jetpack_featured_media_url":"https:\/\/i0.wp.com\/minutocerord.com\/wp-content\/uploads\/2022\/09\/pcr-29ccbe29-focus-0-0-895-573.jpg?fit=895%2C497&ssl=1","jetpack-related-posts":[],"jetpack_sharing_enabled":true,"_links":{"self":[{"href":"https:\/\/minutocerord.com\/index.php?rest_route=\/wp\/v2\/posts\/10688","targetHints":{"allow":["GET"]}}],"collection":[{"href":"https:\/\/minutocerord.com\/index.php?rest_route=\/wp\/v2\/posts"}],"about":[{"href":"https:\/\/minutocerord.com\/index.php?rest_route=\/wp\/v2\/types\/post"}],"author":[{"embeddable":true,"href":"https:\/\/minutocerord.com\/index.php?rest_route=\/wp\/v2\/users\/1"}],"replies":[{"embeddable":true,"href":"https:\/\/minutocerord.com\/index.php?rest_route=%2Fwp%2Fv2%2Fcomments&post=10688"}],"version-history":[{"count":1,"href":"https:\/\/minutocerord.com\/index.php?rest_route=\/wp\/v2\/posts\/10688\/revisions"}],"predecessor-version":[{"id":10690,"href":"https:\/\/minutocerord.com\/index.php?rest_route=\/wp\/v2\/posts\/10688\/revisions\/10690"}],"wp:featuredmedia":[{"embeddable":true,"href":"https:\/\/minutocerord.com\/index.php?rest_route=\/wp\/v2\/media\/10689"}],"wp:attachment":[{"href":"https:\/\/minutocerord.com\/index.php?rest_route=%2Fwp%2Fv2%2Fmedia&parent=10688"}],"wp:term":[{"taxonomy":"category","embeddable":true,"href":"https:\/\/minutocerord.com\/index.php?rest_route=%2Fwp%2Fv2%2Fcategories&post=10688"},{"taxonomy":"post_tag","embeddable":true,"href":"https:\/\/minutocerord.com\/index.php?rest_route=%2Fwp%2Fv2%2Ftags&post=10688"}],"curies":[{"name":"wp","href":"https:\/\/api.w.org\/{rel}","templated":true}]}}