{"id":10694,"date":"2022-09-15T12:43:43","date_gmt":"2022-09-15T16:43:43","guid":{"rendered":"https:\/\/minutocerord.com\/?p=10694"},"modified":"2022-09-15T12:43:46","modified_gmt":"2022-09-15T16:43:46","slug":"haiti-sube-precios-combustibles-esto-provoca-nuevas-protestas","status":"publish","type":"post","link":"https:\/\/minutocerord.com\/?p=10694","title":{"rendered":"Hait\u00ed sube precios combustibles, esto provoca nuevas protestas"},"content":{"rendered":"\n<p><strong>PUERTO PR\u00cdNCIPE .\u2014\u00a0<\/strong>Hait\u00ed anunci\u00f3 este mi\u00e9rcoles importantes incrementos en los precios de los combustibles.<\/p>\n\n\n\n<p>El Gobierno dispuso la medida a pesar de que esta podr\u00eda afectar a\u00fan m\u00e1s la fr\u00e1gil econom\u00eda, hacer que m\u00e1s personas huyan del pa\u00eds y desatar el tipo de protestas que con frecuencia paralizan la capital.<\/p>\n\n\n\n<p>El precio fijado por el gobierno para el gal\u00f3n (3,79 litros) de gasolina se incrementar\u00e1 de 250 gourdes (2 d\u00f3lares) a 570 gourdes (4,78 d\u00f3lares); el de diesel subir\u00e1 de 353 gourdes (3 d\u00f3lares) a 670 gourdes (5,60 d\u00f3lares) y el de queroseno de 352 gourdes (3 d\u00f3lares) a 665 gourdes (5,57 d\u00f3lares).<\/p>\n\n\n\n<p>El gobierno inform\u00f3 que los precios subir\u00e1n porque ya no puede sostener el fuerte subsidio a los combustibles como antes.<\/p>\n\n\n\n<p>Hait\u00ed sol\u00eda recibir todo su petr\u00f3leo del programa Petrocaribe del gobierno de Venezuela, pero este termin\u00f3 hace varios a\u00f1os. Desde entonces, el gobierno autoriz\u00f3 a distribuidores locales importar combustible y ha subsidiado dichas compras.<\/p>\n\n\n\n<p><strong>HAY BLOQUEOS DE CALLES&nbsp;<\/strong><\/p>\n\n\n\n<p>El mi\u00e9rcoles, personas que protestaban contra los incrementos bloquearon calles de Puerto Pr\u00edncipe con rocas, neum\u00e1ticos incendiados, rejas de metal e incluso el bastidor de una cama, dejando la capital sin tr\u00e1fico.<\/p>\n\n\n\n<p>Escuelas y negocios, incluyendo bancos, tambi\u00e9n cerraron mientras varias columnas de humo se elevaban por toda la ciudad. Marc Andr\u00e9, un conductor de un mototaxi de 28 a\u00f1os, dijo que planea vender su motocicleta y cruzar la frontera hacia la vecina Rep\u00fablica Dominicana para buscar un trabajo en construcci\u00f3n.<\/p>\n\n\n\n<p>\u201cCasi nadie podr\u00e1 pagar el precio que tengo que cobrar, es mejor que me vaya del pa\u00eds\u201d, dijo.<\/p>\n\n\n\n<p><strong>MAS BAJOS QUE EN OTROS PA\u00cdSES&nbsp;<\/strong><\/p>\n\n\n\n<p>El gobierno no mencion\u00f3 cu\u00e1ndo entrar\u00e1n en vigor los ajustes de precios, pero tuite\u00f3 que \u201cson significativamente m\u00e1s bajos que en el mercado internacional\u201d.<\/p>\n\n\n\n<p>El primer ministro Ariel Henry dijo el lunes en un discurso nacional que los precios de los combustibles aumentar\u00edan, aunque su gobierno no revel\u00f3 los detalles sino hasta el mi\u00e9rcoles.<\/p>\n\n\n\n<p>El martes, un par de miles de haitianos protestaron por el anuncio de que subir\u00edan los precios, y tambi\u00e9n pidieron m\u00e1s acciones contra la violencia y una reducci\u00f3n en el costo de los productos b\u00e1sicos ante una inflaci\u00f3n de 30%.<\/p>\n\n\n\n<p><strong>GOBIERNO JUSTIFICA ALZA&nbsp;<\/strong><\/p>\n\n\n\n<p>El Gobierno de Hait\u00ed justific\u00f3 la decisi\u00f3n de aumentar los precios de los combustibles, al indicar que los ingresos de las aduanas son insuficientes para mantener el subsidio de los hidrocarburos.<\/p>\n\n\n\n<p>El Ministerio de Comunicaci\u00f3n explic\u00f3 en un comunicado que mensualmente se destinan nueve mil millones de gourdes (unos 77,90 millones de d\u00f3lares) para costear la subvenci\u00f3n, lo cual supone el doble de la factura salarial del Estado.<\/p>\n\n\n\n<p>Los ingresos totales registrados en las aduanas no son suficientes para pagar la subvenci\u00f3n de los productos petrol\u00edferos, y los precios son significativamente m\u00e1s bajos en Hait\u00ed que en el mercado internacional, asegur\u00f3 la cartera<\/p>\n\n\n\n<p>Asimismo, indic\u00f3 que actualmente se adoptan medidas para garantizar el suministro de las estaciones de servicio en el pa\u00eds, y garantizar la disponibilidad del producto.<\/p>\n","protected":false},"excerpt":{"rendered":"<p>PUERTO PR\u00cdNCIPE .\u2014\u00a0Hait\u00ed anunci\u00f3 este mi\u00e9rcoles importantes incrementos en los precios de los combustibles. El Gobierno dispuso la medida a pesar de que esta podr\u00eda afectar a\u00fan m\u00e1s la fr\u00e1gil econom\u00eda, hacer que m\u00e1s personas huyan del pa\u00eds y desatar el tipo de protestas que con frecuencia paralizan la capital. El precio fijado por el [&hellip;]<\/p>\n","protected":false},"author":1,"featured_media":10695,"comment_status":"open","ping_status":"open","sticky":false,"template":"","format":"standard","meta":{"nf_dc_page":"","jetpack_post_was_ever_published":false,"_jetpack_newsletter_access":"","_jetpack_dont_email_post_to_subs":false,"_jetpack_newsletter_tier_id":0,"_jetpack_memberships_contains_paywalled_content":false,"_jetpack_memberships_contains_paid_content":false,"footnotes":"","jetpack_publicize_message":"","jetpack_publicize_feature_enabled":true,"jetpack_social_post_already_shared":false,"jetpack_social_options":{"image_generator_settings":{"template":"highway","default_image_id":0,"font":"","enabled":false},"version":2}},"categories":[75],"tags":[],"class_list":["post-10694","post","type-post","status-publish","format-standard","has-post-thumbnail","hentry","category-haiti"],"yoast_head":"<!-- This site is optimized with the Yoast SEO plugin v27.4 - https:\/\/yoast.com\/product\/yoast-seo-wordpress\/ -->\n<title>Hait\u00ed sube precios combustibles, esto provoca nuevas protestas - Minuto Cero RD<\/title>\n<meta name=\"robots\" content=\"index, follow, max-snippet:-1, max-image-preview:large, max-video-preview:-1\" \/>\n<link rel=\"canonical\" href=\"http:\/\/minutocerord.com\/?p=10694\" \/>\n<meta property=\"og:locale\" content=\"es_ES\" \/>\n<meta property=\"og:type\" content=\"article\" \/>\n<meta property=\"og:title\" content=\"Hait\u00ed sube precios combustibles, esto provoca nuevas protestas - Minuto Cero RD\" \/>\n<meta property=\"og:description\" content=\"PUERTO PR\u00cdNCIPE .\u2014\u00a0Hait\u00ed anunci\u00f3 este mi\u00e9rcoles importantes incrementos en los precios de los combustibles. El Gobierno dispuso la medida a pesar de que esta podr\u00eda afectar a\u00fan m\u00e1s la fr\u00e1gil econom\u00eda, hacer que m\u00e1s personas huyan del pa\u00eds y desatar el tipo de protestas que con frecuencia paralizan la capital. El precio fijado por el [&hellip;]\" \/>\n<meta property=\"og:url\" content=\"http:\/\/minutocerord.com\/?p=10694\" \/>\n<meta property=\"og:site_name\" content=\"Minuto Cero RD\" \/>\n<meta property=\"article:publisher\" content=\"https:\/\/www.facebook.com\/Genofnotes\" \/>\n<meta property=\"article:author\" content=\"https:\/\/www.facebook.com\/Genofnotes\" \/>\n<meta property=\"article:published_time\" content=\"2022-09-15T16:43:43+00:00\" \/>\n<meta property=\"article:modified_time\" content=\"2022-09-15T16:43:46+00:00\" \/>\n<meta property=\"og:image\" content=\"https:\/\/i0.wp.com\/minutocerord.com\/wp-content\/uploads\/2022\/09\/hait.jpg?fit=852%2C480\" \/>\n\t<meta property=\"og:image:width\" content=\"852\" \/>\n\t<meta property=\"og:image:height\" content=\"480\" \/>\n\t<meta property=\"og:image:type\" content=\"image\/jpeg\" \/>\n<meta name=\"author\" content=\"Genof\u00f3ntes Urb\u00e1ez\" \/>\n<meta name=\"twitter:card\" content=\"summary_large_image\" \/>\n<meta name=\"twitter:label1\" content=\"Written by\" \/>\n\t<meta name=\"twitter:data1\" content=\"Genof\u00f3ntes Urb\u00e1ez\" \/>\n\t<meta name=\"twitter:label2\" content=\"Est. reading time\" \/>\n\t<meta name=\"twitter:data2\" content=\"3 minutos\" \/>\n<script type=\"application\/ld+json\" class=\"yoast-schema-graph\">{\"@context\":\"https:\\\/\\\/schema.org\",\"@graph\":[{\"@type\":\"Article\",\"@id\":\"http:\\\/\\\/minutocerord.com\\\/?p=10694#article\",\"isPartOf\":{\"@id\":\"http:\\\/\\\/minutocerord.com\\\/?p=10694\"},\"author\":{\"name\":\"Genof\u00f3ntes Urb\u00e1ez\",\"@id\":\"https:\\\/\\\/minutocerord.com\\\/#\\\/schema\\\/person\\\/60b5372d60aaa0a5171fb6488be9aee6\"},\"headline\":\"Hait\u00ed sube precios combustibles, esto provoca nuevas protestas\",\"datePublished\":\"2022-09-15T16:43:43+00:00\",\"dateModified\":\"2022-09-15T16:43:46+00:00\",\"mainEntityOfPage\":{\"@id\":\"http:\\\/\\\/minutocerord.com\\\/?p=10694\"},\"wordCount\":535,\"commentCount\":0,\"publisher\":{\"@id\":\"https:\\\/\\\/minutocerord.com\\\/#\\\/schema\\\/person\\\/60b5372d60aaa0a5171fb6488be9aee6\"},\"image\":{\"@id\":\"http:\\\/\\\/minutocerord.com\\\/?p=10694#primaryimage\"},\"thumbnailUrl\":\"https:\\\/\\\/i0.wp.com\\\/minutocerord.com\\\/wp-content\\\/uploads\\\/2022\\\/09\\\/hait.jpg?fit=852%2C480&ssl=1\",\"articleSection\":[\"Hait\u00ed\"],\"inLanguage\":\"es-DO\",\"potentialAction\":[{\"@type\":\"CommentAction\",\"name\":\"Comment\",\"target\":[\"http:\\\/\\\/minutocerord.com\\\/?p=10694#respond\"]}]},{\"@type\":\"WebPage\",\"@id\":\"http:\\\/\\\/minutocerord.com\\\/?p=10694\",\"url\":\"http:\\\/\\\/minutocerord.com\\\/?p=10694\",\"name\":\"Hait\u00ed sube precios combustibles, esto provoca nuevas protestas - Minuto Cero RD\",\"isPartOf\":{\"@id\":\"https:\\\/\\\/minutocerord.com\\\/#website\"},\"primaryImageOfPage\":{\"@id\":\"http:\\\/\\\/minutocerord.com\\\/?p=10694#primaryimage\"},\"image\":{\"@id\":\"http:\\\/\\\/minutocerord.com\\\/?p=10694#primaryimage\"},\"thumbnailUrl\":\"https:\\\/\\\/i0.wp.com\\\/minutocerord.com\\\/wp-content\\\/uploads\\\/2022\\\/09\\\/hait.jpg?fit=852%2C480&ssl=1\",\"datePublished\":\"2022-09-15T16:43:43+00:00\",\"dateModified\":\"2022-09-15T16:43:46+00:00\",\"breadcrumb\":{\"@id\":\"http:\\\/\\\/minutocerord.com\\\/?p=10694#breadcrumb\"},\"inLanguage\":\"es-DO\",\"potentialAction\":[{\"@type\":\"ReadAction\",\"target\":[\"http:\\\/\\\/minutocerord.com\\\/?p=10694\"]}]},{\"@type\":\"ImageObject\",\"inLanguage\":\"es-DO\",\"@id\":\"http:\\\/\\\/minutocerord.com\\\/?p=10694#primaryimage\",\"url\":\"https:\\\/\\\/i0.wp.com\\\/minutocerord.com\\\/wp-content\\\/uploads\\\/2022\\\/09\\\/hait.jpg?fit=852%2C480&ssl=1\",\"contentUrl\":\"https:\\\/\\\/i0.wp.com\\\/minutocerord.com\\\/wp-content\\\/uploads\\\/2022\\\/09\\\/hait.jpg?fit=852%2C480&ssl=1\",\"width\":852,\"height\":480},{\"@type\":\"BreadcrumbList\",\"@id\":\"http:\\\/\\\/minutocerord.com\\\/?p=10694#breadcrumb\",\"itemListElement\":[{\"@type\":\"ListItem\",\"position\":1,\"name\":\"Home\",\"item\":\"https:\\\/\\\/minutocerord.com\\\/\"},{\"@type\":\"ListItem\",\"position\":2,\"name\":\"Hait\u00ed sube precios combustibles, esto provoca nuevas protestas\"}]},{\"@type\":\"WebSite\",\"@id\":\"https:\\\/\\\/minutocerord.com\\\/#website\",\"url\":\"https:\\\/\\\/minutocerord.com\\\/\",\"name\":\"Minuto Cero RD\",\"description\":\"Periodismo serio y veraz\",\"publisher\":{\"@id\":\"https:\\\/\\\/minutocerord.com\\\/#\\\/schema\\\/person\\\/60b5372d60aaa0a5171fb6488be9aee6\"},\"potentialAction\":[{\"@type\":\"SearchAction\",\"target\":{\"@type\":\"EntryPoint\",\"urlTemplate\":\"https:\\\/\\\/minutocerord.com\\\/?s={search_term_string}\"},\"query-input\":{\"@type\":\"PropertyValueSpecification\",\"valueRequired\":true,\"valueName\":\"search_term_string\"}}],\"inLanguage\":\"es-DO\"},{\"@type\":[\"Person\",\"Organization\"],\"@id\":\"https:\\\/\\\/minutocerord.com\\\/#\\\/schema\\\/person\\\/60b5372d60aaa0a5171fb6488be9aee6\",\"name\":\"Genof\u00f3ntes Urb\u00e1ez\",\"image\":{\"@type\":\"ImageObject\",\"inLanguage\":\"es-DO\",\"@id\":\"https:\\\/\\\/secure.gravatar.com\\\/avatar\\\/a49ef3186a692098ac3e8a1612261e3ad70cf9e44553dff2929e67939a0ecb9d?s=96&d=identicon&r=g\",\"url\":\"https:\\\/\\\/secure.gravatar.com\\\/avatar\\\/a49ef3186a692098ac3e8a1612261e3ad70cf9e44553dff2929e67939a0ecb9d?s=96&d=identicon&r=g\",\"contentUrl\":\"https:\\\/\\\/secure.gravatar.com\\\/avatar\\\/a49ef3186a692098ac3e8a1612261e3ad70cf9e44553dff2929e67939a0ecb9d?s=96&d=identicon&r=g\",\"caption\":\"Genof\u00f3ntes Urb\u00e1ez\"},\"logo\":{\"@id\":\"https:\\\/\\\/secure.gravatar.com\\\/avatar\\\/a49ef3186a692098ac3e8a1612261e3ad70cf9e44553dff2929e67939a0ecb9d?s=96&d=identicon&r=g\"},\"description\":\"Periodista \\\/ Locutor\",\"sameAs\":[\"https:\\\/\\\/www.facebook.com\\\/Genofnotes\",\"https:\\\/\\\/www.instagram.com\\\/genofnotes\\\/\"]}]}<\/script>\n<!-- \/ Yoast SEO plugin. -->","yoast_head_json":{"title":"Hait\u00ed sube precios combustibles, esto provoca nuevas protestas - Minuto Cero RD","robots":{"index":"index","follow":"follow","max-snippet":"max-snippet:-1","max-image-preview":"max-image-preview:large","max-video-preview":"max-video-preview:-1"},"canonical":"http:\/\/minutocerord.com\/?p=10694","og_locale":"es_ES","og_type":"article","og_title":"Hait\u00ed sube precios combustibles, esto provoca nuevas protestas - Minuto Cero RD","og_description":"PUERTO PR\u00cdNCIPE .\u2014\u00a0Hait\u00ed anunci\u00f3 este mi\u00e9rcoles importantes incrementos en los precios de los combustibles. El Gobierno dispuso la medida a pesar de que esta podr\u00eda afectar a\u00fan m\u00e1s la fr\u00e1gil econom\u00eda, hacer que m\u00e1s personas huyan del pa\u00eds y desatar el tipo de protestas que con frecuencia paralizan la capital. El precio fijado por el [&hellip;]","og_url":"http:\/\/minutocerord.com\/?p=10694","og_site_name":"Minuto Cero RD","article_publisher":"https:\/\/www.facebook.com\/Genofnotes","article_author":"https:\/\/www.facebook.com\/Genofnotes","article_published_time":"2022-09-15T16:43:43+00:00","article_modified_time":"2022-09-15T16:43:46+00:00","og_image":[{"width":852,"height":480,"url":"https:\/\/i0.wp.com\/minutocerord.com\/wp-content\/uploads\/2022\/09\/hait.jpg?fit=852%2C480","type":"image\/jpeg"}],"author":"Genof\u00f3ntes Urb\u00e1ez","twitter_card":"summary_large_image","twitter_misc":{"Written by":"Genof\u00f3ntes Urb\u00e1ez","Est. reading time":"3 minutos"},"schema":{"@context":"https:\/\/schema.org","@graph":[{"@type":"Article","@id":"http:\/\/minutocerord.com\/?p=10694#article","isPartOf":{"@id":"http:\/\/minutocerord.com\/?p=10694"},"author":{"name":"Genof\u00f3ntes Urb\u00e1ez","@id":"https:\/\/minutocerord.com\/#\/schema\/person\/60b5372d60aaa0a5171fb6488be9aee6"},"headline":"Hait\u00ed sube precios combustibles, esto provoca nuevas protestas","datePublished":"2022-09-15T16:43:43+00:00","dateModified":"2022-09-15T16:43:46+00:00","mainEntityOfPage":{"@id":"http:\/\/minutocerord.com\/?p=10694"},"wordCount":535,"commentCount":0,"publisher":{"@id":"https:\/\/minutocerord.com\/#\/schema\/person\/60b5372d60aaa0a5171fb6488be9aee6"},"image":{"@id":"http:\/\/minutocerord.com\/?p=10694#primaryimage"},"thumbnailUrl":"https:\/\/i0.wp.com\/minutocerord.com\/wp-content\/uploads\/2022\/09\/hait.jpg?fit=852%2C480&ssl=1","articleSection":["Hait\u00ed"],"inLanguage":"es-DO","potentialAction":[{"@type":"CommentAction","name":"Comment","target":["http:\/\/minutocerord.com\/?p=10694#respond"]}]},{"@type":"WebPage","@id":"http:\/\/minutocerord.com\/?p=10694","url":"http:\/\/minutocerord.com\/?p=10694","name":"Hait\u00ed sube precios combustibles, esto provoca nuevas protestas - Minuto Cero RD","isPartOf":{"@id":"https:\/\/minutocerord.com\/#website"},"primaryImageOfPage":{"@id":"http:\/\/minutocerord.com\/?p=10694#primaryimage"},"image":{"@id":"http:\/\/minutocerord.com\/?p=10694#primaryimage"},"thumbnailUrl":"https:\/\/i0.wp.com\/minutocerord.com\/wp-content\/uploads\/2022\/09\/hait.jpg?fit=852%2C480&ssl=1","datePublished":"2022-09-15T16:43:43+00:00","dateModified":"2022-09-15T16:43:46+00:00","breadcrumb":{"@id":"http:\/\/minutocerord.com\/?p=10694#breadcrumb"},"inLanguage":"es-DO","potentialAction":[{"@type":"ReadAction","target":["http:\/\/minutocerord.com\/?p=10694"]}]},{"@type":"ImageObject","inLanguage":"es-DO","@id":"http:\/\/minutocerord.com\/?p=10694#primaryimage","url":"https:\/\/i0.wp.com\/minutocerord.com\/wp-content\/uploads\/2022\/09\/hait.jpg?fit=852%2C480&ssl=1","contentUrl":"https:\/\/i0.wp.com\/minutocerord.com\/wp-content\/uploads\/2022\/09\/hait.jpg?fit=852%2C480&ssl=1","width":852,"height":480},{"@type":"BreadcrumbList","@id":"http:\/\/minutocerord.com\/?p=10694#breadcrumb","itemListElement":[{"@type":"ListItem","position":1,"name":"Home","item":"https:\/\/minutocerord.com\/"},{"@type":"ListItem","position":2,"name":"Hait\u00ed sube precios combustibles, esto provoca nuevas protestas"}]},{"@type":"WebSite","@id":"https:\/\/minutocerord.com\/#website","url":"https:\/\/minutocerord.com\/","name":"Minuto Cero RD","description":"Periodismo serio y veraz","publisher":{"@id":"https:\/\/minutocerord.com\/#\/schema\/person\/60b5372d60aaa0a5171fb6488be9aee6"},"potentialAction":[{"@type":"SearchAction","target":{"@type":"EntryPoint","urlTemplate":"https:\/\/minutocerord.com\/?s={search_term_string}"},"query-input":{"@type":"PropertyValueSpecification","valueRequired":true,"valueName":"search_term_string"}}],"inLanguage":"es-DO"},{"@type":["Person","Organization"],"@id":"https:\/\/minutocerord.com\/#\/schema\/person\/60b5372d60aaa0a5171fb6488be9aee6","name":"Genof\u00f3ntes Urb\u00e1ez","image":{"@type":"ImageObject","inLanguage":"es-DO","@id":"https:\/\/secure.gravatar.com\/avatar\/a49ef3186a692098ac3e8a1612261e3ad70cf9e44553dff2929e67939a0ecb9d?s=96&d=identicon&r=g","url":"https:\/\/secure.gravatar.com\/avatar\/a49ef3186a692098ac3e8a1612261e3ad70cf9e44553dff2929e67939a0ecb9d?s=96&d=identicon&r=g","contentUrl":"https:\/\/secure.gravatar.com\/avatar\/a49ef3186a692098ac3e8a1612261e3ad70cf9e44553dff2929e67939a0ecb9d?s=96&d=identicon&r=g","caption":"Genof\u00f3ntes Urb\u00e1ez"},"logo":{"@id":"https:\/\/secure.gravatar.com\/avatar\/a49ef3186a692098ac3e8a1612261e3ad70cf9e44553dff2929e67939a0ecb9d?s=96&d=identicon&r=g"},"description":"Periodista \/ Locutor","sameAs":["https:\/\/www.facebook.com\/Genofnotes","https:\/\/www.instagram.com\/genofnotes\/"]}]}},"jetpack_publicize_connections":[],"jetpack_featured_media_url":"https:\/\/i0.wp.com\/minutocerord.com\/wp-content\/uploads\/2022\/09\/hait.jpg?fit=852%2C480&ssl=1","jetpack-related-posts":[],"jetpack_sharing_enabled":true,"_links":{"self":[{"href":"https:\/\/minutocerord.com\/index.php?rest_route=\/wp\/v2\/posts\/10694","targetHints":{"allow":["GET"]}}],"collection":[{"href":"https:\/\/minutocerord.com\/index.php?rest_route=\/wp\/v2\/posts"}],"about":[{"href":"https:\/\/minutocerord.com\/index.php?rest_route=\/wp\/v2\/types\/post"}],"author":[{"embeddable":true,"href":"https:\/\/minutocerord.com\/index.php?rest_route=\/wp\/v2\/users\/1"}],"replies":[{"embeddable":true,"href":"https:\/\/minutocerord.com\/index.php?rest_route=%2Fwp%2Fv2%2Fcomments&post=10694"}],"version-history":[{"count":1,"href":"https:\/\/minutocerord.com\/index.php?rest_route=\/wp\/v2\/posts\/10694\/revisions"}],"predecessor-version":[{"id":10696,"href":"https:\/\/minutocerord.com\/index.php?rest_route=\/wp\/v2\/posts\/10694\/revisions\/10696"}],"wp:featuredmedia":[{"embeddable":true,"href":"https:\/\/minutocerord.com\/index.php?rest_route=\/wp\/v2\/media\/10695"}],"wp:attachment":[{"href":"https:\/\/minutocerord.com\/index.php?rest_route=%2Fwp%2Fv2%2Fmedia&parent=10694"}],"wp:term":[{"taxonomy":"category","embeddable":true,"href":"https:\/\/minutocerord.com\/index.php?rest_route=%2Fwp%2Fv2%2Fcategories&post=10694"},{"taxonomy":"post_tag","embeddable":true,"href":"https:\/\/minutocerord.com\/index.php?rest_route=%2Fwp%2Fv2%2Ftags&post=10694"}],"curies":[{"name":"wp","href":"https:\/\/api.w.org\/{rel}","templated":true}]}}