{"id":10700,"date":"2022-09-15T13:06:12","date_gmt":"2022-09-15T17:06:12","guid":{"rendered":"https:\/\/minutocerord.com\/?p=10700"},"modified":"2022-09-15T13:06:14","modified_gmt":"2022-09-15T17:06:14","slug":"tormenta-tropical-fiona-podria-sentirse-en-republica-dominicana-desde-el-domingo","status":"publish","type":"post","link":"https:\/\/minutocerord.com\/?p=10700","title":{"rendered":"Tormenta tropical Fiona podr\u00eda sentirse en Rep\u00fablica Dominicana desde el domingo"},"content":{"rendered":"\n<p><strong>\u00a0Santo Domingo, RD.-<\/strong> El Centro Nacional de Huracanes de Estados Unidos (NHC, por sus siglas en ingl\u00e9s) pronostic\u00f3 este jueves que la zona oriental de Rep\u00fablica Dominicana podr\u00eda ser afectada por fuertes lluvias, debido al avance de la tormenta tropical Fiona.<\/p>\n\n\n\n<p>Esto seg\u00fan el contenido en el Aviso P\u00fablico #4 del NHC, donde advierten que los aguaceros potencialmente pueden crear inundaciones repentinas, as\u00ed como casos de deslizamientos de tierra en terrenos elevados.<\/p>\n","protected":false},"excerpt":{"rendered":"<p>\u00a0Santo Domingo, RD.- El Centro Nacional de Huracanes de Estados Unidos (NHC, por sus siglas en ingl\u00e9s) pronostic\u00f3 este jueves que la zona oriental de Rep\u00fablica Dominicana podr\u00eda ser afectada por fuertes lluvias, debido al avance de la tormenta tropical Fiona. Esto seg\u00fan el contenido en el Aviso P\u00fablico #4 del NHC, donde advierten que [&hellip;]<\/p>\n","protected":false},"author":1,"featured_media":10701,"comment_status":"open","ping_status":"open","sticky":false,"template":"","format":"standard","meta":{"nf_dc_page":"","jetpack_post_was_ever_published":false,"_jetpack_newsletter_access":"","_jetpack_dont_email_post_to_subs":false,"_jetpack_newsletter_tier_id":0,"_jetpack_memberships_contains_paywalled_content":false,"_jetpack_memberships_contains_paid_content":false,"footnotes":"","jetpack_publicize_message":"","jetpack_publicize_feature_enabled":true,"jetpack_social_post_already_shared":false,"jetpack_social_options":{"image_generator_settings":{"template":"highway","default_image_id":0,"font":"","enabled":false},"version":2}},"categories":[87],"tags":[],"class_list":["post-10700","post","type-post","status-publish","format-standard","has-post-thumbnail","hentry","category-el-clima"],"yoast_head":"<!-- This site is optimized with the Yoast SEO plugin v27.4 - https:\/\/yoast.com\/product\/yoast-seo-wordpress\/ -->\n<title>Tormenta tropical Fiona podr\u00eda sentirse en Rep\u00fablica Dominicana desde el domingo - Minuto Cero RD<\/title>\n<meta name=\"robots\" content=\"index, follow, max-snippet:-1, max-image-preview:large, max-video-preview:-1\" \/>\n<link rel=\"canonical\" href=\"http:\/\/minutocerord.com\/?p=10700\" \/>\n<meta property=\"og:locale\" content=\"es_ES\" \/>\n<meta property=\"og:type\" content=\"article\" \/>\n<meta property=\"og:title\" content=\"Tormenta tropical Fiona podr\u00eda sentirse en Rep\u00fablica Dominicana desde el domingo - Minuto Cero RD\" \/>\n<meta property=\"og:description\" content=\"\u00a0Santo Domingo, RD.- El Centro Nacional de Huracanes de Estados Unidos (NHC, por sus siglas en ingl\u00e9s) pronostic\u00f3 este jueves que la zona oriental de Rep\u00fablica Dominicana podr\u00eda ser afectada por fuertes lluvias, debido al avance de la tormenta tropical Fiona. Esto seg\u00fan el contenido en el Aviso P\u00fablico #4 del NHC, donde advierten que [&hellip;]\" \/>\n<meta property=\"og:url\" content=\"http:\/\/minutocerord.com\/?p=10700\" \/>\n<meta property=\"og:site_name\" content=\"Minuto Cero RD\" \/>\n<meta property=\"article:publisher\" content=\"https:\/\/www.facebook.com\/Genofnotes\" \/>\n<meta property=\"article:author\" content=\"https:\/\/www.facebook.com\/Genofnotes\" \/>\n<meta property=\"article:published_time\" content=\"2022-09-15T17:06:12+00:00\" \/>\n<meta property=\"article:modified_time\" content=\"2022-09-15T17:06:14+00:00\" \/>\n<meta property=\"og:image\" content=\"https:\/\/i0.wp.com\/minutocerord.com\/wp-content\/uploads\/2022\/09\/tormenta-tropical-fiona-podria-sentirse-en-republica-dominicana-desde-el-domingo.jpg?fit=641%2C460\" \/>\n\t<meta property=\"og:image:width\" content=\"641\" \/>\n\t<meta property=\"og:image:height\" content=\"460\" \/>\n\t<meta property=\"og:image:type\" content=\"image\/jpeg\" \/>\n<meta name=\"author\" content=\"Genof\u00f3ntes Urb\u00e1ez\" \/>\n<meta name=\"twitter:card\" content=\"summary_large_image\" \/>\n<meta name=\"twitter:label1\" content=\"Written by\" \/>\n\t<meta name=\"twitter:data1\" content=\"Genof\u00f3ntes Urb\u00e1ez\" \/>\n\t<meta name=\"twitter:label2\" content=\"Est. reading time\" \/>\n\t<meta name=\"twitter:data2\" content=\"1 minuto\" \/>\n<script type=\"application\/ld+json\" class=\"yoast-schema-graph\">{\"@context\":\"https:\\\/\\\/schema.org\",\"@graph\":[{\"@type\":\"Article\",\"@id\":\"http:\\\/\\\/minutocerord.com\\\/?p=10700#article\",\"isPartOf\":{\"@id\":\"http:\\\/\\\/minutocerord.com\\\/?p=10700\"},\"author\":{\"name\":\"Genof\u00f3ntes Urb\u00e1ez\",\"@id\":\"https:\\\/\\\/minutocerord.com\\\/#\\\/schema\\\/person\\\/60b5372d60aaa0a5171fb6488be9aee6\"},\"headline\":\"Tormenta tropical Fiona podr\u00eda sentirse en Rep\u00fablica Dominicana desde el domingo\",\"datePublished\":\"2022-09-15T17:06:12+00:00\",\"dateModified\":\"2022-09-15T17:06:14+00:00\",\"mainEntityOfPage\":{\"@id\":\"http:\\\/\\\/minutocerord.com\\\/?p=10700\"},\"wordCount\":90,\"commentCount\":0,\"publisher\":{\"@id\":\"https:\\\/\\\/minutocerord.com\\\/#\\\/schema\\\/person\\\/60b5372d60aaa0a5171fb6488be9aee6\"},\"image\":{\"@id\":\"http:\\\/\\\/minutocerord.com\\\/?p=10700#primaryimage\"},\"thumbnailUrl\":\"https:\\\/\\\/i0.wp.com\\\/minutocerord.com\\\/wp-content\\\/uploads\\\/2022\\\/09\\\/tormenta-tropical-fiona-podria-sentirse-en-republica-dominicana-desde-el-domingo.jpg?fit=641%2C460&ssl=1\",\"articleSection\":[\"El clima\"],\"inLanguage\":\"es-DO\",\"potentialAction\":[{\"@type\":\"CommentAction\",\"name\":\"Comment\",\"target\":[\"http:\\\/\\\/minutocerord.com\\\/?p=10700#respond\"]}]},{\"@type\":\"WebPage\",\"@id\":\"http:\\\/\\\/minutocerord.com\\\/?p=10700\",\"url\":\"http:\\\/\\\/minutocerord.com\\\/?p=10700\",\"name\":\"Tormenta tropical Fiona podr\u00eda sentirse en Rep\u00fablica Dominicana desde el domingo - Minuto Cero RD\",\"isPartOf\":{\"@id\":\"https:\\\/\\\/minutocerord.com\\\/#website\"},\"primaryImageOfPage\":{\"@id\":\"http:\\\/\\\/minutocerord.com\\\/?p=10700#primaryimage\"},\"image\":{\"@id\":\"http:\\\/\\\/minutocerord.com\\\/?p=10700#primaryimage\"},\"thumbnailUrl\":\"https:\\\/\\\/i0.wp.com\\\/minutocerord.com\\\/wp-content\\\/uploads\\\/2022\\\/09\\\/tormenta-tropical-fiona-podria-sentirse-en-republica-dominicana-desde-el-domingo.jpg?fit=641%2C460&ssl=1\",\"datePublished\":\"2022-09-15T17:06:12+00:00\",\"dateModified\":\"2022-09-15T17:06:14+00:00\",\"breadcrumb\":{\"@id\":\"http:\\\/\\\/minutocerord.com\\\/?p=10700#breadcrumb\"},\"inLanguage\":\"es-DO\",\"potentialAction\":[{\"@type\":\"ReadAction\",\"target\":[\"http:\\\/\\\/minutocerord.com\\\/?p=10700\"]}]},{\"@type\":\"ImageObject\",\"inLanguage\":\"es-DO\",\"@id\":\"http:\\\/\\\/minutocerord.com\\\/?p=10700#primaryimage\",\"url\":\"https:\\\/\\\/i0.wp.com\\\/minutocerord.com\\\/wp-content\\\/uploads\\\/2022\\\/09\\\/tormenta-tropical-fiona-podria-sentirse-en-republica-dominicana-desde-el-domingo.jpg?fit=641%2C460&ssl=1\",\"contentUrl\":\"https:\\\/\\\/i0.wp.com\\\/minutocerord.com\\\/wp-content\\\/uploads\\\/2022\\\/09\\\/tormenta-tropical-fiona-podria-sentirse-en-republica-dominicana-desde-el-domingo.jpg?fit=641%2C460&ssl=1\",\"width\":641,\"height\":460},{\"@type\":\"BreadcrumbList\",\"@id\":\"http:\\\/\\\/minutocerord.com\\\/?p=10700#breadcrumb\",\"itemListElement\":[{\"@type\":\"ListItem\",\"position\":1,\"name\":\"Home\",\"item\":\"https:\\\/\\\/minutocerord.com\\\/\"},{\"@type\":\"ListItem\",\"position\":2,\"name\":\"Tormenta tropical Fiona podr\u00eda sentirse en Rep\u00fablica Dominicana desde el domingo\"}]},{\"@type\":\"WebSite\",\"@id\":\"https:\\\/\\\/minutocerord.com\\\/#website\",\"url\":\"https:\\\/\\\/minutocerord.com\\\/\",\"name\":\"Minuto Cero RD\",\"description\":\"Periodismo serio y veraz\",\"publisher\":{\"@id\":\"https:\\\/\\\/minutocerord.com\\\/#\\\/schema\\\/person\\\/60b5372d60aaa0a5171fb6488be9aee6\"},\"potentialAction\":[{\"@type\":\"SearchAction\",\"target\":{\"@type\":\"EntryPoint\",\"urlTemplate\":\"https:\\\/\\\/minutocerord.com\\\/?s={search_term_string}\"},\"query-input\":{\"@type\":\"PropertyValueSpecification\",\"valueRequired\":true,\"valueName\":\"search_term_string\"}}],\"inLanguage\":\"es-DO\"},{\"@type\":[\"Person\",\"Organization\"],\"@id\":\"https:\\\/\\\/minutocerord.com\\\/#\\\/schema\\\/person\\\/60b5372d60aaa0a5171fb6488be9aee6\",\"name\":\"Genof\u00f3ntes Urb\u00e1ez\",\"image\":{\"@type\":\"ImageObject\",\"inLanguage\":\"es-DO\",\"@id\":\"https:\\\/\\\/secure.gravatar.com\\\/avatar\\\/a49ef3186a692098ac3e8a1612261e3ad70cf9e44553dff2929e67939a0ecb9d?s=96&d=identicon&r=g\",\"url\":\"https:\\\/\\\/secure.gravatar.com\\\/avatar\\\/a49ef3186a692098ac3e8a1612261e3ad70cf9e44553dff2929e67939a0ecb9d?s=96&d=identicon&r=g\",\"contentUrl\":\"https:\\\/\\\/secure.gravatar.com\\\/avatar\\\/a49ef3186a692098ac3e8a1612261e3ad70cf9e44553dff2929e67939a0ecb9d?s=96&d=identicon&r=g\",\"caption\":\"Genof\u00f3ntes Urb\u00e1ez\"},\"logo\":{\"@id\":\"https:\\\/\\\/secure.gravatar.com\\\/avatar\\\/a49ef3186a692098ac3e8a1612261e3ad70cf9e44553dff2929e67939a0ecb9d?s=96&d=identicon&r=g\"},\"description\":\"Periodista \\\/ Locutor\",\"sameAs\":[\"https:\\\/\\\/www.facebook.com\\\/Genofnotes\",\"https:\\\/\\\/www.instagram.com\\\/genofnotes\\\/\"]}]}<\/script>\n<!-- \/ Yoast SEO plugin. -->","yoast_head_json":{"title":"Tormenta tropical Fiona podr\u00eda sentirse en Rep\u00fablica Dominicana desde el domingo - Minuto Cero RD","robots":{"index":"index","follow":"follow","max-snippet":"max-snippet:-1","max-image-preview":"max-image-preview:large","max-video-preview":"max-video-preview:-1"},"canonical":"http:\/\/minutocerord.com\/?p=10700","og_locale":"es_ES","og_type":"article","og_title":"Tormenta tropical Fiona podr\u00eda sentirse en Rep\u00fablica Dominicana desde el domingo - Minuto Cero RD","og_description":"\u00a0Santo Domingo, RD.- El Centro Nacional de Huracanes de Estados Unidos (NHC, por sus siglas en ingl\u00e9s) pronostic\u00f3 este jueves que la zona oriental de Rep\u00fablica Dominicana podr\u00eda ser afectada por fuertes lluvias, debido al avance de la tormenta tropical Fiona. Esto seg\u00fan el contenido en el Aviso P\u00fablico #4 del NHC, donde advierten que [&hellip;]","og_url":"http:\/\/minutocerord.com\/?p=10700","og_site_name":"Minuto Cero RD","article_publisher":"https:\/\/www.facebook.com\/Genofnotes","article_author":"https:\/\/www.facebook.com\/Genofnotes","article_published_time":"2022-09-15T17:06:12+00:00","article_modified_time":"2022-09-15T17:06:14+00:00","og_image":[{"width":641,"height":460,"url":"https:\/\/i0.wp.com\/minutocerord.com\/wp-content\/uploads\/2022\/09\/tormenta-tropical-fiona-podria-sentirse-en-republica-dominicana-desde-el-domingo.jpg?fit=641%2C460","type":"image\/jpeg"}],"author":"Genof\u00f3ntes Urb\u00e1ez","twitter_card":"summary_large_image","twitter_misc":{"Written by":"Genof\u00f3ntes Urb\u00e1ez","Est. reading time":"1 minuto"},"schema":{"@context":"https:\/\/schema.org","@graph":[{"@type":"Article","@id":"http:\/\/minutocerord.com\/?p=10700#article","isPartOf":{"@id":"http:\/\/minutocerord.com\/?p=10700"},"author":{"name":"Genof\u00f3ntes Urb\u00e1ez","@id":"https:\/\/minutocerord.com\/#\/schema\/person\/60b5372d60aaa0a5171fb6488be9aee6"},"headline":"Tormenta tropical Fiona podr\u00eda sentirse en Rep\u00fablica Dominicana desde el domingo","datePublished":"2022-09-15T17:06:12+00:00","dateModified":"2022-09-15T17:06:14+00:00","mainEntityOfPage":{"@id":"http:\/\/minutocerord.com\/?p=10700"},"wordCount":90,"commentCount":0,"publisher":{"@id":"https:\/\/minutocerord.com\/#\/schema\/person\/60b5372d60aaa0a5171fb6488be9aee6"},"image":{"@id":"http:\/\/minutocerord.com\/?p=10700#primaryimage"},"thumbnailUrl":"https:\/\/i0.wp.com\/minutocerord.com\/wp-content\/uploads\/2022\/09\/tormenta-tropical-fiona-podria-sentirse-en-republica-dominicana-desde-el-domingo.jpg?fit=641%2C460&ssl=1","articleSection":["El clima"],"inLanguage":"es-DO","potentialAction":[{"@type":"CommentAction","name":"Comment","target":["http:\/\/minutocerord.com\/?p=10700#respond"]}]},{"@type":"WebPage","@id":"http:\/\/minutocerord.com\/?p=10700","url":"http:\/\/minutocerord.com\/?p=10700","name":"Tormenta tropical Fiona podr\u00eda sentirse en Rep\u00fablica Dominicana desde el domingo - Minuto Cero RD","isPartOf":{"@id":"https:\/\/minutocerord.com\/#website"},"primaryImageOfPage":{"@id":"http:\/\/minutocerord.com\/?p=10700#primaryimage"},"image":{"@id":"http:\/\/minutocerord.com\/?p=10700#primaryimage"},"thumbnailUrl":"https:\/\/i0.wp.com\/minutocerord.com\/wp-content\/uploads\/2022\/09\/tormenta-tropical-fiona-podria-sentirse-en-republica-dominicana-desde-el-domingo.jpg?fit=641%2C460&ssl=1","datePublished":"2022-09-15T17:06:12+00:00","dateModified":"2022-09-15T17:06:14+00:00","breadcrumb":{"@id":"http:\/\/minutocerord.com\/?p=10700#breadcrumb"},"inLanguage":"es-DO","potentialAction":[{"@type":"ReadAction","target":["http:\/\/minutocerord.com\/?p=10700"]}]},{"@type":"ImageObject","inLanguage":"es-DO","@id":"http:\/\/minutocerord.com\/?p=10700#primaryimage","url":"https:\/\/i0.wp.com\/minutocerord.com\/wp-content\/uploads\/2022\/09\/tormenta-tropical-fiona-podria-sentirse-en-republica-dominicana-desde-el-domingo.jpg?fit=641%2C460&ssl=1","contentUrl":"https:\/\/i0.wp.com\/minutocerord.com\/wp-content\/uploads\/2022\/09\/tormenta-tropical-fiona-podria-sentirse-en-republica-dominicana-desde-el-domingo.jpg?fit=641%2C460&ssl=1","width":641,"height":460},{"@type":"BreadcrumbList","@id":"http:\/\/minutocerord.com\/?p=10700#breadcrumb","itemListElement":[{"@type":"ListItem","position":1,"name":"Home","item":"https:\/\/minutocerord.com\/"},{"@type":"ListItem","position":2,"name":"Tormenta tropical Fiona podr\u00eda sentirse en Rep\u00fablica Dominicana desde el domingo"}]},{"@type":"WebSite","@id":"https:\/\/minutocerord.com\/#website","url":"https:\/\/minutocerord.com\/","name":"Minuto Cero RD","description":"Periodismo serio y veraz","publisher":{"@id":"https:\/\/minutocerord.com\/#\/schema\/person\/60b5372d60aaa0a5171fb6488be9aee6"},"potentialAction":[{"@type":"SearchAction","target":{"@type":"EntryPoint","urlTemplate":"https:\/\/minutocerord.com\/?s={search_term_string}"},"query-input":{"@type":"PropertyValueSpecification","valueRequired":true,"valueName":"search_term_string"}}],"inLanguage":"es-DO"},{"@type":["Person","Organization"],"@id":"https:\/\/minutocerord.com\/#\/schema\/person\/60b5372d60aaa0a5171fb6488be9aee6","name":"Genof\u00f3ntes Urb\u00e1ez","image":{"@type":"ImageObject","inLanguage":"es-DO","@id":"https:\/\/secure.gravatar.com\/avatar\/a49ef3186a692098ac3e8a1612261e3ad70cf9e44553dff2929e67939a0ecb9d?s=96&d=identicon&r=g","url":"https:\/\/secure.gravatar.com\/avatar\/a49ef3186a692098ac3e8a1612261e3ad70cf9e44553dff2929e67939a0ecb9d?s=96&d=identicon&r=g","contentUrl":"https:\/\/secure.gravatar.com\/avatar\/a49ef3186a692098ac3e8a1612261e3ad70cf9e44553dff2929e67939a0ecb9d?s=96&d=identicon&r=g","caption":"Genof\u00f3ntes Urb\u00e1ez"},"logo":{"@id":"https:\/\/secure.gravatar.com\/avatar\/a49ef3186a692098ac3e8a1612261e3ad70cf9e44553dff2929e67939a0ecb9d?s=96&d=identicon&r=g"},"description":"Periodista \/ Locutor","sameAs":["https:\/\/www.facebook.com\/Genofnotes","https:\/\/www.instagram.com\/genofnotes\/"]}]}},"jetpack_publicize_connections":[],"jetpack_featured_media_url":"https:\/\/i0.wp.com\/minutocerord.com\/wp-content\/uploads\/2022\/09\/tormenta-tropical-fiona-podria-sentirse-en-republica-dominicana-desde-el-domingo.jpg?fit=641%2C460&ssl=1","jetpack-related-posts":[],"jetpack_sharing_enabled":true,"_links":{"self":[{"href":"https:\/\/minutocerord.com\/index.php?rest_route=\/wp\/v2\/posts\/10700","targetHints":{"allow":["GET"]}}],"collection":[{"href":"https:\/\/minutocerord.com\/index.php?rest_route=\/wp\/v2\/posts"}],"about":[{"href":"https:\/\/minutocerord.com\/index.php?rest_route=\/wp\/v2\/types\/post"}],"author":[{"embeddable":true,"href":"https:\/\/minutocerord.com\/index.php?rest_route=\/wp\/v2\/users\/1"}],"replies":[{"embeddable":true,"href":"https:\/\/minutocerord.com\/index.php?rest_route=%2Fwp%2Fv2%2Fcomments&post=10700"}],"version-history":[{"count":1,"href":"https:\/\/minutocerord.com\/index.php?rest_route=\/wp\/v2\/posts\/10700\/revisions"}],"predecessor-version":[{"id":10702,"href":"https:\/\/minutocerord.com\/index.php?rest_route=\/wp\/v2\/posts\/10700\/revisions\/10702"}],"wp:featuredmedia":[{"embeddable":true,"href":"https:\/\/minutocerord.com\/index.php?rest_route=\/wp\/v2\/media\/10701"}],"wp:attachment":[{"href":"https:\/\/minutocerord.com\/index.php?rest_route=%2Fwp%2Fv2%2Fmedia&parent=10700"}],"wp:term":[{"taxonomy":"category","embeddable":true,"href":"https:\/\/minutocerord.com\/index.php?rest_route=%2Fwp%2Fv2%2Fcategories&post=10700"},{"taxonomy":"post_tag","embeddable":true,"href":"https:\/\/minutocerord.com\/index.php?rest_route=%2Fwp%2Fv2%2Ftags&post=10700"}],"curies":[{"name":"wp","href":"https:\/\/api.w.org\/{rel}","templated":true}]}}