{"id":10704,"date":"2022-09-15T19:17:54","date_gmt":"2022-09-15T23:17:54","guid":{"rendered":"https:\/\/minutocerord.com\/?p=10704"},"modified":"2022-09-15T19:17:55","modified_gmt":"2022-09-15T23:17:55","slug":"abinader-advierte-crisis-de-haiti-amenaza-seguridad-nacional-rd","status":"publish","type":"post","link":"https:\/\/minutocerord.com\/?p=10704","title":{"rendered":"Abinader advierte crisis de Hait\u00ed amenaza seguridad nacional RD"},"content":{"rendered":"\n<p><strong>WASHINGTON.- <\/strong>El presidente de la Rep\u00fablica Dominicana, Luis Abinader, declar\u00f3 aqu\u00ed que \u00ablos efectos de la crisis multidimensional\u00bb en Hait\u00ed \u00abdesbordan la capacidad individual\u00bb\u00a0 de los dominicanos y constituyen \u00abuna amenaza a la estabilidad y a la seguridad de toda la regi\u00f3n\u00bb.<\/p>\n\n\n\n<p>Se\u00f1al\u00f3 que Rep\u00fablica Dominicana de manera particular enfrenta \u201cuna situaci\u00f3n singular,&nbsp;<strong>\u00fa<\/strong>nica en todo el hemisferio\u201d, debido al impacto que, sobre su &nbsp;econom\u00eda, seguridad y estabilidad social genera la prolongada crisis de su pa\u00eds vecino.<\/p>\n\n\n\n<p>Abinader emiti\u00f3 estos criterios en un discurso ante el &nbsp;Consejo Permanente de la OEA.<\/p>\n\n\n\n<p>\u00abP<strong>ara Rep\u00fablica Dominicana es una cuesti\u00f3n de seguridad nacional. Quiero repetirlo para que se grabe en la memoria de esta solemne sesi\u00f3n en el Sal\u00f3n de las Am\u00e9ricas: la crisis que desborda las fronteras de Hait\u00ed es una amenaza para la seguridad nacional de Rep\u00fablica Dominicana\u00bb, enfatiz\u00f3.<\/strong><\/p>\n\n\n\n<p>Declar\u00f3 que los dominicanos se enfrentan a la posibilidad real de que bandas criminales que operan en Hait\u00ed intenten transgredir la integridad territorial y alterar el orden y seguridad ciudadana en el territorio vecino.<\/p>\n\n\n\n<p>Dijo que en el \u00e1mbito multilateral, Rep\u00fablica Dominicana aboga por mandatos robustos de la comunidad internacional que permitan a las autoridades haitianas tener la asistencia y cooperaci\u00f3n para superar la violencia y sus causas de manera urgente, fortaleciendo las capacidades de su Estado, lo cual, lamentablemente no ha sido posible hasta el momento.<\/p>\n\n\n\n<p>\u00abEs por ello, que hacemos un llamado a que esta Organizaci\u00f3n y su Secretario General jueguen un papel relevante en alcanzar los objetivos establecidos en la resoluci\u00f3n del Consejo de Seguridad de las Naciones Unidas, n\u00famero 2645 del 15 de julio de este a\u00f1o. En ella, se reconoce y legitima el papel crucial que desempe\u00f1an los pa\u00edses vecinos, las organizaciones regionales y subregionales, incluyendo esta Organizaci\u00f3n de los Estados Americanos (OEA)\u00bb, enfatiz\u00f3.<strong>&nbsp;<\/strong><\/p>\n\n\n\n<p><strong>EL TEXTO<\/strong><\/p>\n\n\n\n<p>El texto de su alocuci\u00f3n es el siguiente:<\/p>\n\n\n\n<p>Para m\u00ed es un honor hablar ante este Consejo Permanente en representaci\u00f3n del gobierno de la Rep\u00fablica Dominicana en este Sal\u00f3n de las Am\u00e9ricas,&nbsp;<strong>que desde hace 110 a\u00f1os ha sido testigo de las m\u00e1s importantes conversaciones para mantener la paz y la gobernabilidad en nuestro continente<\/strong>.<\/p>\n\n\n\n<p>Aprovecho tambi\u00e9n para, con gran pesar, expresar nuestras condolencias a los estados miembros y observadores de esta organizaci\u00f3n que forman parte de la Mancomunidad de Naciones por el fallecimiento de Su Majestad, la Reina Isabel II. Su ejemplo de dedicaci\u00f3n al servicio p\u00fablico ser\u00e1 recordado por siempre.<\/p>\n\n\n\n<p><strong>CAMBIOS POSITIVOS Y SIGNIFICATIVOS EN RD<\/strong><\/p>\n\n\n\n<p>Inicio esta intervenci\u00f3n cont\u00e1ndoles sobre c\u00f3mo, a pesar de grandes adversidades, en nuestro pa\u00eds hemos producido cambios positivos y significativos para el pueblo dominicano.<\/p>\n\n\n\n<p>Como todos los pa\u00edses de la regi\u00f3n y del mundo enfrentamos los enormes desaf\u00edos que suponen los efectos de una pandemia, una guerra y del cambio clim\u00e1tico.<\/p>\n\n\n\n<p>Nuestro gobierno se enfoc\u00f3 en mitigar la expansi\u00f3n del virus desde muy temprano.&nbsp;<strong>Vacunando con agilidad logramos reducir la letalidad por la terrible enfermedad.<\/strong>&nbsp;Esto nos trajo reconocimiento y admiraci\u00f3n, que humildemente recibimos y agradecemos. Por ejemplo, en el pasado mes de mayo, la Organizaci\u00f3n Mundial de la Salud (OMS) felicit\u00f3 el desempe\u00f1o y liderazgo de Rep\u00fablica Dominicana frente a la pandemia.<\/p>\n\n\n\n<p>Mientras luch\u00e1bamos para preservar la salud de los dominicanos, tambi\u00e9n nos enfocamos en reactivar la econom\u00eda.&nbsp;<strong>En el a\u00f1o 2021 nuestro pa\u00eds alcanz\u00f3 un crecimiento de un 12.3%, coloc\u00e1ndose entre las diez econom\u00edas con mayor crecimiento del mundo<\/strong>. Nos enfocamos en recuperar el turismo; y lo hicimos con tanto \u00e9xito, que la Organizaci\u00f3n Mundial del Turismo nos reconoci\u00f3 como el pa\u00eds n\u00famero uno en el mundo en la recuperaci\u00f3n del turismo.<\/p>\n\n\n\n<p>Nuestros resultados son producto de un pueblo trabajador, un sector privado emprendedor, una democracia consolidada y un gobierno comprometido con enfrentar la impunidad y la corrupci\u00f3n.<\/p>\n\n\n\n<p><strong>Recientemente promulgamos una Ley de Extinci\u00f3n de<\/strong>&nbsp;<strong>Dominio<\/strong>&nbsp;que permitir\u00e1 recuperar en favor del Estado dominicano los bienes adquiridos en acciones il\u00edcitas fruto del narcotr\u00e1fico, la corrupci\u00f3n y otros cr\u00edmenes graves.<\/p>\n\n\n\n<p>No obstante, estos y otros avances que hemos logrado, es preciso abordar de manera responsable los desaf\u00edos que se nos presentan como pa\u00eds y como regi\u00f3n.<em>&nbsp;<\/em><\/p>\n\n\n\n<p><strong>SITUACION UNICA EN EL HEMISFERIO<\/strong><\/p>\n\n\n\n<p>Rep\u00fablica Dominicana enfrenta a nivel interno una situaci\u00f3n singular,&nbsp;<strong>\u00fanica en todo el hemisferio<\/strong>. Nos referimos al impacto que, sobre nuestra econom\u00eda, nuestra seguridad, y nuestra estabilidad social genera la prolongada crisis en la Rep\u00fablica de Hait\u00ed.<\/p>\n\n\n\n<p>Los efectos de la crisis multidimensional en ese pa\u00eds desbordan nuestra capacidad individual y constituyen una amenaza a la estabilidad y a la seguridad de toda la regi\u00f3n.<strong>&nbsp;<\/strong><\/p>\n\n\n\n<p><strong>Para Rep\u00fablica Dominicana, es una cuesti\u00f3n de seguridad nacional. Quiero repetirlo para que se grabe en la memoria de esta solemne sesi\u00f3n en el Sal\u00f3n de las Am\u00e9ricas: la crisis que desborda las fronteras de Hait\u00ed es una amenaza para la seguridad nacional de Rep\u00fablica Dominicana.<\/strong><\/p>\n\n\n\n<p>Es imposible negar el peligro que representa que un Estado no tenga el control y monopolio de la fuerza sobre su territorio. Nos enfrentamos a la posibilidad real de que bandas criminales que operan en Hait\u00ed intenten transgredir la integridad territorial y traten de alterar el orden y seguridad ciudadana en nuestro pa\u00eds.<\/p>\n\n\n\n<p>Hace mucho tiempo que el tr\u00e1nsito de personas y mercanc\u00edas desde nuestro pa\u00eds hacia Hait\u00ed ha sido extremadamente riesgoso.<\/p>\n\n\n\n<p><strong>Nuestro gobierno est\u00e1 haciendo y har\u00e1 todo cuanto est\u00e9 a su alcance para garantizar la paz y la seguridad de nuestros ciudadanos y todas las personas bajo nuestra jurisdicci\u00f3n<\/strong>.<\/p>\n\n\n\n<p><strong>VERJA PERIMETRAL<\/strong><\/p>\n\n\n\n<p>Es por ello, que hemos iniciado la construcci\u00f3n de una verja perimetral en las \u00e1reas m\u00e1s vulnerables y sensibles. Adem\u00e1s, hemos tomado medidas para prohibir el ingreso a nuestro pa\u00eds de individuos asociados a estos grupos, y a quienes de manera deliberada atentan contra nuestra estabilidad.<\/p>\n\n\n\n<p>En el \u00e1mbito multilateral, Rep\u00fablica Dominicana aboga por mandatos robustos de la comunidad internacional que permitan a las autoridades haitianas tener la asistencia y cooperaci\u00f3n para superar la violencia y sus causas de manera urgente, fortaleciendo las capacidades de su Estado, lo cual, lamentablemente no ha sido posible hasta el momento.<\/p>\n\n\n\n<p>Es por ello, que hacemos un llamado a que esta Organizaci\u00f3n y su Secretario General jueguen un papel relevante en alcanzar los objetivos establecidos en la resoluci\u00f3n del Consejo de Seguridad de las Naciones Unidas, n\u00famero 2645 del 15 de julio de este a\u00f1o. En ella, se reconoce y legitima el papel crucial que desempe\u00f1an los pa\u00edses vecinos, las organizaciones regionales y subregionales, incluyendo esta Organizaci\u00f3n de los Estados Americanos (OEA).<strong>&nbsp;<\/strong><\/p>\n\n\n\n<p><strong>\u00bfC\u00f3mo puede la OEA colaborar?<\/strong><\/p>\n\n\n\n<p><strong>Primero:<\/strong>&nbsp;Hait\u00ed ha solicitado cooperaci\u00f3n para mejorar la seguridad de ciertas infraestructuras cr\u00edticas, especialmente sus puertos y aeropuertos. Rep\u00fablica Dominicana ha acompa\u00f1ado este inter\u00e9s y ha respaldado todas las iniciativas que desde la Comisi\u00f3n Interamericana de Puertos se han concebido para materializar este objetivo. Hasta ahora, se ha logrado muy poco;&nbsp;<strong>esta es una acci\u00f3n urgente y se deben redoblar los esfuerzos<\/strong>.<\/p>\n\n\n\n<p><strong>Segundo:<\/strong>&nbsp;La Organizaci\u00f3n de los Estados Americanos (OEA) debe asistir en la creaci\u00f3n mecanismos y capacidades relativas al control de armas y municiones que llegan a manos de las organizaciones criminales. Este tema es critico y se encuentra entre los p\u00e1rrafos operativos de la resoluci\u00f3n 2645 del consejo de seguridad de la ONU.<\/p>\n\n\n\n<p><strong>&nbsp;<\/strong><strong>Tercero:<\/strong>&nbsp;Que la OEA, coordine con pa\u00edses miembros y la ONU, la capacitaci\u00f3n, entrenamiento y suministro controlado de las fuerzas de seguridad p\u00fablica, es decir la Polic\u00eda Nacional Haitiana.<\/p>\n\n\n\n<p><strong>Cuarto:<\/strong>&nbsp;Tan pronto como las condiciones de seguridad lo permitan, es preciso colaborar con las autoridades haitianas para organizar un proceso electoral que d\u00e9 como resultado un gobierno y autoridades electas con&nbsp;<strong>liderazgo, legitimidad y respaldo popular<\/strong>. La OEA debe continuar desempe\u00f1ando acciones fundamentales en pro de unas elecciones democr\u00e1ticas, una de ellas es dotar de un adecuado registro civil a toda la poblaci\u00f3n haitiana.<em>&nbsp;<\/em><\/p>\n\n\n\n<p><strong>EXPECTATIVAS DOMINICANAS<\/strong><\/p>\n\n\n\n<p>Se\u00f1oras y se\u00f1ores,<\/p>\n\n\n\n<p>Perm\u00edtanme referirme ahora a nuestras expectativas sobre el rol de la comunidad internacional en cuanto a la situaci\u00f3n de seguridad.<\/p>\n\n\n\n<p>Rep\u00fablica Dominicana particip\u00f3 del proceso de discusi\u00f3n y negociaci\u00f3n de los t\u00e9rminos del mandato de la misi\u00f3n pol\u00edtica de las Naciones Unidas que se instal\u00f3 en Hait\u00ed en el a\u00f1o 2020. Desde la salida de la Misi\u00f3n de la Estabilizaci\u00f3n de la ONU, insistimos en la creaci\u00f3n de mandatos multidimensionales fuertes, financiados de manera apropiada y que atendieran de manera prioritaria las necesidades definidas por las autoridades haitianas.<\/p>\n\n\n\n<p>Dos a\u00f1os como miembros no permanentes del Consejo de Seguridad de la ONU no fueron suficientes para lograr comprensi\u00f3n plena de la urgencia. El resultado de esta incomprensi\u00f3n es la crisis que estamos viendo hoy. Saludamos el trabajo que actualmente realizan desde ese \u00f3rgano, dos Estados miembros de esta organizaci\u00f3n: Estados Unidos Mexicanos y Brasil.&nbsp;<strong>Su participaci\u00f3n entusiasta y decidida es fundamental y aqu\u00ed quiero reconocerlo.<\/strong><\/p>\n\n\n\n<p>Se\u00f1or Secretario General,<\/p>\n\n\n\n<p>Hace apenas unas semanas recibimos su informe sobre la situaci\u00f3n en Hait\u00ed.<\/p>\n\n\n\n<p>Cargadas de realidad, sus palabras se hicieron eco de un sentir colectivo que antes nadie hab\u00eda capturado de manera tan sucinta. Ahora es el tiempo de las acciones, de nuclear los esfuerzos y de impulsar procesos transformadores. Nos consta su esfuerzo y las gestiones que en favor de Hait\u00ed usted viene realizando.<\/p>\n\n\n\n<p>Tambi\u00e9n somos conscientes de lo que muchos de los pa\u00edses aqu\u00ed reunidos a lo largo de los a\u00f1os hemos dispuesto en recursos humanos, econ\u00f3micos y t\u00e9cnicos para asistir en materia humanitaria, recuperaci\u00f3n ante desastres naturales y de seguridad al pueblo haitiano.<\/p>\n\n\n\n<p><strong>Entonces, \u00bfQu\u00e9 ha faltado? Esa es la conversaci\u00f3n que debemos tener.<\/strong><\/p>\n\n\n\n<p>Rep\u00fablica Dominicana solicit\u00f3, y as\u00ed se ha decidido, que la pr\u00f3xima Asamblea General de la OEA d\u00e9 pasos en este sentido, y desde all\u00ed se creen las bases para un intercambio constructivo y fluido con el gobierno haitiano, la Organizaci\u00f3n de las Naciones Unidas, y todos aquellos que tengan el deseo y la voluntad de cooperar y asistir.<\/p>\n\n\n\n<p><strong>NO PUEDE ESPERAR M\u00c1S<\/strong><\/p>\n\n\n\n<p><strong>Hait\u00ed no puede esperar m\u00e1s: Su situaci\u00f3n actual la podemos definir como \u00abUna Guerra Civil de baja intensidad\u00bb. Debemos actuar con responsabilidad y se debe actuar ahora.<\/strong>&nbsp;Una vez m\u00e1s, Rep\u00fablica Dominicana tiene la necesidad y el deber de reiterar que la m\u00e1s duradera y robusta respuesta a la crisis haitiana deber\u00eda venir de los haitianos. Abogamos y deseamos que as\u00ed sea, pero cada vez vemos m\u00e1s lejana la posibilidad de entendimiento y consenso en esa vecina naci\u00f3n.<\/p>\n\n\n\n<p>Distinguidos representantes.<\/p>\n\n\n\n<p>Si las Am\u00e9ricas es una zona de paz, como dije hace un rato, se debe en gran medida al sistema interamericano, cuya columna vertebral es esta organizaci\u00f3n. La OEA tiene hoy tanta vigencia como hace 74 a\u00f1os. Nos ha permitido generar espacios de di\u00e1logo, armonizar nuestros sistemas jur\u00eddicos, fortalecer la protecci\u00f3n de los derechos humanos y en general, crear valores democr\u00e1ticos compartidos.<strong>&nbsp;<\/strong><\/p>\n\n\n\n<p><strong>Creo firmemente, que esta organizaci\u00f3n tiene muchos frutos m\u00e1s que brindar a nuestros pueblos, e invito a todos nuestros gobiernos a seguir trabajando por reformarla.<\/strong><em>&nbsp;<\/em><\/p>\n\n\n\n<p>Todos nos enfrentamos a retos locales, regionales y globales, pero solo con una leal cooperaci\u00f3n entre los Estados podremos dar respuesta adecuada a cada uno de estos problemas.<em>&nbsp;<\/em><\/p>\n\n\n\n<p><strong>Nuestro pa\u00eds siempre ha ofrecido m\u00e1s soluciones que problemas, y en esa l\u00ednea vamos a seguir trabajando: aportando, dialogando por un continente en paz, m\u00e1s justo, inclusivo y solidario.<\/strong><\/p>\n\n\n\n<p><strong>&nbsp;<\/strong><strong>Una Am\u00e9rica m\u00e1s pr\u00f3spera, justa y respetuosa de los derechos humanos, es el compromiso de la Rep\u00fablica Dominicana.<\/strong><\/p>\n\n\n\n<p>Muchas gracias.<\/p>\n","protected":false},"excerpt":{"rendered":"<p>WASHINGTON.- El presidente de la Rep\u00fablica Dominicana, Luis Abinader, declar\u00f3 aqu\u00ed que \u00ablos efectos de la crisis multidimensional\u00bb en Hait\u00ed \u00abdesbordan la capacidad individual\u00bb\u00a0 de los dominicanos y constituyen \u00abuna amenaza a la estabilidad y a la seguridad de toda la regi\u00f3n\u00bb. Se\u00f1al\u00f3 que Rep\u00fablica Dominicana de manera particular enfrenta \u201cuna situaci\u00f3n singular,&nbsp;\u00fanica en todo [&hellip;]<\/p>\n","protected":false},"author":1,"featured_media":10705,"comment_status":"open","ping_status":"open","sticky":false,"template":"","format":"standard","meta":{"nf_dc_page":"","jetpack_post_was_ever_published":false,"_jetpack_newsletter_access":"","_jetpack_dont_email_post_to_subs":false,"_jetpack_newsletter_tier_id":0,"_jetpack_memberships_contains_paywalled_content":false,"_jetpack_memberships_contains_paid_content":false,"footnotes":"","jetpack_publicize_message":"","jetpack_publicize_feature_enabled":true,"jetpack_social_post_already_shared":false,"jetpack_social_options":{"image_generator_settings":{"template":"highway","default_image_id":0,"font":"","enabled":false},"version":2}},"categories":[83],"tags":[],"class_list":["post-10704","post","type-post","status-publish","format-standard","has-post-thumbnail","hentry","category-estados-unidos"],"yoast_head":"<!-- This site is optimized with the Yoast SEO plugin v27.4 - https:\/\/yoast.com\/product\/yoast-seo-wordpress\/ -->\n<title>Abinader advierte crisis de Hait\u00ed amenaza seguridad nacional RD - Minuto Cero RD<\/title>\n<meta name=\"robots\" content=\"index, follow, max-snippet:-1, max-image-preview:large, max-video-preview:-1\" \/>\n<link rel=\"canonical\" href=\"http:\/\/minutocerord.com\/?p=10704\" \/>\n<meta property=\"og:locale\" content=\"es_ES\" \/>\n<meta property=\"og:type\" content=\"article\" \/>\n<meta property=\"og:title\" content=\"Abinader advierte crisis de Hait\u00ed amenaza seguridad nacional RD - Minuto Cero RD\" \/>\n<meta property=\"og:description\" content=\"WASHINGTON.- El presidente de la Rep\u00fablica Dominicana, Luis Abinader, declar\u00f3 aqu\u00ed que \u00ablos efectos de la crisis multidimensional\u00bb en Hait\u00ed \u00abdesbordan la capacidad individual\u00bb\u00a0 de los dominicanos y constituyen \u00abuna amenaza a la estabilidad y a la seguridad de toda la regi\u00f3n\u00bb. Se\u00f1al\u00f3 que Rep\u00fablica Dominicana de manera particular enfrenta \u201cuna situaci\u00f3n singular,&nbsp;\u00fanica en todo [&hellip;]\" \/>\n<meta property=\"og:url\" content=\"http:\/\/minutocerord.com\/?p=10704\" \/>\n<meta property=\"og:site_name\" content=\"Minuto Cero RD\" \/>\n<meta property=\"article:publisher\" content=\"https:\/\/www.facebook.com\/Genofnotes\" \/>\n<meta property=\"article:author\" content=\"https:\/\/www.facebook.com\/Genofnotes\" \/>\n<meta property=\"article:published_time\" content=\"2022-09-15T23:17:54+00:00\" \/>\n<meta property=\"article:modified_time\" content=\"2022-09-15T23:17:55+00:00\" \/>\n<meta property=\"og:image\" content=\"https:\/\/i0.wp.com\/minutocerord.com\/wp-content\/uploads\/2022\/09\/Luis-Abinader-haba-nte-la-OEA.jpg?fit=578%2C353\" \/>\n\t<meta property=\"og:image:width\" content=\"578\" \/>\n\t<meta property=\"og:image:height\" content=\"353\" \/>\n\t<meta property=\"og:image:type\" content=\"image\/jpeg\" \/>\n<meta name=\"author\" content=\"Genof\u00f3ntes Urb\u00e1ez\" \/>\n<meta name=\"twitter:card\" content=\"summary_large_image\" \/>\n<meta name=\"twitter:label1\" content=\"Written by\" \/>\n\t<meta name=\"twitter:data1\" content=\"Genof\u00f3ntes Urb\u00e1ez\" \/>\n\t<meta name=\"twitter:label2\" content=\"Est. reading time\" \/>\n\t<meta name=\"twitter:data2\" content=\"9 minutos\" \/>\n<script type=\"application\/ld+json\" class=\"yoast-schema-graph\">{\"@context\":\"https:\\\/\\\/schema.org\",\"@graph\":[{\"@type\":\"Article\",\"@id\":\"http:\\\/\\\/minutocerord.com\\\/?p=10704#article\",\"isPartOf\":{\"@id\":\"http:\\\/\\\/minutocerord.com\\\/?p=10704\"},\"author\":{\"name\":\"Genof\u00f3ntes Urb\u00e1ez\",\"@id\":\"https:\\\/\\\/minutocerord.com\\\/#\\\/schema\\\/person\\\/60b5372d60aaa0a5171fb6488be9aee6\"},\"headline\":\"Abinader advierte crisis de Hait\u00ed amenaza seguridad nacional RD\",\"datePublished\":\"2022-09-15T23:17:54+00:00\",\"dateModified\":\"2022-09-15T23:17:55+00:00\",\"mainEntityOfPage\":{\"@id\":\"http:\\\/\\\/minutocerord.com\\\/?p=10704\"},\"wordCount\":2061,\"commentCount\":0,\"publisher\":{\"@id\":\"https:\\\/\\\/minutocerord.com\\\/#\\\/schema\\\/person\\\/60b5372d60aaa0a5171fb6488be9aee6\"},\"image\":{\"@id\":\"http:\\\/\\\/minutocerord.com\\\/?p=10704#primaryimage\"},\"thumbnailUrl\":\"https:\\\/\\\/i0.wp.com\\\/minutocerord.com\\\/wp-content\\\/uploads\\\/2022\\\/09\\\/Luis-Abinader-haba-nte-la-OEA.jpg?fit=578%2C353&ssl=1\",\"articleSection\":[\"Estados Unidos\"],\"inLanguage\":\"es-DO\",\"potentialAction\":[{\"@type\":\"CommentAction\",\"name\":\"Comment\",\"target\":[\"http:\\\/\\\/minutocerord.com\\\/?p=10704#respond\"]}]},{\"@type\":\"WebPage\",\"@id\":\"http:\\\/\\\/minutocerord.com\\\/?p=10704\",\"url\":\"http:\\\/\\\/minutocerord.com\\\/?p=10704\",\"name\":\"Abinader advierte crisis de Hait\u00ed amenaza seguridad nacional RD - Minuto Cero RD\",\"isPartOf\":{\"@id\":\"https:\\\/\\\/minutocerord.com\\\/#website\"},\"primaryImageOfPage\":{\"@id\":\"http:\\\/\\\/minutocerord.com\\\/?p=10704#primaryimage\"},\"image\":{\"@id\":\"http:\\\/\\\/minutocerord.com\\\/?p=10704#primaryimage\"},\"thumbnailUrl\":\"https:\\\/\\\/i0.wp.com\\\/minutocerord.com\\\/wp-content\\\/uploads\\\/2022\\\/09\\\/Luis-Abinader-haba-nte-la-OEA.jpg?fit=578%2C353&ssl=1\",\"datePublished\":\"2022-09-15T23:17:54+00:00\",\"dateModified\":\"2022-09-15T23:17:55+00:00\",\"breadcrumb\":{\"@id\":\"http:\\\/\\\/minutocerord.com\\\/?p=10704#breadcrumb\"},\"inLanguage\":\"es-DO\",\"potentialAction\":[{\"@type\":\"ReadAction\",\"target\":[\"http:\\\/\\\/minutocerord.com\\\/?p=10704\"]}]},{\"@type\":\"ImageObject\",\"inLanguage\":\"es-DO\",\"@id\":\"http:\\\/\\\/minutocerord.com\\\/?p=10704#primaryimage\",\"url\":\"https:\\\/\\\/i0.wp.com\\\/minutocerord.com\\\/wp-content\\\/uploads\\\/2022\\\/09\\\/Luis-Abinader-haba-nte-la-OEA.jpg?fit=578%2C353&ssl=1\",\"contentUrl\":\"https:\\\/\\\/i0.wp.com\\\/minutocerord.com\\\/wp-content\\\/uploads\\\/2022\\\/09\\\/Luis-Abinader-haba-nte-la-OEA.jpg?fit=578%2C353&ssl=1\",\"width\":578,\"height\":353},{\"@type\":\"BreadcrumbList\",\"@id\":\"http:\\\/\\\/minutocerord.com\\\/?p=10704#breadcrumb\",\"itemListElement\":[{\"@type\":\"ListItem\",\"position\":1,\"name\":\"Home\",\"item\":\"https:\\\/\\\/minutocerord.com\\\/\"},{\"@type\":\"ListItem\",\"position\":2,\"name\":\"Abinader advierte crisis de Hait\u00ed amenaza seguridad nacional RD\"}]},{\"@type\":\"WebSite\",\"@id\":\"https:\\\/\\\/minutocerord.com\\\/#website\",\"url\":\"https:\\\/\\\/minutocerord.com\\\/\",\"name\":\"Minuto Cero RD\",\"description\":\"Periodismo serio y veraz\",\"publisher\":{\"@id\":\"https:\\\/\\\/minutocerord.com\\\/#\\\/schema\\\/person\\\/60b5372d60aaa0a5171fb6488be9aee6\"},\"potentialAction\":[{\"@type\":\"SearchAction\",\"target\":{\"@type\":\"EntryPoint\",\"urlTemplate\":\"https:\\\/\\\/minutocerord.com\\\/?s={search_term_string}\"},\"query-input\":{\"@type\":\"PropertyValueSpecification\",\"valueRequired\":true,\"valueName\":\"search_term_string\"}}],\"inLanguage\":\"es-DO\"},{\"@type\":[\"Person\",\"Organization\"],\"@id\":\"https:\\\/\\\/minutocerord.com\\\/#\\\/schema\\\/person\\\/60b5372d60aaa0a5171fb6488be9aee6\",\"name\":\"Genof\u00f3ntes Urb\u00e1ez\",\"image\":{\"@type\":\"ImageObject\",\"inLanguage\":\"es-DO\",\"@id\":\"https:\\\/\\\/secure.gravatar.com\\\/avatar\\\/a49ef3186a692098ac3e8a1612261e3ad70cf9e44553dff2929e67939a0ecb9d?s=96&d=identicon&r=g\",\"url\":\"https:\\\/\\\/secure.gravatar.com\\\/avatar\\\/a49ef3186a692098ac3e8a1612261e3ad70cf9e44553dff2929e67939a0ecb9d?s=96&d=identicon&r=g\",\"contentUrl\":\"https:\\\/\\\/secure.gravatar.com\\\/avatar\\\/a49ef3186a692098ac3e8a1612261e3ad70cf9e44553dff2929e67939a0ecb9d?s=96&d=identicon&r=g\",\"caption\":\"Genof\u00f3ntes Urb\u00e1ez\"},\"logo\":{\"@id\":\"https:\\\/\\\/secure.gravatar.com\\\/avatar\\\/a49ef3186a692098ac3e8a1612261e3ad70cf9e44553dff2929e67939a0ecb9d?s=96&d=identicon&r=g\"},\"description\":\"Periodista \\\/ Locutor\",\"sameAs\":[\"https:\\\/\\\/www.facebook.com\\\/Genofnotes\",\"https:\\\/\\\/www.instagram.com\\\/genofnotes\\\/\"]}]}<\/script>\n<!-- \/ Yoast SEO plugin. -->","yoast_head_json":{"title":"Abinader advierte crisis de Hait\u00ed amenaza seguridad nacional RD - Minuto Cero RD","robots":{"index":"index","follow":"follow","max-snippet":"max-snippet:-1","max-image-preview":"max-image-preview:large","max-video-preview":"max-video-preview:-1"},"canonical":"http:\/\/minutocerord.com\/?p=10704","og_locale":"es_ES","og_type":"article","og_title":"Abinader advierte crisis de Hait\u00ed amenaza seguridad nacional RD - Minuto Cero RD","og_description":"WASHINGTON.- El presidente de la Rep\u00fablica Dominicana, Luis Abinader, declar\u00f3 aqu\u00ed que \u00ablos efectos de la crisis multidimensional\u00bb en Hait\u00ed \u00abdesbordan la capacidad individual\u00bb\u00a0 de los dominicanos y constituyen \u00abuna amenaza a la estabilidad y a la seguridad de toda la regi\u00f3n\u00bb. Se\u00f1al\u00f3 que Rep\u00fablica Dominicana de manera particular enfrenta \u201cuna situaci\u00f3n singular,&nbsp;\u00fanica en todo [&hellip;]","og_url":"http:\/\/minutocerord.com\/?p=10704","og_site_name":"Minuto Cero RD","article_publisher":"https:\/\/www.facebook.com\/Genofnotes","article_author":"https:\/\/www.facebook.com\/Genofnotes","article_published_time":"2022-09-15T23:17:54+00:00","article_modified_time":"2022-09-15T23:17:55+00:00","og_image":[{"width":578,"height":353,"url":"https:\/\/i0.wp.com\/minutocerord.com\/wp-content\/uploads\/2022\/09\/Luis-Abinader-haba-nte-la-OEA.jpg?fit=578%2C353","type":"image\/jpeg"}],"author":"Genof\u00f3ntes Urb\u00e1ez","twitter_card":"summary_large_image","twitter_misc":{"Written by":"Genof\u00f3ntes Urb\u00e1ez","Est. reading time":"9 minutos"},"schema":{"@context":"https:\/\/schema.org","@graph":[{"@type":"Article","@id":"http:\/\/minutocerord.com\/?p=10704#article","isPartOf":{"@id":"http:\/\/minutocerord.com\/?p=10704"},"author":{"name":"Genof\u00f3ntes Urb\u00e1ez","@id":"https:\/\/minutocerord.com\/#\/schema\/person\/60b5372d60aaa0a5171fb6488be9aee6"},"headline":"Abinader advierte crisis de Hait\u00ed amenaza seguridad nacional RD","datePublished":"2022-09-15T23:17:54+00:00","dateModified":"2022-09-15T23:17:55+00:00","mainEntityOfPage":{"@id":"http:\/\/minutocerord.com\/?p=10704"},"wordCount":2061,"commentCount":0,"publisher":{"@id":"https:\/\/minutocerord.com\/#\/schema\/person\/60b5372d60aaa0a5171fb6488be9aee6"},"image":{"@id":"http:\/\/minutocerord.com\/?p=10704#primaryimage"},"thumbnailUrl":"https:\/\/i0.wp.com\/minutocerord.com\/wp-content\/uploads\/2022\/09\/Luis-Abinader-haba-nte-la-OEA.jpg?fit=578%2C353&ssl=1","articleSection":["Estados Unidos"],"inLanguage":"es-DO","potentialAction":[{"@type":"CommentAction","name":"Comment","target":["http:\/\/minutocerord.com\/?p=10704#respond"]}]},{"@type":"WebPage","@id":"http:\/\/minutocerord.com\/?p=10704","url":"http:\/\/minutocerord.com\/?p=10704","name":"Abinader advierte crisis de Hait\u00ed amenaza seguridad nacional RD - Minuto Cero RD","isPartOf":{"@id":"https:\/\/minutocerord.com\/#website"},"primaryImageOfPage":{"@id":"http:\/\/minutocerord.com\/?p=10704#primaryimage"},"image":{"@id":"http:\/\/minutocerord.com\/?p=10704#primaryimage"},"thumbnailUrl":"https:\/\/i0.wp.com\/minutocerord.com\/wp-content\/uploads\/2022\/09\/Luis-Abinader-haba-nte-la-OEA.jpg?fit=578%2C353&ssl=1","datePublished":"2022-09-15T23:17:54+00:00","dateModified":"2022-09-15T23:17:55+00:00","breadcrumb":{"@id":"http:\/\/minutocerord.com\/?p=10704#breadcrumb"},"inLanguage":"es-DO","potentialAction":[{"@type":"ReadAction","target":["http:\/\/minutocerord.com\/?p=10704"]}]},{"@type":"ImageObject","inLanguage":"es-DO","@id":"http:\/\/minutocerord.com\/?p=10704#primaryimage","url":"https:\/\/i0.wp.com\/minutocerord.com\/wp-content\/uploads\/2022\/09\/Luis-Abinader-haba-nte-la-OEA.jpg?fit=578%2C353&ssl=1","contentUrl":"https:\/\/i0.wp.com\/minutocerord.com\/wp-content\/uploads\/2022\/09\/Luis-Abinader-haba-nte-la-OEA.jpg?fit=578%2C353&ssl=1","width":578,"height":353},{"@type":"BreadcrumbList","@id":"http:\/\/minutocerord.com\/?p=10704#breadcrumb","itemListElement":[{"@type":"ListItem","position":1,"name":"Home","item":"https:\/\/minutocerord.com\/"},{"@type":"ListItem","position":2,"name":"Abinader advierte crisis de Hait\u00ed amenaza seguridad nacional RD"}]},{"@type":"WebSite","@id":"https:\/\/minutocerord.com\/#website","url":"https:\/\/minutocerord.com\/","name":"Minuto Cero RD","description":"Periodismo serio y veraz","publisher":{"@id":"https:\/\/minutocerord.com\/#\/schema\/person\/60b5372d60aaa0a5171fb6488be9aee6"},"potentialAction":[{"@type":"SearchAction","target":{"@type":"EntryPoint","urlTemplate":"https:\/\/minutocerord.com\/?s={search_term_string}"},"query-input":{"@type":"PropertyValueSpecification","valueRequired":true,"valueName":"search_term_string"}}],"inLanguage":"es-DO"},{"@type":["Person","Organization"],"@id":"https:\/\/minutocerord.com\/#\/schema\/person\/60b5372d60aaa0a5171fb6488be9aee6","name":"Genof\u00f3ntes Urb\u00e1ez","image":{"@type":"ImageObject","inLanguage":"es-DO","@id":"https:\/\/secure.gravatar.com\/avatar\/a49ef3186a692098ac3e8a1612261e3ad70cf9e44553dff2929e67939a0ecb9d?s=96&d=identicon&r=g","url":"https:\/\/secure.gravatar.com\/avatar\/a49ef3186a692098ac3e8a1612261e3ad70cf9e44553dff2929e67939a0ecb9d?s=96&d=identicon&r=g","contentUrl":"https:\/\/secure.gravatar.com\/avatar\/a49ef3186a692098ac3e8a1612261e3ad70cf9e44553dff2929e67939a0ecb9d?s=96&d=identicon&r=g","caption":"Genof\u00f3ntes Urb\u00e1ez"},"logo":{"@id":"https:\/\/secure.gravatar.com\/avatar\/a49ef3186a692098ac3e8a1612261e3ad70cf9e44553dff2929e67939a0ecb9d?s=96&d=identicon&r=g"},"description":"Periodista \/ Locutor","sameAs":["https:\/\/www.facebook.com\/Genofnotes","https:\/\/www.instagram.com\/genofnotes\/"]}]}},"jetpack_publicize_connections":[],"jetpack_featured_media_url":"https:\/\/i0.wp.com\/minutocerord.com\/wp-content\/uploads\/2022\/09\/Luis-Abinader-haba-nte-la-OEA.jpg?fit=578%2C353&ssl=1","jetpack-related-posts":[],"jetpack_sharing_enabled":true,"_links":{"self":[{"href":"https:\/\/minutocerord.com\/index.php?rest_route=\/wp\/v2\/posts\/10704","targetHints":{"allow":["GET"]}}],"collection":[{"href":"https:\/\/minutocerord.com\/index.php?rest_route=\/wp\/v2\/posts"}],"about":[{"href":"https:\/\/minutocerord.com\/index.php?rest_route=\/wp\/v2\/types\/post"}],"author":[{"embeddable":true,"href":"https:\/\/minutocerord.com\/index.php?rest_route=\/wp\/v2\/users\/1"}],"replies":[{"embeddable":true,"href":"https:\/\/minutocerord.com\/index.php?rest_route=%2Fwp%2Fv2%2Fcomments&post=10704"}],"version-history":[{"count":1,"href":"https:\/\/minutocerord.com\/index.php?rest_route=\/wp\/v2\/posts\/10704\/revisions"}],"predecessor-version":[{"id":10706,"href":"https:\/\/minutocerord.com\/index.php?rest_route=\/wp\/v2\/posts\/10704\/revisions\/10706"}],"wp:featuredmedia":[{"embeddable":true,"href":"https:\/\/minutocerord.com\/index.php?rest_route=\/wp\/v2\/media\/10705"}],"wp:attachment":[{"href":"https:\/\/minutocerord.com\/index.php?rest_route=%2Fwp%2Fv2%2Fmedia&parent=10704"}],"wp:term":[{"taxonomy":"category","embeddable":true,"href":"https:\/\/minutocerord.com\/index.php?rest_route=%2Fwp%2Fv2%2Fcategories&post=10704"},{"taxonomy":"post_tag","embeddable":true,"href":"https:\/\/minutocerord.com\/index.php?rest_route=%2Fwp%2Fv2%2Ftags&post=10704"}],"curies":[{"name":"wp","href":"https:\/\/api.w.org\/{rel}","templated":true}]}}