{"id":1071,"date":"2020-11-30T12:50:38","date_gmt":"2020-11-30T16:50:38","guid":{"rendered":"https:\/\/minutocerord.com\/?p=1071"},"modified":"2020-11-30T12:50:40","modified_gmt":"2020-11-30T16:50:40","slug":"pasaron-su-primera-noche-presos-los-diez-a-quien-vinculan-con-corrupcion","status":"publish","type":"post","link":"https:\/\/minutocerord.com\/?p=1071","title":{"rendered":"Pasaron su primera noche presos los diez a quien vinculan con corrupci\u00f3n"},"content":{"rendered":"\n<p>Santo Domingo.- Pasaron su primera noche bajo arresto en el Palacio de Justicia de Ciudad Nueva, de esta capital, diez personas que fueron detenidas ayer&nbsp; por la Procuradur\u00eda Especializada de Persecuci\u00f3n de la Corrupci\u00f3n Administrativa (Pepca)&nbsp; porque supuestamente&nbsp; aprovecharon v\u00ednculos con el poder pol\u00edtico para acumular fortunas durante el pasado de gobierno de Danilo Medina.<\/p>\n\n\n\n<p>Aparentemente la cantidad de camas de la peque\u00f1a c\u00e1rcel de ese recinto judicial era insuficiente para acoger a todos los detenidos.&nbsp; Esto se deduce del hecho de que al caer la tarde fueron llevadas all\u00ed seis colchonetas en una camioneta del&nbsp; \u201cPlan de Humanizaci\u00f3n del Sistema Penitenciario\u201d.<\/p>\n\n\n\n<p>Los arrestos comenzaron el domingo en la madrugda.&nbsp; Seg\u00fan inform\u00f3 la Procuradur\u00eda General de la Rep\u00fablica (PGR) este domingo en un comunicado, entre los primeros detenidos figura Francisco Pag\u00e1n, exdirector general de la Oficina de Ingenieros Supervisores de Obras del Estado (Oisoe); Carmen Magalys Medina S\u00e1nchez, exvicepresidenta del Fondo Patrimonial de las Empresas Reformadas (Fonper) y su hermano Juan Alexis Medina S\u00e1nchez, indic\u00f3 la PGR.<\/p>\n\n\n\n<p>Asimismo, el exdirector del Fonper, Fernando Rosa; el&nbsp; exministro de Salud P\u00fablica, Freddy Hidalgo as\u00ed como&nbsp; Aquiles Alejandro Cristofer S\u00e1nchez, Juli\u00e1n Esteban Suriel Suazo, Jos\u00e9 Dolores Santana Carmona, Rafael Antonio Germos\u00e9n And\u00fajar y Domingo Antonio Santiago Mu\u00f1oz.<\/p>\n\n\n\n<figure class=\"wp-block-image\" id=\"attachment_668197\"><a href=\"https:\/\/i0.wp.com\/almomento.net\/wp-content\/uploads\/2020\/11\/ter.jpg?ssl=1\"><img data-recalc-dims=\"1\" decoding=\"async\" loading=\"lazy\" src=\"https:\/\/i0.wp.com\/almomento.net\/wp-content\/uploads\/2020\/11\/ter.jpg?w=640&#038;ssl=1\" alt=\"\" class=\"wp-image-668197\"\/><\/a><figcaption>Juan Alexis Medina S\u00e1nchez, Carmen Magalys Medina S\u00e1nchez y Francisco Pag\u00e1n<\/figcaption><\/figure>\n\n\n\n<p>La Pepca inform\u00f3 que los apresados \u00abforman parte del grupo de exfuncionarios, as\u00ed como de proveedores privilegiados y testaferros que aprovecharon v\u00ednculos familiares con el poder pol\u00edtico para acumular fortunas durante el pasado per\u00edodo de gobierno\u00bb.<\/p>\n","protected":false},"excerpt":{"rendered":"<p>Santo Domingo.- Pasaron su primera noche bajo arresto en el Palacio de Justicia de Ciudad Nueva, de esta capital, diez personas que fueron detenidas ayer&nbsp; por la Procuradur\u00eda Especializada de Persecuci\u00f3n de la Corrupci\u00f3n Administrativa (Pepca)&nbsp; porque supuestamente&nbsp; aprovecharon v\u00ednculos con el poder pol\u00edtico para acumular fortunas durante el pasado de gobierno de Danilo Medina. [&hellip;]<\/p>\n","protected":false},"author":1,"featured_media":1072,"comment_status":"open","ping_status":"open","sticky":false,"template":"","format":"standard","meta":{"nf_dc_page":"","jetpack_post_was_ever_published":false,"_jetpack_newsletter_access":"","_jetpack_dont_email_post_to_subs":false,"_jetpack_newsletter_tier_id":0,"_jetpack_memberships_contains_paywalled_content":false,"_jetpack_memberships_contains_paid_content":false,"footnotes":"","jetpack_publicize_message":"","jetpack_publicize_feature_enabled":true,"jetpack_social_post_already_shared":false,"jetpack_social_options":{"image_generator_settings":{"template":"highway","default_image_id":0,"font":"","enabled":false},"version":2}},"categories":[93],"tags":[],"class_list":["post-1071","post","type-post","status-publish","format-standard","has-post-thumbnail","hentry","category-justicia"],"yoast_head":"<!-- This site is optimized with the Yoast SEO plugin v27.4 - https:\/\/yoast.com\/product\/yoast-seo-wordpress\/ -->\n<title>Pasaron su primera noche presos los diez a quien vinculan con corrupci\u00f3n - Minuto Cero RD<\/title>\n<meta name=\"robots\" content=\"index, follow, max-snippet:-1, max-image-preview:large, max-video-preview:-1\" \/>\n<link rel=\"canonical\" href=\"http:\/\/minutocerord.com\/?p=1071\" \/>\n<meta property=\"og:locale\" content=\"es_ES\" \/>\n<meta property=\"og:type\" content=\"article\" \/>\n<meta property=\"og:title\" content=\"Pasaron su primera noche presos los diez a quien vinculan con corrupci\u00f3n - Minuto Cero RD\" \/>\n<meta property=\"og:description\" content=\"Santo Domingo.- Pasaron su primera noche bajo arresto en el Palacio de Justicia de Ciudad Nueva, de esta capital, diez personas que fueron detenidas ayer&nbsp; por la Procuradur\u00eda Especializada de Persecuci\u00f3n de la Corrupci\u00f3n Administrativa (Pepca)&nbsp; porque supuestamente&nbsp; aprovecharon v\u00ednculos con el poder pol\u00edtico para acumular fortunas durante el pasado de gobierno de Danilo Medina. [&hellip;]\" \/>\n<meta property=\"og:url\" content=\"http:\/\/minutocerord.com\/?p=1071\" \/>\n<meta property=\"og:site_name\" content=\"Minuto Cero RD\" \/>\n<meta property=\"article:publisher\" content=\"https:\/\/www.facebook.com\/Genofnotes\" \/>\n<meta property=\"article:author\" content=\"https:\/\/www.facebook.com\/Genofnotes\" \/>\n<meta property=\"article:published_time\" content=\"2020-11-30T16:50:38+00:00\" \/>\n<meta property=\"article:modified_time\" content=\"2020-11-30T16:50:40+00:00\" \/>\n<meta property=\"og:image\" content=\"https:\/\/i0.wp.com\/minutocerord.com\/wp-content\/uploads\/2020\/11\/El-Palacio-de-Justicia-de-Ciudad-Nueva-estaba-anoche-en-total-tranquilidad..jpg?fit=755%2C423\" \/>\n\t<meta property=\"og:image:width\" content=\"755\" \/>\n\t<meta property=\"og:image:height\" content=\"423\" \/>\n\t<meta property=\"og:image:type\" content=\"image\/jpeg\" \/>\n<meta name=\"author\" content=\"Genof\u00f3ntes Urb\u00e1ez\" \/>\n<meta name=\"twitter:card\" content=\"summary_large_image\" \/>\n<meta name=\"twitter:label1\" content=\"Written by\" \/>\n\t<meta name=\"twitter:data1\" content=\"Genof\u00f3ntes Urb\u00e1ez\" \/>\n\t<meta name=\"twitter:label2\" content=\"Est. reading time\" \/>\n\t<meta name=\"twitter:data2\" content=\"1 minuto\" \/>\n<script type=\"application\/ld+json\" class=\"yoast-schema-graph\">{\"@context\":\"https:\\\/\\\/schema.org\",\"@graph\":[{\"@type\":\"Article\",\"@id\":\"http:\\\/\\\/minutocerord.com\\\/?p=1071#article\",\"isPartOf\":{\"@id\":\"http:\\\/\\\/minutocerord.com\\\/?p=1071\"},\"author\":{\"name\":\"Genof\u00f3ntes Urb\u00e1ez\",\"@id\":\"https:\\\/\\\/minutocerord.com\\\/#\\\/schema\\\/person\\\/60b5372d60aaa0a5171fb6488be9aee6\"},\"headline\":\"Pasaron su primera noche presos los diez a quien vinculan con corrupci\u00f3n\",\"datePublished\":\"2020-11-30T16:50:38+00:00\",\"dateModified\":\"2020-11-30T16:50:40+00:00\",\"mainEntityOfPage\":{\"@id\":\"http:\\\/\\\/minutocerord.com\\\/?p=1071\"},\"wordCount\":299,\"commentCount\":0,\"publisher\":{\"@id\":\"https:\\\/\\\/minutocerord.com\\\/#\\\/schema\\\/person\\\/60b5372d60aaa0a5171fb6488be9aee6\"},\"image\":{\"@id\":\"http:\\\/\\\/minutocerord.com\\\/?p=1071#primaryimage\"},\"thumbnailUrl\":\"https:\\\/\\\/i0.wp.com\\\/minutocerord.com\\\/wp-content\\\/uploads\\\/2020\\\/11\\\/El-Palacio-de-Justicia-de-Ciudad-Nueva-estaba-anoche-en-total-tranquilidad..jpg?fit=755%2C423&ssl=1\",\"articleSection\":[\"Justicia\"],\"inLanguage\":\"es-DO\",\"potentialAction\":[{\"@type\":\"CommentAction\",\"name\":\"Comment\",\"target\":[\"http:\\\/\\\/minutocerord.com\\\/?p=1071#respond\"]}]},{\"@type\":\"WebPage\",\"@id\":\"http:\\\/\\\/minutocerord.com\\\/?p=1071\",\"url\":\"http:\\\/\\\/minutocerord.com\\\/?p=1071\",\"name\":\"Pasaron su primera noche presos los diez a quien vinculan con corrupci\u00f3n - Minuto Cero RD\",\"isPartOf\":{\"@id\":\"https:\\\/\\\/minutocerord.com\\\/#website\"},\"primaryImageOfPage\":{\"@id\":\"http:\\\/\\\/minutocerord.com\\\/?p=1071#primaryimage\"},\"image\":{\"@id\":\"http:\\\/\\\/minutocerord.com\\\/?p=1071#primaryimage\"},\"thumbnailUrl\":\"https:\\\/\\\/i0.wp.com\\\/minutocerord.com\\\/wp-content\\\/uploads\\\/2020\\\/11\\\/El-Palacio-de-Justicia-de-Ciudad-Nueva-estaba-anoche-en-total-tranquilidad..jpg?fit=755%2C423&ssl=1\",\"datePublished\":\"2020-11-30T16:50:38+00:00\",\"dateModified\":\"2020-11-30T16:50:40+00:00\",\"breadcrumb\":{\"@id\":\"http:\\\/\\\/minutocerord.com\\\/?p=1071#breadcrumb\"},\"inLanguage\":\"es-DO\",\"potentialAction\":[{\"@type\":\"ReadAction\",\"target\":[\"http:\\\/\\\/minutocerord.com\\\/?p=1071\"]}]},{\"@type\":\"ImageObject\",\"inLanguage\":\"es-DO\",\"@id\":\"http:\\\/\\\/minutocerord.com\\\/?p=1071#primaryimage\",\"url\":\"https:\\\/\\\/i0.wp.com\\\/minutocerord.com\\\/wp-content\\\/uploads\\\/2020\\\/11\\\/El-Palacio-de-Justicia-de-Ciudad-Nueva-estaba-anoche-en-total-tranquilidad..jpg?fit=755%2C423&ssl=1\",\"contentUrl\":\"https:\\\/\\\/i0.wp.com\\\/minutocerord.com\\\/wp-content\\\/uploads\\\/2020\\\/11\\\/El-Palacio-de-Justicia-de-Ciudad-Nueva-estaba-anoche-en-total-tranquilidad..jpg?fit=755%2C423&ssl=1\",\"width\":755,\"height\":423},{\"@type\":\"BreadcrumbList\",\"@id\":\"http:\\\/\\\/minutocerord.com\\\/?p=1071#breadcrumb\",\"itemListElement\":[{\"@type\":\"ListItem\",\"position\":1,\"name\":\"Home\",\"item\":\"https:\\\/\\\/minutocerord.com\\\/\"},{\"@type\":\"ListItem\",\"position\":2,\"name\":\"Pasaron su primera noche presos los diez a quien vinculan con corrupci\u00f3n\"}]},{\"@type\":\"WebSite\",\"@id\":\"https:\\\/\\\/minutocerord.com\\\/#website\",\"url\":\"https:\\\/\\\/minutocerord.com\\\/\",\"name\":\"Minuto Cero RD\",\"description\":\"Periodismo serio y veraz\",\"publisher\":{\"@id\":\"https:\\\/\\\/minutocerord.com\\\/#\\\/schema\\\/person\\\/60b5372d60aaa0a5171fb6488be9aee6\"},\"potentialAction\":[{\"@type\":\"SearchAction\",\"target\":{\"@type\":\"EntryPoint\",\"urlTemplate\":\"https:\\\/\\\/minutocerord.com\\\/?s={search_term_string}\"},\"query-input\":{\"@type\":\"PropertyValueSpecification\",\"valueRequired\":true,\"valueName\":\"search_term_string\"}}],\"inLanguage\":\"es-DO\"},{\"@type\":[\"Person\",\"Organization\"],\"@id\":\"https:\\\/\\\/minutocerord.com\\\/#\\\/schema\\\/person\\\/60b5372d60aaa0a5171fb6488be9aee6\",\"name\":\"Genof\u00f3ntes Urb\u00e1ez\",\"image\":{\"@type\":\"ImageObject\",\"inLanguage\":\"es-DO\",\"@id\":\"https:\\\/\\\/secure.gravatar.com\\\/avatar\\\/a49ef3186a692098ac3e8a1612261e3ad70cf9e44553dff2929e67939a0ecb9d?s=96&d=identicon&r=g\",\"url\":\"https:\\\/\\\/secure.gravatar.com\\\/avatar\\\/a49ef3186a692098ac3e8a1612261e3ad70cf9e44553dff2929e67939a0ecb9d?s=96&d=identicon&r=g\",\"contentUrl\":\"https:\\\/\\\/secure.gravatar.com\\\/avatar\\\/a49ef3186a692098ac3e8a1612261e3ad70cf9e44553dff2929e67939a0ecb9d?s=96&d=identicon&r=g\",\"caption\":\"Genof\u00f3ntes Urb\u00e1ez\"},\"logo\":{\"@id\":\"https:\\\/\\\/secure.gravatar.com\\\/avatar\\\/a49ef3186a692098ac3e8a1612261e3ad70cf9e44553dff2929e67939a0ecb9d?s=96&d=identicon&r=g\"},\"description\":\"Periodista \\\/ Locutor\",\"sameAs\":[\"https:\\\/\\\/www.facebook.com\\\/Genofnotes\",\"https:\\\/\\\/www.instagram.com\\\/genofnotes\\\/\"]}]}<\/script>\n<!-- \/ Yoast SEO plugin. -->","yoast_head_json":{"title":"Pasaron su primera noche presos los diez a quien vinculan con corrupci\u00f3n - Minuto Cero RD","robots":{"index":"index","follow":"follow","max-snippet":"max-snippet:-1","max-image-preview":"max-image-preview:large","max-video-preview":"max-video-preview:-1"},"canonical":"http:\/\/minutocerord.com\/?p=1071","og_locale":"es_ES","og_type":"article","og_title":"Pasaron su primera noche presos los diez a quien vinculan con corrupci\u00f3n - Minuto Cero RD","og_description":"Santo Domingo.- Pasaron su primera noche bajo arresto en el Palacio de Justicia de Ciudad Nueva, de esta capital, diez personas que fueron detenidas ayer&nbsp; por la Procuradur\u00eda Especializada de Persecuci\u00f3n de la Corrupci\u00f3n Administrativa (Pepca)&nbsp; porque supuestamente&nbsp; aprovecharon v\u00ednculos con el poder pol\u00edtico para acumular fortunas durante el pasado de gobierno de Danilo Medina. [&hellip;]","og_url":"http:\/\/minutocerord.com\/?p=1071","og_site_name":"Minuto Cero RD","article_publisher":"https:\/\/www.facebook.com\/Genofnotes","article_author":"https:\/\/www.facebook.com\/Genofnotes","article_published_time":"2020-11-30T16:50:38+00:00","article_modified_time":"2020-11-30T16:50:40+00:00","og_image":[{"width":755,"height":423,"url":"https:\/\/i0.wp.com\/minutocerord.com\/wp-content\/uploads\/2020\/11\/El-Palacio-de-Justicia-de-Ciudad-Nueva-estaba-anoche-en-total-tranquilidad..jpg?fit=755%2C423","type":"image\/jpeg"}],"author":"Genof\u00f3ntes Urb\u00e1ez","twitter_card":"summary_large_image","twitter_misc":{"Written by":"Genof\u00f3ntes Urb\u00e1ez","Est. reading time":"1 minuto"},"schema":{"@context":"https:\/\/schema.org","@graph":[{"@type":"Article","@id":"http:\/\/minutocerord.com\/?p=1071#article","isPartOf":{"@id":"http:\/\/minutocerord.com\/?p=1071"},"author":{"name":"Genof\u00f3ntes Urb\u00e1ez","@id":"https:\/\/minutocerord.com\/#\/schema\/person\/60b5372d60aaa0a5171fb6488be9aee6"},"headline":"Pasaron su primera noche presos los diez a quien vinculan con corrupci\u00f3n","datePublished":"2020-11-30T16:50:38+00:00","dateModified":"2020-11-30T16:50:40+00:00","mainEntityOfPage":{"@id":"http:\/\/minutocerord.com\/?p=1071"},"wordCount":299,"commentCount":0,"publisher":{"@id":"https:\/\/minutocerord.com\/#\/schema\/person\/60b5372d60aaa0a5171fb6488be9aee6"},"image":{"@id":"http:\/\/minutocerord.com\/?p=1071#primaryimage"},"thumbnailUrl":"https:\/\/i0.wp.com\/minutocerord.com\/wp-content\/uploads\/2020\/11\/El-Palacio-de-Justicia-de-Ciudad-Nueva-estaba-anoche-en-total-tranquilidad..jpg?fit=755%2C423&ssl=1","articleSection":["Justicia"],"inLanguage":"es-DO","potentialAction":[{"@type":"CommentAction","name":"Comment","target":["http:\/\/minutocerord.com\/?p=1071#respond"]}]},{"@type":"WebPage","@id":"http:\/\/minutocerord.com\/?p=1071","url":"http:\/\/minutocerord.com\/?p=1071","name":"Pasaron su primera noche presos los diez a quien vinculan con corrupci\u00f3n - Minuto Cero RD","isPartOf":{"@id":"https:\/\/minutocerord.com\/#website"},"primaryImageOfPage":{"@id":"http:\/\/minutocerord.com\/?p=1071#primaryimage"},"image":{"@id":"http:\/\/minutocerord.com\/?p=1071#primaryimage"},"thumbnailUrl":"https:\/\/i0.wp.com\/minutocerord.com\/wp-content\/uploads\/2020\/11\/El-Palacio-de-Justicia-de-Ciudad-Nueva-estaba-anoche-en-total-tranquilidad..jpg?fit=755%2C423&ssl=1","datePublished":"2020-11-30T16:50:38+00:00","dateModified":"2020-11-30T16:50:40+00:00","breadcrumb":{"@id":"http:\/\/minutocerord.com\/?p=1071#breadcrumb"},"inLanguage":"es-DO","potentialAction":[{"@type":"ReadAction","target":["http:\/\/minutocerord.com\/?p=1071"]}]},{"@type":"ImageObject","inLanguage":"es-DO","@id":"http:\/\/minutocerord.com\/?p=1071#primaryimage","url":"https:\/\/i0.wp.com\/minutocerord.com\/wp-content\/uploads\/2020\/11\/El-Palacio-de-Justicia-de-Ciudad-Nueva-estaba-anoche-en-total-tranquilidad..jpg?fit=755%2C423&ssl=1","contentUrl":"https:\/\/i0.wp.com\/minutocerord.com\/wp-content\/uploads\/2020\/11\/El-Palacio-de-Justicia-de-Ciudad-Nueva-estaba-anoche-en-total-tranquilidad..jpg?fit=755%2C423&ssl=1","width":755,"height":423},{"@type":"BreadcrumbList","@id":"http:\/\/minutocerord.com\/?p=1071#breadcrumb","itemListElement":[{"@type":"ListItem","position":1,"name":"Home","item":"https:\/\/minutocerord.com\/"},{"@type":"ListItem","position":2,"name":"Pasaron su primera noche presos los diez a quien vinculan con corrupci\u00f3n"}]},{"@type":"WebSite","@id":"https:\/\/minutocerord.com\/#website","url":"https:\/\/minutocerord.com\/","name":"Minuto Cero RD","description":"Periodismo serio y veraz","publisher":{"@id":"https:\/\/minutocerord.com\/#\/schema\/person\/60b5372d60aaa0a5171fb6488be9aee6"},"potentialAction":[{"@type":"SearchAction","target":{"@type":"EntryPoint","urlTemplate":"https:\/\/minutocerord.com\/?s={search_term_string}"},"query-input":{"@type":"PropertyValueSpecification","valueRequired":true,"valueName":"search_term_string"}}],"inLanguage":"es-DO"},{"@type":["Person","Organization"],"@id":"https:\/\/minutocerord.com\/#\/schema\/person\/60b5372d60aaa0a5171fb6488be9aee6","name":"Genof\u00f3ntes Urb\u00e1ez","image":{"@type":"ImageObject","inLanguage":"es-DO","@id":"https:\/\/secure.gravatar.com\/avatar\/a49ef3186a692098ac3e8a1612261e3ad70cf9e44553dff2929e67939a0ecb9d?s=96&d=identicon&r=g","url":"https:\/\/secure.gravatar.com\/avatar\/a49ef3186a692098ac3e8a1612261e3ad70cf9e44553dff2929e67939a0ecb9d?s=96&d=identicon&r=g","contentUrl":"https:\/\/secure.gravatar.com\/avatar\/a49ef3186a692098ac3e8a1612261e3ad70cf9e44553dff2929e67939a0ecb9d?s=96&d=identicon&r=g","caption":"Genof\u00f3ntes Urb\u00e1ez"},"logo":{"@id":"https:\/\/secure.gravatar.com\/avatar\/a49ef3186a692098ac3e8a1612261e3ad70cf9e44553dff2929e67939a0ecb9d?s=96&d=identicon&r=g"},"description":"Periodista \/ Locutor","sameAs":["https:\/\/www.facebook.com\/Genofnotes","https:\/\/www.instagram.com\/genofnotes\/"]}]}},"jetpack_publicize_connections":[],"jetpack_featured_media_url":"https:\/\/i0.wp.com\/minutocerord.com\/wp-content\/uploads\/2020\/11\/El-Palacio-de-Justicia-de-Ciudad-Nueva-estaba-anoche-en-total-tranquilidad..jpg?fit=755%2C423&ssl=1","jetpack-related-posts":[],"jetpack_sharing_enabled":true,"_links":{"self":[{"href":"https:\/\/minutocerord.com\/index.php?rest_route=\/wp\/v2\/posts\/1071","targetHints":{"allow":["GET"]}}],"collection":[{"href":"https:\/\/minutocerord.com\/index.php?rest_route=\/wp\/v2\/posts"}],"about":[{"href":"https:\/\/minutocerord.com\/index.php?rest_route=\/wp\/v2\/types\/post"}],"author":[{"embeddable":true,"href":"https:\/\/minutocerord.com\/index.php?rest_route=\/wp\/v2\/users\/1"}],"replies":[{"embeddable":true,"href":"https:\/\/minutocerord.com\/index.php?rest_route=%2Fwp%2Fv2%2Fcomments&post=1071"}],"version-history":[{"count":1,"href":"https:\/\/minutocerord.com\/index.php?rest_route=\/wp\/v2\/posts\/1071\/revisions"}],"predecessor-version":[{"id":1073,"href":"https:\/\/minutocerord.com\/index.php?rest_route=\/wp\/v2\/posts\/1071\/revisions\/1073"}],"wp:featuredmedia":[{"embeddable":true,"href":"https:\/\/minutocerord.com\/index.php?rest_route=\/wp\/v2\/media\/1072"}],"wp:attachment":[{"href":"https:\/\/minutocerord.com\/index.php?rest_route=%2Fwp%2Fv2%2Fmedia&parent=1071"}],"wp:term":[{"taxonomy":"category","embeddable":true,"href":"https:\/\/minutocerord.com\/index.php?rest_route=%2Fwp%2Fv2%2Fcategories&post=1071"},{"taxonomy":"post_tag","embeddable":true,"href":"https:\/\/minutocerord.com\/index.php?rest_route=%2Fwp%2Fv2%2Ftags&post=1071"}],"curies":[{"name":"wp","href":"https:\/\/api.w.org\/{rel}","templated":true}]}}