{"id":10710,"date":"2022-09-15T19:45:43","date_gmt":"2022-09-15T23:45:43","guid":{"rendered":"https:\/\/minutocerord.com\/?p=10710"},"modified":"2022-09-15T19:45:46","modified_gmt":"2022-09-15T23:45:46","slug":"envian-tropas-especiales-a-embajada-dominicana-en-haiti","status":"publish","type":"post","link":"https:\/\/minutocerord.com\/?p=10710","title":{"rendered":"Env\u00edan tropas especiales a embajada dominicana en Hait\u00ed"},"content":{"rendered":"\n<p><strong>Santo Domingo.-<\/strong> La Rep\u00fablica Dominicana envi\u00f3 tropas especiales para proteger su sede diplom\u00e1tica en Puerto Pr\u00edncipe, Hait\u00ed, a ra\u00edz de la escala de violencia que vive el vecino pa\u00eds.<\/p>\n\n\n\n<p>List\u00edn Diario supo que el equipo fue enviado en las \u00faltimas horas, como un plan de contingencia.<\/p>\n\n\n\n<p><strong>Hait\u00ed vive una crisis pol\u00edtica y social que ha desatado violencia<\/strong>, convirtiendo al pa\u00eds vecino en m\u00e1s vulnerable, sobre todo para mujeres y ni\u00f1os. A la situaci\u00f3n se ha sumado la escasez y alza de los precios de los combustibles.<\/p>\n\n\n\n<p>El mi\u00e9rcoles, se registraron protestas contra los incrementos, y los manifestantes bloquearon calles de Puerto Pr\u00edncipe con rocas, neum\u00e1ticos incendiados, rejas de metal, dejando la capital sin tr\u00e1fico. Escuelas y negocios, incluyendo bancos, tambi\u00e9n cerraron mientras varias columnas de humo se elevaban por toda la ciudad.<\/p>\n\n\n\n<p><strong><a href=\"https:\/\/listindiario.com\/la-republica\/2022\/09\/08\/737793\/prohiben-entrada-al-pais-a-claude-joseph-y-12-lideres-de-bandas\">La semana pasada el Gobierno dominicano emiti\u00f3 una alerta&nbsp;<\/a>&nbsp;<\/strong>mediante la que proh\u00edbe la entrada a esta naci\u00f3n al exprimer ministro interino de Hait\u00ed,&nbsp;Claude Joseph, as\u00ed como a 12 l\u00edderes de bandas haitianas: Jimmy Cherizier (Barbecue); Innocent Vitel\u2019Homme (Vitelom &#8211; Gang Vitelom (Torcelle); Destina Renel alias&nbsp; Ti Lapli &#8211; Gang Grand Ravine; Wilson Joseph conocido como Lanmo San Jou, de la banda 400 Mawozo.<\/p>\n\n\n\n<p>Adem\u00e1s de&nbsp;<strong>Claudy Celestin conocido como Chen Mechan- Gang Chen Mechan (Carrefour-Tabarre)<\/strong>; Alexandre Ezechiel (Ze &#8211; Baz Pilat); Kempes Sanon Baz BelAir; Chery Christ-Roi, conocido como Chris-La; F\u00e9lix Monel alias Mikano \u2013 Baz Waff Jeremie; Jean Pierre Gabriel alias Ti Gabriel &#8211; Gp\u00e8p; Alexis Serge Renel&nbsp; Ti Junior y Orlichen Emile (Pe Lebren- Baz Delmas).<\/p>\n\n\n\n<p><strong>Hait\u00ed en los \u00faltimos meses&nbsp;<\/strong><\/p>\n\n\n\n<p>En los \u00faltimos meses, la violencia desatada por las pandillas ha provocado cientos de personas, lo que ha sido causante del ahondamiento de la crisis pol\u00edtica y de derechos humanos en el pa\u00eds, seg\u00fan ha estimado Human Rights Watch.<\/p>\n\n\n\n<p><strong>Un informe de Naciones Unidas registra que las pandillas&nbsp;<\/strong>han secuestrado y asesinado, desde los primeros d\u00edas de julio pasado, a cientos de personas en la capital, Puerto Pr\u00edncipe.<\/p>\n\n\n\n<p>De acuerdo a la ONU, en Hait\u00ed, 540 personas fueron secuestradas y m\u00e1s de 780 asesinadas entre enero y mayo de este a\u00f1o.<\/p>\n\n\n\n<p>En los \u00faltimos cinco meses de 2021, 396 personas fueron secuestradas y 668 asesinadas.<\/p>\n\n\n\n<p>Entre las muertes recientes producto de la violencia, est\u00e1n la de los periodistas haitianos&nbsp;<a href=\"https:\/\/listindiario.com\/las-mundiales\/2022\/09\/13\/738511\/brutal-asesinan-y-luego-queman-a-dos-periodistas\" target=\"_blank\" rel=\"noreferrer noopener\"><strong>&nbsp;Tayson Latigue y Frantzsen Charles,&nbsp;<\/strong><\/a>&nbsp;ocurridas el domingo pasado.<\/p>\n\n\n\n<p>Latigue trabajaba para Ti Jenn Journalis, y Charles para FS News. Ambos fueron atacados por una banda armada en la&nbsp;barriada capitalina de Cit\u00e9 Soleil, donde fueron para realizar, junto a otros cinco periodistas, un reportaje con los padres de una ni\u00f1a que fue asesinada.&nbsp;<\/p>\n","protected":false},"excerpt":{"rendered":"<p>Santo Domingo.- La Rep\u00fablica Dominicana envi\u00f3 tropas especiales para proteger su sede diplom\u00e1tica en Puerto Pr\u00edncipe, Hait\u00ed, a ra\u00edz de la escala de violencia que vive el vecino pa\u00eds. List\u00edn Diario supo que el equipo fue enviado en las \u00faltimas horas, como un plan de contingencia. Hait\u00ed vive una crisis pol\u00edtica y social que ha [&hellip;]<\/p>\n","protected":false},"author":1,"featured_media":10711,"comment_status":"open","ping_status":"open","sticky":false,"template":"","format":"standard","meta":{"nf_dc_page":"","jetpack_post_was_ever_published":false,"_jetpack_newsletter_access":"","_jetpack_dont_email_post_to_subs":false,"_jetpack_newsletter_tier_id":0,"_jetpack_memberships_contains_paywalled_content":false,"_jetpack_memberships_contains_paid_content":false,"footnotes":"","jetpack_publicize_message":"","jetpack_publicize_feature_enabled":true,"jetpack_social_post_already_shared":false,"jetpack_social_options":{"image_generator_settings":{"template":"highway","default_image_id":0,"font":"","enabled":false},"version":2}},"categories":[65],"tags":[],"class_list":["post-10710","post","type-post","status-publish","format-standard","has-post-thumbnail","hentry","category-nacionales"],"yoast_head":"<!-- This site is optimized with the Yoast SEO plugin v27.4 - https:\/\/yoast.com\/product\/yoast-seo-wordpress\/ -->\n<title>Env\u00edan tropas especiales a embajada dominicana en Hait\u00ed - Minuto Cero RD<\/title>\n<meta name=\"robots\" content=\"index, follow, max-snippet:-1, max-image-preview:large, max-video-preview:-1\" \/>\n<link rel=\"canonical\" href=\"http:\/\/minutocerord.com\/?p=10710\" \/>\n<meta property=\"og:locale\" content=\"es_ES\" \/>\n<meta property=\"og:type\" content=\"article\" \/>\n<meta property=\"og:title\" content=\"Env\u00edan tropas especiales a embajada dominicana en Hait\u00ed - Minuto Cero RD\" \/>\n<meta property=\"og:description\" content=\"Santo Domingo.- La Rep\u00fablica Dominicana envi\u00f3 tropas especiales para proteger su sede diplom\u00e1tica en Puerto Pr\u00edncipe, Hait\u00ed, a ra\u00edz de la escala de violencia que vive el vecino pa\u00eds. List\u00edn Diario supo que el equipo fue enviado en las \u00faltimas horas, como un plan de contingencia. Hait\u00ed vive una crisis pol\u00edtica y social que ha [&hellip;]\" \/>\n<meta property=\"og:url\" content=\"http:\/\/minutocerord.com\/?p=10710\" \/>\n<meta property=\"og:site_name\" content=\"Minuto Cero RD\" \/>\n<meta property=\"article:publisher\" content=\"https:\/\/www.facebook.com\/Genofnotes\" \/>\n<meta property=\"article:author\" content=\"https:\/\/www.facebook.com\/Genofnotes\" \/>\n<meta property=\"article:published_time\" content=\"2022-09-15T23:45:43+00:00\" \/>\n<meta property=\"article:modified_time\" content=\"2022-09-15T23:45:46+00:00\" \/>\n<meta property=\"og:image\" content=\"https:\/\/i0.wp.com\/minutocerord.com\/wp-content\/uploads\/2022\/09\/301577646_8448742951803297_1961222267562592761_n-1.jpg?fit=810%2C540\" \/>\n\t<meta property=\"og:image:width\" content=\"810\" \/>\n\t<meta property=\"og:image:height\" content=\"540\" \/>\n\t<meta property=\"og:image:type\" content=\"image\/jpeg\" \/>\n<meta name=\"author\" content=\"Genof\u00f3ntes Urb\u00e1ez\" \/>\n<meta name=\"twitter:card\" content=\"summary_large_image\" \/>\n<meta name=\"twitter:label1\" content=\"Written by\" \/>\n\t<meta name=\"twitter:data1\" content=\"Genof\u00f3ntes Urb\u00e1ez\" \/>\n\t<meta name=\"twitter:label2\" content=\"Est. reading time\" \/>\n\t<meta name=\"twitter:data2\" content=\"2 minutos\" \/>\n<script type=\"application\/ld+json\" class=\"yoast-schema-graph\">{\"@context\":\"https:\\\/\\\/schema.org\",\"@graph\":[{\"@type\":\"Article\",\"@id\":\"http:\\\/\\\/minutocerord.com\\\/?p=10710#article\",\"isPartOf\":{\"@id\":\"http:\\\/\\\/minutocerord.com\\\/?p=10710\"},\"author\":{\"name\":\"Genof\u00f3ntes Urb\u00e1ez\",\"@id\":\"https:\\\/\\\/minutocerord.com\\\/#\\\/schema\\\/person\\\/60b5372d60aaa0a5171fb6488be9aee6\"},\"headline\":\"Env\u00edan tropas especiales a embajada dominicana en Hait\u00ed\",\"datePublished\":\"2022-09-15T23:45:43+00:00\",\"dateModified\":\"2022-09-15T23:45:46+00:00\",\"mainEntityOfPage\":{\"@id\":\"http:\\\/\\\/minutocerord.com\\\/?p=10710\"},\"wordCount\":478,\"commentCount\":0,\"publisher\":{\"@id\":\"https:\\\/\\\/minutocerord.com\\\/#\\\/schema\\\/person\\\/60b5372d60aaa0a5171fb6488be9aee6\"},\"image\":{\"@id\":\"http:\\\/\\\/minutocerord.com\\\/?p=10710#primaryimage\"},\"thumbnailUrl\":\"https:\\\/\\\/i0.wp.com\\\/minutocerord.com\\\/wp-content\\\/uploads\\\/2022\\\/09\\\/301577646_8448742951803297_1961222267562592761_n-1.jpg?fit=810%2C540&ssl=1\",\"articleSection\":[\"Nacionales\"],\"inLanguage\":\"es-DO\",\"potentialAction\":[{\"@type\":\"CommentAction\",\"name\":\"Comment\",\"target\":[\"http:\\\/\\\/minutocerord.com\\\/?p=10710#respond\"]}]},{\"@type\":\"WebPage\",\"@id\":\"http:\\\/\\\/minutocerord.com\\\/?p=10710\",\"url\":\"http:\\\/\\\/minutocerord.com\\\/?p=10710\",\"name\":\"Env\u00edan tropas especiales a embajada dominicana en Hait\u00ed - Minuto Cero RD\",\"isPartOf\":{\"@id\":\"https:\\\/\\\/minutocerord.com\\\/#website\"},\"primaryImageOfPage\":{\"@id\":\"http:\\\/\\\/minutocerord.com\\\/?p=10710#primaryimage\"},\"image\":{\"@id\":\"http:\\\/\\\/minutocerord.com\\\/?p=10710#primaryimage\"},\"thumbnailUrl\":\"https:\\\/\\\/i0.wp.com\\\/minutocerord.com\\\/wp-content\\\/uploads\\\/2022\\\/09\\\/301577646_8448742951803297_1961222267562592761_n-1.jpg?fit=810%2C540&ssl=1\",\"datePublished\":\"2022-09-15T23:45:43+00:00\",\"dateModified\":\"2022-09-15T23:45:46+00:00\",\"breadcrumb\":{\"@id\":\"http:\\\/\\\/minutocerord.com\\\/?p=10710#breadcrumb\"},\"inLanguage\":\"es-DO\",\"potentialAction\":[{\"@type\":\"ReadAction\",\"target\":[\"http:\\\/\\\/minutocerord.com\\\/?p=10710\"]}]},{\"@type\":\"ImageObject\",\"inLanguage\":\"es-DO\",\"@id\":\"http:\\\/\\\/minutocerord.com\\\/?p=10710#primaryimage\",\"url\":\"https:\\\/\\\/i0.wp.com\\\/minutocerord.com\\\/wp-content\\\/uploads\\\/2022\\\/09\\\/301577646_8448742951803297_1961222267562592761_n-1.jpg?fit=810%2C540&ssl=1\",\"contentUrl\":\"https:\\\/\\\/i0.wp.com\\\/minutocerord.com\\\/wp-content\\\/uploads\\\/2022\\\/09\\\/301577646_8448742951803297_1961222267562592761_n-1.jpg?fit=810%2C540&ssl=1\",\"width\":810,\"height\":540},{\"@type\":\"BreadcrumbList\",\"@id\":\"http:\\\/\\\/minutocerord.com\\\/?p=10710#breadcrumb\",\"itemListElement\":[{\"@type\":\"ListItem\",\"position\":1,\"name\":\"Home\",\"item\":\"https:\\\/\\\/minutocerord.com\\\/\"},{\"@type\":\"ListItem\",\"position\":2,\"name\":\"Env\u00edan tropas especiales a embajada dominicana en Hait\u00ed\"}]},{\"@type\":\"WebSite\",\"@id\":\"https:\\\/\\\/minutocerord.com\\\/#website\",\"url\":\"https:\\\/\\\/minutocerord.com\\\/\",\"name\":\"Minuto Cero RD\",\"description\":\"Periodismo serio y veraz\",\"publisher\":{\"@id\":\"https:\\\/\\\/minutocerord.com\\\/#\\\/schema\\\/person\\\/60b5372d60aaa0a5171fb6488be9aee6\"},\"potentialAction\":[{\"@type\":\"SearchAction\",\"target\":{\"@type\":\"EntryPoint\",\"urlTemplate\":\"https:\\\/\\\/minutocerord.com\\\/?s={search_term_string}\"},\"query-input\":{\"@type\":\"PropertyValueSpecification\",\"valueRequired\":true,\"valueName\":\"search_term_string\"}}],\"inLanguage\":\"es-DO\"},{\"@type\":[\"Person\",\"Organization\"],\"@id\":\"https:\\\/\\\/minutocerord.com\\\/#\\\/schema\\\/person\\\/60b5372d60aaa0a5171fb6488be9aee6\",\"name\":\"Genof\u00f3ntes Urb\u00e1ez\",\"image\":{\"@type\":\"ImageObject\",\"inLanguage\":\"es-DO\",\"@id\":\"https:\\\/\\\/secure.gravatar.com\\\/avatar\\\/a49ef3186a692098ac3e8a1612261e3ad70cf9e44553dff2929e67939a0ecb9d?s=96&d=identicon&r=g\",\"url\":\"https:\\\/\\\/secure.gravatar.com\\\/avatar\\\/a49ef3186a692098ac3e8a1612261e3ad70cf9e44553dff2929e67939a0ecb9d?s=96&d=identicon&r=g\",\"contentUrl\":\"https:\\\/\\\/secure.gravatar.com\\\/avatar\\\/a49ef3186a692098ac3e8a1612261e3ad70cf9e44553dff2929e67939a0ecb9d?s=96&d=identicon&r=g\",\"caption\":\"Genof\u00f3ntes Urb\u00e1ez\"},\"logo\":{\"@id\":\"https:\\\/\\\/secure.gravatar.com\\\/avatar\\\/a49ef3186a692098ac3e8a1612261e3ad70cf9e44553dff2929e67939a0ecb9d?s=96&d=identicon&r=g\"},\"description\":\"Periodista \\\/ Locutor\",\"sameAs\":[\"https:\\\/\\\/www.facebook.com\\\/Genofnotes\",\"https:\\\/\\\/www.instagram.com\\\/genofnotes\\\/\"]}]}<\/script>\n<!-- \/ Yoast SEO plugin. -->","yoast_head_json":{"title":"Env\u00edan tropas especiales a embajada dominicana en Hait\u00ed - Minuto Cero RD","robots":{"index":"index","follow":"follow","max-snippet":"max-snippet:-1","max-image-preview":"max-image-preview:large","max-video-preview":"max-video-preview:-1"},"canonical":"http:\/\/minutocerord.com\/?p=10710","og_locale":"es_ES","og_type":"article","og_title":"Env\u00edan tropas especiales a embajada dominicana en Hait\u00ed - Minuto Cero RD","og_description":"Santo Domingo.- La Rep\u00fablica Dominicana envi\u00f3 tropas especiales para proteger su sede diplom\u00e1tica en Puerto Pr\u00edncipe, Hait\u00ed, a ra\u00edz de la escala de violencia que vive el vecino pa\u00eds. List\u00edn Diario supo que el equipo fue enviado en las \u00faltimas horas, como un plan de contingencia. Hait\u00ed vive una crisis pol\u00edtica y social que ha [&hellip;]","og_url":"http:\/\/minutocerord.com\/?p=10710","og_site_name":"Minuto Cero RD","article_publisher":"https:\/\/www.facebook.com\/Genofnotes","article_author":"https:\/\/www.facebook.com\/Genofnotes","article_published_time":"2022-09-15T23:45:43+00:00","article_modified_time":"2022-09-15T23:45:46+00:00","og_image":[{"width":810,"height":540,"url":"https:\/\/i0.wp.com\/minutocerord.com\/wp-content\/uploads\/2022\/09\/301577646_8448742951803297_1961222267562592761_n-1.jpg?fit=810%2C540","type":"image\/jpeg"}],"author":"Genof\u00f3ntes Urb\u00e1ez","twitter_card":"summary_large_image","twitter_misc":{"Written by":"Genof\u00f3ntes Urb\u00e1ez","Est. reading time":"2 minutos"},"schema":{"@context":"https:\/\/schema.org","@graph":[{"@type":"Article","@id":"http:\/\/minutocerord.com\/?p=10710#article","isPartOf":{"@id":"http:\/\/minutocerord.com\/?p=10710"},"author":{"name":"Genof\u00f3ntes Urb\u00e1ez","@id":"https:\/\/minutocerord.com\/#\/schema\/person\/60b5372d60aaa0a5171fb6488be9aee6"},"headline":"Env\u00edan tropas especiales a embajada dominicana en Hait\u00ed","datePublished":"2022-09-15T23:45:43+00:00","dateModified":"2022-09-15T23:45:46+00:00","mainEntityOfPage":{"@id":"http:\/\/minutocerord.com\/?p=10710"},"wordCount":478,"commentCount":0,"publisher":{"@id":"https:\/\/minutocerord.com\/#\/schema\/person\/60b5372d60aaa0a5171fb6488be9aee6"},"image":{"@id":"http:\/\/minutocerord.com\/?p=10710#primaryimage"},"thumbnailUrl":"https:\/\/i0.wp.com\/minutocerord.com\/wp-content\/uploads\/2022\/09\/301577646_8448742951803297_1961222267562592761_n-1.jpg?fit=810%2C540&ssl=1","articleSection":["Nacionales"],"inLanguage":"es-DO","potentialAction":[{"@type":"CommentAction","name":"Comment","target":["http:\/\/minutocerord.com\/?p=10710#respond"]}]},{"@type":"WebPage","@id":"http:\/\/minutocerord.com\/?p=10710","url":"http:\/\/minutocerord.com\/?p=10710","name":"Env\u00edan tropas especiales a embajada dominicana en Hait\u00ed - Minuto Cero RD","isPartOf":{"@id":"https:\/\/minutocerord.com\/#website"},"primaryImageOfPage":{"@id":"http:\/\/minutocerord.com\/?p=10710#primaryimage"},"image":{"@id":"http:\/\/minutocerord.com\/?p=10710#primaryimage"},"thumbnailUrl":"https:\/\/i0.wp.com\/minutocerord.com\/wp-content\/uploads\/2022\/09\/301577646_8448742951803297_1961222267562592761_n-1.jpg?fit=810%2C540&ssl=1","datePublished":"2022-09-15T23:45:43+00:00","dateModified":"2022-09-15T23:45:46+00:00","breadcrumb":{"@id":"http:\/\/minutocerord.com\/?p=10710#breadcrumb"},"inLanguage":"es-DO","potentialAction":[{"@type":"ReadAction","target":["http:\/\/minutocerord.com\/?p=10710"]}]},{"@type":"ImageObject","inLanguage":"es-DO","@id":"http:\/\/minutocerord.com\/?p=10710#primaryimage","url":"https:\/\/i0.wp.com\/minutocerord.com\/wp-content\/uploads\/2022\/09\/301577646_8448742951803297_1961222267562592761_n-1.jpg?fit=810%2C540&ssl=1","contentUrl":"https:\/\/i0.wp.com\/minutocerord.com\/wp-content\/uploads\/2022\/09\/301577646_8448742951803297_1961222267562592761_n-1.jpg?fit=810%2C540&ssl=1","width":810,"height":540},{"@type":"BreadcrumbList","@id":"http:\/\/minutocerord.com\/?p=10710#breadcrumb","itemListElement":[{"@type":"ListItem","position":1,"name":"Home","item":"https:\/\/minutocerord.com\/"},{"@type":"ListItem","position":2,"name":"Env\u00edan tropas especiales a embajada dominicana en Hait\u00ed"}]},{"@type":"WebSite","@id":"https:\/\/minutocerord.com\/#website","url":"https:\/\/minutocerord.com\/","name":"Minuto Cero RD","description":"Periodismo serio y veraz","publisher":{"@id":"https:\/\/minutocerord.com\/#\/schema\/person\/60b5372d60aaa0a5171fb6488be9aee6"},"potentialAction":[{"@type":"SearchAction","target":{"@type":"EntryPoint","urlTemplate":"https:\/\/minutocerord.com\/?s={search_term_string}"},"query-input":{"@type":"PropertyValueSpecification","valueRequired":true,"valueName":"search_term_string"}}],"inLanguage":"es-DO"},{"@type":["Person","Organization"],"@id":"https:\/\/minutocerord.com\/#\/schema\/person\/60b5372d60aaa0a5171fb6488be9aee6","name":"Genof\u00f3ntes Urb\u00e1ez","image":{"@type":"ImageObject","inLanguage":"es-DO","@id":"https:\/\/secure.gravatar.com\/avatar\/a49ef3186a692098ac3e8a1612261e3ad70cf9e44553dff2929e67939a0ecb9d?s=96&d=identicon&r=g","url":"https:\/\/secure.gravatar.com\/avatar\/a49ef3186a692098ac3e8a1612261e3ad70cf9e44553dff2929e67939a0ecb9d?s=96&d=identicon&r=g","contentUrl":"https:\/\/secure.gravatar.com\/avatar\/a49ef3186a692098ac3e8a1612261e3ad70cf9e44553dff2929e67939a0ecb9d?s=96&d=identicon&r=g","caption":"Genof\u00f3ntes Urb\u00e1ez"},"logo":{"@id":"https:\/\/secure.gravatar.com\/avatar\/a49ef3186a692098ac3e8a1612261e3ad70cf9e44553dff2929e67939a0ecb9d?s=96&d=identicon&r=g"},"description":"Periodista \/ Locutor","sameAs":["https:\/\/www.facebook.com\/Genofnotes","https:\/\/www.instagram.com\/genofnotes\/"]}]}},"jetpack_publicize_connections":[],"jetpack_featured_media_url":"https:\/\/i0.wp.com\/minutocerord.com\/wp-content\/uploads\/2022\/09\/301577646_8448742951803297_1961222267562592761_n-1.jpg?fit=810%2C540&ssl=1","jetpack-related-posts":[],"jetpack_sharing_enabled":true,"_links":{"self":[{"href":"https:\/\/minutocerord.com\/index.php?rest_route=\/wp\/v2\/posts\/10710","targetHints":{"allow":["GET"]}}],"collection":[{"href":"https:\/\/minutocerord.com\/index.php?rest_route=\/wp\/v2\/posts"}],"about":[{"href":"https:\/\/minutocerord.com\/index.php?rest_route=\/wp\/v2\/types\/post"}],"author":[{"embeddable":true,"href":"https:\/\/minutocerord.com\/index.php?rest_route=\/wp\/v2\/users\/1"}],"replies":[{"embeddable":true,"href":"https:\/\/minutocerord.com\/index.php?rest_route=%2Fwp%2Fv2%2Fcomments&post=10710"}],"version-history":[{"count":1,"href":"https:\/\/minutocerord.com\/index.php?rest_route=\/wp\/v2\/posts\/10710\/revisions"}],"predecessor-version":[{"id":10712,"href":"https:\/\/minutocerord.com\/index.php?rest_route=\/wp\/v2\/posts\/10710\/revisions\/10712"}],"wp:featuredmedia":[{"embeddable":true,"href":"https:\/\/minutocerord.com\/index.php?rest_route=\/wp\/v2\/media\/10711"}],"wp:attachment":[{"href":"https:\/\/minutocerord.com\/index.php?rest_route=%2Fwp%2Fv2%2Fmedia&parent=10710"}],"wp:term":[{"taxonomy":"category","embeddable":true,"href":"https:\/\/minutocerord.com\/index.php?rest_route=%2Fwp%2Fv2%2Fcategories&post=10710"},{"taxonomy":"post_tag","embeddable":true,"href":"https:\/\/minutocerord.com\/index.php?rest_route=%2Fwp%2Fv2%2Ftags&post=10710"}],"curies":[{"name":"wp","href":"https:\/\/api.w.org\/{rel}","templated":true}]}}