{"id":10729,"date":"2022-09-18T10:53:31","date_gmt":"2022-09-18T14:53:31","guid":{"rendered":"https:\/\/minutocerord.com\/?p=10729"},"modified":"2022-09-18T10:53:33","modified_gmt":"2022-09-18T14:53:33","slug":"incrementan-las-provincias-en-alerta-roja-ante-proximidad-de-fiona","status":"publish","type":"post","link":"https:\/\/minutocerord.com\/?p=10729","title":{"rendered":"Incrementan las provincias en alerta roja ante proximidad de Fiona"},"content":{"rendered":"\n<p><strong>Santo Domingo, RD<\/strong>.-A medida que la tormenta tropical Fiona se acerca al territorio dominicano,\u00a0<strong>el n\u00famero de provincias en\u00a0alerta roja\u00a0sigue creciendo<\/strong>, de acuerdo con el m\u00e1s reciente bolet\u00edn del Centro de Operaciones de Emergencias (COE)\u00a0<strong>ya son 13 las que se encuentran en esta condici\u00f3n<\/strong>.<\/p>\n\n\n\n<p>Se trata de&nbsp;<strong>San Crist\u00f3bal, el Gran Santo Domingo, San Pedro de Macor\u00eds, La Romana, La Altagracia, Mar\u00eda Trinidad S\u00e1nchez, Espaillat, Puerto Plata, Saman\u00e1, Hato Mayor, El Seibo, Monte Plata y Duarte.<\/strong><\/p>\n\n\n\n<p>En tanto, las localidades&nbsp;<strong>en amarilla,<\/strong>&nbsp;una alerta que se emite por la tendencia ascendente del desarrollo del evento e implica situaciones inminentes de riesgo y situaciones severas de emergencia, son&nbsp;<strong>S\u00e1nchez Ram\u00edrez, Azua, San Jos\u00e9 de Ocoa, Peravia, Monse\u00f1or Nouel, Hermanas Mirabal, Peravia, Barahona, La Vega y Santiago.<\/strong><\/p>\n\n\n\n<p>Por otro lado,&nbsp;<strong>San Juan, Monte Cristi, El\u00edas Pi\u00f1a, Independencia, Santiago Rodr\u00edguez, Valverde, Pedernales, Bahoruco y Dajab\u00f3n<\/strong>&nbsp;<strong>est\u00e1n en verde<\/strong>.<\/p>\n\n\n\n<p>El COE inform\u00f3, adem\u00e1s que seg\u00fan la Oficina Nacional de Meteorolog\u00eda (Onamet), a las 07:00 de la ma\u00f1ana de este domingo, el centro de Fiona fue localizado cerca de la latitud 17.2 norte y longitud 65.9 oeste, a unos 119 km al sureste de Ponce, Puerto Rico y a unos 300 kil\u00f3metros al sureste de La Isla Saona.<\/p>\n\n\n\n<p>La tormenta contin\u00faa movi\u00e9ndose hacia el oeste\/noroeste a unos 13 kph.<\/p>\n\n\n\n<p>Respecto a las previsiones de acumulados de lluvias, manifestaron que pueden estar entre 100 y 250 mil\u00edmetros, pudiendo ser superiores en puntos aislados, especialmente en zonas m\u00e1s elevadas, hasta cerca de 400 mil\u00edmetros.<\/p>\n\n\n\n<p>En consecuencia, el&nbsp;<strong>COE prohibi\u00f3 el uso de las playas y los deportes acu\u00e1ticos en todas las costas del pa\u00eds, todas las actividades recreativas en monta\u00f1a y el uso de balnearios en r\u00edos, pozas, canales y arroyos.<\/strong><\/p>\n\n\n\n<p><strong>Santo Domingo, RD.- <\/strong>A medida que la tormenta tropical Fiona se acerca al territorio dominicano,\u00a0<strong>el n\u00famero de provincias en\u00a0alerta roja\u00a0sigue creciendo<\/strong>, de acuerdo con el m\u00e1s reciente bolet\u00edn del Centro de Operaciones de Emergencias (COE)\u00a0<strong>ya son 13 las que se encuentran en esta condici\u00f3n<\/strong>.<\/p>\n\n\n\n<p>Se trata de&nbsp;<strong>San Crist\u00f3bal, el Gran Santo Domingo, San Pedro de Macor\u00eds, La Romana, La Altagracia, Mar\u00eda Trinidad S\u00e1nchez, Espaillat, Puerto Plata, Saman\u00e1, Hato Mayor, El Seibo, Monte Plata y Duarte.<\/strong><\/p>\n\n\n\n<p>En tanto, las localidades&nbsp;<strong>en amarilla,<\/strong>&nbsp;una alerta que se emite por la tendencia ascendente del desarrollo del evento e implica situaciones inminentes de riesgo y situaciones severas de emergencia, son&nbsp;<strong>S\u00e1nchez Ram\u00edrez, Azua, San Jos\u00e9 de Ocoa, Peravia, Monse\u00f1or Nouel, Hermanas Mirabal, Peravia, Barahona, La Vega y Santiago.<\/strong><\/p>\n\n\n\n<p>Por otro lado,&nbsp;<strong>San Juan, Monte Cristi, El\u00edas Pi\u00f1a, Independencia, Santiago Rodr\u00edguez, Valverde, Pedernales, Bahoruco y Dajab\u00f3n<\/strong>&nbsp;<strong>est\u00e1n en verde<\/strong>.<\/p>\n\n\n\n<p>El COE inform\u00f3, adem\u00e1s que seg\u00fan la Oficina Nacional de Meteorolog\u00eda (Onamet), a las 07:00 de la ma\u00f1ana de este domingo, el centro de Fiona fue localizado cerca de la latitud 17.2 norte y longitud 65.9 oeste, a unos 119 km al sureste de Ponce, Puerto Rico y a unos 300 kil\u00f3metros al sureste de La Isla Saona.<\/p>\n\n\n\n<p>La tormenta contin\u00faa movi\u00e9ndose hacia el oeste\/noroeste a unos 13 kph.<\/p>\n\n\n\n<p>Respecto a las previsiones de acumulados de lluvias, manifestaron que pueden estar entre 100 y 250 mil\u00edmetros, pudiendo ser superiores en puntos aislados, especialmente en zonas m\u00e1s elevadas, hasta cerca de 400 mil\u00edmetros.<\/p>\n\n\n\n<p>En consecuencia, el&nbsp;<strong>COE prohibi\u00f3 el uso de las playas y los deportes acu\u00e1ticos en todas las costas del pa\u00eds, todas las actividades recreativas en monta\u00f1a y el uso de balnearios en r\u00edos, pozas, canales y arroyos.<\/strong><\/p>\n","protected":false},"excerpt":{"rendered":"<p>Santo Domingo, RD.-A medida que la tormenta tropical Fiona se acerca al territorio dominicano,\u00a0el n\u00famero de provincias en\u00a0alerta roja\u00a0sigue creciendo, de acuerdo con el m\u00e1s reciente bolet\u00edn del Centro de Operaciones de Emergencias (COE)\u00a0ya son 13 las que se encuentran en esta condici\u00f3n. Se trata de&nbsp;San Crist\u00f3bal, el Gran Santo Domingo, San Pedro de Macor\u00eds, [&hellip;]<\/p>\n","protected":false},"author":1,"featured_media":10730,"comment_status":"open","ping_status":"open","sticky":false,"template":"","format":"standard","meta":{"nf_dc_page":"","jetpack_post_was_ever_published":false,"_jetpack_newsletter_access":"","_jetpack_dont_email_post_to_subs":false,"_jetpack_newsletter_tier_id":0,"_jetpack_memberships_contains_paywalled_content":false,"_jetpack_memberships_contains_paid_content":false,"footnotes":"","jetpack_publicize_message":"","jetpack_publicize_feature_enabled":true,"jetpack_social_post_already_shared":false,"jetpack_social_options":{"image_generator_settings":{"template":"highway","default_image_id":0,"font":"","enabled":false},"version":2}},"categories":[87],"tags":[],"class_list":["post-10729","post","type-post","status-publish","format-standard","has-post-thumbnail","hentry","category-el-clima"],"yoast_head":"<!-- This site is optimized with the Yoast SEO plugin v27.4 - https:\/\/yoast.com\/product\/yoast-seo-wordpress\/ -->\n<title>Incrementan las provincias en alerta roja ante proximidad de Fiona - Minuto Cero RD<\/title>\n<meta name=\"robots\" content=\"index, follow, max-snippet:-1, max-image-preview:large, max-video-preview:-1\" \/>\n<link rel=\"canonical\" href=\"http:\/\/minutocerord.com\/?p=10729\" \/>\n<meta property=\"og:locale\" content=\"es_ES\" \/>\n<meta property=\"og:type\" content=\"article\" \/>\n<meta property=\"og:title\" content=\"Incrementan las provincias en alerta roja ante proximidad de Fiona - Minuto Cero RD\" \/>\n<meta property=\"og:description\" content=\"Santo Domingo, RD.-A medida que la tormenta tropical Fiona se acerca al territorio dominicano,\u00a0el n\u00famero de provincias en\u00a0alerta roja\u00a0sigue creciendo, de acuerdo con el m\u00e1s reciente bolet\u00edn del Centro de Operaciones de Emergencias (COE)\u00a0ya son 13 las que se encuentran en esta condici\u00f3n. Se trata de&nbsp;San Crist\u00f3bal, el Gran Santo Domingo, San Pedro de Macor\u00eds, [&hellip;]\" \/>\n<meta property=\"og:url\" content=\"http:\/\/minutocerord.com\/?p=10729\" \/>\n<meta property=\"og:site_name\" content=\"Minuto Cero RD\" \/>\n<meta property=\"article:publisher\" content=\"https:\/\/www.facebook.com\/Genofnotes\" \/>\n<meta property=\"article:author\" content=\"https:\/\/www.facebook.com\/Genofnotes\" \/>\n<meta property=\"article:published_time\" content=\"2022-09-18T14:53:31+00:00\" \/>\n<meta property=\"article:modified_time\" content=\"2022-09-18T14:53:33+00:00\" \/>\n<meta property=\"og:image\" content=\"https:\/\/i0.wp.com\/minutocerord.com\/wp-content\/uploads\/2022\/09\/incrementan-las-provincias-en-alerta-roja-ante-proximidad-de-fiona.jpg?fit=550%2C460\" \/>\n\t<meta property=\"og:image:width\" content=\"550\" \/>\n\t<meta property=\"og:image:height\" content=\"460\" \/>\n\t<meta property=\"og:image:type\" content=\"image\/jpeg\" \/>\n<meta name=\"author\" content=\"Genof\u00f3ntes Urb\u00e1ez\" \/>\n<meta name=\"twitter:card\" content=\"summary_large_image\" \/>\n<meta name=\"twitter:label1\" content=\"Written by\" \/>\n\t<meta name=\"twitter:data1\" content=\"Genof\u00f3ntes Urb\u00e1ez\" \/>\n\t<meta name=\"twitter:label2\" content=\"Est. reading time\" \/>\n\t<meta name=\"twitter:data2\" content=\"3 minutos\" \/>\n<script type=\"application\/ld+json\" class=\"yoast-schema-graph\">{\"@context\":\"https:\\\/\\\/schema.org\",\"@graph\":[{\"@type\":\"Article\",\"@id\":\"http:\\\/\\\/minutocerord.com\\\/?p=10729#article\",\"isPartOf\":{\"@id\":\"http:\\\/\\\/minutocerord.com\\\/?p=10729\"},\"author\":{\"name\":\"Genof\u00f3ntes Urb\u00e1ez\",\"@id\":\"https:\\\/\\\/minutocerord.com\\\/#\\\/schema\\\/person\\\/60b5372d60aaa0a5171fb6488be9aee6\"},\"headline\":\"Incrementan las provincias en alerta roja ante proximidad de Fiona\",\"datePublished\":\"2022-09-18T14:53:31+00:00\",\"dateModified\":\"2022-09-18T14:53:33+00:00\",\"mainEntityOfPage\":{\"@id\":\"http:\\\/\\\/minutocerord.com\\\/?p=10729\"},\"wordCount\":643,\"commentCount\":0,\"publisher\":{\"@id\":\"https:\\\/\\\/minutocerord.com\\\/#\\\/schema\\\/person\\\/60b5372d60aaa0a5171fb6488be9aee6\"},\"image\":{\"@id\":\"http:\\\/\\\/minutocerord.com\\\/?p=10729#primaryimage\"},\"thumbnailUrl\":\"https:\\\/\\\/i0.wp.com\\\/minutocerord.com\\\/wp-content\\\/uploads\\\/2022\\\/09\\\/incrementan-las-provincias-en-alerta-roja-ante-proximidad-de-fiona.jpg?fit=550%2C460&ssl=1\",\"articleSection\":[\"El clima\"],\"inLanguage\":\"es-DO\",\"potentialAction\":[{\"@type\":\"CommentAction\",\"name\":\"Comment\",\"target\":[\"http:\\\/\\\/minutocerord.com\\\/?p=10729#respond\"]}]},{\"@type\":\"WebPage\",\"@id\":\"http:\\\/\\\/minutocerord.com\\\/?p=10729\",\"url\":\"http:\\\/\\\/minutocerord.com\\\/?p=10729\",\"name\":\"Incrementan las provincias en alerta roja ante proximidad de Fiona - Minuto Cero RD\",\"isPartOf\":{\"@id\":\"https:\\\/\\\/minutocerord.com\\\/#website\"},\"primaryImageOfPage\":{\"@id\":\"http:\\\/\\\/minutocerord.com\\\/?p=10729#primaryimage\"},\"image\":{\"@id\":\"http:\\\/\\\/minutocerord.com\\\/?p=10729#primaryimage\"},\"thumbnailUrl\":\"https:\\\/\\\/i0.wp.com\\\/minutocerord.com\\\/wp-content\\\/uploads\\\/2022\\\/09\\\/incrementan-las-provincias-en-alerta-roja-ante-proximidad-de-fiona.jpg?fit=550%2C460&ssl=1\",\"datePublished\":\"2022-09-18T14:53:31+00:00\",\"dateModified\":\"2022-09-18T14:53:33+00:00\",\"breadcrumb\":{\"@id\":\"http:\\\/\\\/minutocerord.com\\\/?p=10729#breadcrumb\"},\"inLanguage\":\"es-DO\",\"potentialAction\":[{\"@type\":\"ReadAction\",\"target\":[\"http:\\\/\\\/minutocerord.com\\\/?p=10729\"]}]},{\"@type\":\"ImageObject\",\"inLanguage\":\"es-DO\",\"@id\":\"http:\\\/\\\/minutocerord.com\\\/?p=10729#primaryimage\",\"url\":\"https:\\\/\\\/i0.wp.com\\\/minutocerord.com\\\/wp-content\\\/uploads\\\/2022\\\/09\\\/incrementan-las-provincias-en-alerta-roja-ante-proximidad-de-fiona.jpg?fit=550%2C460&ssl=1\",\"contentUrl\":\"https:\\\/\\\/i0.wp.com\\\/minutocerord.com\\\/wp-content\\\/uploads\\\/2022\\\/09\\\/incrementan-las-provincias-en-alerta-roja-ante-proximidad-de-fiona.jpg?fit=550%2C460&ssl=1\",\"width\":550,\"height\":460},{\"@type\":\"BreadcrumbList\",\"@id\":\"http:\\\/\\\/minutocerord.com\\\/?p=10729#breadcrumb\",\"itemListElement\":[{\"@type\":\"ListItem\",\"position\":1,\"name\":\"Home\",\"item\":\"https:\\\/\\\/minutocerord.com\\\/\"},{\"@type\":\"ListItem\",\"position\":2,\"name\":\"Incrementan las provincias en alerta roja ante proximidad de Fiona\"}]},{\"@type\":\"WebSite\",\"@id\":\"https:\\\/\\\/minutocerord.com\\\/#website\",\"url\":\"https:\\\/\\\/minutocerord.com\\\/\",\"name\":\"Minuto Cero RD\",\"description\":\"Periodismo serio y veraz\",\"publisher\":{\"@id\":\"https:\\\/\\\/minutocerord.com\\\/#\\\/schema\\\/person\\\/60b5372d60aaa0a5171fb6488be9aee6\"},\"potentialAction\":[{\"@type\":\"SearchAction\",\"target\":{\"@type\":\"EntryPoint\",\"urlTemplate\":\"https:\\\/\\\/minutocerord.com\\\/?s={search_term_string}\"},\"query-input\":{\"@type\":\"PropertyValueSpecification\",\"valueRequired\":true,\"valueName\":\"search_term_string\"}}],\"inLanguage\":\"es-DO\"},{\"@type\":[\"Person\",\"Organization\"],\"@id\":\"https:\\\/\\\/minutocerord.com\\\/#\\\/schema\\\/person\\\/60b5372d60aaa0a5171fb6488be9aee6\",\"name\":\"Genof\u00f3ntes Urb\u00e1ez\",\"image\":{\"@type\":\"ImageObject\",\"inLanguage\":\"es-DO\",\"@id\":\"https:\\\/\\\/secure.gravatar.com\\\/avatar\\\/a49ef3186a692098ac3e8a1612261e3ad70cf9e44553dff2929e67939a0ecb9d?s=96&d=identicon&r=g\",\"url\":\"https:\\\/\\\/secure.gravatar.com\\\/avatar\\\/a49ef3186a692098ac3e8a1612261e3ad70cf9e44553dff2929e67939a0ecb9d?s=96&d=identicon&r=g\",\"contentUrl\":\"https:\\\/\\\/secure.gravatar.com\\\/avatar\\\/a49ef3186a692098ac3e8a1612261e3ad70cf9e44553dff2929e67939a0ecb9d?s=96&d=identicon&r=g\",\"caption\":\"Genof\u00f3ntes Urb\u00e1ez\"},\"logo\":{\"@id\":\"https:\\\/\\\/secure.gravatar.com\\\/avatar\\\/a49ef3186a692098ac3e8a1612261e3ad70cf9e44553dff2929e67939a0ecb9d?s=96&d=identicon&r=g\"},\"description\":\"Periodista \\\/ Locutor\",\"sameAs\":[\"https:\\\/\\\/www.facebook.com\\\/Genofnotes\",\"https:\\\/\\\/www.instagram.com\\\/genofnotes\\\/\"]}]}<\/script>\n<!-- \/ Yoast SEO plugin. -->","yoast_head_json":{"title":"Incrementan las provincias en alerta roja ante proximidad de Fiona - Minuto Cero RD","robots":{"index":"index","follow":"follow","max-snippet":"max-snippet:-1","max-image-preview":"max-image-preview:large","max-video-preview":"max-video-preview:-1"},"canonical":"http:\/\/minutocerord.com\/?p=10729","og_locale":"es_ES","og_type":"article","og_title":"Incrementan las provincias en alerta roja ante proximidad de Fiona - Minuto Cero RD","og_description":"Santo Domingo, RD.-A medida que la tormenta tropical Fiona se acerca al territorio dominicano,\u00a0el n\u00famero de provincias en\u00a0alerta roja\u00a0sigue creciendo, de acuerdo con el m\u00e1s reciente bolet\u00edn del Centro de Operaciones de Emergencias (COE)\u00a0ya son 13 las que se encuentran en esta condici\u00f3n. Se trata de&nbsp;San Crist\u00f3bal, el Gran Santo Domingo, San Pedro de Macor\u00eds, [&hellip;]","og_url":"http:\/\/minutocerord.com\/?p=10729","og_site_name":"Minuto Cero RD","article_publisher":"https:\/\/www.facebook.com\/Genofnotes","article_author":"https:\/\/www.facebook.com\/Genofnotes","article_published_time":"2022-09-18T14:53:31+00:00","article_modified_time":"2022-09-18T14:53:33+00:00","og_image":[{"width":550,"height":460,"url":"https:\/\/i0.wp.com\/minutocerord.com\/wp-content\/uploads\/2022\/09\/incrementan-las-provincias-en-alerta-roja-ante-proximidad-de-fiona.jpg?fit=550%2C460","type":"image\/jpeg"}],"author":"Genof\u00f3ntes Urb\u00e1ez","twitter_card":"summary_large_image","twitter_misc":{"Written by":"Genof\u00f3ntes Urb\u00e1ez","Est. reading time":"3 minutos"},"schema":{"@context":"https:\/\/schema.org","@graph":[{"@type":"Article","@id":"http:\/\/minutocerord.com\/?p=10729#article","isPartOf":{"@id":"http:\/\/minutocerord.com\/?p=10729"},"author":{"name":"Genof\u00f3ntes Urb\u00e1ez","@id":"https:\/\/minutocerord.com\/#\/schema\/person\/60b5372d60aaa0a5171fb6488be9aee6"},"headline":"Incrementan las provincias en alerta roja ante proximidad de Fiona","datePublished":"2022-09-18T14:53:31+00:00","dateModified":"2022-09-18T14:53:33+00:00","mainEntityOfPage":{"@id":"http:\/\/minutocerord.com\/?p=10729"},"wordCount":643,"commentCount":0,"publisher":{"@id":"https:\/\/minutocerord.com\/#\/schema\/person\/60b5372d60aaa0a5171fb6488be9aee6"},"image":{"@id":"http:\/\/minutocerord.com\/?p=10729#primaryimage"},"thumbnailUrl":"https:\/\/i0.wp.com\/minutocerord.com\/wp-content\/uploads\/2022\/09\/incrementan-las-provincias-en-alerta-roja-ante-proximidad-de-fiona.jpg?fit=550%2C460&ssl=1","articleSection":["El clima"],"inLanguage":"es-DO","potentialAction":[{"@type":"CommentAction","name":"Comment","target":["http:\/\/minutocerord.com\/?p=10729#respond"]}]},{"@type":"WebPage","@id":"http:\/\/minutocerord.com\/?p=10729","url":"http:\/\/minutocerord.com\/?p=10729","name":"Incrementan las provincias en alerta roja ante proximidad de Fiona - Minuto Cero RD","isPartOf":{"@id":"https:\/\/minutocerord.com\/#website"},"primaryImageOfPage":{"@id":"http:\/\/minutocerord.com\/?p=10729#primaryimage"},"image":{"@id":"http:\/\/minutocerord.com\/?p=10729#primaryimage"},"thumbnailUrl":"https:\/\/i0.wp.com\/minutocerord.com\/wp-content\/uploads\/2022\/09\/incrementan-las-provincias-en-alerta-roja-ante-proximidad-de-fiona.jpg?fit=550%2C460&ssl=1","datePublished":"2022-09-18T14:53:31+00:00","dateModified":"2022-09-18T14:53:33+00:00","breadcrumb":{"@id":"http:\/\/minutocerord.com\/?p=10729#breadcrumb"},"inLanguage":"es-DO","potentialAction":[{"@type":"ReadAction","target":["http:\/\/minutocerord.com\/?p=10729"]}]},{"@type":"ImageObject","inLanguage":"es-DO","@id":"http:\/\/minutocerord.com\/?p=10729#primaryimage","url":"https:\/\/i0.wp.com\/minutocerord.com\/wp-content\/uploads\/2022\/09\/incrementan-las-provincias-en-alerta-roja-ante-proximidad-de-fiona.jpg?fit=550%2C460&ssl=1","contentUrl":"https:\/\/i0.wp.com\/minutocerord.com\/wp-content\/uploads\/2022\/09\/incrementan-las-provincias-en-alerta-roja-ante-proximidad-de-fiona.jpg?fit=550%2C460&ssl=1","width":550,"height":460},{"@type":"BreadcrumbList","@id":"http:\/\/minutocerord.com\/?p=10729#breadcrumb","itemListElement":[{"@type":"ListItem","position":1,"name":"Home","item":"https:\/\/minutocerord.com\/"},{"@type":"ListItem","position":2,"name":"Incrementan las provincias en alerta roja ante proximidad de Fiona"}]},{"@type":"WebSite","@id":"https:\/\/minutocerord.com\/#website","url":"https:\/\/minutocerord.com\/","name":"Minuto Cero RD","description":"Periodismo serio y veraz","publisher":{"@id":"https:\/\/minutocerord.com\/#\/schema\/person\/60b5372d60aaa0a5171fb6488be9aee6"},"potentialAction":[{"@type":"SearchAction","target":{"@type":"EntryPoint","urlTemplate":"https:\/\/minutocerord.com\/?s={search_term_string}"},"query-input":{"@type":"PropertyValueSpecification","valueRequired":true,"valueName":"search_term_string"}}],"inLanguage":"es-DO"},{"@type":["Person","Organization"],"@id":"https:\/\/minutocerord.com\/#\/schema\/person\/60b5372d60aaa0a5171fb6488be9aee6","name":"Genof\u00f3ntes Urb\u00e1ez","image":{"@type":"ImageObject","inLanguage":"es-DO","@id":"https:\/\/secure.gravatar.com\/avatar\/a49ef3186a692098ac3e8a1612261e3ad70cf9e44553dff2929e67939a0ecb9d?s=96&d=identicon&r=g","url":"https:\/\/secure.gravatar.com\/avatar\/a49ef3186a692098ac3e8a1612261e3ad70cf9e44553dff2929e67939a0ecb9d?s=96&d=identicon&r=g","contentUrl":"https:\/\/secure.gravatar.com\/avatar\/a49ef3186a692098ac3e8a1612261e3ad70cf9e44553dff2929e67939a0ecb9d?s=96&d=identicon&r=g","caption":"Genof\u00f3ntes Urb\u00e1ez"},"logo":{"@id":"https:\/\/secure.gravatar.com\/avatar\/a49ef3186a692098ac3e8a1612261e3ad70cf9e44553dff2929e67939a0ecb9d?s=96&d=identicon&r=g"},"description":"Periodista \/ Locutor","sameAs":["https:\/\/www.facebook.com\/Genofnotes","https:\/\/www.instagram.com\/genofnotes\/"]}]}},"jetpack_publicize_connections":[],"jetpack_featured_media_url":"https:\/\/i0.wp.com\/minutocerord.com\/wp-content\/uploads\/2022\/09\/incrementan-las-provincias-en-alerta-roja-ante-proximidad-de-fiona.jpg?fit=550%2C460&ssl=1","jetpack-related-posts":[],"jetpack_sharing_enabled":true,"_links":{"self":[{"href":"https:\/\/minutocerord.com\/index.php?rest_route=\/wp\/v2\/posts\/10729","targetHints":{"allow":["GET"]}}],"collection":[{"href":"https:\/\/minutocerord.com\/index.php?rest_route=\/wp\/v2\/posts"}],"about":[{"href":"https:\/\/minutocerord.com\/index.php?rest_route=\/wp\/v2\/types\/post"}],"author":[{"embeddable":true,"href":"https:\/\/minutocerord.com\/index.php?rest_route=\/wp\/v2\/users\/1"}],"replies":[{"embeddable":true,"href":"https:\/\/minutocerord.com\/index.php?rest_route=%2Fwp%2Fv2%2Fcomments&post=10729"}],"version-history":[{"count":1,"href":"https:\/\/minutocerord.com\/index.php?rest_route=\/wp\/v2\/posts\/10729\/revisions"}],"predecessor-version":[{"id":10731,"href":"https:\/\/minutocerord.com\/index.php?rest_route=\/wp\/v2\/posts\/10729\/revisions\/10731"}],"wp:featuredmedia":[{"embeddable":true,"href":"https:\/\/minutocerord.com\/index.php?rest_route=\/wp\/v2\/media\/10730"}],"wp:attachment":[{"href":"https:\/\/minutocerord.com\/index.php?rest_route=%2Fwp%2Fv2%2Fmedia&parent=10729"}],"wp:term":[{"taxonomy":"category","embeddable":true,"href":"https:\/\/minutocerord.com\/index.php?rest_route=%2Fwp%2Fv2%2Fcategories&post=10729"},{"taxonomy":"post_tag","embeddable":true,"href":"https:\/\/minutocerord.com\/index.php?rest_route=%2Fwp%2Fv2%2Ftags&post=10729"}],"curies":[{"name":"wp","href":"https:\/\/api.w.org\/{rel}","templated":true}]}}