{"id":1089,"date":"2020-11-30T15:11:23","date_gmt":"2020-11-30T19:11:23","guid":{"rendered":"https:\/\/minutocerord.com\/?p=1089"},"modified":"2020-11-30T15:11:27","modified_gmt":"2020-11-30T19:11:27","slug":"la-nomina-secreta-que-tenia-oisoe-con-761-personas-allegadas-de-pagan","status":"publish","type":"post","link":"https:\/\/minutocerord.com\/?p=1089","title":{"rendered":"La n\u00f3mina secreta que ten\u00eda OISOE con 761 personas allegadas de Pag\u00e1n"},"content":{"rendered":"\n<p>Santo Domingo.- La Oficina de Ingenieros Supervisores de Obras del Estado (OISOE), nueva vez en cuestionada por la opini\u00f3n p\u00fablica, y espec\u00edficamente por el Ministerio P\u00fablico, organismo que reci\u00e9n apres\u00f3 a su ex director, Francisco Pag\u00e1n, tiene varias obras cuestionadas por sus montos y asignaciones, as\u00ed como por la n\u00f3mina secreta que ten\u00eda.<\/p>\n\n\n\n<p>Hace un a\u00f1o Nuria Piera Investigaci\u00f3n Period\u00edstica denunci\u00f3 la existencia de n\u00f3minas no transparentadas.<\/p>\n\n\n\n<p>El referido programa de investigaci\u00f3n logr\u00f3 obtener una de las n\u00f3minas no trasparentadas por la instituci\u00f3n.<\/p>\n\n\n\n<p>En su art\u00edculo 3, la Ley General de Libre Acceso a la Informaci\u00f3n P\u00fablica 200-04 obliga a las instituciones estatales a presentar de forma actualizada y permanente informaci\u00f3n sobre los empleados, sus funciones y remuneraciones, es decir, las n\u00f3minas. Pero la Oficina de Ingenieros Supervisores de Obras del Estado (OISOE) no cumpl\u00eda esta obligaci\u00f3n, o al menos, lo hac\u00eda a conveniencia y no en su totalidad.<\/p>\n\n\n\n<p>La poca transparencia de esta instituci\u00f3n comenzaba con las incoherencias sobre el salario bruto que mostraba su ex director general, Francisco Pag\u00e1n, quien en la n\u00f3mina de marzo publicada en la web aparece con un sueldo de 275 mil pesos. Sin embargo, en su declaraci\u00f3n jurada de patrimonio, se lee como salario bruto 301,625 pesos.<\/p>\n\n\n\n<p>En la n\u00f3mina de empleados fijos que mostraba en web la OISOE en el mes de marzo no figuran cargos tan importantes como el del ex director t\u00e9cnico, V\u00edctor Mat\u00edas Encarnaci\u00f3n Montero o la ex directora jur\u00eddica, Lina de la Cruz Vargas.<\/p>\n\n\n\n<p>Donde s\u00ed aparec\u00eda este funcionario y otros tantos directores y asesores m\u00e1s, es en una n\u00f3mina distinta que la OISOE no hace p\u00fablica, la cual tiene 761 personas y para lo que la OISOE destin\u00f3 en el mes de abril el pago de 21 millones 996,987 pesos, seg\u00fan consta en esta documentaci\u00f3n de \u201cpago de personal nominal\u201d que presenta la OISOE a la Contralor\u00eda de la Rep\u00fablica.<\/p>\n\n\n\n<p>Este documento de 62 p\u00e1ginas firmado por Pag\u00e1n, est\u00e1 tambi\u00e9n firmado y sellado por la Divisi\u00f3n de N\u00f3minas y la Direcci\u00f3n Financiera y Administrativa de la OISOE.<\/p>\n\n\n\n<p>En un ejercicio al azar, Nuria Piera Investigaci\u00f3n eligi\u00f3&nbsp; a varios empleados que aparecen en esta n\u00f3mina no transparentada y preguntamos por ellos en la OISOE. Aunque no nos contactamos directamente, nos comunicamos con sus asistentes, lo que nos confirma la veracidad del documento y que hay empleados activos de la instituci\u00f3n.<\/p>\n\n\n\n<p>En esta n\u00f3mina que corresponde a abril de 2019 no aparecen personas con sueldos sobre los 100 mil pesos que ya no trabajan en la OISOE, o son muy cercanas al director Francisco Pag\u00e1n Rodr\u00edguez. Quiz\u00e1 sea por esta raz\u00f3n que se trata de una n\u00f3mina no publicable.<\/p>\n\n\n\n<p>Y es que una de las que aparece como directora, con un sueldo de 150,000 pesos, es Ingrid Mercedes Garc\u00eda Ducos, quien es nada menos que la hermana de Susana Garc\u00eda Ducos, la esposa Pag\u00e1n.<\/p>\n\n\n\n<p>Este nombramiento de su cu\u00f1ada es completamente violatorio a la Ley 41-08 de Administraci\u00f3n P\u00fablica, la cual especifica en su art\u00edculo 8 numeral 15, que no se puede prestar servicio en la misma instituci\u00f3n quienes est\u00e9n unidos por lazos de consanguinidad o afinidad hasta segundo grado, esto incluye a los cu\u00f1ados.<\/p>\n\n\n\n<p>En esta n\u00f3mina tambi\u00e9n est\u00e1 el yerno de Ingrid Garc\u00eda Ducos. Emilio Alejandro Eyssautier, que viene siendo esposo de la sobina de Pag\u00e1n, tiene un sueldo de 200,000 como asesor tecnol\u00f3gico. Es el asesor que m\u00e1s gana en esta n\u00f3mina e incluso est\u00e1 por encima de varios directores. Otra beneficiada de esta familia es Lucero del Alba Ducos Medina, que como abogada ayudante, gana 55,000 pesos.<\/p>\n\n\n\n<p>Continuando con los parientes, est\u00e1 tambi\u00e9n la directora administrativa de la OISOE, Nathalia Isabel Melo Soto, quien es la esposa de Max Lamarche Mari\u00f1ez, un hijastro de Pag\u00e1n de su primer matrimonio.<\/p>\n\n\n\n<p>No entendemos c\u00f3mo esta chica de 28 a\u00f1os logr\u00f3 un cargo importante en la OISOE, pues en sus antecedentes de trabajos solo muestra tres a\u00f1os de actividad laboral, desde el 2012 al 2015, y esto incluye una pasant\u00eda de estudios t\u00e9cnicos de riesgos laborales. Tambi\u00e9n fue oficial de importaci\u00f3n y coordinadora de proyectos en SANUT, una empresa agr\u00edcola.&nbsp; Nos tratamos de comunicar con ella en la OISOE, pero aunque supuestamente estaba en la oficina, no pasaron la llamada.<\/p>\n\n\n\n<p>Pero adem\u00e1s de los familiares de Pag\u00e1n, tambi\u00e9n confirmamos de personas con ostentosos sueldos, que no est\u00e1n en la OISOE. Al azar, preguntamos por el Esteban Cubilete, quien ostenta 175,000 pesos como asesor. Este se\u00f1or era colector en la Direcci\u00f3n General de Aduanas, de donde fue destituido en el a\u00f1o 2006 tras un esc\u00e1ndalo de fraude fiscal millonario que descubri\u00f3 el organismo en la colectur\u00eda de la terminal Punta Caucedo. Seg\u00fan reportes de prensa, Cubilete dirig\u00eda el equipo de 22 personas que fue depuesto por este caso.<\/p>\n\n\n\n<p>-\u201cEsteban Cubilete ya no est\u00e1 con nosotros\u201d, respondieron en OISOE.<\/p>\n\n\n\n<p>-\u00bfQuien est\u00e1 en su lugar?, cuestion\u00f3 Nuria Piera Investigaci\u00f3n Period\u00edstica-<\/p>\n\n\n\n<p>-\u201cNatalia Melo\u201d: OISOE.<\/p>\n\n\n\n<p>-\u201cTiene m\u00e1s de un a\u00f1o \u00e9l que sali\u00f3\u201d: OISOE.<\/p>\n\n\n\n<p>As\u00ed confirmamos que Cubilete fue sustituido en el cargo de director administrativo, por la allegada de Pag\u00e1n. Y ahora lo vemos como asesor en esta n\u00f3mina.<\/p>\n\n\n\n<p>En la misma situaci\u00f3n de que aparentemente no trabaja, pero figura en esta n\u00f3mina de abril, est\u00e1 Mar\u00eda Victoria C\u00e1ceres Gonz\u00e1lez, con un sueldo de 130 mil pesos, como coordinadora financiera.<\/p>\n\n\n\n<p>\u201c\u00bfMar\u00eda C\u00e1ceres? Ella ya no labora para la instituci\u00f3n. En sustituci\u00f3n de Mar\u00eda Victoria est\u00e1 el licenciado Jes\u00fas Dorado. Financiero Administrativo\u201d, respondieron en la OISOE.<\/p>\n\n\n\n<p>Pero cuando analizamos ambas n\u00f3minas, tampoco encontramos ning\u00fan nombramiento de Dorado.<\/p>\n\n\n\n<p>Confirmamos que Mar\u00eda C\u00e1ceres Gonz\u00e1lez trabaja para el senador de La Vega, Euclides S\u00e1nchez en la Constructora S\u00e1nchez, propiedad del legislador, quien recordemos fue tambi\u00e9n director general de la OISOE entre 1996 y 1998.<\/p>\n\n\n\n<p>Siguiendo con las observaciones, tambi\u00e9n notamos lo incongruente que son los sueldos. Por ejemplo, Yovanka del Pilar Mendez e Ivonne Valdez Tavarez, ambas abogadas ayudantes aparecen 120 mil pesos, eso es m\u00e1s que el sueldo del tesorero, Roberto Bejaran Cruz que es de 110 mil. Mientras que una psic\u00f3loga, Denise Ure\u00f1a Vargas, aparece con un sueldo de 125 mil pesos.<\/p>\n\n\n\n<p>En esta n\u00f3mina secreta hay ocho directores con salarios diversos. El director t\u00e9cnico, V\u00edctor Encarnaci\u00f3n Montero, gana 225 mil pesos, es el sueldo m\u00e1s alto de esta n\u00f3mina secreta. Le siguen otros dos directores con 200 mil, que son Aquiles Christopeher S\u00e1nchez y Luis Conrado Ruiz Valdez. Aqu\u00ed no se especifica la direcci\u00f3n que dirigen.<\/p>\n\n\n\n<p>En esta n\u00f3mina transparentada correspondiente a marzo de 2019 tambi\u00e9n se notan incongruencias en sueldos. La encargada de cubicaciones, que es un cargo que en teor\u00eda ha de tener mucha responsabilidad dentro de la OISOE, es Susana Ysabel G\u00f3mez Reynoso, y gana 70,000. Pero, vemos a una asistente t\u00e9cnica de la Direcci\u00f3n T\u00e9cnica, Sonia Betsaida Dom\u00ednguez B\u00e1ez, ostentando 175,000.<\/p>\n\n\n\n<p>Aparecen cargos de ingenier\u00eda, arquitectura y a fines, que son puestos afines a la labor de OISOE, que no son tan ostentosos. En el Departamento de Ingenier\u00eda y Presupuesto, los ingenieros presupuestistas tienen salario de 40,000 y 50,000. Pero una contadora auxiliar de la Direcci\u00f3n Financiera, Ana Cristina Disla de la Rosa, aparece con 100,000.<\/p>\n\n\n\n<p>Redacci\u00f3n NDigital<\/p>\n","protected":false},"excerpt":{"rendered":"<p>Santo Domingo.- La Oficina de Ingenieros Supervisores de Obras del Estado (OISOE), nueva vez en cuestionada por la opini\u00f3n p\u00fablica, y espec\u00edficamente por el Ministerio P\u00fablico, organismo que reci\u00e9n apres\u00f3 a su ex director, Francisco Pag\u00e1n, tiene varias obras cuestionadas por sus montos y asignaciones, as\u00ed como por la n\u00f3mina secreta que ten\u00eda. Hace un [&hellip;]<\/p>\n","protected":false},"author":1,"featured_media":1090,"comment_status":"open","ping_status":"open","sticky":false,"template":"","format":"standard","meta":{"nf_dc_page":"","jetpack_post_was_ever_published":false,"_jetpack_newsletter_access":"","_jetpack_dont_email_post_to_subs":false,"_jetpack_newsletter_tier_id":0,"_jetpack_memberships_contains_paywalled_content":false,"_jetpack_memberships_contains_paid_content":false,"footnotes":"","jetpack_publicize_message":"","jetpack_publicize_feature_enabled":true,"jetpack_social_post_already_shared":false,"jetpack_social_options":{"image_generator_settings":{"template":"highway","default_image_id":0,"font":"","enabled":false},"version":2}},"categories":[65],"tags":[],"class_list":["post-1089","post","type-post","status-publish","format-standard","has-post-thumbnail","hentry","category-nacionales"],"yoast_head":"<!-- This site is optimized with the Yoast SEO plugin v27.4 - https:\/\/yoast.com\/product\/yoast-seo-wordpress\/ -->\n<title>La n\u00f3mina secreta que ten\u00eda OISOE con 761 personas allegadas de Pag\u00e1n - Minuto Cero RD<\/title>\n<meta name=\"robots\" content=\"index, follow, max-snippet:-1, max-image-preview:large, max-video-preview:-1\" \/>\n<link rel=\"canonical\" href=\"http:\/\/minutocerord.com\/?p=1089\" \/>\n<meta property=\"og:locale\" content=\"es_ES\" \/>\n<meta property=\"og:type\" content=\"article\" \/>\n<meta property=\"og:title\" content=\"La n\u00f3mina secreta que ten\u00eda OISOE con 761 personas allegadas de Pag\u00e1n - Minuto Cero RD\" \/>\n<meta property=\"og:description\" content=\"Santo Domingo.- La Oficina de Ingenieros Supervisores de Obras del Estado (OISOE), nueva vez en cuestionada por la opini\u00f3n p\u00fablica, y espec\u00edficamente por el Ministerio P\u00fablico, organismo que reci\u00e9n apres\u00f3 a su ex director, Francisco Pag\u00e1n, tiene varias obras cuestionadas por sus montos y asignaciones, as\u00ed como por la n\u00f3mina secreta que ten\u00eda. Hace un [&hellip;]\" \/>\n<meta property=\"og:url\" content=\"http:\/\/minutocerord.com\/?p=1089\" \/>\n<meta property=\"og:site_name\" content=\"Minuto Cero RD\" \/>\n<meta property=\"article:publisher\" content=\"https:\/\/www.facebook.com\/Genofnotes\" \/>\n<meta property=\"article:author\" content=\"https:\/\/www.facebook.com\/Genofnotes\" \/>\n<meta property=\"article:published_time\" content=\"2020-11-30T19:11:23+00:00\" \/>\n<meta property=\"article:modified_time\" content=\"2020-11-30T19:11:27+00:00\" \/>\n<meta property=\"og:image\" content=\"https:\/\/i0.wp.com\/minutocerord.com\/wp-content\/uploads\/2020\/11\/francisco-pagan_thumb_620.jpg?fit=619%2C372\" \/>\n\t<meta property=\"og:image:width\" content=\"619\" \/>\n\t<meta property=\"og:image:height\" content=\"372\" \/>\n\t<meta property=\"og:image:type\" content=\"image\/jpeg\" \/>\n<meta name=\"author\" content=\"Genof\u00f3ntes Urb\u00e1ez\" \/>\n<meta name=\"twitter:card\" content=\"summary_large_image\" \/>\n<meta name=\"twitter:label1\" content=\"Written by\" \/>\n\t<meta name=\"twitter:data1\" content=\"Genof\u00f3ntes Urb\u00e1ez\" \/>\n\t<meta name=\"twitter:label2\" content=\"Est. reading time\" \/>\n\t<meta name=\"twitter:data2\" content=\"6 minutos\" \/>\n<script type=\"application\/ld+json\" class=\"yoast-schema-graph\">{\"@context\":\"https:\\\/\\\/schema.org\",\"@graph\":[{\"@type\":\"Article\",\"@id\":\"http:\\\/\\\/minutocerord.com\\\/?p=1089#article\",\"isPartOf\":{\"@id\":\"http:\\\/\\\/minutocerord.com\\\/?p=1089\"},\"author\":{\"name\":\"Genof\u00f3ntes Urb\u00e1ez\",\"@id\":\"https:\\\/\\\/minutocerord.com\\\/#\\\/schema\\\/person\\\/60b5372d60aaa0a5171fb6488be9aee6\"},\"headline\":\"La n\u00f3mina secreta que ten\u00eda OISOE con 761 personas allegadas de Pag\u00e1n\",\"datePublished\":\"2020-11-30T19:11:23+00:00\",\"dateModified\":\"2020-11-30T19:11:27+00:00\",\"mainEntityOfPage\":{\"@id\":\"http:\\\/\\\/minutocerord.com\\\/?p=1089\"},\"wordCount\":1310,\"commentCount\":0,\"publisher\":{\"@id\":\"https:\\\/\\\/minutocerord.com\\\/#\\\/schema\\\/person\\\/60b5372d60aaa0a5171fb6488be9aee6\"},\"image\":{\"@id\":\"http:\\\/\\\/minutocerord.com\\\/?p=1089#primaryimage\"},\"thumbnailUrl\":\"https:\\\/\\\/i0.wp.com\\\/minutocerord.com\\\/wp-content\\\/uploads\\\/2020\\\/11\\\/francisco-pagan_thumb_620.jpg?fit=619%2C372&ssl=1\",\"articleSection\":[\"Nacionales\"],\"inLanguage\":\"es-DO\",\"potentialAction\":[{\"@type\":\"CommentAction\",\"name\":\"Comment\",\"target\":[\"http:\\\/\\\/minutocerord.com\\\/?p=1089#respond\"]}]},{\"@type\":\"WebPage\",\"@id\":\"http:\\\/\\\/minutocerord.com\\\/?p=1089\",\"url\":\"http:\\\/\\\/minutocerord.com\\\/?p=1089\",\"name\":\"La n\u00f3mina secreta que ten\u00eda OISOE con 761 personas allegadas de Pag\u00e1n - Minuto Cero RD\",\"isPartOf\":{\"@id\":\"https:\\\/\\\/minutocerord.com\\\/#website\"},\"primaryImageOfPage\":{\"@id\":\"http:\\\/\\\/minutocerord.com\\\/?p=1089#primaryimage\"},\"image\":{\"@id\":\"http:\\\/\\\/minutocerord.com\\\/?p=1089#primaryimage\"},\"thumbnailUrl\":\"https:\\\/\\\/i0.wp.com\\\/minutocerord.com\\\/wp-content\\\/uploads\\\/2020\\\/11\\\/francisco-pagan_thumb_620.jpg?fit=619%2C372&ssl=1\",\"datePublished\":\"2020-11-30T19:11:23+00:00\",\"dateModified\":\"2020-11-30T19:11:27+00:00\",\"breadcrumb\":{\"@id\":\"http:\\\/\\\/minutocerord.com\\\/?p=1089#breadcrumb\"},\"inLanguage\":\"es-DO\",\"potentialAction\":[{\"@type\":\"ReadAction\",\"target\":[\"http:\\\/\\\/minutocerord.com\\\/?p=1089\"]}]},{\"@type\":\"ImageObject\",\"inLanguage\":\"es-DO\",\"@id\":\"http:\\\/\\\/minutocerord.com\\\/?p=1089#primaryimage\",\"url\":\"https:\\\/\\\/i0.wp.com\\\/minutocerord.com\\\/wp-content\\\/uploads\\\/2020\\\/11\\\/francisco-pagan_thumb_620.jpg?fit=619%2C372&ssl=1\",\"contentUrl\":\"https:\\\/\\\/i0.wp.com\\\/minutocerord.com\\\/wp-content\\\/uploads\\\/2020\\\/11\\\/francisco-pagan_thumb_620.jpg?fit=619%2C372&ssl=1\",\"width\":619,\"height\":372},{\"@type\":\"BreadcrumbList\",\"@id\":\"http:\\\/\\\/minutocerord.com\\\/?p=1089#breadcrumb\",\"itemListElement\":[{\"@type\":\"ListItem\",\"position\":1,\"name\":\"Home\",\"item\":\"https:\\\/\\\/minutocerord.com\\\/\"},{\"@type\":\"ListItem\",\"position\":2,\"name\":\"La n\u00f3mina secreta que ten\u00eda OISOE con 761 personas allegadas de Pag\u00e1n\"}]},{\"@type\":\"WebSite\",\"@id\":\"https:\\\/\\\/minutocerord.com\\\/#website\",\"url\":\"https:\\\/\\\/minutocerord.com\\\/\",\"name\":\"Minuto Cero RD\",\"description\":\"Periodismo serio y veraz\",\"publisher\":{\"@id\":\"https:\\\/\\\/minutocerord.com\\\/#\\\/schema\\\/person\\\/60b5372d60aaa0a5171fb6488be9aee6\"},\"potentialAction\":[{\"@type\":\"SearchAction\",\"target\":{\"@type\":\"EntryPoint\",\"urlTemplate\":\"https:\\\/\\\/minutocerord.com\\\/?s={search_term_string}\"},\"query-input\":{\"@type\":\"PropertyValueSpecification\",\"valueRequired\":true,\"valueName\":\"search_term_string\"}}],\"inLanguage\":\"es-DO\"},{\"@type\":[\"Person\",\"Organization\"],\"@id\":\"https:\\\/\\\/minutocerord.com\\\/#\\\/schema\\\/person\\\/60b5372d60aaa0a5171fb6488be9aee6\",\"name\":\"Genof\u00f3ntes Urb\u00e1ez\",\"image\":{\"@type\":\"ImageObject\",\"inLanguage\":\"es-DO\",\"@id\":\"https:\\\/\\\/secure.gravatar.com\\\/avatar\\\/a49ef3186a692098ac3e8a1612261e3ad70cf9e44553dff2929e67939a0ecb9d?s=96&d=identicon&r=g\",\"url\":\"https:\\\/\\\/secure.gravatar.com\\\/avatar\\\/a49ef3186a692098ac3e8a1612261e3ad70cf9e44553dff2929e67939a0ecb9d?s=96&d=identicon&r=g\",\"contentUrl\":\"https:\\\/\\\/secure.gravatar.com\\\/avatar\\\/a49ef3186a692098ac3e8a1612261e3ad70cf9e44553dff2929e67939a0ecb9d?s=96&d=identicon&r=g\",\"caption\":\"Genof\u00f3ntes Urb\u00e1ez\"},\"logo\":{\"@id\":\"https:\\\/\\\/secure.gravatar.com\\\/avatar\\\/a49ef3186a692098ac3e8a1612261e3ad70cf9e44553dff2929e67939a0ecb9d?s=96&d=identicon&r=g\"},\"description\":\"Periodista \\\/ Locutor\",\"sameAs\":[\"https:\\\/\\\/www.facebook.com\\\/Genofnotes\",\"https:\\\/\\\/www.instagram.com\\\/genofnotes\\\/\"]}]}<\/script>\n<!-- \/ Yoast SEO plugin. -->","yoast_head_json":{"title":"La n\u00f3mina secreta que ten\u00eda OISOE con 761 personas allegadas de Pag\u00e1n - Minuto Cero RD","robots":{"index":"index","follow":"follow","max-snippet":"max-snippet:-1","max-image-preview":"max-image-preview:large","max-video-preview":"max-video-preview:-1"},"canonical":"http:\/\/minutocerord.com\/?p=1089","og_locale":"es_ES","og_type":"article","og_title":"La n\u00f3mina secreta que ten\u00eda OISOE con 761 personas allegadas de Pag\u00e1n - Minuto Cero RD","og_description":"Santo Domingo.- La Oficina de Ingenieros Supervisores de Obras del Estado (OISOE), nueva vez en cuestionada por la opini\u00f3n p\u00fablica, y espec\u00edficamente por el Ministerio P\u00fablico, organismo que reci\u00e9n apres\u00f3 a su ex director, Francisco Pag\u00e1n, tiene varias obras cuestionadas por sus montos y asignaciones, as\u00ed como por la n\u00f3mina secreta que ten\u00eda. Hace un [&hellip;]","og_url":"http:\/\/minutocerord.com\/?p=1089","og_site_name":"Minuto Cero RD","article_publisher":"https:\/\/www.facebook.com\/Genofnotes","article_author":"https:\/\/www.facebook.com\/Genofnotes","article_published_time":"2020-11-30T19:11:23+00:00","article_modified_time":"2020-11-30T19:11:27+00:00","og_image":[{"width":619,"height":372,"url":"https:\/\/i0.wp.com\/minutocerord.com\/wp-content\/uploads\/2020\/11\/francisco-pagan_thumb_620.jpg?fit=619%2C372","type":"image\/jpeg"}],"author":"Genof\u00f3ntes Urb\u00e1ez","twitter_card":"summary_large_image","twitter_misc":{"Written by":"Genof\u00f3ntes Urb\u00e1ez","Est. reading time":"6 minutos"},"schema":{"@context":"https:\/\/schema.org","@graph":[{"@type":"Article","@id":"http:\/\/minutocerord.com\/?p=1089#article","isPartOf":{"@id":"http:\/\/minutocerord.com\/?p=1089"},"author":{"name":"Genof\u00f3ntes Urb\u00e1ez","@id":"https:\/\/minutocerord.com\/#\/schema\/person\/60b5372d60aaa0a5171fb6488be9aee6"},"headline":"La n\u00f3mina secreta que ten\u00eda OISOE con 761 personas allegadas de Pag\u00e1n","datePublished":"2020-11-30T19:11:23+00:00","dateModified":"2020-11-30T19:11:27+00:00","mainEntityOfPage":{"@id":"http:\/\/minutocerord.com\/?p=1089"},"wordCount":1310,"commentCount":0,"publisher":{"@id":"https:\/\/minutocerord.com\/#\/schema\/person\/60b5372d60aaa0a5171fb6488be9aee6"},"image":{"@id":"http:\/\/minutocerord.com\/?p=1089#primaryimage"},"thumbnailUrl":"https:\/\/i0.wp.com\/minutocerord.com\/wp-content\/uploads\/2020\/11\/francisco-pagan_thumb_620.jpg?fit=619%2C372&ssl=1","articleSection":["Nacionales"],"inLanguage":"es-DO","potentialAction":[{"@type":"CommentAction","name":"Comment","target":["http:\/\/minutocerord.com\/?p=1089#respond"]}]},{"@type":"WebPage","@id":"http:\/\/minutocerord.com\/?p=1089","url":"http:\/\/minutocerord.com\/?p=1089","name":"La n\u00f3mina secreta que ten\u00eda OISOE con 761 personas allegadas de Pag\u00e1n - Minuto Cero RD","isPartOf":{"@id":"https:\/\/minutocerord.com\/#website"},"primaryImageOfPage":{"@id":"http:\/\/minutocerord.com\/?p=1089#primaryimage"},"image":{"@id":"http:\/\/minutocerord.com\/?p=1089#primaryimage"},"thumbnailUrl":"https:\/\/i0.wp.com\/minutocerord.com\/wp-content\/uploads\/2020\/11\/francisco-pagan_thumb_620.jpg?fit=619%2C372&ssl=1","datePublished":"2020-11-30T19:11:23+00:00","dateModified":"2020-11-30T19:11:27+00:00","breadcrumb":{"@id":"http:\/\/minutocerord.com\/?p=1089#breadcrumb"},"inLanguage":"es-DO","potentialAction":[{"@type":"ReadAction","target":["http:\/\/minutocerord.com\/?p=1089"]}]},{"@type":"ImageObject","inLanguage":"es-DO","@id":"http:\/\/minutocerord.com\/?p=1089#primaryimage","url":"https:\/\/i0.wp.com\/minutocerord.com\/wp-content\/uploads\/2020\/11\/francisco-pagan_thumb_620.jpg?fit=619%2C372&ssl=1","contentUrl":"https:\/\/i0.wp.com\/minutocerord.com\/wp-content\/uploads\/2020\/11\/francisco-pagan_thumb_620.jpg?fit=619%2C372&ssl=1","width":619,"height":372},{"@type":"BreadcrumbList","@id":"http:\/\/minutocerord.com\/?p=1089#breadcrumb","itemListElement":[{"@type":"ListItem","position":1,"name":"Home","item":"https:\/\/minutocerord.com\/"},{"@type":"ListItem","position":2,"name":"La n\u00f3mina secreta que ten\u00eda OISOE con 761 personas allegadas de Pag\u00e1n"}]},{"@type":"WebSite","@id":"https:\/\/minutocerord.com\/#website","url":"https:\/\/minutocerord.com\/","name":"Minuto Cero RD","description":"Periodismo serio y veraz","publisher":{"@id":"https:\/\/minutocerord.com\/#\/schema\/person\/60b5372d60aaa0a5171fb6488be9aee6"},"potentialAction":[{"@type":"SearchAction","target":{"@type":"EntryPoint","urlTemplate":"https:\/\/minutocerord.com\/?s={search_term_string}"},"query-input":{"@type":"PropertyValueSpecification","valueRequired":true,"valueName":"search_term_string"}}],"inLanguage":"es-DO"},{"@type":["Person","Organization"],"@id":"https:\/\/minutocerord.com\/#\/schema\/person\/60b5372d60aaa0a5171fb6488be9aee6","name":"Genof\u00f3ntes Urb\u00e1ez","image":{"@type":"ImageObject","inLanguage":"es-DO","@id":"https:\/\/secure.gravatar.com\/avatar\/a49ef3186a692098ac3e8a1612261e3ad70cf9e44553dff2929e67939a0ecb9d?s=96&d=identicon&r=g","url":"https:\/\/secure.gravatar.com\/avatar\/a49ef3186a692098ac3e8a1612261e3ad70cf9e44553dff2929e67939a0ecb9d?s=96&d=identicon&r=g","contentUrl":"https:\/\/secure.gravatar.com\/avatar\/a49ef3186a692098ac3e8a1612261e3ad70cf9e44553dff2929e67939a0ecb9d?s=96&d=identicon&r=g","caption":"Genof\u00f3ntes Urb\u00e1ez"},"logo":{"@id":"https:\/\/secure.gravatar.com\/avatar\/a49ef3186a692098ac3e8a1612261e3ad70cf9e44553dff2929e67939a0ecb9d?s=96&d=identicon&r=g"},"description":"Periodista \/ Locutor","sameAs":["https:\/\/www.facebook.com\/Genofnotes","https:\/\/www.instagram.com\/genofnotes\/"]}]}},"jetpack_publicize_connections":[],"jetpack_featured_media_url":"https:\/\/i0.wp.com\/minutocerord.com\/wp-content\/uploads\/2020\/11\/francisco-pagan_thumb_620.jpg?fit=619%2C372&ssl=1","jetpack-related-posts":[],"jetpack_sharing_enabled":true,"_links":{"self":[{"href":"https:\/\/minutocerord.com\/index.php?rest_route=\/wp\/v2\/posts\/1089","targetHints":{"allow":["GET"]}}],"collection":[{"href":"https:\/\/minutocerord.com\/index.php?rest_route=\/wp\/v2\/posts"}],"about":[{"href":"https:\/\/minutocerord.com\/index.php?rest_route=\/wp\/v2\/types\/post"}],"author":[{"embeddable":true,"href":"https:\/\/minutocerord.com\/index.php?rest_route=\/wp\/v2\/users\/1"}],"replies":[{"embeddable":true,"href":"https:\/\/minutocerord.com\/index.php?rest_route=%2Fwp%2Fv2%2Fcomments&post=1089"}],"version-history":[{"count":1,"href":"https:\/\/minutocerord.com\/index.php?rest_route=\/wp\/v2\/posts\/1089\/revisions"}],"predecessor-version":[{"id":1091,"href":"https:\/\/minutocerord.com\/index.php?rest_route=\/wp\/v2\/posts\/1089\/revisions\/1091"}],"wp:featuredmedia":[{"embeddable":true,"href":"https:\/\/minutocerord.com\/index.php?rest_route=\/wp\/v2\/media\/1090"}],"wp:attachment":[{"href":"https:\/\/minutocerord.com\/index.php?rest_route=%2Fwp%2Fv2%2Fmedia&parent=1089"}],"wp:term":[{"taxonomy":"category","embeddable":true,"href":"https:\/\/minutocerord.com\/index.php?rest_route=%2Fwp%2Fv2%2Fcategories&post=1089"},{"taxonomy":"post_tag","embeddable":true,"href":"https:\/\/minutocerord.com\/index.php?rest_route=%2Fwp%2Fv2%2Ftags&post=1089"}],"curies":[{"name":"wp","href":"https:\/\/api.w.org\/{rel}","templated":true}]}}