{"id":1102,"date":"2020-11-30T15:37:14","date_gmt":"2020-11-30T19:37:14","guid":{"rendered":"https:\/\/minutocerord.com\/?p=1102"},"modified":"2020-11-30T15:37:17","modified_gmt":"2020-11-30T19:37:17","slug":"videos-danilo-expresa-indignacion-por-arrestos-de-hermanos-y-exfuncionarios","status":"publish","type":"post","link":"https:\/\/minutocerord.com\/?p=1102","title":{"rendered":"VIDEOS: Danilo expresa indignaci\u00f3n por arrestos de hermanos y exfuncionarios"},"content":{"rendered":"\n<figure class=\"wp-block-embed-youtube wp-block-embed is-type-video is-provider-youtube wp-embed-aspect-16-9 wp-has-aspect-ratio\"><div class=\"wp-block-embed__wrapper\">\n<iframe loading=\"lazy\" title=\"Danilo expresa indignaci\u00f3n por el resto de hermanos y ex funcionarios\" width=\"640\" height=\"360\" src=\"https:\/\/www.youtube.com\/embed\/HiGpKjXY47o?feature=oembed&#038;enablejsapi=1\" frameborder=\"0\" allow=\"accelerometer; autoplay; clipboard-write; encrypted-media; gyroscope; picture-in-picture; web-share\" referrerpolicy=\"strict-origin-when-cross-origin\" allowfullscreen><\/iframe>\n<\/div><\/figure>\n\n\n\n<p>Santo Domingo. \u2013 El expresidente de la Rep\u00fablica Dominicana Danilo Medina expres\u00f3 este domingo su \u00abm\u00e1s profunda indignaci\u00f3n por la forma atropellante y abusiva\u201d en la que, a su juicio, \u00a0fueron tratados miembros del PLD \u00a0detenidos en la madrugada\u00bb, acusados de corrupci\u00f3n administrativa, entre ellos dos de sus hermanos.<\/p>\n\n\n\n<p>As\u00ed lo manifest\u00f3 en una rueda de prensa en la que el Partido de la Liberaci\u00f3n Dominicana (PLD) fij\u00f3 su postura ante los arrestos de \u00abun grupo de exfuncionarios, proveedores y testaferros que aprovecharon v\u00ednculos con el poder pol\u00edtico para acumular fortunas durante el pasado per\u00edodo de Gobierno\u00bb, inform\u00f3 &nbsp;la Procuradur\u00eda General de la Rep\u00fablica (PGR).<\/p>\n\n\n\n<p>\u00abCreo que es la primera vez que estamos frente al uso del poder del Estado para usarlo de manera desconsiderada, atropellante y abusiva. Y eso es t\u00edpico de cobardes\u00bb, dijo Medina.<\/p>\n\n\n\n<p>Las detenciones de la madrugada de este domingo &nbsp;incluyen a los hermanos del exmandatario Carmen Magalys Medina S\u00e1nchez, exvicepresidenta del Fondo Patrimonial de las Empresas Reformadas (Fonper), y a Juan Alexis Medina S\u00e1nchez, quienes, \u00absi se sigue el debido proceso, el tiempo se encargar\u00e1 de decir que son inocentes\u00bb, apunt\u00f3.<\/p>\n\n\n\n<p><strong>Rechaza haya mafia familiar<\/strong><\/p>\n\n\n\n<p>\u00abSe ha tratado de vender la imagen de que alrededor de la familia Medina S\u00e1nchez se ha conformado una especie de mafia que usando privilegios ha amasado fortunas, y nada m\u00e1s falso que esto. Todo el que me conoce sabe que asumimos el poder con entrega y sacrificio, que lo hicimos con transparencia y los datos est\u00e1n ah\u00ed\u00bb, dijo.<\/p>\n\n\n\n<p>El expresidente inst\u00f3 a que se hagan todas las investigaciones pertinentes: \u00abNo nos oponemos a que cualquier acto que se considere il\u00edcito sea investigado y que si alguien resulta culpable asuma el peso de la ley\u00bb, pero \u00abque no tiendan a generalizar\u00bb, ya que la mayor\u00eda de los miembros de su Administraci\u00f3n actuaron apegados a al ley, dijo.<\/p>\n\n\n\n<p><strong>Lectura de comunicado<\/strong><\/p>\n\n\n\n<p>Las palabras de Medina estuvieron precedidas por la lectura de un comunicado a cargo de Francisco Dom\u00ednguez Brito, miembro del Comit\u00e9 Pol\u00edtico del PLD, que ocup\u00f3 el cargo de procurador general durante el primer periodo de Gobierno del expresidente (2012-2016; 2016-2020).<\/p>\n\n\n\n<p>El texto expresa el malestar de la formaci\u00f3n por el modo en el que se produjeron las detenciones de diversos compa\u00f1eros que ocuparon cargos en la Administraci\u00f3n, a quienes \u00abno se les respet\u00f3 la dignidad humana\u00bb.<\/p>\n\n\n\n<p>Adem\u00e1s de los hermanos de Medina, entre los primeros detenidos figuran el exdirector general de la Oficina de Ingenieros Supervisores de Obras del Estado (Oisoe) Francisco Pag\u00e1n y el exministro de Salud P\u00fablica Freddy Hidalgo.<\/p>\n\n\n\n<p>El PLD destaca en el texto que de los detenidos, en la mayor\u00eda de los casos, \u00abno fueron previamente citados\u00bb, lo que consideran un comportamiento \u00abpreocupante\u00bb por parte de las autoridades.<\/p>\n\n\n\n<p>\u00abNo era necesario realizar aparatosos allanamientos en horas de la madrugada de forma abusiva y desconsiderada\u00bb, ya que esas personas \u00abpudieron ser citadas previamente\u00bb para acudir a las oficinas de la PGR, tal y como han hecho quienes as\u00ed han sido requeridos con anterioridad, dijo Dom\u00ednguez Brito.<\/p>\n\n\n\n<p>Asimismo, record\u00f3 que \u00ablos hoy imputados son personas p\u00fablicamente conocidas, ninguno representa riesgo para la sociedad ni han dado muestras de intenci\u00f3n de sustraerse de las investigaciones\u00bb que se llevan a cabo.<\/p>\n\n\n\n<p>Por todo ello, el Ministerio P\u00fablico \u00abha violado reglas elementales de respeto a la dignidad humana de los investigados\u00bb y le exige a la administraci\u00f3n que encabeza el presidente Luis Abinader que toda investigaci\u00f3n penal se haga \u00absin responder a necesidad de aplausos a costa de los derechos investigados, especialmente los que est\u00e1n ahora arrestados\u00bb.<\/p>\n\n\n\n<p><strong>Principales dirigentes del PLD<\/strong><\/p>\n\n\n\n<p>En la comparecencia, Medina y Dom\u00ednguez Brito estuvieron arropados por los principales dirigentes del PLD, como el presidente del partido, Tem\u00edstocles Mont\u00e1s, el excandidato presidencial Gonzalo Castillo, el exministro de Turismo Francisco Javier Garc\u00eda, o la exvicepresidenta Margarita Cede\u00f1o.<\/p>\n\n\n\n<p>Tras los allanamientos en sus respectivos domicilios, los detenidos fueron conducidos a la c\u00e1rcel preventiva del Palacio de Justicia de Ciudad Nueva, Santo Domingo, donde esperan a que se les dicten medidas de coerci\u00f3n. EFE<\/p>\n\n\n\n<figure class=\"wp-block-embed-youtube wp-block-embed is-type-video is-provider-youtube wp-embed-aspect-16-9 wp-has-aspect-ratio\"><div class=\"wp-block-embed__wrapper\">\n<iframe loading=\"lazy\" title=\"Respuesta del PLD ante arresto de sus funcionarios\" width=\"640\" height=\"360\" src=\"https:\/\/www.youtube.com\/embed\/u9dOJJJMsjw?feature=oembed&#038;enablejsapi=1\" frameborder=\"0\" allow=\"accelerometer; autoplay; clipboard-write; encrypted-media; gyroscope; picture-in-picture; web-share\" referrerpolicy=\"strict-origin-when-cross-origin\" allowfullscreen><\/iframe>\n<\/div><\/figure>\n","protected":false},"excerpt":{"rendered":"<p>Santo Domingo. \u2013 El expresidente de la Rep\u00fablica Dominicana Danilo Medina expres\u00f3 este domingo su \u00abm\u00e1s profunda indignaci\u00f3n por la forma atropellante y abusiva\u201d en la que, a su juicio, \u00a0fueron tratados miembros del PLD \u00a0detenidos en la madrugada\u00bb, acusados de corrupci\u00f3n administrativa, entre ellos dos de sus hermanos. As\u00ed lo manifest\u00f3 en una rueda [&hellip;]<\/p>\n","protected":false},"author":1,"featured_media":1104,"comment_status":"open","ping_status":"open","sticky":false,"template":"","format":"standard","meta":{"nf_dc_page":"","jetpack_post_was_ever_published":false,"_jetpack_newsletter_access":"","_jetpack_dont_email_post_to_subs":false,"_jetpack_newsletter_tier_id":0,"_jetpack_memberships_contains_paywalled_content":false,"_jetpack_memberships_contains_paid_content":false,"footnotes":"","jetpack_publicize_message":"","jetpack_publicize_feature_enabled":true,"jetpack_social_post_already_shared":false,"jetpack_social_options":{"image_generator_settings":{"template":"highway","default_image_id":0,"font":"","enabled":false},"version":2}},"categories":[76],"tags":[],"class_list":["post-1102","post","type-post","status-publish","format-standard","has-post-thumbnail","hentry","category-politica-internacionales"],"yoast_head":"<!-- This site is optimized with the Yoast SEO plugin v27.4 - https:\/\/yoast.com\/product\/yoast-seo-wordpress\/ -->\n<title>VIDEOS: Danilo expresa indignaci\u00f3n por arrestos de hermanos y exfuncionarios - Minuto Cero RD<\/title>\n<meta name=\"robots\" content=\"index, follow, max-snippet:-1, max-image-preview:large, max-video-preview:-1\" \/>\n<link rel=\"canonical\" href=\"http:\/\/minutocerord.com\/?p=1102\" \/>\n<meta property=\"og:locale\" content=\"es_ES\" \/>\n<meta property=\"og:type\" content=\"article\" \/>\n<meta property=\"og:title\" content=\"VIDEOS: Danilo expresa indignaci\u00f3n por arrestos de hermanos y exfuncionarios - Minuto Cero RD\" \/>\n<meta property=\"og:description\" content=\"Santo Domingo. \u2013 El expresidente de la Rep\u00fablica Dominicana Danilo Medina expres\u00f3 este domingo su \u00abm\u00e1s profunda indignaci\u00f3n por la forma atropellante y abusiva\u201d en la que, a su juicio, \u00a0fueron tratados miembros del PLD \u00a0detenidos en la madrugada\u00bb, acusados de corrupci\u00f3n administrativa, entre ellos dos de sus hermanos. As\u00ed lo manifest\u00f3 en una rueda [&hellip;]\" \/>\n<meta property=\"og:url\" content=\"http:\/\/minutocerord.com\/?p=1102\" \/>\n<meta property=\"og:site_name\" content=\"Minuto Cero RD\" \/>\n<meta property=\"article:publisher\" content=\"https:\/\/www.facebook.com\/Genofnotes\" \/>\n<meta property=\"article:author\" content=\"https:\/\/www.facebook.com\/Genofnotes\" \/>\n<meta property=\"article:published_time\" content=\"2020-11-30T19:37:14+00:00\" \/>\n<meta property=\"article:modified_time\" content=\"2020-11-30T19:37:17+00:00\" \/>\n<meta property=\"og:image\" content=\"https:\/\/i0.wp.com\/minutocerord.com\/wp-content\/uploads\/2020\/11\/danilosale.jpg?fit=680%2C453\" \/>\n\t<meta property=\"og:image:width\" content=\"680\" \/>\n\t<meta property=\"og:image:height\" content=\"453\" \/>\n\t<meta property=\"og:image:type\" content=\"image\/jpeg\" \/>\n<meta name=\"author\" content=\"Genof\u00f3ntes Urb\u00e1ez\" \/>\n<meta name=\"twitter:card\" content=\"summary_large_image\" \/>\n<meta name=\"twitter:label1\" content=\"Written by\" \/>\n\t<meta name=\"twitter:data1\" content=\"Genof\u00f3ntes Urb\u00e1ez\" \/>\n\t<meta name=\"twitter:label2\" content=\"Est. reading time\" \/>\n\t<meta name=\"twitter:data2\" content=\"4 minutos\" \/>\n<script type=\"application\/ld+json\" class=\"yoast-schema-graph\">{\"@context\":\"https:\\\/\\\/schema.org\",\"@graph\":[{\"@type\":\"Article\",\"@id\":\"http:\\\/\\\/minutocerord.com\\\/?p=1102#article\",\"isPartOf\":{\"@id\":\"http:\\\/\\\/minutocerord.com\\\/?p=1102\"},\"author\":{\"name\":\"Genof\u00f3ntes Urb\u00e1ez\",\"@id\":\"https:\\\/\\\/minutocerord.com\\\/#\\\/schema\\\/person\\\/60b5372d60aaa0a5171fb6488be9aee6\"},\"headline\":\"VIDEOS: Danilo expresa indignaci\u00f3n por arrestos de hermanos y exfuncionarios\",\"datePublished\":\"2020-11-30T19:37:14+00:00\",\"dateModified\":\"2020-11-30T19:37:17+00:00\",\"mainEntityOfPage\":{\"@id\":\"http:\\\/\\\/minutocerord.com\\\/?p=1102\"},\"wordCount\":729,\"commentCount\":0,\"publisher\":{\"@id\":\"https:\\\/\\\/minutocerord.com\\\/#\\\/schema\\\/person\\\/60b5372d60aaa0a5171fb6488be9aee6\"},\"image\":{\"@id\":\"http:\\\/\\\/minutocerord.com\\\/?p=1102#primaryimage\"},\"thumbnailUrl\":\"https:\\\/\\\/i0.wp.com\\\/minutocerord.com\\\/wp-content\\\/uploads\\\/2020\\\/11\\\/danilosale.jpg?fit=680%2C453&ssl=1\",\"articleSection\":[\"Pol\u00edtica\"],\"inLanguage\":\"es-DO\",\"potentialAction\":[{\"@type\":\"CommentAction\",\"name\":\"Comment\",\"target\":[\"http:\\\/\\\/minutocerord.com\\\/?p=1102#respond\"]}]},{\"@type\":\"WebPage\",\"@id\":\"http:\\\/\\\/minutocerord.com\\\/?p=1102\",\"url\":\"http:\\\/\\\/minutocerord.com\\\/?p=1102\",\"name\":\"VIDEOS: Danilo expresa indignaci\u00f3n por arrestos de hermanos y exfuncionarios - Minuto Cero RD\",\"isPartOf\":{\"@id\":\"https:\\\/\\\/minutocerord.com\\\/#website\"},\"primaryImageOfPage\":{\"@id\":\"http:\\\/\\\/minutocerord.com\\\/?p=1102#primaryimage\"},\"image\":{\"@id\":\"http:\\\/\\\/minutocerord.com\\\/?p=1102#primaryimage\"},\"thumbnailUrl\":\"https:\\\/\\\/i0.wp.com\\\/minutocerord.com\\\/wp-content\\\/uploads\\\/2020\\\/11\\\/danilosale.jpg?fit=680%2C453&ssl=1\",\"datePublished\":\"2020-11-30T19:37:14+00:00\",\"dateModified\":\"2020-11-30T19:37:17+00:00\",\"breadcrumb\":{\"@id\":\"http:\\\/\\\/minutocerord.com\\\/?p=1102#breadcrumb\"},\"inLanguage\":\"es-DO\",\"potentialAction\":[{\"@type\":\"ReadAction\",\"target\":[\"http:\\\/\\\/minutocerord.com\\\/?p=1102\"]}]},{\"@type\":\"ImageObject\",\"inLanguage\":\"es-DO\",\"@id\":\"http:\\\/\\\/minutocerord.com\\\/?p=1102#primaryimage\",\"url\":\"https:\\\/\\\/i0.wp.com\\\/minutocerord.com\\\/wp-content\\\/uploads\\\/2020\\\/11\\\/danilosale.jpg?fit=680%2C453&ssl=1\",\"contentUrl\":\"https:\\\/\\\/i0.wp.com\\\/minutocerord.com\\\/wp-content\\\/uploads\\\/2020\\\/11\\\/danilosale.jpg?fit=680%2C453&ssl=1\",\"width\":680,\"height\":453},{\"@type\":\"BreadcrumbList\",\"@id\":\"http:\\\/\\\/minutocerord.com\\\/?p=1102#breadcrumb\",\"itemListElement\":[{\"@type\":\"ListItem\",\"position\":1,\"name\":\"Home\",\"item\":\"https:\\\/\\\/minutocerord.com\\\/\"},{\"@type\":\"ListItem\",\"position\":2,\"name\":\"VIDEOS: Danilo expresa indignaci\u00f3n por arrestos de hermanos y exfuncionarios\"}]},{\"@type\":\"WebSite\",\"@id\":\"https:\\\/\\\/minutocerord.com\\\/#website\",\"url\":\"https:\\\/\\\/minutocerord.com\\\/\",\"name\":\"Minuto Cero RD\",\"description\":\"Periodismo serio y veraz\",\"publisher\":{\"@id\":\"https:\\\/\\\/minutocerord.com\\\/#\\\/schema\\\/person\\\/60b5372d60aaa0a5171fb6488be9aee6\"},\"potentialAction\":[{\"@type\":\"SearchAction\",\"target\":{\"@type\":\"EntryPoint\",\"urlTemplate\":\"https:\\\/\\\/minutocerord.com\\\/?s={search_term_string}\"},\"query-input\":{\"@type\":\"PropertyValueSpecification\",\"valueRequired\":true,\"valueName\":\"search_term_string\"}}],\"inLanguage\":\"es-DO\"},{\"@type\":[\"Person\",\"Organization\"],\"@id\":\"https:\\\/\\\/minutocerord.com\\\/#\\\/schema\\\/person\\\/60b5372d60aaa0a5171fb6488be9aee6\",\"name\":\"Genof\u00f3ntes Urb\u00e1ez\",\"image\":{\"@type\":\"ImageObject\",\"inLanguage\":\"es-DO\",\"@id\":\"https:\\\/\\\/secure.gravatar.com\\\/avatar\\\/a49ef3186a692098ac3e8a1612261e3ad70cf9e44553dff2929e67939a0ecb9d?s=96&d=identicon&r=g\",\"url\":\"https:\\\/\\\/secure.gravatar.com\\\/avatar\\\/a49ef3186a692098ac3e8a1612261e3ad70cf9e44553dff2929e67939a0ecb9d?s=96&d=identicon&r=g\",\"contentUrl\":\"https:\\\/\\\/secure.gravatar.com\\\/avatar\\\/a49ef3186a692098ac3e8a1612261e3ad70cf9e44553dff2929e67939a0ecb9d?s=96&d=identicon&r=g\",\"caption\":\"Genof\u00f3ntes Urb\u00e1ez\"},\"logo\":{\"@id\":\"https:\\\/\\\/secure.gravatar.com\\\/avatar\\\/a49ef3186a692098ac3e8a1612261e3ad70cf9e44553dff2929e67939a0ecb9d?s=96&d=identicon&r=g\"},\"description\":\"Periodista \\\/ Locutor\",\"sameAs\":[\"https:\\\/\\\/www.facebook.com\\\/Genofnotes\",\"https:\\\/\\\/www.instagram.com\\\/genofnotes\\\/\"]}]}<\/script>\n<!-- \/ Yoast SEO plugin. -->","yoast_head_json":{"title":"VIDEOS: Danilo expresa indignaci\u00f3n por arrestos de hermanos y exfuncionarios - Minuto Cero RD","robots":{"index":"index","follow":"follow","max-snippet":"max-snippet:-1","max-image-preview":"max-image-preview:large","max-video-preview":"max-video-preview:-1"},"canonical":"http:\/\/minutocerord.com\/?p=1102","og_locale":"es_ES","og_type":"article","og_title":"VIDEOS: Danilo expresa indignaci\u00f3n por arrestos de hermanos y exfuncionarios - Minuto Cero RD","og_description":"Santo Domingo. \u2013 El expresidente de la Rep\u00fablica Dominicana Danilo Medina expres\u00f3 este domingo su \u00abm\u00e1s profunda indignaci\u00f3n por la forma atropellante y abusiva\u201d en la que, a su juicio, \u00a0fueron tratados miembros del PLD \u00a0detenidos en la madrugada\u00bb, acusados de corrupci\u00f3n administrativa, entre ellos dos de sus hermanos. As\u00ed lo manifest\u00f3 en una rueda [&hellip;]","og_url":"http:\/\/minutocerord.com\/?p=1102","og_site_name":"Minuto Cero RD","article_publisher":"https:\/\/www.facebook.com\/Genofnotes","article_author":"https:\/\/www.facebook.com\/Genofnotes","article_published_time":"2020-11-30T19:37:14+00:00","article_modified_time":"2020-11-30T19:37:17+00:00","og_image":[{"width":680,"height":453,"url":"https:\/\/i0.wp.com\/minutocerord.com\/wp-content\/uploads\/2020\/11\/danilosale.jpg?fit=680%2C453","type":"image\/jpeg"}],"author":"Genof\u00f3ntes Urb\u00e1ez","twitter_card":"summary_large_image","twitter_misc":{"Written by":"Genof\u00f3ntes Urb\u00e1ez","Est. reading time":"4 minutos"},"schema":{"@context":"https:\/\/schema.org","@graph":[{"@type":"Article","@id":"http:\/\/minutocerord.com\/?p=1102#article","isPartOf":{"@id":"http:\/\/minutocerord.com\/?p=1102"},"author":{"name":"Genof\u00f3ntes Urb\u00e1ez","@id":"https:\/\/minutocerord.com\/#\/schema\/person\/60b5372d60aaa0a5171fb6488be9aee6"},"headline":"VIDEOS: Danilo expresa indignaci\u00f3n por arrestos de hermanos y exfuncionarios","datePublished":"2020-11-30T19:37:14+00:00","dateModified":"2020-11-30T19:37:17+00:00","mainEntityOfPage":{"@id":"http:\/\/minutocerord.com\/?p=1102"},"wordCount":729,"commentCount":0,"publisher":{"@id":"https:\/\/minutocerord.com\/#\/schema\/person\/60b5372d60aaa0a5171fb6488be9aee6"},"image":{"@id":"http:\/\/minutocerord.com\/?p=1102#primaryimage"},"thumbnailUrl":"https:\/\/i0.wp.com\/minutocerord.com\/wp-content\/uploads\/2020\/11\/danilosale.jpg?fit=680%2C453&ssl=1","articleSection":["Pol\u00edtica"],"inLanguage":"es-DO","potentialAction":[{"@type":"CommentAction","name":"Comment","target":["http:\/\/minutocerord.com\/?p=1102#respond"]}]},{"@type":"WebPage","@id":"http:\/\/minutocerord.com\/?p=1102","url":"http:\/\/minutocerord.com\/?p=1102","name":"VIDEOS: Danilo expresa indignaci\u00f3n por arrestos de hermanos y exfuncionarios - Minuto Cero RD","isPartOf":{"@id":"https:\/\/minutocerord.com\/#website"},"primaryImageOfPage":{"@id":"http:\/\/minutocerord.com\/?p=1102#primaryimage"},"image":{"@id":"http:\/\/minutocerord.com\/?p=1102#primaryimage"},"thumbnailUrl":"https:\/\/i0.wp.com\/minutocerord.com\/wp-content\/uploads\/2020\/11\/danilosale.jpg?fit=680%2C453&ssl=1","datePublished":"2020-11-30T19:37:14+00:00","dateModified":"2020-11-30T19:37:17+00:00","breadcrumb":{"@id":"http:\/\/minutocerord.com\/?p=1102#breadcrumb"},"inLanguage":"es-DO","potentialAction":[{"@type":"ReadAction","target":["http:\/\/minutocerord.com\/?p=1102"]}]},{"@type":"ImageObject","inLanguage":"es-DO","@id":"http:\/\/minutocerord.com\/?p=1102#primaryimage","url":"https:\/\/i0.wp.com\/minutocerord.com\/wp-content\/uploads\/2020\/11\/danilosale.jpg?fit=680%2C453&ssl=1","contentUrl":"https:\/\/i0.wp.com\/minutocerord.com\/wp-content\/uploads\/2020\/11\/danilosale.jpg?fit=680%2C453&ssl=1","width":680,"height":453},{"@type":"BreadcrumbList","@id":"http:\/\/minutocerord.com\/?p=1102#breadcrumb","itemListElement":[{"@type":"ListItem","position":1,"name":"Home","item":"https:\/\/minutocerord.com\/"},{"@type":"ListItem","position":2,"name":"VIDEOS: Danilo expresa indignaci\u00f3n por arrestos de hermanos y exfuncionarios"}]},{"@type":"WebSite","@id":"https:\/\/minutocerord.com\/#website","url":"https:\/\/minutocerord.com\/","name":"Minuto Cero RD","description":"Periodismo serio y veraz","publisher":{"@id":"https:\/\/minutocerord.com\/#\/schema\/person\/60b5372d60aaa0a5171fb6488be9aee6"},"potentialAction":[{"@type":"SearchAction","target":{"@type":"EntryPoint","urlTemplate":"https:\/\/minutocerord.com\/?s={search_term_string}"},"query-input":{"@type":"PropertyValueSpecification","valueRequired":true,"valueName":"search_term_string"}}],"inLanguage":"es-DO"},{"@type":["Person","Organization"],"@id":"https:\/\/minutocerord.com\/#\/schema\/person\/60b5372d60aaa0a5171fb6488be9aee6","name":"Genof\u00f3ntes Urb\u00e1ez","image":{"@type":"ImageObject","inLanguage":"es-DO","@id":"https:\/\/secure.gravatar.com\/avatar\/a49ef3186a692098ac3e8a1612261e3ad70cf9e44553dff2929e67939a0ecb9d?s=96&d=identicon&r=g","url":"https:\/\/secure.gravatar.com\/avatar\/a49ef3186a692098ac3e8a1612261e3ad70cf9e44553dff2929e67939a0ecb9d?s=96&d=identicon&r=g","contentUrl":"https:\/\/secure.gravatar.com\/avatar\/a49ef3186a692098ac3e8a1612261e3ad70cf9e44553dff2929e67939a0ecb9d?s=96&d=identicon&r=g","caption":"Genof\u00f3ntes Urb\u00e1ez"},"logo":{"@id":"https:\/\/secure.gravatar.com\/avatar\/a49ef3186a692098ac3e8a1612261e3ad70cf9e44553dff2929e67939a0ecb9d?s=96&d=identicon&r=g"},"description":"Periodista \/ Locutor","sameAs":["https:\/\/www.facebook.com\/Genofnotes","https:\/\/www.instagram.com\/genofnotes\/"]}]}},"jetpack_publicize_connections":[],"jetpack_featured_media_url":"https:\/\/i0.wp.com\/minutocerord.com\/wp-content\/uploads\/2020\/11\/danilosale.jpg?fit=680%2C453&ssl=1","jetpack-related-posts":[],"jetpack_sharing_enabled":true,"_links":{"self":[{"href":"https:\/\/minutocerord.com\/index.php?rest_route=\/wp\/v2\/posts\/1102","targetHints":{"allow":["GET"]}}],"collection":[{"href":"https:\/\/minutocerord.com\/index.php?rest_route=\/wp\/v2\/posts"}],"about":[{"href":"https:\/\/minutocerord.com\/index.php?rest_route=\/wp\/v2\/types\/post"}],"author":[{"embeddable":true,"href":"https:\/\/minutocerord.com\/index.php?rest_route=\/wp\/v2\/users\/1"}],"replies":[{"embeddable":true,"href":"https:\/\/minutocerord.com\/index.php?rest_route=%2Fwp%2Fv2%2Fcomments&post=1102"}],"version-history":[{"count":1,"href":"https:\/\/minutocerord.com\/index.php?rest_route=\/wp\/v2\/posts\/1102\/revisions"}],"predecessor-version":[{"id":1105,"href":"https:\/\/minutocerord.com\/index.php?rest_route=\/wp\/v2\/posts\/1102\/revisions\/1105"}],"wp:featuredmedia":[{"embeddable":true,"href":"https:\/\/minutocerord.com\/index.php?rest_route=\/wp\/v2\/media\/1104"}],"wp:attachment":[{"href":"https:\/\/minutocerord.com\/index.php?rest_route=%2Fwp%2Fv2%2Fmedia&parent=1102"}],"wp:term":[{"taxonomy":"category","embeddable":true,"href":"https:\/\/minutocerord.com\/index.php?rest_route=%2Fwp%2Fv2%2Fcategories&post=1102"},{"taxonomy":"post_tag","embeddable":true,"href":"https:\/\/minutocerord.com\/index.php?rest_route=%2Fwp%2Fv2%2Ftags&post=1102"}],"curies":[{"name":"wp","href":"https:\/\/api.w.org\/{rel}","templated":true}]}}