{"id":1109,"date":"2020-11-30T23:14:20","date_gmt":"2020-12-01T03:14:20","guid":{"rendered":"https:\/\/minutocerord.com\/?p=1109"},"modified":"2020-11-30T23:14:23","modified_gmt":"2020-12-01T03:14:23","slug":"anuncian-operativo-navidad-segura-2020-cuenta-con-26-mil-efectivos","status":"publish","type":"post","link":"https:\/\/minutocerord.com\/?p=1109","title":{"rendered":"Anuncian operativo \u201cNavidad Segura 2020\u201d; cuenta con 26 mil efectivos"},"content":{"rendered":"\n<p>Santo Domingo, 30 nov (Prensa Latina) El Operativo Navidad, Seguridad y Vida 2020, que se aplicar\u00e1 en Rep\u00fablica Dominicana para reforzar la vigilancia en las fiestas de diciembre, contar\u00e1 con 26 mil 608 efectivos policiales y militares, se inform\u00f3 hoy.<\/p>\n\n\n\n<p>Durante el anuncio de esa operaci\u00f3n, encabezado por el ministro de Defensa, teniente general Carlos D\u00edaz; el ministro de Interior y Polic\u00eda, Jes\u00fas V\u00e1zquez, y el director de la Polic\u00eda, Edward S\u00e1nchez, las autoridades se comprometieron a brindar seguridad y prevenir los actos delictivos.<\/p>\n\n\n\n<p>S\u00e1nchez manifest\u00f3 que por la situaci\u00f3n que atraviesan el pa\u00eds y el resto del mundo por la pandemia, piden autodisciplina, cuidado personal y autocontrol, para evitar los excesos, prevenir los contagios y tener una convivencia pac\u00edfica.<\/p>\n\n\n\n<p>\u00abPara nosotros es de suma importancia que la ciudadan\u00eda en general, especialmente los propietarios de establecimientos de venta de bebidas alcoh\u00f3licas, respeten en todo momento el horario restringido por el toque de queda y no recurrir a la contaminaci\u00f3n s\u00f3nica como m\u00e9todo de esparcimiento\u00bb, agreg\u00f3.<\/p>\n\n\n\n<p>Finalmente, dijo que en Navidad y todo el resto del a\u00f1o \u00abseguiremos trabajando unidos en orden para salvar la vida de todos\u00bb.<\/p>\n","protected":false},"excerpt":{"rendered":"<p>Santo Domingo, 30 nov (Prensa Latina) El Operativo Navidad, Seguridad y Vida 2020, que se aplicar\u00e1 en Rep\u00fablica Dominicana para reforzar la vigilancia en las fiestas de diciembre, contar\u00e1 con 26 mil 608 efectivos policiales y militares, se inform\u00f3 hoy. Durante el anuncio de esa operaci\u00f3n, encabezado por el ministro de Defensa, teniente general Carlos [&hellip;]<\/p>\n","protected":false},"author":1,"featured_media":1110,"comment_status":"open","ping_status":"open","sticky":false,"template":"","format":"standard","meta":{"nf_dc_page":"","jetpack_post_was_ever_published":false,"_jetpack_newsletter_access":"","_jetpack_dont_email_post_to_subs":false,"_jetpack_newsletter_tier_id":0,"_jetpack_memberships_contains_paywalled_content":false,"_jetpack_memberships_contains_paid_content":false,"footnotes":"","jetpack_publicize_message":"","jetpack_publicize_feature_enabled":true,"jetpack_social_post_already_shared":false,"jetpack_social_options":{"image_generator_settings":{"template":"highway","default_image_id":0,"font":"","enabled":false},"version":2}},"categories":[65],"tags":[],"class_list":["post-1109","post","type-post","status-publish","format-standard","has-post-thumbnail","hentry","category-nacionales"],"yoast_head":"<!-- This site is optimized with the Yoast SEO plugin v27.4 - https:\/\/yoast.com\/product\/yoast-seo-wordpress\/ -->\n<title>Anuncian operativo \u201cNavidad Segura 2020\u201d; cuenta con 26 mil efectivos - Minuto Cero RD<\/title>\n<meta name=\"robots\" content=\"index, follow, max-snippet:-1, max-image-preview:large, max-video-preview:-1\" \/>\n<link rel=\"canonical\" href=\"https:\/\/minutocerord.com\/?p=1109\" \/>\n<meta property=\"og:locale\" content=\"es_ES\" \/>\n<meta property=\"og:type\" content=\"article\" \/>\n<meta property=\"og:title\" content=\"Anuncian operativo \u201cNavidad Segura 2020\u201d; cuenta con 26 mil efectivos - Minuto Cero RD\" \/>\n<meta property=\"og:description\" content=\"Santo Domingo, 30 nov (Prensa Latina) El Operativo Navidad, Seguridad y Vida 2020, que se aplicar\u00e1 en Rep\u00fablica Dominicana para reforzar la vigilancia en las fiestas de diciembre, contar\u00e1 con 26 mil 608 efectivos policiales y militares, se inform\u00f3 hoy. Durante el anuncio de esa operaci\u00f3n, encabezado por el ministro de Defensa, teniente general Carlos [&hellip;]\" \/>\n<meta property=\"og:url\" content=\"https:\/\/minutocerord.com\/?p=1109\" \/>\n<meta property=\"og:site_name\" content=\"Minuto Cero RD\" \/>\n<meta property=\"article:publisher\" content=\"https:\/\/www.facebook.com\/Genofnotes\" \/>\n<meta property=\"article:author\" content=\"https:\/\/www.facebook.com\/Genofnotes\" \/>\n<meta property=\"article:published_time\" content=\"2020-12-01T03:14:20+00:00\" \/>\n<meta property=\"article:modified_time\" content=\"2020-12-01T03:14:23+00:00\" \/>\n<meta property=\"og:image\" content=\"https:\/\/i0.wp.com\/minutocerord.com\/wp-content\/uploads\/2020\/11\/Operativo-Navidad-Segura-2020.jpg?fit=850%2C478&ssl=1\" \/>\n\t<meta property=\"og:image:width\" content=\"850\" \/>\n\t<meta property=\"og:image:height\" content=\"478\" \/>\n\t<meta property=\"og:image:type\" content=\"image\/jpeg\" \/>\n<meta name=\"author\" content=\"Genof\u00f3ntes Urb\u00e1ez\" \/>\n<meta name=\"twitter:card\" content=\"summary_large_image\" \/>\n<meta name=\"twitter:label1\" content=\"Written by\" \/>\n\t<meta name=\"twitter:data1\" content=\"Genof\u00f3ntes Urb\u00e1ez\" \/>\n\t<meta name=\"twitter:label2\" content=\"Est. reading time\" \/>\n\t<meta name=\"twitter:data2\" content=\"1 minuto\" \/>\n<script type=\"application\/ld+json\" class=\"yoast-schema-graph\">{\"@context\":\"https:\\\/\\\/schema.org\",\"@graph\":[{\"@type\":\"Article\",\"@id\":\"https:\\\/\\\/minutocerord.com\\\/?p=1109#article\",\"isPartOf\":{\"@id\":\"https:\\\/\\\/minutocerord.com\\\/?p=1109\"},\"author\":{\"name\":\"Genof\u00f3ntes Urb\u00e1ez\",\"@id\":\"https:\\\/\\\/minutocerord.com\\\/#\\\/schema\\\/person\\\/60b5372d60aaa0a5171fb6488be9aee6\"},\"headline\":\"Anuncian operativo \u201cNavidad Segura 2020\u201d; cuenta con 26 mil efectivos\",\"datePublished\":\"2020-12-01T03:14:20+00:00\",\"dateModified\":\"2020-12-01T03:14:23+00:00\",\"mainEntityOfPage\":{\"@id\":\"https:\\\/\\\/minutocerord.com\\\/?p=1109\"},\"wordCount\":209,\"commentCount\":0,\"publisher\":{\"@id\":\"https:\\\/\\\/minutocerord.com\\\/#\\\/schema\\\/person\\\/60b5372d60aaa0a5171fb6488be9aee6\"},\"image\":{\"@id\":\"https:\\\/\\\/minutocerord.com\\\/?p=1109#primaryimage\"},\"thumbnailUrl\":\"https:\\\/\\\/i0.wp.com\\\/minutocerord.com\\\/wp-content\\\/uploads\\\/2020\\\/11\\\/Operativo-Navidad-Segura-2020.jpg?fit=850%2C478&ssl=1\",\"articleSection\":[\"Nacionales\"],\"inLanguage\":\"es-DO\",\"potentialAction\":[{\"@type\":\"CommentAction\",\"name\":\"Comment\",\"target\":[\"https:\\\/\\\/minutocerord.com\\\/?p=1109#respond\"]}]},{\"@type\":\"WebPage\",\"@id\":\"https:\\\/\\\/minutocerord.com\\\/?p=1109\",\"url\":\"https:\\\/\\\/minutocerord.com\\\/?p=1109\",\"name\":\"Anuncian operativo \u201cNavidad Segura 2020\u201d; cuenta con 26 mil efectivos - Minuto Cero RD\",\"isPartOf\":{\"@id\":\"https:\\\/\\\/minutocerord.com\\\/#website\"},\"primaryImageOfPage\":{\"@id\":\"https:\\\/\\\/minutocerord.com\\\/?p=1109#primaryimage\"},\"image\":{\"@id\":\"https:\\\/\\\/minutocerord.com\\\/?p=1109#primaryimage\"},\"thumbnailUrl\":\"https:\\\/\\\/i0.wp.com\\\/minutocerord.com\\\/wp-content\\\/uploads\\\/2020\\\/11\\\/Operativo-Navidad-Segura-2020.jpg?fit=850%2C478&ssl=1\",\"datePublished\":\"2020-12-01T03:14:20+00:00\",\"dateModified\":\"2020-12-01T03:14:23+00:00\",\"breadcrumb\":{\"@id\":\"https:\\\/\\\/minutocerord.com\\\/?p=1109#breadcrumb\"},\"inLanguage\":\"es-DO\",\"potentialAction\":[{\"@type\":\"ReadAction\",\"target\":[\"https:\\\/\\\/minutocerord.com\\\/?p=1109\"]}]},{\"@type\":\"ImageObject\",\"inLanguage\":\"es-DO\",\"@id\":\"https:\\\/\\\/minutocerord.com\\\/?p=1109#primaryimage\",\"url\":\"https:\\\/\\\/i0.wp.com\\\/minutocerord.com\\\/wp-content\\\/uploads\\\/2020\\\/11\\\/Operativo-Navidad-Segura-2020.jpg?fit=850%2C478&ssl=1\",\"contentUrl\":\"https:\\\/\\\/i0.wp.com\\\/minutocerord.com\\\/wp-content\\\/uploads\\\/2020\\\/11\\\/Operativo-Navidad-Segura-2020.jpg?fit=850%2C478&ssl=1\",\"width\":850,\"height\":478},{\"@type\":\"BreadcrumbList\",\"@id\":\"https:\\\/\\\/minutocerord.com\\\/?p=1109#breadcrumb\",\"itemListElement\":[{\"@type\":\"ListItem\",\"position\":1,\"name\":\"Home\",\"item\":\"https:\\\/\\\/minutocerord.com\\\/\"},{\"@type\":\"ListItem\",\"position\":2,\"name\":\"Anuncian operativo \u201cNavidad Segura 2020\u201d; cuenta con 26 mil efectivos\"}]},{\"@type\":\"WebSite\",\"@id\":\"https:\\\/\\\/minutocerord.com\\\/#website\",\"url\":\"https:\\\/\\\/minutocerord.com\\\/\",\"name\":\"Minuto Cero RD\",\"description\":\"Periodismo serio y veraz\",\"publisher\":{\"@id\":\"https:\\\/\\\/minutocerord.com\\\/#\\\/schema\\\/person\\\/60b5372d60aaa0a5171fb6488be9aee6\"},\"potentialAction\":[{\"@type\":\"SearchAction\",\"target\":{\"@type\":\"EntryPoint\",\"urlTemplate\":\"https:\\\/\\\/minutocerord.com\\\/?s={search_term_string}\"},\"query-input\":{\"@type\":\"PropertyValueSpecification\",\"valueRequired\":true,\"valueName\":\"search_term_string\"}}],\"inLanguage\":\"es-DO\"},{\"@type\":[\"Person\",\"Organization\"],\"@id\":\"https:\\\/\\\/minutocerord.com\\\/#\\\/schema\\\/person\\\/60b5372d60aaa0a5171fb6488be9aee6\",\"name\":\"Genof\u00f3ntes Urb\u00e1ez\",\"image\":{\"@type\":\"ImageObject\",\"inLanguage\":\"es-DO\",\"@id\":\"https:\\\/\\\/secure.gravatar.com\\\/avatar\\\/a49ef3186a692098ac3e8a1612261e3ad70cf9e44553dff2929e67939a0ecb9d?s=96&d=identicon&r=g\",\"url\":\"https:\\\/\\\/secure.gravatar.com\\\/avatar\\\/a49ef3186a692098ac3e8a1612261e3ad70cf9e44553dff2929e67939a0ecb9d?s=96&d=identicon&r=g\",\"contentUrl\":\"https:\\\/\\\/secure.gravatar.com\\\/avatar\\\/a49ef3186a692098ac3e8a1612261e3ad70cf9e44553dff2929e67939a0ecb9d?s=96&d=identicon&r=g\",\"caption\":\"Genof\u00f3ntes Urb\u00e1ez\"},\"logo\":{\"@id\":\"https:\\\/\\\/secure.gravatar.com\\\/avatar\\\/a49ef3186a692098ac3e8a1612261e3ad70cf9e44553dff2929e67939a0ecb9d?s=96&d=identicon&r=g\"},\"description\":\"Periodista \\\/ Locutor\",\"sameAs\":[\"https:\\\/\\\/www.facebook.com\\\/Genofnotes\",\"https:\\\/\\\/www.instagram.com\\\/genofnotes\\\/\"]}]}<\/script>\n<!-- \/ Yoast SEO plugin. -->","yoast_head_json":{"title":"Anuncian operativo \u201cNavidad Segura 2020\u201d; cuenta con 26 mil efectivos - Minuto Cero RD","robots":{"index":"index","follow":"follow","max-snippet":"max-snippet:-1","max-image-preview":"max-image-preview:large","max-video-preview":"max-video-preview:-1"},"canonical":"https:\/\/minutocerord.com\/?p=1109","og_locale":"es_ES","og_type":"article","og_title":"Anuncian operativo \u201cNavidad Segura 2020\u201d; cuenta con 26 mil efectivos - Minuto Cero RD","og_description":"Santo Domingo, 30 nov (Prensa Latina) El Operativo Navidad, Seguridad y Vida 2020, que se aplicar\u00e1 en Rep\u00fablica Dominicana para reforzar la vigilancia en las fiestas de diciembre, contar\u00e1 con 26 mil 608 efectivos policiales y militares, se inform\u00f3 hoy. Durante el anuncio de esa operaci\u00f3n, encabezado por el ministro de Defensa, teniente general Carlos [&hellip;]","og_url":"https:\/\/minutocerord.com\/?p=1109","og_site_name":"Minuto Cero RD","article_publisher":"https:\/\/www.facebook.com\/Genofnotes","article_author":"https:\/\/www.facebook.com\/Genofnotes","article_published_time":"2020-12-01T03:14:20+00:00","article_modified_time":"2020-12-01T03:14:23+00:00","og_image":[{"width":850,"height":478,"url":"https:\/\/i0.wp.com\/minutocerord.com\/wp-content\/uploads\/2020\/11\/Operativo-Navidad-Segura-2020.jpg?fit=850%2C478&ssl=1","type":"image\/jpeg"}],"author":"Genof\u00f3ntes Urb\u00e1ez","twitter_card":"summary_large_image","twitter_misc":{"Written by":"Genof\u00f3ntes Urb\u00e1ez","Est. reading time":"1 minuto"},"schema":{"@context":"https:\/\/schema.org","@graph":[{"@type":"Article","@id":"https:\/\/minutocerord.com\/?p=1109#article","isPartOf":{"@id":"https:\/\/minutocerord.com\/?p=1109"},"author":{"name":"Genof\u00f3ntes Urb\u00e1ez","@id":"https:\/\/minutocerord.com\/#\/schema\/person\/60b5372d60aaa0a5171fb6488be9aee6"},"headline":"Anuncian operativo \u201cNavidad Segura 2020\u201d; cuenta con 26 mil efectivos","datePublished":"2020-12-01T03:14:20+00:00","dateModified":"2020-12-01T03:14:23+00:00","mainEntityOfPage":{"@id":"https:\/\/minutocerord.com\/?p=1109"},"wordCount":209,"commentCount":0,"publisher":{"@id":"https:\/\/minutocerord.com\/#\/schema\/person\/60b5372d60aaa0a5171fb6488be9aee6"},"image":{"@id":"https:\/\/minutocerord.com\/?p=1109#primaryimage"},"thumbnailUrl":"https:\/\/i0.wp.com\/minutocerord.com\/wp-content\/uploads\/2020\/11\/Operativo-Navidad-Segura-2020.jpg?fit=850%2C478&ssl=1","articleSection":["Nacionales"],"inLanguage":"es-DO","potentialAction":[{"@type":"CommentAction","name":"Comment","target":["https:\/\/minutocerord.com\/?p=1109#respond"]}]},{"@type":"WebPage","@id":"https:\/\/minutocerord.com\/?p=1109","url":"https:\/\/minutocerord.com\/?p=1109","name":"Anuncian operativo \u201cNavidad Segura 2020\u201d; cuenta con 26 mil efectivos - Minuto Cero RD","isPartOf":{"@id":"https:\/\/minutocerord.com\/#website"},"primaryImageOfPage":{"@id":"https:\/\/minutocerord.com\/?p=1109#primaryimage"},"image":{"@id":"https:\/\/minutocerord.com\/?p=1109#primaryimage"},"thumbnailUrl":"https:\/\/i0.wp.com\/minutocerord.com\/wp-content\/uploads\/2020\/11\/Operativo-Navidad-Segura-2020.jpg?fit=850%2C478&ssl=1","datePublished":"2020-12-01T03:14:20+00:00","dateModified":"2020-12-01T03:14:23+00:00","breadcrumb":{"@id":"https:\/\/minutocerord.com\/?p=1109#breadcrumb"},"inLanguage":"es-DO","potentialAction":[{"@type":"ReadAction","target":["https:\/\/minutocerord.com\/?p=1109"]}]},{"@type":"ImageObject","inLanguage":"es-DO","@id":"https:\/\/minutocerord.com\/?p=1109#primaryimage","url":"https:\/\/i0.wp.com\/minutocerord.com\/wp-content\/uploads\/2020\/11\/Operativo-Navidad-Segura-2020.jpg?fit=850%2C478&ssl=1","contentUrl":"https:\/\/i0.wp.com\/minutocerord.com\/wp-content\/uploads\/2020\/11\/Operativo-Navidad-Segura-2020.jpg?fit=850%2C478&ssl=1","width":850,"height":478},{"@type":"BreadcrumbList","@id":"https:\/\/minutocerord.com\/?p=1109#breadcrumb","itemListElement":[{"@type":"ListItem","position":1,"name":"Home","item":"https:\/\/minutocerord.com\/"},{"@type":"ListItem","position":2,"name":"Anuncian operativo \u201cNavidad Segura 2020\u201d; cuenta con 26 mil efectivos"}]},{"@type":"WebSite","@id":"https:\/\/minutocerord.com\/#website","url":"https:\/\/minutocerord.com\/","name":"Minuto Cero RD","description":"Periodismo serio y veraz","publisher":{"@id":"https:\/\/minutocerord.com\/#\/schema\/person\/60b5372d60aaa0a5171fb6488be9aee6"},"potentialAction":[{"@type":"SearchAction","target":{"@type":"EntryPoint","urlTemplate":"https:\/\/minutocerord.com\/?s={search_term_string}"},"query-input":{"@type":"PropertyValueSpecification","valueRequired":true,"valueName":"search_term_string"}}],"inLanguage":"es-DO"},{"@type":["Person","Organization"],"@id":"https:\/\/minutocerord.com\/#\/schema\/person\/60b5372d60aaa0a5171fb6488be9aee6","name":"Genof\u00f3ntes Urb\u00e1ez","image":{"@type":"ImageObject","inLanguage":"es-DO","@id":"https:\/\/secure.gravatar.com\/avatar\/a49ef3186a692098ac3e8a1612261e3ad70cf9e44553dff2929e67939a0ecb9d?s=96&d=identicon&r=g","url":"https:\/\/secure.gravatar.com\/avatar\/a49ef3186a692098ac3e8a1612261e3ad70cf9e44553dff2929e67939a0ecb9d?s=96&d=identicon&r=g","contentUrl":"https:\/\/secure.gravatar.com\/avatar\/a49ef3186a692098ac3e8a1612261e3ad70cf9e44553dff2929e67939a0ecb9d?s=96&d=identicon&r=g","caption":"Genof\u00f3ntes Urb\u00e1ez"},"logo":{"@id":"https:\/\/secure.gravatar.com\/avatar\/a49ef3186a692098ac3e8a1612261e3ad70cf9e44553dff2929e67939a0ecb9d?s=96&d=identicon&r=g"},"description":"Periodista \/ Locutor","sameAs":["https:\/\/www.facebook.com\/Genofnotes","https:\/\/www.instagram.com\/genofnotes\/"]}]}},"jetpack_publicize_connections":[],"jetpack_featured_media_url":"https:\/\/i0.wp.com\/minutocerord.com\/wp-content\/uploads\/2020\/11\/Operativo-Navidad-Segura-2020.jpg?fit=850%2C478&ssl=1","jetpack-related-posts":[],"jetpack_sharing_enabled":true,"_links":{"self":[{"href":"https:\/\/minutocerord.com\/index.php?rest_route=\/wp\/v2\/posts\/1109","targetHints":{"allow":["GET"]}}],"collection":[{"href":"https:\/\/minutocerord.com\/index.php?rest_route=\/wp\/v2\/posts"}],"about":[{"href":"https:\/\/minutocerord.com\/index.php?rest_route=\/wp\/v2\/types\/post"}],"author":[{"embeddable":true,"href":"https:\/\/minutocerord.com\/index.php?rest_route=\/wp\/v2\/users\/1"}],"replies":[{"embeddable":true,"href":"https:\/\/minutocerord.com\/index.php?rest_route=%2Fwp%2Fv2%2Fcomments&post=1109"}],"version-history":[{"count":1,"href":"https:\/\/minutocerord.com\/index.php?rest_route=\/wp\/v2\/posts\/1109\/revisions"}],"predecessor-version":[{"id":1111,"href":"https:\/\/minutocerord.com\/index.php?rest_route=\/wp\/v2\/posts\/1109\/revisions\/1111"}],"wp:featuredmedia":[{"embeddable":true,"href":"https:\/\/minutocerord.com\/index.php?rest_route=\/wp\/v2\/media\/1110"}],"wp:attachment":[{"href":"https:\/\/minutocerord.com\/index.php?rest_route=%2Fwp%2Fv2%2Fmedia&parent=1109"}],"wp:term":[{"taxonomy":"category","embeddable":true,"href":"https:\/\/minutocerord.com\/index.php?rest_route=%2Fwp%2Fv2%2Fcategories&post=1109"},{"taxonomy":"post_tag","embeddable":true,"href":"https:\/\/minutocerord.com\/index.php?rest_route=%2Fwp%2Fv2%2Ftags&post=1109"}],"curies":[{"name":"wp","href":"https:\/\/api.w.org\/{rel}","templated":true}]}}