{"id":1118,"date":"2020-11-30T23:32:41","date_gmt":"2020-12-01T03:32:41","guid":{"rendered":"https:\/\/minutocerord.com\/?p=1118"},"modified":"2020-11-30T23:32:44","modified_gmt":"2020-12-01T03:32:44","slug":"italia-multa-a-apple-con-casi-12-millones-de-dolares-por-enganar-a-los-propietarios-de-telefonos-iphone","status":"publish","type":"post","link":"https:\/\/minutocerord.com\/?p=1118","title":{"rendered":"Italia multa a Apple con casi 12 millones de d\u00f3lares por &#8220;enga\u00f1ar&#8221; a los propietarios de tel\u00e9fonos iPhone"},"content":{"rendered":"\n<p>La Autoridad Garante de la Competencia y el Mercado de Italia impuso una sanci\u00f3n econ\u00f3mica superior a 10 millones de euros, unos 11,9 millones de d\u00f3lares, en contra de Apple Distribution International y Apple Italia por dos casos relacionados a pr\u00e1cticas comerciales desleales.<\/p>\n\n\n\n<p>De acuerdo a un comunicado emitido este lunes por las autoridades italianas, los modelos de tel\u00e9fono de las series iPhone 8, iPhone X y iPhone 11 fueron promocionados como art\u00edculos resistentes al agua a una profundidad m\u00e1xima que var\u00eda entre 4 y 1 metro hasta por 30 minutos. Sin embargo, la compa\u00f1\u00eda no advirti\u00f3 a los consumidores que estas propiedades \u00fanicamente aplican bajo condiciones espec\u00edficas y controladas y no bajo las condiciones de uso cotidianas.<\/p>\n\n\n\n<p>Asimismo, la Autoridad Antimonopolio consider\u00f3 que el descargo de responsabilidad en el que se estipula que &#8220;la garant\u00eda no cubre los da\u00f1os causados \u200b\u200bpor l\u00edquidos&#8221; es &#8220;adecuado para enga\u00f1ar a los consumidores&#8221;, puesto que no establece adecuadamente las condiciones y limitaciones de los reclamos acerca de la resistencia al agua.<\/p>\n\n\n\n<p>Por otra parte, las autoridades acusaron a Apple de pr\u00e1cticas comerciales agresivas por negarse a brindar asistencia de garant\u00eda cuando los modelos iPhone promocionados como resistentes al agua se da\u00f1aron al ser introducidos en l\u00edquidos, hecho considerado como una vulneraci\u00f3n de los derechos de los consumidores.<\/p>\n\n\n\n<p>Del mismo modo, en EE.UU. la compa\u00f1\u00eda fue acusada de ocultar intencionalmente problemas con la bater\u00eda de algunos de sus antiguos tel\u00e9fonos, por lo que en noviembre accedi\u00f3 a pagar 113 millones de d\u00f3lares en compensaciones en 34 estados del pa\u00eds.<\/p>\n\n\n\n<p>Reuters<\/p>\n","protected":false},"excerpt":{"rendered":"<p>La Autoridad Garante de la Competencia y el Mercado de Italia impuso una sanci\u00f3n econ\u00f3mica superior a 10 millones de euros, unos 11,9 millones de d\u00f3lares, en contra de Apple Distribution International y Apple Italia por dos casos relacionados a pr\u00e1cticas comerciales desleales. De acuerdo a un comunicado emitido este lunes por las autoridades italianas, [&hellip;]<\/p>\n","protected":false},"author":1,"featured_media":1119,"comment_status":"open","ping_status":"open","sticky":false,"template":"","format":"standard","meta":{"nf_dc_page":"","jetpack_post_was_ever_published":false,"_jetpack_newsletter_access":"","_jetpack_dont_email_post_to_subs":false,"_jetpack_newsletter_tier_id":0,"_jetpack_memberships_contains_paywalled_content":false,"_jetpack_memberships_contains_paid_content":false,"footnotes":"","jetpack_publicize_message":"","jetpack_publicize_feature_enabled":true,"jetpack_social_post_already_shared":false,"jetpack_social_options":{"image_generator_settings":{"template":"highway","default_image_id":0,"font":"","enabled":false},"version":2}},"categories":[86],"tags":[],"class_list":["post-1118","post","type-post","status-publish","format-standard","has-post-thumbnail","hentry","category-europa"],"yoast_head":"<!-- This site is optimized with the Yoast SEO plugin v27.4 - https:\/\/yoast.com\/product\/yoast-seo-wordpress\/ -->\n<title>Italia multa a Apple con casi 12 millones de d\u00f3lares por &quot;enga\u00f1ar&quot; a los propietarios de tel\u00e9fonos iPhone - Minuto Cero RD<\/title>\n<meta name=\"robots\" content=\"index, follow, max-snippet:-1, max-image-preview:large, max-video-preview:-1\" \/>\n<link rel=\"canonical\" href=\"https:\/\/minutocerord.com\/?p=1118\" \/>\n<meta property=\"og:locale\" content=\"es_ES\" \/>\n<meta property=\"og:type\" content=\"article\" \/>\n<meta property=\"og:title\" content=\"Italia multa a Apple con casi 12 millones de d\u00f3lares por &quot;enga\u00f1ar&quot; a los propietarios de tel\u00e9fonos iPhone - Minuto Cero RD\" \/>\n<meta property=\"og:description\" content=\"La Autoridad Garante de la Competencia y el Mercado de Italia impuso una sanci\u00f3n econ\u00f3mica superior a 10 millones de euros, unos 11,9 millones de d\u00f3lares, en contra de Apple Distribution International y Apple Italia por dos casos relacionados a pr\u00e1cticas comerciales desleales. De acuerdo a un comunicado emitido este lunes por las autoridades italianas, [&hellip;]\" \/>\n<meta property=\"og:url\" content=\"https:\/\/minutocerord.com\/?p=1118\" \/>\n<meta property=\"og:site_name\" content=\"Minuto Cero RD\" \/>\n<meta property=\"article:publisher\" content=\"https:\/\/www.facebook.com\/Genofnotes\" \/>\n<meta property=\"article:author\" content=\"https:\/\/www.facebook.com\/Genofnotes\" \/>\n<meta property=\"article:published_time\" content=\"2020-12-01T03:32:41+00:00\" \/>\n<meta property=\"article:modified_time\" content=\"2020-12-01T03:32:44+00:00\" \/>\n<meta property=\"og:image\" content=\"https:\/\/i0.wp.com\/minutocerord.com\/wp-content\/uploads\/2020\/11\/5fc5ae8f59bf5b395c7b3c3e.jpg?fit=1104%2C622&ssl=1\" \/>\n\t<meta property=\"og:image:width\" content=\"1104\" \/>\n\t<meta property=\"og:image:height\" content=\"622\" \/>\n\t<meta property=\"og:image:type\" content=\"image\/jpeg\" \/>\n<meta name=\"author\" content=\"Genof\u00f3ntes Urb\u00e1ez\" \/>\n<meta name=\"twitter:card\" content=\"summary_large_image\" \/>\n<meta name=\"twitter:label1\" content=\"Written by\" \/>\n\t<meta name=\"twitter:data1\" content=\"Genof\u00f3ntes Urb\u00e1ez\" \/>\n\t<meta name=\"twitter:label2\" content=\"Est. reading time\" \/>\n\t<meta name=\"twitter:data2\" content=\"1 minuto\" \/>\n<script type=\"application\/ld+json\" class=\"yoast-schema-graph\">{\"@context\":\"https:\\\/\\\/schema.org\",\"@graph\":[{\"@type\":\"Article\",\"@id\":\"https:\\\/\\\/minutocerord.com\\\/?p=1118#article\",\"isPartOf\":{\"@id\":\"https:\\\/\\\/minutocerord.com\\\/?p=1118\"},\"author\":{\"name\":\"Genof\u00f3ntes Urb\u00e1ez\",\"@id\":\"https:\\\/\\\/minutocerord.com\\\/#\\\/schema\\\/person\\\/60b5372d60aaa0a5171fb6488be9aee6\"},\"headline\":\"Italia multa a Apple con casi 12 millones de d\u00f3lares por &#8220;enga\u00f1ar&#8221; a los propietarios de tel\u00e9fonos iPhone\",\"datePublished\":\"2020-12-01T03:32:41+00:00\",\"dateModified\":\"2020-12-01T03:32:44+00:00\",\"mainEntityOfPage\":{\"@id\":\"https:\\\/\\\/minutocerord.com\\\/?p=1118\"},\"wordCount\":292,\"commentCount\":0,\"publisher\":{\"@id\":\"https:\\\/\\\/minutocerord.com\\\/#\\\/schema\\\/person\\\/60b5372d60aaa0a5171fb6488be9aee6\"},\"image\":{\"@id\":\"https:\\\/\\\/minutocerord.com\\\/?p=1118#primaryimage\"},\"thumbnailUrl\":\"https:\\\/\\\/i0.wp.com\\\/minutocerord.com\\\/wp-content\\\/uploads\\\/2020\\\/11\\\/5fc5ae8f59bf5b395c7b3c3e.jpg?fit=1104%2C622&ssl=1\",\"articleSection\":[\"Europa\"],\"inLanguage\":\"es-DO\",\"potentialAction\":[{\"@type\":\"CommentAction\",\"name\":\"Comment\",\"target\":[\"https:\\\/\\\/minutocerord.com\\\/?p=1118#respond\"]}]},{\"@type\":\"WebPage\",\"@id\":\"https:\\\/\\\/minutocerord.com\\\/?p=1118\",\"url\":\"https:\\\/\\\/minutocerord.com\\\/?p=1118\",\"name\":\"Italia multa a Apple con casi 12 millones de d\u00f3lares por \\\"enga\u00f1ar\\\" a los propietarios de tel\u00e9fonos iPhone - Minuto Cero RD\",\"isPartOf\":{\"@id\":\"https:\\\/\\\/minutocerord.com\\\/#website\"},\"primaryImageOfPage\":{\"@id\":\"https:\\\/\\\/minutocerord.com\\\/?p=1118#primaryimage\"},\"image\":{\"@id\":\"https:\\\/\\\/minutocerord.com\\\/?p=1118#primaryimage\"},\"thumbnailUrl\":\"https:\\\/\\\/i0.wp.com\\\/minutocerord.com\\\/wp-content\\\/uploads\\\/2020\\\/11\\\/5fc5ae8f59bf5b395c7b3c3e.jpg?fit=1104%2C622&ssl=1\",\"datePublished\":\"2020-12-01T03:32:41+00:00\",\"dateModified\":\"2020-12-01T03:32:44+00:00\",\"breadcrumb\":{\"@id\":\"https:\\\/\\\/minutocerord.com\\\/?p=1118#breadcrumb\"},\"inLanguage\":\"es-DO\",\"potentialAction\":[{\"@type\":\"ReadAction\",\"target\":[\"https:\\\/\\\/minutocerord.com\\\/?p=1118\"]}]},{\"@type\":\"ImageObject\",\"inLanguage\":\"es-DO\",\"@id\":\"https:\\\/\\\/minutocerord.com\\\/?p=1118#primaryimage\",\"url\":\"https:\\\/\\\/i0.wp.com\\\/minutocerord.com\\\/wp-content\\\/uploads\\\/2020\\\/11\\\/5fc5ae8f59bf5b395c7b3c3e.jpg?fit=1104%2C622&ssl=1\",\"contentUrl\":\"https:\\\/\\\/i0.wp.com\\\/minutocerord.com\\\/wp-content\\\/uploads\\\/2020\\\/11\\\/5fc5ae8f59bf5b395c7b3c3e.jpg?fit=1104%2C622&ssl=1\",\"width\":1104,\"height\":622},{\"@type\":\"BreadcrumbList\",\"@id\":\"https:\\\/\\\/minutocerord.com\\\/?p=1118#breadcrumb\",\"itemListElement\":[{\"@type\":\"ListItem\",\"position\":1,\"name\":\"Home\",\"item\":\"https:\\\/\\\/minutocerord.com\\\/\"},{\"@type\":\"ListItem\",\"position\":2,\"name\":\"Italia multa a Apple con casi 12 millones de d\u00f3lares por &#8220;enga\u00f1ar&#8221; a los propietarios de tel\u00e9fonos iPhone\"}]},{\"@type\":\"WebSite\",\"@id\":\"https:\\\/\\\/minutocerord.com\\\/#website\",\"url\":\"https:\\\/\\\/minutocerord.com\\\/\",\"name\":\"Minuto Cero RD\",\"description\":\"Periodismo serio y veraz\",\"publisher\":{\"@id\":\"https:\\\/\\\/minutocerord.com\\\/#\\\/schema\\\/person\\\/60b5372d60aaa0a5171fb6488be9aee6\"},\"potentialAction\":[{\"@type\":\"SearchAction\",\"target\":{\"@type\":\"EntryPoint\",\"urlTemplate\":\"https:\\\/\\\/minutocerord.com\\\/?s={search_term_string}\"},\"query-input\":{\"@type\":\"PropertyValueSpecification\",\"valueRequired\":true,\"valueName\":\"search_term_string\"}}],\"inLanguage\":\"es-DO\"},{\"@type\":[\"Person\",\"Organization\"],\"@id\":\"https:\\\/\\\/minutocerord.com\\\/#\\\/schema\\\/person\\\/60b5372d60aaa0a5171fb6488be9aee6\",\"name\":\"Genof\u00f3ntes Urb\u00e1ez\",\"image\":{\"@type\":\"ImageObject\",\"inLanguage\":\"es-DO\",\"@id\":\"https:\\\/\\\/secure.gravatar.com\\\/avatar\\\/a49ef3186a692098ac3e8a1612261e3ad70cf9e44553dff2929e67939a0ecb9d?s=96&d=identicon&r=g\",\"url\":\"https:\\\/\\\/secure.gravatar.com\\\/avatar\\\/a49ef3186a692098ac3e8a1612261e3ad70cf9e44553dff2929e67939a0ecb9d?s=96&d=identicon&r=g\",\"contentUrl\":\"https:\\\/\\\/secure.gravatar.com\\\/avatar\\\/a49ef3186a692098ac3e8a1612261e3ad70cf9e44553dff2929e67939a0ecb9d?s=96&d=identicon&r=g\",\"caption\":\"Genof\u00f3ntes Urb\u00e1ez\"},\"logo\":{\"@id\":\"https:\\\/\\\/secure.gravatar.com\\\/avatar\\\/a49ef3186a692098ac3e8a1612261e3ad70cf9e44553dff2929e67939a0ecb9d?s=96&d=identicon&r=g\"},\"description\":\"Periodista \\\/ Locutor\",\"sameAs\":[\"https:\\\/\\\/www.facebook.com\\\/Genofnotes\",\"https:\\\/\\\/www.instagram.com\\\/genofnotes\\\/\"]}]}<\/script>\n<!-- \/ Yoast SEO plugin. -->","yoast_head_json":{"title":"Italia multa a Apple con casi 12 millones de d\u00f3lares por \"enga\u00f1ar\" a los propietarios de tel\u00e9fonos iPhone - Minuto Cero RD","robots":{"index":"index","follow":"follow","max-snippet":"max-snippet:-1","max-image-preview":"max-image-preview:large","max-video-preview":"max-video-preview:-1"},"canonical":"https:\/\/minutocerord.com\/?p=1118","og_locale":"es_ES","og_type":"article","og_title":"Italia multa a Apple con casi 12 millones de d\u00f3lares por \"enga\u00f1ar\" a los propietarios de tel\u00e9fonos iPhone - Minuto Cero RD","og_description":"La Autoridad Garante de la Competencia y el Mercado de Italia impuso una sanci\u00f3n econ\u00f3mica superior a 10 millones de euros, unos 11,9 millones de d\u00f3lares, en contra de Apple Distribution International y Apple Italia por dos casos relacionados a pr\u00e1cticas comerciales desleales. De acuerdo a un comunicado emitido este lunes por las autoridades italianas, [&hellip;]","og_url":"https:\/\/minutocerord.com\/?p=1118","og_site_name":"Minuto Cero RD","article_publisher":"https:\/\/www.facebook.com\/Genofnotes","article_author":"https:\/\/www.facebook.com\/Genofnotes","article_published_time":"2020-12-01T03:32:41+00:00","article_modified_time":"2020-12-01T03:32:44+00:00","og_image":[{"width":1104,"height":622,"url":"https:\/\/i0.wp.com\/minutocerord.com\/wp-content\/uploads\/2020\/11\/5fc5ae8f59bf5b395c7b3c3e.jpg?fit=1104%2C622&ssl=1","type":"image\/jpeg"}],"author":"Genof\u00f3ntes Urb\u00e1ez","twitter_card":"summary_large_image","twitter_misc":{"Written by":"Genof\u00f3ntes Urb\u00e1ez","Est. reading time":"1 minuto"},"schema":{"@context":"https:\/\/schema.org","@graph":[{"@type":"Article","@id":"https:\/\/minutocerord.com\/?p=1118#article","isPartOf":{"@id":"https:\/\/minutocerord.com\/?p=1118"},"author":{"name":"Genof\u00f3ntes Urb\u00e1ez","@id":"https:\/\/minutocerord.com\/#\/schema\/person\/60b5372d60aaa0a5171fb6488be9aee6"},"headline":"Italia multa a Apple con casi 12 millones de d\u00f3lares por &#8220;enga\u00f1ar&#8221; a los propietarios de tel\u00e9fonos iPhone","datePublished":"2020-12-01T03:32:41+00:00","dateModified":"2020-12-01T03:32:44+00:00","mainEntityOfPage":{"@id":"https:\/\/minutocerord.com\/?p=1118"},"wordCount":292,"commentCount":0,"publisher":{"@id":"https:\/\/minutocerord.com\/#\/schema\/person\/60b5372d60aaa0a5171fb6488be9aee6"},"image":{"@id":"https:\/\/minutocerord.com\/?p=1118#primaryimage"},"thumbnailUrl":"https:\/\/i0.wp.com\/minutocerord.com\/wp-content\/uploads\/2020\/11\/5fc5ae8f59bf5b395c7b3c3e.jpg?fit=1104%2C622&ssl=1","articleSection":["Europa"],"inLanguage":"es-DO","potentialAction":[{"@type":"CommentAction","name":"Comment","target":["https:\/\/minutocerord.com\/?p=1118#respond"]}]},{"@type":"WebPage","@id":"https:\/\/minutocerord.com\/?p=1118","url":"https:\/\/minutocerord.com\/?p=1118","name":"Italia multa a Apple con casi 12 millones de d\u00f3lares por \"enga\u00f1ar\" a los propietarios de tel\u00e9fonos iPhone - Minuto Cero RD","isPartOf":{"@id":"https:\/\/minutocerord.com\/#website"},"primaryImageOfPage":{"@id":"https:\/\/minutocerord.com\/?p=1118#primaryimage"},"image":{"@id":"https:\/\/minutocerord.com\/?p=1118#primaryimage"},"thumbnailUrl":"https:\/\/i0.wp.com\/minutocerord.com\/wp-content\/uploads\/2020\/11\/5fc5ae8f59bf5b395c7b3c3e.jpg?fit=1104%2C622&ssl=1","datePublished":"2020-12-01T03:32:41+00:00","dateModified":"2020-12-01T03:32:44+00:00","breadcrumb":{"@id":"https:\/\/minutocerord.com\/?p=1118#breadcrumb"},"inLanguage":"es-DO","potentialAction":[{"@type":"ReadAction","target":["https:\/\/minutocerord.com\/?p=1118"]}]},{"@type":"ImageObject","inLanguage":"es-DO","@id":"https:\/\/minutocerord.com\/?p=1118#primaryimage","url":"https:\/\/i0.wp.com\/minutocerord.com\/wp-content\/uploads\/2020\/11\/5fc5ae8f59bf5b395c7b3c3e.jpg?fit=1104%2C622&ssl=1","contentUrl":"https:\/\/i0.wp.com\/minutocerord.com\/wp-content\/uploads\/2020\/11\/5fc5ae8f59bf5b395c7b3c3e.jpg?fit=1104%2C622&ssl=1","width":1104,"height":622},{"@type":"BreadcrumbList","@id":"https:\/\/minutocerord.com\/?p=1118#breadcrumb","itemListElement":[{"@type":"ListItem","position":1,"name":"Home","item":"https:\/\/minutocerord.com\/"},{"@type":"ListItem","position":2,"name":"Italia multa a Apple con casi 12 millones de d\u00f3lares por &#8220;enga\u00f1ar&#8221; a los propietarios de tel\u00e9fonos iPhone"}]},{"@type":"WebSite","@id":"https:\/\/minutocerord.com\/#website","url":"https:\/\/minutocerord.com\/","name":"Minuto Cero RD","description":"Periodismo serio y veraz","publisher":{"@id":"https:\/\/minutocerord.com\/#\/schema\/person\/60b5372d60aaa0a5171fb6488be9aee6"},"potentialAction":[{"@type":"SearchAction","target":{"@type":"EntryPoint","urlTemplate":"https:\/\/minutocerord.com\/?s={search_term_string}"},"query-input":{"@type":"PropertyValueSpecification","valueRequired":true,"valueName":"search_term_string"}}],"inLanguage":"es-DO"},{"@type":["Person","Organization"],"@id":"https:\/\/minutocerord.com\/#\/schema\/person\/60b5372d60aaa0a5171fb6488be9aee6","name":"Genof\u00f3ntes Urb\u00e1ez","image":{"@type":"ImageObject","inLanguage":"es-DO","@id":"https:\/\/secure.gravatar.com\/avatar\/a49ef3186a692098ac3e8a1612261e3ad70cf9e44553dff2929e67939a0ecb9d?s=96&d=identicon&r=g","url":"https:\/\/secure.gravatar.com\/avatar\/a49ef3186a692098ac3e8a1612261e3ad70cf9e44553dff2929e67939a0ecb9d?s=96&d=identicon&r=g","contentUrl":"https:\/\/secure.gravatar.com\/avatar\/a49ef3186a692098ac3e8a1612261e3ad70cf9e44553dff2929e67939a0ecb9d?s=96&d=identicon&r=g","caption":"Genof\u00f3ntes Urb\u00e1ez"},"logo":{"@id":"https:\/\/secure.gravatar.com\/avatar\/a49ef3186a692098ac3e8a1612261e3ad70cf9e44553dff2929e67939a0ecb9d?s=96&d=identicon&r=g"},"description":"Periodista \/ Locutor","sameAs":["https:\/\/www.facebook.com\/Genofnotes","https:\/\/www.instagram.com\/genofnotes\/"]}]}},"jetpack_publicize_connections":[],"jetpack_featured_media_url":"https:\/\/i0.wp.com\/minutocerord.com\/wp-content\/uploads\/2020\/11\/5fc5ae8f59bf5b395c7b3c3e.jpg?fit=1104%2C622&ssl=1","jetpack-related-posts":[],"jetpack_sharing_enabled":true,"_links":{"self":[{"href":"https:\/\/minutocerord.com\/index.php?rest_route=\/wp\/v2\/posts\/1118","targetHints":{"allow":["GET"]}}],"collection":[{"href":"https:\/\/minutocerord.com\/index.php?rest_route=\/wp\/v2\/posts"}],"about":[{"href":"https:\/\/minutocerord.com\/index.php?rest_route=\/wp\/v2\/types\/post"}],"author":[{"embeddable":true,"href":"https:\/\/minutocerord.com\/index.php?rest_route=\/wp\/v2\/users\/1"}],"replies":[{"embeddable":true,"href":"https:\/\/minutocerord.com\/index.php?rest_route=%2Fwp%2Fv2%2Fcomments&post=1118"}],"version-history":[{"count":1,"href":"https:\/\/minutocerord.com\/index.php?rest_route=\/wp\/v2\/posts\/1118\/revisions"}],"predecessor-version":[{"id":1120,"href":"https:\/\/minutocerord.com\/index.php?rest_route=\/wp\/v2\/posts\/1118\/revisions\/1120"}],"wp:featuredmedia":[{"embeddable":true,"href":"https:\/\/minutocerord.com\/index.php?rest_route=\/wp\/v2\/media\/1119"}],"wp:attachment":[{"href":"https:\/\/minutocerord.com\/index.php?rest_route=%2Fwp%2Fv2%2Fmedia&parent=1118"}],"wp:term":[{"taxonomy":"category","embeddable":true,"href":"https:\/\/minutocerord.com\/index.php?rest_route=%2Fwp%2Fv2%2Fcategories&post=1118"},{"taxonomy":"post_tag","embeddable":true,"href":"https:\/\/minutocerord.com\/index.php?rest_route=%2Fwp%2Fv2%2Ftags&post=1118"}],"curies":[{"name":"wp","href":"https:\/\/api.w.org\/{rel}","templated":true}]}}