{"id":1121,"date":"2020-12-01T00:02:59","date_gmt":"2020-12-01T04:02:59","guid":{"rendered":"https:\/\/minutocerord.com\/?p=1121"},"modified":"2020-12-01T00:03:01","modified_gmt":"2020-12-01T04:03:01","slug":"espana-dominicanos-el-quinto-grupo-mas-numeroso-nacionalizados-espanoles","status":"publish","type":"post","link":"https:\/\/minutocerord.com\/?p=1121","title":{"rendered":"ESPA\u00d1A: Dominicanos, el quinto grupo m\u00e1s numeroso nacionalizados espa\u00f1oles"},"content":{"rendered":"\n<p>MADRID.- Ecuatorianos y colombianos son los ciudadanos extranjeros residentes en Espa\u00f1a que m\u00e1s adquirieron la nacionalidad espa\u00f1ola en 2019, solo por detr\u00e1s de los marroqu\u00edes, en un a\u00f1o en el que se nacionalizaron un total de 98.858 extranjeros, un 8,9 % m\u00e1s que el a\u00f1o anterior.<\/p>\n\n\n\n<p>Seg\u00fan datos del Instituto Nacional de Estad\u00edstica (INE) difundidos este lunes, del total de ciudadanos que adquirieron la nacionalidad espa\u00f1ola en 2019, en 24.544 casos la nacionalidad de origen era la de Marruecos, en 8.145 Ecuador y en 7.512 Colombia.<\/p>\n\n\n\n<p>A ellos les sigue Bolivia (7.404), Rep\u00fablica Dominicana (5.363), Per\u00fa (3.795), Cuba (3.090), Pakist\u00e1n (3.048), Honduras (2.739) y Brasil (2.734).<\/p>\n\n\n\n<p>A su vez, los principales pa\u00edses de nacimiento de los nacionalizados fueron Espa\u00f1a (21.861), Marruecos (11.625), Colombia (7.402), Ecuador (7.145), Bolivia (6.436), Rep\u00fablica Dominicana (5.001, Per\u00fa (3.731), Cuba (3.083), Paraguay (2.717) y Argentina (2.701).<\/p>\n\n\n\n<p>Los extranjeros de edades comprendidas entre 30 y 39 a\u00f1os son el grupo m\u00e1s numeroso en adquirir la nacionalidad espa\u00f1ola (21.847), seguido muy de cerca por el de los menores de 10 a\u00f1os (21.212) y el de 40 a 49 a\u00f1os (20.444).<\/p>\n\n\n\n<p>M\u00e1s de la mitad de extranjeros que obtuvo la nacionalidad espa\u00f1ola eran mujeres, el 52,9 % frente al 47,1 % que eran hombres.<\/p>\n\n\n\n<p>Catalu\u00f1a fue la regi\u00f3n donde m\u00e1s extranjeros adquirieron la nacionalidad espa\u00f1ola (24.084), seguida de la Comunidad de Madrid (22.161), que concentran entre las dos el 46,8 % del total. EFE<\/p>\n","protected":false},"excerpt":{"rendered":"<p>MADRID.- Ecuatorianos y colombianos son los ciudadanos extranjeros residentes en Espa\u00f1a que m\u00e1s adquirieron la nacionalidad espa\u00f1ola en 2019, solo por detr\u00e1s de los marroqu\u00edes, en un a\u00f1o en el que se nacionalizaron un total de 98.858 extranjeros, un 8,9 % m\u00e1s que el a\u00f1o anterior. Seg\u00fan datos del Instituto Nacional de Estad\u00edstica (INE) difundidos [&hellip;]<\/p>\n","protected":false},"author":1,"featured_media":1122,"comment_status":"open","ping_status":"open","sticky":false,"template":"","format":"standard","meta":{"nf_dc_page":"","jetpack_post_was_ever_published":false,"_jetpack_newsletter_access":"","_jetpack_dont_email_post_to_subs":false,"_jetpack_newsletter_tier_id":0,"_jetpack_memberships_contains_paywalled_content":false,"_jetpack_memberships_contains_paid_content":false,"footnotes":"","jetpack_publicize_message":"","jetpack_publicize_feature_enabled":true,"jetpack_social_post_already_shared":false,"jetpack_social_options":{"image_generator_settings":{"template":"highway","default_image_id":0,"font":"","enabled":false},"version":2}},"categories":[79],"tags":[],"class_list":["post-1121","post","type-post","status-publish","format-standard","has-post-thumbnail","hentry"],"yoast_head":"<!-- This site is optimized with the Yoast SEO plugin v27.4 - https:\/\/yoast.com\/product\/yoast-seo-wordpress\/ -->\n<title>ESPA\u00d1A: Dominicanos, el quinto grupo m\u00e1s numeroso nacionalizados espa\u00f1oles - Minuto Cero RD<\/title>\n<meta name=\"robots\" content=\"index, follow, max-snippet:-1, max-image-preview:large, max-video-preview:-1\" \/>\n<link rel=\"canonical\" href=\"https:\/\/minutocerord.com\/?p=1121\" \/>\n<meta property=\"og:locale\" content=\"es_ES\" \/>\n<meta property=\"og:type\" content=\"article\" \/>\n<meta property=\"og:title\" content=\"ESPA\u00d1A: Dominicanos, el quinto grupo m\u00e1s numeroso nacionalizados espa\u00f1oles - Minuto Cero RD\" \/>\n<meta property=\"og:description\" content=\"MADRID.- Ecuatorianos y colombianos son los ciudadanos extranjeros residentes en Espa\u00f1a que m\u00e1s adquirieron la nacionalidad espa\u00f1ola en 2019, solo por detr\u00e1s de los marroqu\u00edes, en un a\u00f1o en el que se nacionalizaron un total de 98.858 extranjeros, un 8,9 % m\u00e1s que el a\u00f1o anterior. Seg\u00fan datos del Instituto Nacional de Estad\u00edstica (INE) difundidos [&hellip;]\" \/>\n<meta property=\"og:url\" content=\"https:\/\/minutocerord.com\/?p=1121\" \/>\n<meta property=\"og:site_name\" content=\"Minuto Cero RD\" \/>\n<meta property=\"article:publisher\" content=\"https:\/\/www.facebook.com\/Genofnotes\" \/>\n<meta property=\"article:author\" content=\"https:\/\/www.facebook.com\/Genofnotes\" \/>\n<meta property=\"article:published_time\" content=\"2020-12-01T04:02:59+00:00\" \/>\n<meta property=\"article:modified_time\" content=\"2020-12-01T04:03:01+00:00\" \/>\n<meta property=\"og:image\" content=\"https:\/\/i0.wp.com\/minutocerord.com\/wp-content\/uploads\/2020\/12\/Pasaporte-espaAol-CC_CYMIMA20141107_0007_15.jpg?fit=960%2C533&ssl=1\" \/>\n\t<meta property=\"og:image:width\" content=\"960\" \/>\n\t<meta property=\"og:image:height\" content=\"533\" \/>\n\t<meta property=\"og:image:type\" content=\"image\/jpeg\" \/>\n<meta name=\"author\" content=\"Genof\u00f3ntes Urb\u00e1ez\" \/>\n<meta name=\"twitter:card\" content=\"summary_large_image\" \/>\n<meta name=\"twitter:label1\" content=\"Written by\" \/>\n\t<meta name=\"twitter:data1\" content=\"Genof\u00f3ntes Urb\u00e1ez\" \/>\n\t<meta name=\"twitter:label2\" content=\"Est. reading time\" \/>\n\t<meta name=\"twitter:data2\" content=\"1 minuto\" \/>\n<script type=\"application\/ld+json\" class=\"yoast-schema-graph\">{\"@context\":\"https:\\\/\\\/schema.org\",\"@graph\":[{\"@type\":\"Article\",\"@id\":\"https:\\\/\\\/minutocerord.com\\\/?p=1121#article\",\"isPartOf\":{\"@id\":\"https:\\\/\\\/minutocerord.com\\\/?p=1121\"},\"author\":{\"name\":\"Genof\u00f3ntes Urb\u00e1ez\",\"@id\":\"https:\\\/\\\/minutocerord.com\\\/#\\\/schema\\\/person\\\/60b5372d60aaa0a5171fb6488be9aee6\"},\"headline\":\"ESPA\u00d1A: Dominicanos, el quinto grupo m\u00e1s numeroso nacionalizados espa\u00f1oles\",\"datePublished\":\"2020-12-01T04:02:59+00:00\",\"dateModified\":\"2020-12-01T04:03:01+00:00\",\"mainEntityOfPage\":{\"@id\":\"https:\\\/\\\/minutocerord.com\\\/?p=1121\"},\"wordCount\":234,\"commentCount\":0,\"publisher\":{\"@id\":\"https:\\\/\\\/minutocerord.com\\\/#\\\/schema\\\/person\\\/60b5372d60aaa0a5171fb6488be9aee6\"},\"image\":{\"@id\":\"https:\\\/\\\/minutocerord.com\\\/?p=1121#primaryimage\"},\"thumbnailUrl\":\"https:\\\/\\\/i0.wp.com\\\/minutocerord.com\\\/wp-content\\\/uploads\\\/2020\\\/12\\\/Pasaporte-espaAol-CC_CYMIMA20141107_0007_15.jpg?fit=960%2C533&ssl=1\",\"articleSection\":[\"Espa\u00f1a\"],\"inLanguage\":\"es-DO\",\"potentialAction\":[{\"@type\":\"CommentAction\",\"name\":\"Comment\",\"target\":[\"https:\\\/\\\/minutocerord.com\\\/?p=1121#respond\"]}]},{\"@type\":\"WebPage\",\"@id\":\"https:\\\/\\\/minutocerord.com\\\/?p=1121\",\"url\":\"https:\\\/\\\/minutocerord.com\\\/?p=1121\",\"name\":\"ESPA\u00d1A: Dominicanos, el quinto grupo m\u00e1s numeroso nacionalizados espa\u00f1oles - Minuto Cero RD\",\"isPartOf\":{\"@id\":\"https:\\\/\\\/minutocerord.com\\\/#website\"},\"primaryImageOfPage\":{\"@id\":\"https:\\\/\\\/minutocerord.com\\\/?p=1121#primaryimage\"},\"image\":{\"@id\":\"https:\\\/\\\/minutocerord.com\\\/?p=1121#primaryimage\"},\"thumbnailUrl\":\"https:\\\/\\\/i0.wp.com\\\/minutocerord.com\\\/wp-content\\\/uploads\\\/2020\\\/12\\\/Pasaporte-espaAol-CC_CYMIMA20141107_0007_15.jpg?fit=960%2C533&ssl=1\",\"datePublished\":\"2020-12-01T04:02:59+00:00\",\"dateModified\":\"2020-12-01T04:03:01+00:00\",\"breadcrumb\":{\"@id\":\"https:\\\/\\\/minutocerord.com\\\/?p=1121#breadcrumb\"},\"inLanguage\":\"es-DO\",\"potentialAction\":[{\"@type\":\"ReadAction\",\"target\":[\"https:\\\/\\\/minutocerord.com\\\/?p=1121\"]}]},{\"@type\":\"ImageObject\",\"inLanguage\":\"es-DO\",\"@id\":\"https:\\\/\\\/minutocerord.com\\\/?p=1121#primaryimage\",\"url\":\"https:\\\/\\\/i0.wp.com\\\/minutocerord.com\\\/wp-content\\\/uploads\\\/2020\\\/12\\\/Pasaporte-espaAol-CC_CYMIMA20141107_0007_15.jpg?fit=960%2C533&ssl=1\",\"contentUrl\":\"https:\\\/\\\/i0.wp.com\\\/minutocerord.com\\\/wp-content\\\/uploads\\\/2020\\\/12\\\/Pasaporte-espaAol-CC_CYMIMA20141107_0007_15.jpg?fit=960%2C533&ssl=1\",\"width\":960,\"height\":533},{\"@type\":\"BreadcrumbList\",\"@id\":\"https:\\\/\\\/minutocerord.com\\\/?p=1121#breadcrumb\",\"itemListElement\":[{\"@type\":\"ListItem\",\"position\":1,\"name\":\"Home\",\"item\":\"https:\\\/\\\/minutocerord.com\\\/\"},{\"@type\":\"ListItem\",\"position\":2,\"name\":\"ESPA\u00d1A: Dominicanos, el quinto grupo m\u00e1s numeroso nacionalizados espa\u00f1oles\"}]},{\"@type\":\"WebSite\",\"@id\":\"https:\\\/\\\/minutocerord.com\\\/#website\",\"url\":\"https:\\\/\\\/minutocerord.com\\\/\",\"name\":\"Minuto Cero RD\",\"description\":\"Periodismo serio y veraz\",\"publisher\":{\"@id\":\"https:\\\/\\\/minutocerord.com\\\/#\\\/schema\\\/person\\\/60b5372d60aaa0a5171fb6488be9aee6\"},\"potentialAction\":[{\"@type\":\"SearchAction\",\"target\":{\"@type\":\"EntryPoint\",\"urlTemplate\":\"https:\\\/\\\/minutocerord.com\\\/?s={search_term_string}\"},\"query-input\":{\"@type\":\"PropertyValueSpecification\",\"valueRequired\":true,\"valueName\":\"search_term_string\"}}],\"inLanguage\":\"es-DO\"},{\"@type\":[\"Person\",\"Organization\"],\"@id\":\"https:\\\/\\\/minutocerord.com\\\/#\\\/schema\\\/person\\\/60b5372d60aaa0a5171fb6488be9aee6\",\"name\":\"Genof\u00f3ntes Urb\u00e1ez\",\"image\":{\"@type\":\"ImageObject\",\"inLanguage\":\"es-DO\",\"@id\":\"https:\\\/\\\/secure.gravatar.com\\\/avatar\\\/a49ef3186a692098ac3e8a1612261e3ad70cf9e44553dff2929e67939a0ecb9d?s=96&d=identicon&r=g\",\"url\":\"https:\\\/\\\/secure.gravatar.com\\\/avatar\\\/a49ef3186a692098ac3e8a1612261e3ad70cf9e44553dff2929e67939a0ecb9d?s=96&d=identicon&r=g\",\"contentUrl\":\"https:\\\/\\\/secure.gravatar.com\\\/avatar\\\/a49ef3186a692098ac3e8a1612261e3ad70cf9e44553dff2929e67939a0ecb9d?s=96&d=identicon&r=g\",\"caption\":\"Genof\u00f3ntes Urb\u00e1ez\"},\"logo\":{\"@id\":\"https:\\\/\\\/secure.gravatar.com\\\/avatar\\\/a49ef3186a692098ac3e8a1612261e3ad70cf9e44553dff2929e67939a0ecb9d?s=96&d=identicon&r=g\"},\"description\":\"Periodista \\\/ Locutor\",\"sameAs\":[\"https:\\\/\\\/www.facebook.com\\\/Genofnotes\",\"https:\\\/\\\/www.instagram.com\\\/genofnotes\\\/\"]}]}<\/script>\n<!-- \/ Yoast SEO plugin. -->","yoast_head_json":{"title":"ESPA\u00d1A: Dominicanos, el quinto grupo m\u00e1s numeroso nacionalizados espa\u00f1oles - Minuto Cero RD","robots":{"index":"index","follow":"follow","max-snippet":"max-snippet:-1","max-image-preview":"max-image-preview:large","max-video-preview":"max-video-preview:-1"},"canonical":"https:\/\/minutocerord.com\/?p=1121","og_locale":"es_ES","og_type":"article","og_title":"ESPA\u00d1A: Dominicanos, el quinto grupo m\u00e1s numeroso nacionalizados espa\u00f1oles - Minuto Cero RD","og_description":"MADRID.- Ecuatorianos y colombianos son los ciudadanos extranjeros residentes en Espa\u00f1a que m\u00e1s adquirieron la nacionalidad espa\u00f1ola en 2019, solo por detr\u00e1s de los marroqu\u00edes, en un a\u00f1o en el que se nacionalizaron un total de 98.858 extranjeros, un 8,9 % m\u00e1s que el a\u00f1o anterior. Seg\u00fan datos del Instituto Nacional de Estad\u00edstica (INE) difundidos [&hellip;]","og_url":"https:\/\/minutocerord.com\/?p=1121","og_site_name":"Minuto Cero RD","article_publisher":"https:\/\/www.facebook.com\/Genofnotes","article_author":"https:\/\/www.facebook.com\/Genofnotes","article_published_time":"2020-12-01T04:02:59+00:00","article_modified_time":"2020-12-01T04:03:01+00:00","og_image":[{"width":960,"height":533,"url":"https:\/\/i0.wp.com\/minutocerord.com\/wp-content\/uploads\/2020\/12\/Pasaporte-espaAol-CC_CYMIMA20141107_0007_15.jpg?fit=960%2C533&ssl=1","type":"image\/jpeg"}],"author":"Genof\u00f3ntes Urb\u00e1ez","twitter_card":"summary_large_image","twitter_misc":{"Written by":"Genof\u00f3ntes Urb\u00e1ez","Est. reading time":"1 minuto"},"schema":{"@context":"https:\/\/schema.org","@graph":[{"@type":"Article","@id":"https:\/\/minutocerord.com\/?p=1121#article","isPartOf":{"@id":"https:\/\/minutocerord.com\/?p=1121"},"author":{"name":"Genof\u00f3ntes Urb\u00e1ez","@id":"https:\/\/minutocerord.com\/#\/schema\/person\/60b5372d60aaa0a5171fb6488be9aee6"},"headline":"ESPA\u00d1A: Dominicanos, el quinto grupo m\u00e1s numeroso nacionalizados espa\u00f1oles","datePublished":"2020-12-01T04:02:59+00:00","dateModified":"2020-12-01T04:03:01+00:00","mainEntityOfPage":{"@id":"https:\/\/minutocerord.com\/?p=1121"},"wordCount":234,"commentCount":0,"publisher":{"@id":"https:\/\/minutocerord.com\/#\/schema\/person\/60b5372d60aaa0a5171fb6488be9aee6"},"image":{"@id":"https:\/\/minutocerord.com\/?p=1121#primaryimage"},"thumbnailUrl":"https:\/\/i0.wp.com\/minutocerord.com\/wp-content\/uploads\/2020\/12\/Pasaporte-espaAol-CC_CYMIMA20141107_0007_15.jpg?fit=960%2C533&ssl=1","articleSection":["Espa\u00f1a"],"inLanguage":"es-DO","potentialAction":[{"@type":"CommentAction","name":"Comment","target":["https:\/\/minutocerord.com\/?p=1121#respond"]}]},{"@type":"WebPage","@id":"https:\/\/minutocerord.com\/?p=1121","url":"https:\/\/minutocerord.com\/?p=1121","name":"ESPA\u00d1A: Dominicanos, el quinto grupo m\u00e1s numeroso nacionalizados espa\u00f1oles - Minuto Cero RD","isPartOf":{"@id":"https:\/\/minutocerord.com\/#website"},"primaryImageOfPage":{"@id":"https:\/\/minutocerord.com\/?p=1121#primaryimage"},"image":{"@id":"https:\/\/minutocerord.com\/?p=1121#primaryimage"},"thumbnailUrl":"https:\/\/i0.wp.com\/minutocerord.com\/wp-content\/uploads\/2020\/12\/Pasaporte-espaAol-CC_CYMIMA20141107_0007_15.jpg?fit=960%2C533&ssl=1","datePublished":"2020-12-01T04:02:59+00:00","dateModified":"2020-12-01T04:03:01+00:00","breadcrumb":{"@id":"https:\/\/minutocerord.com\/?p=1121#breadcrumb"},"inLanguage":"es-DO","potentialAction":[{"@type":"ReadAction","target":["https:\/\/minutocerord.com\/?p=1121"]}]},{"@type":"ImageObject","inLanguage":"es-DO","@id":"https:\/\/minutocerord.com\/?p=1121#primaryimage","url":"https:\/\/i0.wp.com\/minutocerord.com\/wp-content\/uploads\/2020\/12\/Pasaporte-espaAol-CC_CYMIMA20141107_0007_15.jpg?fit=960%2C533&ssl=1","contentUrl":"https:\/\/i0.wp.com\/minutocerord.com\/wp-content\/uploads\/2020\/12\/Pasaporte-espaAol-CC_CYMIMA20141107_0007_15.jpg?fit=960%2C533&ssl=1","width":960,"height":533},{"@type":"BreadcrumbList","@id":"https:\/\/minutocerord.com\/?p=1121#breadcrumb","itemListElement":[{"@type":"ListItem","position":1,"name":"Home","item":"https:\/\/minutocerord.com\/"},{"@type":"ListItem","position":2,"name":"ESPA\u00d1A: Dominicanos, el quinto grupo m\u00e1s numeroso nacionalizados espa\u00f1oles"}]},{"@type":"WebSite","@id":"https:\/\/minutocerord.com\/#website","url":"https:\/\/minutocerord.com\/","name":"Minuto Cero RD","description":"Periodismo serio y veraz","publisher":{"@id":"https:\/\/minutocerord.com\/#\/schema\/person\/60b5372d60aaa0a5171fb6488be9aee6"},"potentialAction":[{"@type":"SearchAction","target":{"@type":"EntryPoint","urlTemplate":"https:\/\/minutocerord.com\/?s={search_term_string}"},"query-input":{"@type":"PropertyValueSpecification","valueRequired":true,"valueName":"search_term_string"}}],"inLanguage":"es-DO"},{"@type":["Person","Organization"],"@id":"https:\/\/minutocerord.com\/#\/schema\/person\/60b5372d60aaa0a5171fb6488be9aee6","name":"Genof\u00f3ntes Urb\u00e1ez","image":{"@type":"ImageObject","inLanguage":"es-DO","@id":"https:\/\/secure.gravatar.com\/avatar\/a49ef3186a692098ac3e8a1612261e3ad70cf9e44553dff2929e67939a0ecb9d?s=96&d=identicon&r=g","url":"https:\/\/secure.gravatar.com\/avatar\/a49ef3186a692098ac3e8a1612261e3ad70cf9e44553dff2929e67939a0ecb9d?s=96&d=identicon&r=g","contentUrl":"https:\/\/secure.gravatar.com\/avatar\/a49ef3186a692098ac3e8a1612261e3ad70cf9e44553dff2929e67939a0ecb9d?s=96&d=identicon&r=g","caption":"Genof\u00f3ntes Urb\u00e1ez"},"logo":{"@id":"https:\/\/secure.gravatar.com\/avatar\/a49ef3186a692098ac3e8a1612261e3ad70cf9e44553dff2929e67939a0ecb9d?s=96&d=identicon&r=g"},"description":"Periodista \/ Locutor","sameAs":["https:\/\/www.facebook.com\/Genofnotes","https:\/\/www.instagram.com\/genofnotes\/"]}]}},"jetpack_publicize_connections":[],"jetpack_featured_media_url":"https:\/\/i0.wp.com\/minutocerord.com\/wp-content\/uploads\/2020\/12\/Pasaporte-espaAol-CC_CYMIMA20141107_0007_15.jpg?fit=960%2C533&ssl=1","jetpack-related-posts":[],"jetpack_sharing_enabled":true,"_links":{"self":[{"href":"https:\/\/minutocerord.com\/index.php?rest_route=\/wp\/v2\/posts\/1121","targetHints":{"allow":["GET"]}}],"collection":[{"href":"https:\/\/minutocerord.com\/index.php?rest_route=\/wp\/v2\/posts"}],"about":[{"href":"https:\/\/minutocerord.com\/index.php?rest_route=\/wp\/v2\/types\/post"}],"author":[{"embeddable":true,"href":"https:\/\/minutocerord.com\/index.php?rest_route=\/wp\/v2\/users\/1"}],"replies":[{"embeddable":true,"href":"https:\/\/minutocerord.com\/index.php?rest_route=%2Fwp%2Fv2%2Fcomments&post=1121"}],"version-history":[{"count":1,"href":"https:\/\/minutocerord.com\/index.php?rest_route=\/wp\/v2\/posts\/1121\/revisions"}],"predecessor-version":[{"id":1123,"href":"https:\/\/minutocerord.com\/index.php?rest_route=\/wp\/v2\/posts\/1121\/revisions\/1123"}],"wp:featuredmedia":[{"embeddable":true,"href":"https:\/\/minutocerord.com\/index.php?rest_route=\/wp\/v2\/media\/1122"}],"wp:attachment":[{"href":"https:\/\/minutocerord.com\/index.php?rest_route=%2Fwp%2Fv2%2Fmedia&parent=1121"}],"wp:term":[{"taxonomy":"category","embeddable":true,"href":"https:\/\/minutocerord.com\/index.php?rest_route=%2Fwp%2Fv2%2Fcategories&post=1121"},{"taxonomy":"post_tag","embeddable":true,"href":"https:\/\/minutocerord.com\/index.php?rest_route=%2Fwp%2Fv2%2Ftags&post=1121"}],"curies":[{"name":"wp","href":"https:\/\/api.w.org\/{rel}","templated":true}]}}