{"id":1130,"date":"2020-12-01T23:55:54","date_gmt":"2020-12-02T03:55:54","guid":{"rendered":"https:\/\/minutocerord.com\/?p=1130"},"modified":"2020-12-01T23:55:57","modified_gmt":"2020-12-02T03:55:57","slug":"sandra-abinader-esposa-de-cesar-prieto-dijo-no-tenia-ninguna-situacion-familiar","status":"publish","type":"post","link":"https:\/\/minutocerord.com\/?p=1130","title":{"rendered":"Sandra Abinader esposa de C\u00e9sar Prieto dijo  no ten\u00eda ninguna situaci\u00f3n familiar"},"content":{"rendered":"\n<p>&nbsp;La diputada Sandra Abinader, esposa de C\u00e9sar Prieto, dirigente del PLD y exfuncionario fallecido en el d\u00eda hoy, descart\u00f3 que \u00e9ste tuviera alguna situaci\u00f3n familiar.<\/p>\n\n\n\n<p>As\u00ed lo indic\u00f3 hoy el m\u00e9dico legista que asisti\u00f3 a la residencia tras el suicidio de quien en el pasado fuera director del Plan Social de la Presidencia y Superintendente de Electricidad.<\/p>\n\n\n\n<p>\u00abSu esposa nos refiri\u00f3 que no ten\u00eda ninguna situaci\u00f3n familiar, ni ninguna situaci\u00f3n que le pudo haber llevado a eso\u00bb, declar\u00f3 a la prensa el doctor Jairon Medrano.<\/p>\n\n\n\n<p>Esta ma\u00f1ana han circulado varias versiones en relaci\u00f3n a los motivos del suicidio de C\u00e9sar Prieto. Adem\u00e1s de presuntos problemas familiares, una de las que m\u00e1s peso tom\u00f3 es el temor de un allanamiento por parte del Ministerio P\u00fablico.<\/p>\n\n\n\n<p>Sin embargo, esta \u00faltima versi\u00f3n fue descartada por la Procuradur\u00eda General de la Rep\u00fablica, que aclar\u00f3 hoy no estaba ejecutando allanamiento contra C\u00e9sar Prieto al momento de su suicidio, como circul\u00f3 en un medio de comunicaci\u00f3n.<\/p>\n","protected":false},"excerpt":{"rendered":"<p>&nbsp;La diputada Sandra Abinader, esposa de C\u00e9sar Prieto, dirigente del PLD y exfuncionario fallecido en el d\u00eda hoy, descart\u00f3 que \u00e9ste tuviera alguna situaci\u00f3n familiar. As\u00ed lo indic\u00f3 hoy el m\u00e9dico legista que asisti\u00f3 a la residencia tras el suicidio de quien en el pasado fuera director del Plan Social de la Presidencia y Superintendente [&hellip;]<\/p>\n","protected":false},"author":1,"featured_media":1131,"comment_status":"open","ping_status":"open","sticky":false,"template":"","format":"standard","meta":{"nf_dc_page":"","jetpack_post_was_ever_published":false,"_jetpack_newsletter_access":"","_jetpack_dont_email_post_to_subs":false,"_jetpack_newsletter_tier_id":0,"_jetpack_memberships_contains_paywalled_content":false,"_jetpack_memberships_contains_paid_content":false,"footnotes":"","jetpack_publicize_message":"","jetpack_publicize_feature_enabled":true,"jetpack_social_post_already_shared":false,"jetpack_social_options":{"image_generator_settings":{"template":"highway","default_image_id":0,"font":"","enabled":false},"version":2}},"categories":[65],"tags":[],"class_list":["post-1130","post","type-post","status-publish","format-standard","has-post-thumbnail","hentry","category-nacionales"],"yoast_head":"<!-- This site is optimized with the Yoast SEO plugin v27.4 - https:\/\/yoast.com\/product\/yoast-seo-wordpress\/ -->\n<title>Sandra Abinader esposa de C\u00e9sar Prieto dijo no ten\u00eda ninguna situaci\u00f3n familiar - Minuto Cero RD<\/title>\n<meta name=\"robots\" content=\"index, follow, max-snippet:-1, max-image-preview:large, max-video-preview:-1\" \/>\n<link rel=\"canonical\" href=\"https:\/\/minutocerord.com\/?p=1130\" \/>\n<meta property=\"og:locale\" content=\"es_ES\" \/>\n<meta property=\"og:type\" content=\"article\" \/>\n<meta property=\"og:title\" content=\"Sandra Abinader esposa de C\u00e9sar Prieto dijo no ten\u00eda ninguna situaci\u00f3n familiar - Minuto Cero RD\" \/>\n<meta property=\"og:description\" content=\"&nbsp;La diputada Sandra Abinader, esposa de C\u00e9sar Prieto, dirigente del PLD y exfuncionario fallecido en el d\u00eda hoy, descart\u00f3 que \u00e9ste tuviera alguna situaci\u00f3n familiar. As\u00ed lo indic\u00f3 hoy el m\u00e9dico legista que asisti\u00f3 a la residencia tras el suicidio de quien en el pasado fuera director del Plan Social de la Presidencia y Superintendente [&hellip;]\" \/>\n<meta property=\"og:url\" content=\"https:\/\/minutocerord.com\/?p=1130\" \/>\n<meta property=\"og:site_name\" content=\"Minuto Cero RD\" \/>\n<meta property=\"article:publisher\" content=\"https:\/\/www.facebook.com\/Genofnotes\" \/>\n<meta property=\"article:author\" content=\"https:\/\/www.facebook.com\/Genofnotes\" \/>\n<meta property=\"article:published_time\" content=\"2020-12-02T03:55:54+00:00\" \/>\n<meta property=\"article:modified_time\" content=\"2020-12-02T03:55:57+00:00\" \/>\n<meta property=\"og:image\" content=\"https:\/\/i0.wp.com\/minutocerord.com\/wp-content\/uploads\/2020\/12\/Sandra-Abinader-y-Cesar-Prieto.-2.jpg?fit=386%2C474&ssl=1\" \/>\n\t<meta property=\"og:image:width\" content=\"386\" \/>\n\t<meta property=\"og:image:height\" content=\"474\" \/>\n\t<meta property=\"og:image:type\" content=\"image\/jpeg\" \/>\n<meta name=\"author\" content=\"Genof\u00f3ntes Urb\u00e1ez\" \/>\n<meta name=\"twitter:card\" content=\"summary_large_image\" \/>\n<meta name=\"twitter:label1\" content=\"Written by\" \/>\n\t<meta name=\"twitter:data1\" content=\"Genof\u00f3ntes Urb\u00e1ez\" \/>\n\t<meta name=\"twitter:label2\" content=\"Est. reading time\" \/>\n\t<meta name=\"twitter:data2\" content=\"1 minuto\" \/>\n<script type=\"application\/ld+json\" class=\"yoast-schema-graph\">{\"@context\":\"https:\\\/\\\/schema.org\",\"@graph\":[{\"@type\":\"Article\",\"@id\":\"https:\\\/\\\/minutocerord.com\\\/?p=1130#article\",\"isPartOf\":{\"@id\":\"https:\\\/\\\/minutocerord.com\\\/?p=1130\"},\"author\":{\"name\":\"Genof\u00f3ntes Urb\u00e1ez\",\"@id\":\"https:\\\/\\\/minutocerord.com\\\/#\\\/schema\\\/person\\\/60b5372d60aaa0a5171fb6488be9aee6\"},\"headline\":\"Sandra Abinader esposa de C\u00e9sar Prieto dijo no ten\u00eda ninguna situaci\u00f3n familiar\",\"datePublished\":\"2020-12-02T03:55:54+00:00\",\"dateModified\":\"2020-12-02T03:55:57+00:00\",\"mainEntityOfPage\":{\"@id\":\"https:\\\/\\\/minutocerord.com\\\/?p=1130\"},\"wordCount\":194,\"commentCount\":0,\"publisher\":{\"@id\":\"https:\\\/\\\/minutocerord.com\\\/#\\\/schema\\\/person\\\/60b5372d60aaa0a5171fb6488be9aee6\"},\"image\":{\"@id\":\"https:\\\/\\\/minutocerord.com\\\/?p=1130#primaryimage\"},\"thumbnailUrl\":\"https:\\\/\\\/i0.wp.com\\\/minutocerord.com\\\/wp-content\\\/uploads\\\/2020\\\/12\\\/Sandra-Abinader-y-Cesar-Prieto.-2.jpg?fit=386%2C474&ssl=1\",\"articleSection\":[\"Nacionales\"],\"inLanguage\":\"es-DO\",\"potentialAction\":[{\"@type\":\"CommentAction\",\"name\":\"Comment\",\"target\":[\"https:\\\/\\\/minutocerord.com\\\/?p=1130#respond\"]}]},{\"@type\":\"WebPage\",\"@id\":\"https:\\\/\\\/minutocerord.com\\\/?p=1130\",\"url\":\"https:\\\/\\\/minutocerord.com\\\/?p=1130\",\"name\":\"Sandra Abinader esposa de C\u00e9sar Prieto dijo no ten\u00eda ninguna situaci\u00f3n familiar - Minuto Cero RD\",\"isPartOf\":{\"@id\":\"https:\\\/\\\/minutocerord.com\\\/#website\"},\"primaryImageOfPage\":{\"@id\":\"https:\\\/\\\/minutocerord.com\\\/?p=1130#primaryimage\"},\"image\":{\"@id\":\"https:\\\/\\\/minutocerord.com\\\/?p=1130#primaryimage\"},\"thumbnailUrl\":\"https:\\\/\\\/i0.wp.com\\\/minutocerord.com\\\/wp-content\\\/uploads\\\/2020\\\/12\\\/Sandra-Abinader-y-Cesar-Prieto.-2.jpg?fit=386%2C474&ssl=1\",\"datePublished\":\"2020-12-02T03:55:54+00:00\",\"dateModified\":\"2020-12-02T03:55:57+00:00\",\"breadcrumb\":{\"@id\":\"https:\\\/\\\/minutocerord.com\\\/?p=1130#breadcrumb\"},\"inLanguage\":\"es-DO\",\"potentialAction\":[{\"@type\":\"ReadAction\",\"target\":[\"https:\\\/\\\/minutocerord.com\\\/?p=1130\"]}]},{\"@type\":\"ImageObject\",\"inLanguage\":\"es-DO\",\"@id\":\"https:\\\/\\\/minutocerord.com\\\/?p=1130#primaryimage\",\"url\":\"https:\\\/\\\/i0.wp.com\\\/minutocerord.com\\\/wp-content\\\/uploads\\\/2020\\\/12\\\/Sandra-Abinader-y-Cesar-Prieto.-2.jpg?fit=386%2C474&ssl=1\",\"contentUrl\":\"https:\\\/\\\/i0.wp.com\\\/minutocerord.com\\\/wp-content\\\/uploads\\\/2020\\\/12\\\/Sandra-Abinader-y-Cesar-Prieto.-2.jpg?fit=386%2C474&ssl=1\",\"width\":386,\"height\":474},{\"@type\":\"BreadcrumbList\",\"@id\":\"https:\\\/\\\/minutocerord.com\\\/?p=1130#breadcrumb\",\"itemListElement\":[{\"@type\":\"ListItem\",\"position\":1,\"name\":\"Home\",\"item\":\"https:\\\/\\\/minutocerord.com\\\/\"},{\"@type\":\"ListItem\",\"position\":2,\"name\":\"Sandra Abinader esposa de C\u00e9sar Prieto dijo no ten\u00eda ninguna situaci\u00f3n familiar\"}]},{\"@type\":\"WebSite\",\"@id\":\"https:\\\/\\\/minutocerord.com\\\/#website\",\"url\":\"https:\\\/\\\/minutocerord.com\\\/\",\"name\":\"Minuto Cero RD\",\"description\":\"Periodismo serio y veraz\",\"publisher\":{\"@id\":\"https:\\\/\\\/minutocerord.com\\\/#\\\/schema\\\/person\\\/60b5372d60aaa0a5171fb6488be9aee6\"},\"potentialAction\":[{\"@type\":\"SearchAction\",\"target\":{\"@type\":\"EntryPoint\",\"urlTemplate\":\"https:\\\/\\\/minutocerord.com\\\/?s={search_term_string}\"},\"query-input\":{\"@type\":\"PropertyValueSpecification\",\"valueRequired\":true,\"valueName\":\"search_term_string\"}}],\"inLanguage\":\"es-DO\"},{\"@type\":[\"Person\",\"Organization\"],\"@id\":\"https:\\\/\\\/minutocerord.com\\\/#\\\/schema\\\/person\\\/60b5372d60aaa0a5171fb6488be9aee6\",\"name\":\"Genof\u00f3ntes Urb\u00e1ez\",\"image\":{\"@type\":\"ImageObject\",\"inLanguage\":\"es-DO\",\"@id\":\"https:\\\/\\\/secure.gravatar.com\\\/avatar\\\/a49ef3186a692098ac3e8a1612261e3ad70cf9e44553dff2929e67939a0ecb9d?s=96&d=identicon&r=g\",\"url\":\"https:\\\/\\\/secure.gravatar.com\\\/avatar\\\/a49ef3186a692098ac3e8a1612261e3ad70cf9e44553dff2929e67939a0ecb9d?s=96&d=identicon&r=g\",\"contentUrl\":\"https:\\\/\\\/secure.gravatar.com\\\/avatar\\\/a49ef3186a692098ac3e8a1612261e3ad70cf9e44553dff2929e67939a0ecb9d?s=96&d=identicon&r=g\",\"caption\":\"Genof\u00f3ntes Urb\u00e1ez\"},\"logo\":{\"@id\":\"https:\\\/\\\/secure.gravatar.com\\\/avatar\\\/a49ef3186a692098ac3e8a1612261e3ad70cf9e44553dff2929e67939a0ecb9d?s=96&d=identicon&r=g\"},\"description\":\"Periodista \\\/ Locutor\",\"sameAs\":[\"https:\\\/\\\/www.facebook.com\\\/Genofnotes\",\"https:\\\/\\\/www.instagram.com\\\/genofnotes\\\/\"]}]}<\/script>\n<!-- \/ Yoast SEO plugin. -->","yoast_head_json":{"title":"Sandra Abinader esposa de C\u00e9sar Prieto dijo no ten\u00eda ninguna situaci\u00f3n familiar - Minuto Cero RD","robots":{"index":"index","follow":"follow","max-snippet":"max-snippet:-1","max-image-preview":"max-image-preview:large","max-video-preview":"max-video-preview:-1"},"canonical":"https:\/\/minutocerord.com\/?p=1130","og_locale":"es_ES","og_type":"article","og_title":"Sandra Abinader esposa de C\u00e9sar Prieto dijo no ten\u00eda ninguna situaci\u00f3n familiar - Minuto Cero RD","og_description":"&nbsp;La diputada Sandra Abinader, esposa de C\u00e9sar Prieto, dirigente del PLD y exfuncionario fallecido en el d\u00eda hoy, descart\u00f3 que \u00e9ste tuviera alguna situaci\u00f3n familiar. As\u00ed lo indic\u00f3 hoy el m\u00e9dico legista que asisti\u00f3 a la residencia tras el suicidio de quien en el pasado fuera director del Plan Social de la Presidencia y Superintendente [&hellip;]","og_url":"https:\/\/minutocerord.com\/?p=1130","og_site_name":"Minuto Cero RD","article_publisher":"https:\/\/www.facebook.com\/Genofnotes","article_author":"https:\/\/www.facebook.com\/Genofnotes","article_published_time":"2020-12-02T03:55:54+00:00","article_modified_time":"2020-12-02T03:55:57+00:00","og_image":[{"width":386,"height":474,"url":"https:\/\/i0.wp.com\/minutocerord.com\/wp-content\/uploads\/2020\/12\/Sandra-Abinader-y-Cesar-Prieto.-2.jpg?fit=386%2C474&ssl=1","type":"image\/jpeg"}],"author":"Genof\u00f3ntes Urb\u00e1ez","twitter_card":"summary_large_image","twitter_misc":{"Written by":"Genof\u00f3ntes Urb\u00e1ez","Est. reading time":"1 minuto"},"schema":{"@context":"https:\/\/schema.org","@graph":[{"@type":"Article","@id":"https:\/\/minutocerord.com\/?p=1130#article","isPartOf":{"@id":"https:\/\/minutocerord.com\/?p=1130"},"author":{"name":"Genof\u00f3ntes Urb\u00e1ez","@id":"https:\/\/minutocerord.com\/#\/schema\/person\/60b5372d60aaa0a5171fb6488be9aee6"},"headline":"Sandra Abinader esposa de C\u00e9sar Prieto dijo no ten\u00eda ninguna situaci\u00f3n familiar","datePublished":"2020-12-02T03:55:54+00:00","dateModified":"2020-12-02T03:55:57+00:00","mainEntityOfPage":{"@id":"https:\/\/minutocerord.com\/?p=1130"},"wordCount":194,"commentCount":0,"publisher":{"@id":"https:\/\/minutocerord.com\/#\/schema\/person\/60b5372d60aaa0a5171fb6488be9aee6"},"image":{"@id":"https:\/\/minutocerord.com\/?p=1130#primaryimage"},"thumbnailUrl":"https:\/\/i0.wp.com\/minutocerord.com\/wp-content\/uploads\/2020\/12\/Sandra-Abinader-y-Cesar-Prieto.-2.jpg?fit=386%2C474&ssl=1","articleSection":["Nacionales"],"inLanguage":"es-DO","potentialAction":[{"@type":"CommentAction","name":"Comment","target":["https:\/\/minutocerord.com\/?p=1130#respond"]}]},{"@type":"WebPage","@id":"https:\/\/minutocerord.com\/?p=1130","url":"https:\/\/minutocerord.com\/?p=1130","name":"Sandra Abinader esposa de C\u00e9sar Prieto dijo no ten\u00eda ninguna situaci\u00f3n familiar - Minuto Cero RD","isPartOf":{"@id":"https:\/\/minutocerord.com\/#website"},"primaryImageOfPage":{"@id":"https:\/\/minutocerord.com\/?p=1130#primaryimage"},"image":{"@id":"https:\/\/minutocerord.com\/?p=1130#primaryimage"},"thumbnailUrl":"https:\/\/i0.wp.com\/minutocerord.com\/wp-content\/uploads\/2020\/12\/Sandra-Abinader-y-Cesar-Prieto.-2.jpg?fit=386%2C474&ssl=1","datePublished":"2020-12-02T03:55:54+00:00","dateModified":"2020-12-02T03:55:57+00:00","breadcrumb":{"@id":"https:\/\/minutocerord.com\/?p=1130#breadcrumb"},"inLanguage":"es-DO","potentialAction":[{"@type":"ReadAction","target":["https:\/\/minutocerord.com\/?p=1130"]}]},{"@type":"ImageObject","inLanguage":"es-DO","@id":"https:\/\/minutocerord.com\/?p=1130#primaryimage","url":"https:\/\/i0.wp.com\/minutocerord.com\/wp-content\/uploads\/2020\/12\/Sandra-Abinader-y-Cesar-Prieto.-2.jpg?fit=386%2C474&ssl=1","contentUrl":"https:\/\/i0.wp.com\/minutocerord.com\/wp-content\/uploads\/2020\/12\/Sandra-Abinader-y-Cesar-Prieto.-2.jpg?fit=386%2C474&ssl=1","width":386,"height":474},{"@type":"BreadcrumbList","@id":"https:\/\/minutocerord.com\/?p=1130#breadcrumb","itemListElement":[{"@type":"ListItem","position":1,"name":"Home","item":"https:\/\/minutocerord.com\/"},{"@type":"ListItem","position":2,"name":"Sandra Abinader esposa de C\u00e9sar Prieto dijo no ten\u00eda ninguna situaci\u00f3n familiar"}]},{"@type":"WebSite","@id":"https:\/\/minutocerord.com\/#website","url":"https:\/\/minutocerord.com\/","name":"Minuto Cero RD","description":"Periodismo serio y veraz","publisher":{"@id":"https:\/\/minutocerord.com\/#\/schema\/person\/60b5372d60aaa0a5171fb6488be9aee6"},"potentialAction":[{"@type":"SearchAction","target":{"@type":"EntryPoint","urlTemplate":"https:\/\/minutocerord.com\/?s={search_term_string}"},"query-input":{"@type":"PropertyValueSpecification","valueRequired":true,"valueName":"search_term_string"}}],"inLanguage":"es-DO"},{"@type":["Person","Organization"],"@id":"https:\/\/minutocerord.com\/#\/schema\/person\/60b5372d60aaa0a5171fb6488be9aee6","name":"Genof\u00f3ntes Urb\u00e1ez","image":{"@type":"ImageObject","inLanguage":"es-DO","@id":"https:\/\/secure.gravatar.com\/avatar\/a49ef3186a692098ac3e8a1612261e3ad70cf9e44553dff2929e67939a0ecb9d?s=96&d=identicon&r=g","url":"https:\/\/secure.gravatar.com\/avatar\/a49ef3186a692098ac3e8a1612261e3ad70cf9e44553dff2929e67939a0ecb9d?s=96&d=identicon&r=g","contentUrl":"https:\/\/secure.gravatar.com\/avatar\/a49ef3186a692098ac3e8a1612261e3ad70cf9e44553dff2929e67939a0ecb9d?s=96&d=identicon&r=g","caption":"Genof\u00f3ntes Urb\u00e1ez"},"logo":{"@id":"https:\/\/secure.gravatar.com\/avatar\/a49ef3186a692098ac3e8a1612261e3ad70cf9e44553dff2929e67939a0ecb9d?s=96&d=identicon&r=g"},"description":"Periodista \/ Locutor","sameAs":["https:\/\/www.facebook.com\/Genofnotes","https:\/\/www.instagram.com\/genofnotes\/"]}]}},"jetpack_publicize_connections":[],"jetpack_featured_media_url":"https:\/\/i0.wp.com\/minutocerord.com\/wp-content\/uploads\/2020\/12\/Sandra-Abinader-y-Cesar-Prieto.-2.jpg?fit=386%2C474&ssl=1","jetpack-related-posts":[],"jetpack_sharing_enabled":true,"_links":{"self":[{"href":"https:\/\/minutocerord.com\/index.php?rest_route=\/wp\/v2\/posts\/1130","targetHints":{"allow":["GET"]}}],"collection":[{"href":"https:\/\/minutocerord.com\/index.php?rest_route=\/wp\/v2\/posts"}],"about":[{"href":"https:\/\/minutocerord.com\/index.php?rest_route=\/wp\/v2\/types\/post"}],"author":[{"embeddable":true,"href":"https:\/\/minutocerord.com\/index.php?rest_route=\/wp\/v2\/users\/1"}],"replies":[{"embeddable":true,"href":"https:\/\/minutocerord.com\/index.php?rest_route=%2Fwp%2Fv2%2Fcomments&post=1130"}],"version-history":[{"count":1,"href":"https:\/\/minutocerord.com\/index.php?rest_route=\/wp\/v2\/posts\/1130\/revisions"}],"predecessor-version":[{"id":1132,"href":"https:\/\/minutocerord.com\/index.php?rest_route=\/wp\/v2\/posts\/1130\/revisions\/1132"}],"wp:featuredmedia":[{"embeddable":true,"href":"https:\/\/minutocerord.com\/index.php?rest_route=\/wp\/v2\/media\/1131"}],"wp:attachment":[{"href":"https:\/\/minutocerord.com\/index.php?rest_route=%2Fwp%2Fv2%2Fmedia&parent=1130"}],"wp:term":[{"taxonomy":"category","embeddable":true,"href":"https:\/\/minutocerord.com\/index.php?rest_route=%2Fwp%2Fv2%2Fcategories&post=1130"},{"taxonomy":"post_tag","embeddable":true,"href":"https:\/\/minutocerord.com\/index.php?rest_route=%2Fwp%2Fv2%2Ftags&post=1130"}],"curies":[{"name":"wp","href":"https:\/\/api.w.org\/{rel}","templated":true}]}}