{"id":1133,"date":"2020-12-01T23:58:22","date_gmt":"2020-12-02T03:58:22","guid":{"rendered":"https:\/\/minutocerord.com\/?p=1133"},"modified":"2020-12-01T23:58:24","modified_gmt":"2020-12-02T03:58:24","slug":"salud-publica-desconocia-concierto-de-ricardo-montaner-era-semipresencial","status":"publish","type":"post","link":"https:\/\/minutocerord.com\/?p=1133","title":{"rendered":"Salud P\u00fablica desconoc\u00eda concierto de Ricardo Montaner era semipresencial"},"content":{"rendered":"\n<p>\u00abEse concierto tengo yo entendido que era solo virtual, incluso para m\u00ed era virtual\u00bb. En estos t\u00e9rminos respondi\u00f3 el ministro de Salud P\u00fablica, Plutarco Arias, sobre el concierto del artista Ricardo Montaner el pasado s\u00e1bado en Altos de Chav\u00f3n, al que asistieron m\u00e1s de 150 personas.<\/p>\n\n\n\n<p>Arias asegur\u00f3 que la entidad que dirige no ten\u00eda conocimiento de que el Anfiteatro Altos de Chav\u00f3n tuviera permiso para llevar p\u00fablico de forma presencial.<\/p>\n\n\n\n<p>\u00abYo no ten\u00eda conocimiento de que a ese lugar asistir\u00eda p\u00fablico y nadie se acerc\u00f3 al Ministerio de Salud P\u00fablica para pedir la autorizaci\u00f3n\u00bb, dijo Arias al ser consultado en el programa de radio M\u00e1s Cerca.<\/p>\n\n\n\n<p>El ministro de Salud P\u00fablica explic\u00f3 que el concierto de Ricardo Montaner realizado el pasado s\u00e1bado en el anfiteatro Altos de Chav\u00f3n no ten\u00eda permiso para llevar p\u00fablico de forma presencial.<\/p>\n\n\n\n<p>El pasado s\u00e1bado unas 150 personas asistieron al concierto de Ricardo Montaner que adem\u00e1s se transmiti\u00f3 en vivo por el portal Montaner.Vnew.Live, entre ellas figutas de la televisi\u00f3n dominicana como Pamela Sued, Giancarlo Beras, Carolyne Aquino, entre otros.<\/p>\n\n\n\n<p>Incluso el presidente de la Rep\u00fablica, Luis Abinader, disfrut\u00f3 el concierto desde su hogar en una pantalla gigante a trav\u00e9s de la plataforma por la que se transmit\u00eda el evento.<\/p>\n\n\n\n<p>Se recuerda que los eventos con p\u00fablico est\u00e1n prohibidos en la Rep\u00fablica Dominicana debido al estado de emergencia en el que vive el pa\u00eds por la propagaci\u00f3n del coronavirus o COVID-19, enfermedad que ya ha provocado m\u00e1s de 2,300 muertes en la naci\u00f3n y ha infectado a m\u00e1s de 143 mil personas.<\/p>\n","protected":false},"excerpt":{"rendered":"<p>\u00abEse concierto tengo yo entendido que era solo virtual, incluso para m\u00ed era virtual\u00bb. En estos t\u00e9rminos respondi\u00f3 el ministro de Salud P\u00fablica, Plutarco Arias, sobre el concierto del artista Ricardo Montaner el pasado s\u00e1bado en Altos de Chav\u00f3n, al que asistieron m\u00e1s de 150 personas. Arias asegur\u00f3 que la entidad que dirige no ten\u00eda [&hellip;]<\/p>\n","protected":false},"author":1,"featured_media":1134,"comment_status":"open","ping_status":"open","sticky":false,"template":"","format":"standard","meta":{"nf_dc_page":"","jetpack_post_was_ever_published":false,"_jetpack_newsletter_access":"","_jetpack_dont_email_post_to_subs":false,"_jetpack_newsletter_tier_id":0,"_jetpack_memberships_contains_paywalled_content":false,"_jetpack_memberships_contains_paid_content":false,"footnotes":"","jetpack_publicize_message":"","jetpack_publicize_feature_enabled":true,"jetpack_social_post_already_shared":false,"jetpack_social_options":{"image_generator_settings":{"template":"highway","default_image_id":0,"font":"","enabled":false},"version":2}},"categories":[68],"tags":[],"class_list":["post-1133","post","type-post","status-publish","format-standard","has-post-thumbnail","hentry","category-entretenimiento"],"yoast_head":"<!-- This site is optimized with the Yoast SEO plugin v27.4 - https:\/\/yoast.com\/product\/yoast-seo-wordpress\/ -->\n<title>Salud P\u00fablica desconoc\u00eda concierto de Ricardo Montaner era semipresencial - Minuto Cero RD<\/title>\n<meta name=\"robots\" content=\"index, follow, max-snippet:-1, max-image-preview:large, max-video-preview:-1\" \/>\n<link rel=\"canonical\" href=\"https:\/\/minutocerord.com\/?p=1133\" \/>\n<meta property=\"og:locale\" content=\"es_ES\" \/>\n<meta property=\"og:type\" content=\"article\" \/>\n<meta property=\"og:title\" content=\"Salud P\u00fablica desconoc\u00eda concierto de Ricardo Montaner era semipresencial - Minuto Cero RD\" \/>\n<meta property=\"og:description\" content=\"\u00abEse concierto tengo yo entendido que era solo virtual, incluso para m\u00ed era virtual\u00bb. En estos t\u00e9rminos respondi\u00f3 el ministro de Salud P\u00fablica, Plutarco Arias, sobre el concierto del artista Ricardo Montaner el pasado s\u00e1bado en Altos de Chav\u00f3n, al que asistieron m\u00e1s de 150 personas. Arias asegur\u00f3 que la entidad que dirige no ten\u00eda [&hellip;]\" \/>\n<meta property=\"og:url\" content=\"https:\/\/minutocerord.com\/?p=1133\" \/>\n<meta property=\"og:site_name\" content=\"Minuto Cero RD\" \/>\n<meta property=\"article:publisher\" content=\"https:\/\/www.facebook.com\/Genofnotes\" \/>\n<meta property=\"article:author\" content=\"https:\/\/www.facebook.com\/Genofnotes\" \/>\n<meta property=\"article:published_time\" content=\"2020-12-02T03:58:22+00:00\" \/>\n<meta property=\"article:modified_time\" content=\"2020-12-02T03:58:24+00:00\" \/>\n<meta property=\"og:image\" content=\"https:\/\/i0.wp.com\/minutocerord.com\/wp-content\/uploads\/2020\/12\/Concierto-de-Ricardo-Montaner.jpg?fit=546%2C350&ssl=1\" \/>\n\t<meta property=\"og:image:width\" content=\"546\" \/>\n\t<meta property=\"og:image:height\" content=\"350\" \/>\n\t<meta property=\"og:image:type\" content=\"image\/jpeg\" \/>\n<meta name=\"author\" content=\"Genof\u00f3ntes Urb\u00e1ez\" \/>\n<meta name=\"twitter:card\" content=\"summary_large_image\" \/>\n<meta name=\"twitter:label1\" content=\"Written by\" \/>\n\t<meta name=\"twitter:data1\" content=\"Genof\u00f3ntes Urb\u00e1ez\" \/>\n\t<meta name=\"twitter:label2\" content=\"Est. reading time\" \/>\n\t<meta name=\"twitter:data2\" content=\"1 minuto\" \/>\n<script type=\"application\/ld+json\" class=\"yoast-schema-graph\">{\"@context\":\"https:\\\/\\\/schema.org\",\"@graph\":[{\"@type\":\"Article\",\"@id\":\"https:\\\/\\\/minutocerord.com\\\/?p=1133#article\",\"isPartOf\":{\"@id\":\"https:\\\/\\\/minutocerord.com\\\/?p=1133\"},\"author\":{\"name\":\"Genof\u00f3ntes Urb\u00e1ez\",\"@id\":\"https:\\\/\\\/minutocerord.com\\\/#\\\/schema\\\/person\\\/60b5372d60aaa0a5171fb6488be9aee6\"},\"headline\":\"Salud P\u00fablica desconoc\u00eda concierto de Ricardo Montaner era semipresencial\",\"datePublished\":\"2020-12-02T03:58:22+00:00\",\"dateModified\":\"2020-12-02T03:58:24+00:00\",\"mainEntityOfPage\":{\"@id\":\"https:\\\/\\\/minutocerord.com\\\/?p=1133\"},\"wordCount\":300,\"commentCount\":0,\"publisher\":{\"@id\":\"https:\\\/\\\/minutocerord.com\\\/#\\\/schema\\\/person\\\/60b5372d60aaa0a5171fb6488be9aee6\"},\"image\":{\"@id\":\"https:\\\/\\\/minutocerord.com\\\/?p=1133#primaryimage\"},\"thumbnailUrl\":\"https:\\\/\\\/i0.wp.com\\\/minutocerord.com\\\/wp-content\\\/uploads\\\/2020\\\/12\\\/Concierto-de-Ricardo-Montaner.jpg?fit=546%2C350&ssl=1\",\"articleSection\":[\"Entretenimiento\"],\"inLanguage\":\"es-DO\",\"potentialAction\":[{\"@type\":\"CommentAction\",\"name\":\"Comment\",\"target\":[\"https:\\\/\\\/minutocerord.com\\\/?p=1133#respond\"]}]},{\"@type\":\"WebPage\",\"@id\":\"https:\\\/\\\/minutocerord.com\\\/?p=1133\",\"url\":\"https:\\\/\\\/minutocerord.com\\\/?p=1133\",\"name\":\"Salud P\u00fablica desconoc\u00eda concierto de Ricardo Montaner era semipresencial - Minuto Cero RD\",\"isPartOf\":{\"@id\":\"https:\\\/\\\/minutocerord.com\\\/#website\"},\"primaryImageOfPage\":{\"@id\":\"https:\\\/\\\/minutocerord.com\\\/?p=1133#primaryimage\"},\"image\":{\"@id\":\"https:\\\/\\\/minutocerord.com\\\/?p=1133#primaryimage\"},\"thumbnailUrl\":\"https:\\\/\\\/i0.wp.com\\\/minutocerord.com\\\/wp-content\\\/uploads\\\/2020\\\/12\\\/Concierto-de-Ricardo-Montaner.jpg?fit=546%2C350&ssl=1\",\"datePublished\":\"2020-12-02T03:58:22+00:00\",\"dateModified\":\"2020-12-02T03:58:24+00:00\",\"breadcrumb\":{\"@id\":\"https:\\\/\\\/minutocerord.com\\\/?p=1133#breadcrumb\"},\"inLanguage\":\"es-DO\",\"potentialAction\":[{\"@type\":\"ReadAction\",\"target\":[\"https:\\\/\\\/minutocerord.com\\\/?p=1133\"]}]},{\"@type\":\"ImageObject\",\"inLanguage\":\"es-DO\",\"@id\":\"https:\\\/\\\/minutocerord.com\\\/?p=1133#primaryimage\",\"url\":\"https:\\\/\\\/i0.wp.com\\\/minutocerord.com\\\/wp-content\\\/uploads\\\/2020\\\/12\\\/Concierto-de-Ricardo-Montaner.jpg?fit=546%2C350&ssl=1\",\"contentUrl\":\"https:\\\/\\\/i0.wp.com\\\/minutocerord.com\\\/wp-content\\\/uploads\\\/2020\\\/12\\\/Concierto-de-Ricardo-Montaner.jpg?fit=546%2C350&ssl=1\",\"width\":546,\"height\":350},{\"@type\":\"BreadcrumbList\",\"@id\":\"https:\\\/\\\/minutocerord.com\\\/?p=1133#breadcrumb\",\"itemListElement\":[{\"@type\":\"ListItem\",\"position\":1,\"name\":\"Home\",\"item\":\"https:\\\/\\\/minutocerord.com\\\/\"},{\"@type\":\"ListItem\",\"position\":2,\"name\":\"Salud P\u00fablica desconoc\u00eda concierto de Ricardo Montaner era semipresencial\"}]},{\"@type\":\"WebSite\",\"@id\":\"https:\\\/\\\/minutocerord.com\\\/#website\",\"url\":\"https:\\\/\\\/minutocerord.com\\\/\",\"name\":\"Minuto Cero RD\",\"description\":\"Periodismo serio y veraz\",\"publisher\":{\"@id\":\"https:\\\/\\\/minutocerord.com\\\/#\\\/schema\\\/person\\\/60b5372d60aaa0a5171fb6488be9aee6\"},\"potentialAction\":[{\"@type\":\"SearchAction\",\"target\":{\"@type\":\"EntryPoint\",\"urlTemplate\":\"https:\\\/\\\/minutocerord.com\\\/?s={search_term_string}\"},\"query-input\":{\"@type\":\"PropertyValueSpecification\",\"valueRequired\":true,\"valueName\":\"search_term_string\"}}],\"inLanguage\":\"es-DO\"},{\"@type\":[\"Person\",\"Organization\"],\"@id\":\"https:\\\/\\\/minutocerord.com\\\/#\\\/schema\\\/person\\\/60b5372d60aaa0a5171fb6488be9aee6\",\"name\":\"Genof\u00f3ntes Urb\u00e1ez\",\"image\":{\"@type\":\"ImageObject\",\"inLanguage\":\"es-DO\",\"@id\":\"https:\\\/\\\/secure.gravatar.com\\\/avatar\\\/a49ef3186a692098ac3e8a1612261e3ad70cf9e44553dff2929e67939a0ecb9d?s=96&d=identicon&r=g\",\"url\":\"https:\\\/\\\/secure.gravatar.com\\\/avatar\\\/a49ef3186a692098ac3e8a1612261e3ad70cf9e44553dff2929e67939a0ecb9d?s=96&d=identicon&r=g\",\"contentUrl\":\"https:\\\/\\\/secure.gravatar.com\\\/avatar\\\/a49ef3186a692098ac3e8a1612261e3ad70cf9e44553dff2929e67939a0ecb9d?s=96&d=identicon&r=g\",\"caption\":\"Genof\u00f3ntes Urb\u00e1ez\"},\"logo\":{\"@id\":\"https:\\\/\\\/secure.gravatar.com\\\/avatar\\\/a49ef3186a692098ac3e8a1612261e3ad70cf9e44553dff2929e67939a0ecb9d?s=96&d=identicon&r=g\"},\"description\":\"Periodista \\\/ Locutor\",\"sameAs\":[\"https:\\\/\\\/www.facebook.com\\\/Genofnotes\",\"https:\\\/\\\/www.instagram.com\\\/genofnotes\\\/\"]}]}<\/script>\n<!-- \/ Yoast SEO plugin. -->","yoast_head_json":{"title":"Salud P\u00fablica desconoc\u00eda concierto de Ricardo Montaner era semipresencial - Minuto Cero RD","robots":{"index":"index","follow":"follow","max-snippet":"max-snippet:-1","max-image-preview":"max-image-preview:large","max-video-preview":"max-video-preview:-1"},"canonical":"https:\/\/minutocerord.com\/?p=1133","og_locale":"es_ES","og_type":"article","og_title":"Salud P\u00fablica desconoc\u00eda concierto de Ricardo Montaner era semipresencial - Minuto Cero RD","og_description":"\u00abEse concierto tengo yo entendido que era solo virtual, incluso para m\u00ed era virtual\u00bb. En estos t\u00e9rminos respondi\u00f3 el ministro de Salud P\u00fablica, Plutarco Arias, sobre el concierto del artista Ricardo Montaner el pasado s\u00e1bado en Altos de Chav\u00f3n, al que asistieron m\u00e1s de 150 personas. Arias asegur\u00f3 que la entidad que dirige no ten\u00eda [&hellip;]","og_url":"https:\/\/minutocerord.com\/?p=1133","og_site_name":"Minuto Cero RD","article_publisher":"https:\/\/www.facebook.com\/Genofnotes","article_author":"https:\/\/www.facebook.com\/Genofnotes","article_published_time":"2020-12-02T03:58:22+00:00","article_modified_time":"2020-12-02T03:58:24+00:00","og_image":[{"width":546,"height":350,"url":"https:\/\/i0.wp.com\/minutocerord.com\/wp-content\/uploads\/2020\/12\/Concierto-de-Ricardo-Montaner.jpg?fit=546%2C350&ssl=1","type":"image\/jpeg"}],"author":"Genof\u00f3ntes Urb\u00e1ez","twitter_card":"summary_large_image","twitter_misc":{"Written by":"Genof\u00f3ntes Urb\u00e1ez","Est. reading time":"1 minuto"},"schema":{"@context":"https:\/\/schema.org","@graph":[{"@type":"Article","@id":"https:\/\/minutocerord.com\/?p=1133#article","isPartOf":{"@id":"https:\/\/minutocerord.com\/?p=1133"},"author":{"name":"Genof\u00f3ntes Urb\u00e1ez","@id":"https:\/\/minutocerord.com\/#\/schema\/person\/60b5372d60aaa0a5171fb6488be9aee6"},"headline":"Salud P\u00fablica desconoc\u00eda concierto de Ricardo Montaner era semipresencial","datePublished":"2020-12-02T03:58:22+00:00","dateModified":"2020-12-02T03:58:24+00:00","mainEntityOfPage":{"@id":"https:\/\/minutocerord.com\/?p=1133"},"wordCount":300,"commentCount":0,"publisher":{"@id":"https:\/\/minutocerord.com\/#\/schema\/person\/60b5372d60aaa0a5171fb6488be9aee6"},"image":{"@id":"https:\/\/minutocerord.com\/?p=1133#primaryimage"},"thumbnailUrl":"https:\/\/i0.wp.com\/minutocerord.com\/wp-content\/uploads\/2020\/12\/Concierto-de-Ricardo-Montaner.jpg?fit=546%2C350&ssl=1","articleSection":["Entretenimiento"],"inLanguage":"es-DO","potentialAction":[{"@type":"CommentAction","name":"Comment","target":["https:\/\/minutocerord.com\/?p=1133#respond"]}]},{"@type":"WebPage","@id":"https:\/\/minutocerord.com\/?p=1133","url":"https:\/\/minutocerord.com\/?p=1133","name":"Salud P\u00fablica desconoc\u00eda concierto de Ricardo Montaner era semipresencial - Minuto Cero RD","isPartOf":{"@id":"https:\/\/minutocerord.com\/#website"},"primaryImageOfPage":{"@id":"https:\/\/minutocerord.com\/?p=1133#primaryimage"},"image":{"@id":"https:\/\/minutocerord.com\/?p=1133#primaryimage"},"thumbnailUrl":"https:\/\/i0.wp.com\/minutocerord.com\/wp-content\/uploads\/2020\/12\/Concierto-de-Ricardo-Montaner.jpg?fit=546%2C350&ssl=1","datePublished":"2020-12-02T03:58:22+00:00","dateModified":"2020-12-02T03:58:24+00:00","breadcrumb":{"@id":"https:\/\/minutocerord.com\/?p=1133#breadcrumb"},"inLanguage":"es-DO","potentialAction":[{"@type":"ReadAction","target":["https:\/\/minutocerord.com\/?p=1133"]}]},{"@type":"ImageObject","inLanguage":"es-DO","@id":"https:\/\/minutocerord.com\/?p=1133#primaryimage","url":"https:\/\/i0.wp.com\/minutocerord.com\/wp-content\/uploads\/2020\/12\/Concierto-de-Ricardo-Montaner.jpg?fit=546%2C350&ssl=1","contentUrl":"https:\/\/i0.wp.com\/minutocerord.com\/wp-content\/uploads\/2020\/12\/Concierto-de-Ricardo-Montaner.jpg?fit=546%2C350&ssl=1","width":546,"height":350},{"@type":"BreadcrumbList","@id":"https:\/\/minutocerord.com\/?p=1133#breadcrumb","itemListElement":[{"@type":"ListItem","position":1,"name":"Home","item":"https:\/\/minutocerord.com\/"},{"@type":"ListItem","position":2,"name":"Salud P\u00fablica desconoc\u00eda concierto de Ricardo Montaner era semipresencial"}]},{"@type":"WebSite","@id":"https:\/\/minutocerord.com\/#website","url":"https:\/\/minutocerord.com\/","name":"Minuto Cero RD","description":"Periodismo serio y veraz","publisher":{"@id":"https:\/\/minutocerord.com\/#\/schema\/person\/60b5372d60aaa0a5171fb6488be9aee6"},"potentialAction":[{"@type":"SearchAction","target":{"@type":"EntryPoint","urlTemplate":"https:\/\/minutocerord.com\/?s={search_term_string}"},"query-input":{"@type":"PropertyValueSpecification","valueRequired":true,"valueName":"search_term_string"}}],"inLanguage":"es-DO"},{"@type":["Person","Organization"],"@id":"https:\/\/minutocerord.com\/#\/schema\/person\/60b5372d60aaa0a5171fb6488be9aee6","name":"Genof\u00f3ntes Urb\u00e1ez","image":{"@type":"ImageObject","inLanguage":"es-DO","@id":"https:\/\/secure.gravatar.com\/avatar\/a49ef3186a692098ac3e8a1612261e3ad70cf9e44553dff2929e67939a0ecb9d?s=96&d=identicon&r=g","url":"https:\/\/secure.gravatar.com\/avatar\/a49ef3186a692098ac3e8a1612261e3ad70cf9e44553dff2929e67939a0ecb9d?s=96&d=identicon&r=g","contentUrl":"https:\/\/secure.gravatar.com\/avatar\/a49ef3186a692098ac3e8a1612261e3ad70cf9e44553dff2929e67939a0ecb9d?s=96&d=identicon&r=g","caption":"Genof\u00f3ntes Urb\u00e1ez"},"logo":{"@id":"https:\/\/secure.gravatar.com\/avatar\/a49ef3186a692098ac3e8a1612261e3ad70cf9e44553dff2929e67939a0ecb9d?s=96&d=identicon&r=g"},"description":"Periodista \/ Locutor","sameAs":["https:\/\/www.facebook.com\/Genofnotes","https:\/\/www.instagram.com\/genofnotes\/"]}]}},"jetpack_publicize_connections":[],"jetpack_featured_media_url":"https:\/\/i0.wp.com\/minutocerord.com\/wp-content\/uploads\/2020\/12\/Concierto-de-Ricardo-Montaner.jpg?fit=546%2C350&ssl=1","jetpack-related-posts":[],"jetpack_sharing_enabled":true,"_links":{"self":[{"href":"https:\/\/minutocerord.com\/index.php?rest_route=\/wp\/v2\/posts\/1133","targetHints":{"allow":["GET"]}}],"collection":[{"href":"https:\/\/minutocerord.com\/index.php?rest_route=\/wp\/v2\/posts"}],"about":[{"href":"https:\/\/minutocerord.com\/index.php?rest_route=\/wp\/v2\/types\/post"}],"author":[{"embeddable":true,"href":"https:\/\/minutocerord.com\/index.php?rest_route=\/wp\/v2\/users\/1"}],"replies":[{"embeddable":true,"href":"https:\/\/minutocerord.com\/index.php?rest_route=%2Fwp%2Fv2%2Fcomments&post=1133"}],"version-history":[{"count":1,"href":"https:\/\/minutocerord.com\/index.php?rest_route=\/wp\/v2\/posts\/1133\/revisions"}],"predecessor-version":[{"id":1135,"href":"https:\/\/minutocerord.com\/index.php?rest_route=\/wp\/v2\/posts\/1133\/revisions\/1135"}],"wp:featuredmedia":[{"embeddable":true,"href":"https:\/\/minutocerord.com\/index.php?rest_route=\/wp\/v2\/media\/1134"}],"wp:attachment":[{"href":"https:\/\/minutocerord.com\/index.php?rest_route=%2Fwp%2Fv2%2Fmedia&parent=1133"}],"wp:term":[{"taxonomy":"category","embeddable":true,"href":"https:\/\/minutocerord.com\/index.php?rest_route=%2Fwp%2Fv2%2Fcategories&post=1133"},{"taxonomy":"post_tag","embeddable":true,"href":"https:\/\/minutocerord.com\/index.php?rest_route=%2Fwp%2Fv2%2Ftags&post=1133"}],"curies":[{"name":"wp","href":"https:\/\/api.w.org\/{rel}","templated":true}]}}