{"id":1141,"date":"2020-12-02T01:12:18","date_gmt":"2020-12-02T05:12:18","guid":{"rendered":"https:\/\/minutocerord.com\/?p=1141"},"modified":"2020-12-02T01:12:20","modified_gmt":"2020-12-02T05:12:20","slug":"alemania-cuatro-muertos-y-varios-heridos-deja-un-atropello-multiple","status":"publish","type":"post","link":"https:\/\/minutocerord.com\/?p=1141","title":{"rendered":"ALEMANIA: Cuatro muertos y varios heridos deja un atropello m\u00faltiple"},"content":{"rendered":"\n<figure class=\"wp-block-embed-youtube wp-block-embed is-type-video is-provider-youtube wp-embed-aspect-16-9 wp-has-aspect-ratio\"><div class=\"wp-block-embed__wrapper\">\n<iframe loading=\"lazy\" title=\"Cuatro muertos y decenas de heridos en un atropello m\u00faltiple en la ciudad alemana de Trier\" width=\"640\" height=\"360\" src=\"https:\/\/www.youtube.com\/embed\/WgzwBQ6rWX4?feature=oembed&#038;enablejsapi=1\" frameborder=\"0\" allow=\"accelerometer; autoplay; clipboard-write; encrypted-media; gyroscope; picture-in-picture; web-share\" referrerpolicy=\"strict-origin-when-cross-origin\" allowfullscreen><\/iframe>\n<\/div><\/figure>\n\n\n\n<p>ALEMANIA.- Atropello m\u00faltiple en una zona peatonal de la ciudad alemana de Tr\u00e9veris al oeste del pa\u00eds.<\/p>\n\n\n\n<p>Son al menos cuatro personas las fallecidas, entre ellas un beb\u00e9, y unas 30 heridas de diversa consideraci\u00f3n, como consecuencia de estos hechos.<\/p>\n\n\n\n<p>El alcalde de la localidad, Wolfram Leibe evocaba un\u00a0<strong>\u00abconductor loco\u00bb<\/strong>.<\/p>\n\n\n\n<p>El coche, un todoterreno gris met\u00e1lico, circul\u00f3 entre 600 metros y un kil\u00f3metro a gran velocidad en esta zona peatonal, golpeando todo a su paso.<\/p>\n\n\n\n<p>El n\u00famero de muertos podr\u00eda aumentar a\u00fan m\u00e1s, seg\u00fan un portavoz de la polic\u00eda, que dijo que hab\u00eda \u00abvarias muertes\u00bb.<\/p>\n\n\n\n<p>Por el momento las autoridades no confirman si se trata de un atentado, un accidente o producto de una persona perturbada.<\/p>\n\n\n\n<p>La Polic\u00eda, que ha instado a la ciudadan\u00eda a evitar la zona mientras se investiga este incidente, al tiempo que ha confirmado en Twitter el arresto del conductor del coche, as\u00ed como la incautaci\u00f3n del veh\u00edculo.<\/p>\n\n\n\n<p>Se trata de un hombre de 51 a\u00f1os originario de una localidad cercana a Tr\u00e9veris, que algunos medios alemanes identifican como Bernd W.<\/p>\n\n\n\n<p>Las autoridades tambi\u00e9n piden que no se compartan especulaciones ni fotos y v\u00eddeos del incidente y ha abierto un canal para que sean enviadas directamente a la polic\u00eda.<\/p>\n\n\n\n<p>A pesar de ello, ya hay algunas im\u00e1genes circulando en las redes sociales que muestran el p\u00e1nico en la escena, mesas y sillas por el suelo y algunos destrozos.<\/p>\n\n\n\n<p>Adem\u00e1s del ataque con un cami\u00f3n en el mercado de Navidad de Berl\u00edn en 2016, con 12 muertos, el peor atentado cometido en suelo alem\u00e1n, el autoproclamado grupo Estado Isl\u00e1mico reivindic\u00f3 un asesinato con cuchillo en Hamburgo, un atentado con bomba en Ansbach que hiri\u00f3 a 15 personas en el que muri\u00f3 el agresor, y un ataque con hacha en un tren en Baviera, con cinco heridos, en el que el autor fue abatido a tiros por la polic\u00eda.<\/p>\n\n\n\n<p>Alemania tambi\u00e9n se enfrenta al terrorismo de extrema derecha, con varios tiroteos mortales en los \u00faltimos dos a\u00f1os, como los que tuvieron lugar en Halle en el Yom Kippur o en Hanau, en febrero contra dos bares frecuentados por inmigrantes.<\/p>\n","protected":false},"excerpt":{"rendered":"<p>ALEMANIA.- Atropello m\u00faltiple en una zona peatonal de la ciudad alemana de Tr\u00e9veris al oeste del pa\u00eds. Son al menos cuatro personas las fallecidas, entre ellas un beb\u00e9, y unas 30 heridas de diversa consideraci\u00f3n, como consecuencia de estos hechos. El alcalde de la localidad, Wolfram Leibe evocaba un\u00a0\u00abconductor loco\u00bb. El coche, un todoterreno gris [&hellip;]<\/p>\n","protected":false},"author":1,"featured_media":1143,"comment_status":"open","ping_status":"open","sticky":false,"template":"","format":"standard","meta":{"nf_dc_page":"","jetpack_post_was_ever_published":false,"_jetpack_newsletter_access":"","_jetpack_dont_email_post_to_subs":false,"_jetpack_newsletter_tier_id":0,"_jetpack_memberships_contains_paywalled_content":false,"_jetpack_memberships_contains_paid_content":false,"footnotes":"","jetpack_publicize_message":"","jetpack_publicize_feature_enabled":true,"jetpack_social_post_already_shared":false,"jetpack_social_options":{"image_generator_settings":{"template":"highway","default_image_id":0,"font":"","enabled":false},"version":2}},"categories":[86],"tags":[],"class_list":["post-1141","post","type-post","status-publish","format-standard","has-post-thumbnail","hentry","category-europa"],"yoast_head":"<!-- This site is optimized with the Yoast SEO plugin v27.5 - https:\/\/yoast.com\/product\/yoast-seo-wordpress\/ -->\n<title>ALEMANIA: Cuatro muertos y varios heridos deja un atropello m\u00faltiple - Minuto Cero RD<\/title>\n<meta name=\"robots\" content=\"index, follow, max-snippet:-1, max-image-preview:large, max-video-preview:-1\" \/>\n<link rel=\"canonical\" href=\"https:\/\/minutocerord.com\/?p=1141\" \/>\n<meta property=\"og:locale\" content=\"es_ES\" \/>\n<meta property=\"og:type\" content=\"article\" \/>\n<meta property=\"og:title\" content=\"ALEMANIA: Cuatro muertos y varios heridos deja un atropello m\u00faltiple - Minuto Cero RD\" \/>\n<meta property=\"og:description\" content=\"ALEMANIA.- Atropello m\u00faltiple en una zona peatonal de la ciudad alemana de Tr\u00e9veris al oeste del pa\u00eds. Son al menos cuatro personas las fallecidas, entre ellas un beb\u00e9, y unas 30 heridas de diversa consideraci\u00f3n, como consecuencia de estos hechos. El alcalde de la localidad, Wolfram Leibe evocaba un\u00a0\u00abconductor loco\u00bb. El coche, un todoterreno gris [&hellip;]\" \/>\n<meta property=\"og:url\" content=\"https:\/\/minutocerord.com\/?p=1141\" \/>\n<meta property=\"og:site_name\" content=\"Minuto Cero RD\" \/>\n<meta property=\"article:publisher\" content=\"https:\/\/www.facebook.com\/Genofnotes\" \/>\n<meta property=\"article:author\" content=\"https:\/\/www.facebook.com\/Genofnotes\" \/>\n<meta property=\"article:published_time\" content=\"2020-12-02T05:12:18+00:00\" \/>\n<meta property=\"article:modified_time\" content=\"2020-12-02T05:12:20+00:00\" \/>\n<meta property=\"og:image\" content=\"https:\/\/i0.wp.com\/minutocerord.com\/wp-content\/uploads\/2020\/12\/el-autor-del-atropello-multiple-en-treveris-alemania-presentaba-signos-de-embriaguez.jpg?fit=1200%2C901&ssl=1\" \/>\n\t<meta property=\"og:image:width\" content=\"1200\" \/>\n\t<meta property=\"og:image:height\" content=\"901\" \/>\n\t<meta property=\"og:image:type\" content=\"image\/jpeg\" \/>\n<meta name=\"author\" content=\"Genof\u00f3ntes Urb\u00e1ez\" \/>\n<meta name=\"twitter:card\" content=\"summary_large_image\" \/>\n<meta name=\"twitter:label1\" content=\"Written by\" \/>\n\t<meta name=\"twitter:data1\" content=\"Genof\u00f3ntes Urb\u00e1ez\" \/>\n\t<meta name=\"twitter:label2\" content=\"Est. reading time\" \/>\n\t<meta name=\"twitter:data2\" content=\"2 minutos\" \/>\n<script type=\"application\/ld+json\" class=\"yoast-schema-graph\">{\"@context\":\"https:\\\/\\\/schema.org\",\"@graph\":[{\"@type\":\"Article\",\"@id\":\"https:\\\/\\\/minutocerord.com\\\/?p=1141#article\",\"isPartOf\":{\"@id\":\"https:\\\/\\\/minutocerord.com\\\/?p=1141\"},\"author\":{\"name\":\"Genof\u00f3ntes Urb\u00e1ez\",\"@id\":\"https:\\\/\\\/minutocerord.com\\\/#\\\/schema\\\/person\\\/60b5372d60aaa0a5171fb6488be9aee6\"},\"headline\":\"ALEMANIA: Cuatro muertos y varios heridos deja un atropello m\u00faltiple\",\"datePublished\":\"2020-12-02T05:12:18+00:00\",\"dateModified\":\"2020-12-02T05:12:20+00:00\",\"mainEntityOfPage\":{\"@id\":\"https:\\\/\\\/minutocerord.com\\\/?p=1141\"},\"wordCount\":395,\"commentCount\":0,\"publisher\":{\"@id\":\"https:\\\/\\\/minutocerord.com\\\/#\\\/schema\\\/person\\\/60b5372d60aaa0a5171fb6488be9aee6\"},\"image\":{\"@id\":\"https:\\\/\\\/minutocerord.com\\\/?p=1141#primaryimage\"},\"thumbnailUrl\":\"https:\\\/\\\/i0.wp.com\\\/minutocerord.com\\\/wp-content\\\/uploads\\\/2020\\\/12\\\/el-autor-del-atropello-multiple-en-treveris-alemania-presentaba-signos-de-embriaguez.jpg?fit=1200%2C901&ssl=1\",\"articleSection\":[\"Europa\"],\"inLanguage\":\"es-DO\",\"potentialAction\":[{\"@type\":\"CommentAction\",\"name\":\"Comment\",\"target\":[\"https:\\\/\\\/minutocerord.com\\\/?p=1141#respond\"]}]},{\"@type\":\"WebPage\",\"@id\":\"https:\\\/\\\/minutocerord.com\\\/?p=1141\",\"url\":\"https:\\\/\\\/minutocerord.com\\\/?p=1141\",\"name\":\"ALEMANIA: Cuatro muertos y varios heridos deja un atropello m\u00faltiple - Minuto Cero RD\",\"isPartOf\":{\"@id\":\"https:\\\/\\\/minutocerord.com\\\/#website\"},\"primaryImageOfPage\":{\"@id\":\"https:\\\/\\\/minutocerord.com\\\/?p=1141#primaryimage\"},\"image\":{\"@id\":\"https:\\\/\\\/minutocerord.com\\\/?p=1141#primaryimage\"},\"thumbnailUrl\":\"https:\\\/\\\/i0.wp.com\\\/minutocerord.com\\\/wp-content\\\/uploads\\\/2020\\\/12\\\/el-autor-del-atropello-multiple-en-treveris-alemania-presentaba-signos-de-embriaguez.jpg?fit=1200%2C901&ssl=1\",\"datePublished\":\"2020-12-02T05:12:18+00:00\",\"dateModified\":\"2020-12-02T05:12:20+00:00\",\"breadcrumb\":{\"@id\":\"https:\\\/\\\/minutocerord.com\\\/?p=1141#breadcrumb\"},\"inLanguage\":\"es-DO\",\"potentialAction\":[{\"@type\":\"ReadAction\",\"target\":[\"https:\\\/\\\/minutocerord.com\\\/?p=1141\"]}]},{\"@type\":\"ImageObject\",\"inLanguage\":\"es-DO\",\"@id\":\"https:\\\/\\\/minutocerord.com\\\/?p=1141#primaryimage\",\"url\":\"https:\\\/\\\/i0.wp.com\\\/minutocerord.com\\\/wp-content\\\/uploads\\\/2020\\\/12\\\/el-autor-del-atropello-multiple-en-treveris-alemania-presentaba-signos-de-embriaguez.jpg?fit=1200%2C901&ssl=1\",\"contentUrl\":\"https:\\\/\\\/i0.wp.com\\\/minutocerord.com\\\/wp-content\\\/uploads\\\/2020\\\/12\\\/el-autor-del-atropello-multiple-en-treveris-alemania-presentaba-signos-de-embriaguez.jpg?fit=1200%2C901&ssl=1\",\"width\":1200,\"height\":901},{\"@type\":\"BreadcrumbList\",\"@id\":\"https:\\\/\\\/minutocerord.com\\\/?p=1141#breadcrumb\",\"itemListElement\":[{\"@type\":\"ListItem\",\"position\":1,\"name\":\"Home\",\"item\":\"https:\\\/\\\/minutocerord.com\\\/\"},{\"@type\":\"ListItem\",\"position\":2,\"name\":\"ALEMANIA: Cuatro muertos y varios heridos deja un atropello m\u00faltiple\"}]},{\"@type\":\"WebSite\",\"@id\":\"https:\\\/\\\/minutocerord.com\\\/#website\",\"url\":\"https:\\\/\\\/minutocerord.com\\\/\",\"name\":\"Minuto Cero RD\",\"description\":\"Periodismo serio y veraz\",\"publisher\":{\"@id\":\"https:\\\/\\\/minutocerord.com\\\/#\\\/schema\\\/person\\\/60b5372d60aaa0a5171fb6488be9aee6\"},\"potentialAction\":[{\"@type\":\"SearchAction\",\"target\":{\"@type\":\"EntryPoint\",\"urlTemplate\":\"https:\\\/\\\/minutocerord.com\\\/?s={search_term_string}\"},\"query-input\":{\"@type\":\"PropertyValueSpecification\",\"valueRequired\":true,\"valueName\":\"search_term_string\"}}],\"inLanguage\":\"es-DO\"},{\"@type\":[\"Person\",\"Organization\"],\"@id\":\"https:\\\/\\\/minutocerord.com\\\/#\\\/schema\\\/person\\\/60b5372d60aaa0a5171fb6488be9aee6\",\"name\":\"Genof\u00f3ntes Urb\u00e1ez\",\"image\":{\"@type\":\"ImageObject\",\"inLanguage\":\"es-DO\",\"@id\":\"https:\\\/\\\/secure.gravatar.com\\\/avatar\\\/a49ef3186a692098ac3e8a1612261e3ad70cf9e44553dff2929e67939a0ecb9d?s=96&d=identicon&r=g\",\"url\":\"https:\\\/\\\/secure.gravatar.com\\\/avatar\\\/a49ef3186a692098ac3e8a1612261e3ad70cf9e44553dff2929e67939a0ecb9d?s=96&d=identicon&r=g\",\"contentUrl\":\"https:\\\/\\\/secure.gravatar.com\\\/avatar\\\/a49ef3186a692098ac3e8a1612261e3ad70cf9e44553dff2929e67939a0ecb9d?s=96&d=identicon&r=g\",\"caption\":\"Genof\u00f3ntes Urb\u00e1ez\"},\"logo\":{\"@id\":\"https:\\\/\\\/secure.gravatar.com\\\/avatar\\\/a49ef3186a692098ac3e8a1612261e3ad70cf9e44553dff2929e67939a0ecb9d?s=96&d=identicon&r=g\"},\"description\":\"Periodista \\\/ Locutor\",\"sameAs\":[\"https:\\\/\\\/www.facebook.com\\\/Genofnotes\",\"https:\\\/\\\/www.instagram.com\\\/genofnotes\\\/\"]}]}<\/script>\n<!-- \/ Yoast SEO plugin. -->","yoast_head_json":{"title":"ALEMANIA: Cuatro muertos y varios heridos deja un atropello m\u00faltiple - Minuto Cero RD","robots":{"index":"index","follow":"follow","max-snippet":"max-snippet:-1","max-image-preview":"max-image-preview:large","max-video-preview":"max-video-preview:-1"},"canonical":"https:\/\/minutocerord.com\/?p=1141","og_locale":"es_ES","og_type":"article","og_title":"ALEMANIA: Cuatro muertos y varios heridos deja un atropello m\u00faltiple - Minuto Cero RD","og_description":"ALEMANIA.- Atropello m\u00faltiple en una zona peatonal de la ciudad alemana de Tr\u00e9veris al oeste del pa\u00eds. Son al menos cuatro personas las fallecidas, entre ellas un beb\u00e9, y unas 30 heridas de diversa consideraci\u00f3n, como consecuencia de estos hechos. El alcalde de la localidad, Wolfram Leibe evocaba un\u00a0\u00abconductor loco\u00bb. El coche, un todoterreno gris [&hellip;]","og_url":"https:\/\/minutocerord.com\/?p=1141","og_site_name":"Minuto Cero RD","article_publisher":"https:\/\/www.facebook.com\/Genofnotes","article_author":"https:\/\/www.facebook.com\/Genofnotes","article_published_time":"2020-12-02T05:12:18+00:00","article_modified_time":"2020-12-02T05:12:20+00:00","og_image":[{"width":1200,"height":901,"url":"https:\/\/i0.wp.com\/minutocerord.com\/wp-content\/uploads\/2020\/12\/el-autor-del-atropello-multiple-en-treveris-alemania-presentaba-signos-de-embriaguez.jpg?fit=1200%2C901&ssl=1","type":"image\/jpeg"}],"author":"Genof\u00f3ntes Urb\u00e1ez","twitter_card":"summary_large_image","twitter_misc":{"Written by":"Genof\u00f3ntes Urb\u00e1ez","Est. reading time":"2 minutos"},"schema":{"@context":"https:\/\/schema.org","@graph":[{"@type":"Article","@id":"https:\/\/minutocerord.com\/?p=1141#article","isPartOf":{"@id":"https:\/\/minutocerord.com\/?p=1141"},"author":{"name":"Genof\u00f3ntes Urb\u00e1ez","@id":"https:\/\/minutocerord.com\/#\/schema\/person\/60b5372d60aaa0a5171fb6488be9aee6"},"headline":"ALEMANIA: Cuatro muertos y varios heridos deja un atropello m\u00faltiple","datePublished":"2020-12-02T05:12:18+00:00","dateModified":"2020-12-02T05:12:20+00:00","mainEntityOfPage":{"@id":"https:\/\/minutocerord.com\/?p=1141"},"wordCount":395,"commentCount":0,"publisher":{"@id":"https:\/\/minutocerord.com\/#\/schema\/person\/60b5372d60aaa0a5171fb6488be9aee6"},"image":{"@id":"https:\/\/minutocerord.com\/?p=1141#primaryimage"},"thumbnailUrl":"https:\/\/i0.wp.com\/minutocerord.com\/wp-content\/uploads\/2020\/12\/el-autor-del-atropello-multiple-en-treveris-alemania-presentaba-signos-de-embriaguez.jpg?fit=1200%2C901&ssl=1","articleSection":["Europa"],"inLanguage":"es-DO","potentialAction":[{"@type":"CommentAction","name":"Comment","target":["https:\/\/minutocerord.com\/?p=1141#respond"]}]},{"@type":"WebPage","@id":"https:\/\/minutocerord.com\/?p=1141","url":"https:\/\/minutocerord.com\/?p=1141","name":"ALEMANIA: Cuatro muertos y varios heridos deja un atropello m\u00faltiple - Minuto Cero RD","isPartOf":{"@id":"https:\/\/minutocerord.com\/#website"},"primaryImageOfPage":{"@id":"https:\/\/minutocerord.com\/?p=1141#primaryimage"},"image":{"@id":"https:\/\/minutocerord.com\/?p=1141#primaryimage"},"thumbnailUrl":"https:\/\/i0.wp.com\/minutocerord.com\/wp-content\/uploads\/2020\/12\/el-autor-del-atropello-multiple-en-treveris-alemania-presentaba-signos-de-embriaguez.jpg?fit=1200%2C901&ssl=1","datePublished":"2020-12-02T05:12:18+00:00","dateModified":"2020-12-02T05:12:20+00:00","breadcrumb":{"@id":"https:\/\/minutocerord.com\/?p=1141#breadcrumb"},"inLanguage":"es-DO","potentialAction":[{"@type":"ReadAction","target":["https:\/\/minutocerord.com\/?p=1141"]}]},{"@type":"ImageObject","inLanguage":"es-DO","@id":"https:\/\/minutocerord.com\/?p=1141#primaryimage","url":"https:\/\/i0.wp.com\/minutocerord.com\/wp-content\/uploads\/2020\/12\/el-autor-del-atropello-multiple-en-treveris-alemania-presentaba-signos-de-embriaguez.jpg?fit=1200%2C901&ssl=1","contentUrl":"https:\/\/i0.wp.com\/minutocerord.com\/wp-content\/uploads\/2020\/12\/el-autor-del-atropello-multiple-en-treveris-alemania-presentaba-signos-de-embriaguez.jpg?fit=1200%2C901&ssl=1","width":1200,"height":901},{"@type":"BreadcrumbList","@id":"https:\/\/minutocerord.com\/?p=1141#breadcrumb","itemListElement":[{"@type":"ListItem","position":1,"name":"Home","item":"https:\/\/minutocerord.com\/"},{"@type":"ListItem","position":2,"name":"ALEMANIA: Cuatro muertos y varios heridos deja un atropello m\u00faltiple"}]},{"@type":"WebSite","@id":"https:\/\/minutocerord.com\/#website","url":"https:\/\/minutocerord.com\/","name":"Minuto Cero RD","description":"Periodismo serio y veraz","publisher":{"@id":"https:\/\/minutocerord.com\/#\/schema\/person\/60b5372d60aaa0a5171fb6488be9aee6"},"potentialAction":[{"@type":"SearchAction","target":{"@type":"EntryPoint","urlTemplate":"https:\/\/minutocerord.com\/?s={search_term_string}"},"query-input":{"@type":"PropertyValueSpecification","valueRequired":true,"valueName":"search_term_string"}}],"inLanguage":"es-DO"},{"@type":["Person","Organization"],"@id":"https:\/\/minutocerord.com\/#\/schema\/person\/60b5372d60aaa0a5171fb6488be9aee6","name":"Genof\u00f3ntes Urb\u00e1ez","image":{"@type":"ImageObject","inLanguage":"es-DO","@id":"https:\/\/secure.gravatar.com\/avatar\/a49ef3186a692098ac3e8a1612261e3ad70cf9e44553dff2929e67939a0ecb9d?s=96&d=identicon&r=g","url":"https:\/\/secure.gravatar.com\/avatar\/a49ef3186a692098ac3e8a1612261e3ad70cf9e44553dff2929e67939a0ecb9d?s=96&d=identicon&r=g","contentUrl":"https:\/\/secure.gravatar.com\/avatar\/a49ef3186a692098ac3e8a1612261e3ad70cf9e44553dff2929e67939a0ecb9d?s=96&d=identicon&r=g","caption":"Genof\u00f3ntes Urb\u00e1ez"},"logo":{"@id":"https:\/\/secure.gravatar.com\/avatar\/a49ef3186a692098ac3e8a1612261e3ad70cf9e44553dff2929e67939a0ecb9d?s=96&d=identicon&r=g"},"description":"Periodista \/ Locutor","sameAs":["https:\/\/www.facebook.com\/Genofnotes","https:\/\/www.instagram.com\/genofnotes\/"]}]}},"jetpack_publicize_connections":[],"jetpack_featured_media_url":"https:\/\/i0.wp.com\/minutocerord.com\/wp-content\/uploads\/2020\/12\/el-autor-del-atropello-multiple-en-treveris-alemania-presentaba-signos-de-embriaguez.jpg?fit=1200%2C901&ssl=1","jetpack-related-posts":[],"jetpack_sharing_enabled":true,"_links":{"self":[{"href":"https:\/\/minutocerord.com\/index.php?rest_route=\/wp\/v2\/posts\/1141","targetHints":{"allow":["GET"]}}],"collection":[{"href":"https:\/\/minutocerord.com\/index.php?rest_route=\/wp\/v2\/posts"}],"about":[{"href":"https:\/\/minutocerord.com\/index.php?rest_route=\/wp\/v2\/types\/post"}],"author":[{"embeddable":true,"href":"https:\/\/minutocerord.com\/index.php?rest_route=\/wp\/v2\/users\/1"}],"replies":[{"embeddable":true,"href":"https:\/\/minutocerord.com\/index.php?rest_route=%2Fwp%2Fv2%2Fcomments&post=1141"}],"version-history":[{"count":1,"href":"https:\/\/minutocerord.com\/index.php?rest_route=\/wp\/v2\/posts\/1141\/revisions"}],"predecessor-version":[{"id":1144,"href":"https:\/\/minutocerord.com\/index.php?rest_route=\/wp\/v2\/posts\/1141\/revisions\/1144"}],"wp:featuredmedia":[{"embeddable":true,"href":"https:\/\/minutocerord.com\/index.php?rest_route=\/wp\/v2\/media\/1143"}],"wp:attachment":[{"href":"https:\/\/minutocerord.com\/index.php?rest_route=%2Fwp%2Fv2%2Fmedia&parent=1141"}],"wp:term":[{"taxonomy":"category","embeddable":true,"href":"https:\/\/minutocerord.com\/index.php?rest_route=%2Fwp%2Fv2%2Fcategories&post=1141"},{"taxonomy":"post_tag","embeddable":true,"href":"https:\/\/minutocerord.com\/index.php?rest_route=%2Fwp%2Fv2%2Ftags&post=1141"}],"curies":[{"name":"wp","href":"https:\/\/api.w.org\/{rel}","templated":true}]}}