{"id":1147,"date":"2020-12-03T21:22:17","date_gmt":"2020-12-04T01:22:17","guid":{"rendered":"https:\/\/minutocerord.com\/?p=1147"},"modified":"2020-12-03T21:22:20","modified_gmt":"2020-12-04T01:22:20","slug":"suicidio-de-cesar-prieto-sacude-la-campana-anticorrupcion-en-rd-segun-agencia-efe","status":"publish","type":"post","link":"https:\/\/minutocerord.com\/?p=1147","title":{"rendered":"Suicidio de C\u00e9sar Prieto sacude la campa\u00f1a anticorrupci\u00f3n en RD, seg\u00fan agencia EFE"},"content":{"rendered":"\n<p>Santo Domingo.\u2013 El suicidio de un alto funcionario del anterior Gobierno de Rep\u00fablica Dominicana sacudi\u00f3 la campa\u00f1a anticorrupci\u00f3n que han emprendido las nuevas autoridades del pa\u00eds, al desvelar este jueves el expresidente Danilo Medina que ese funcionario se quit\u00f3 la vida para evitar ser arrestado.<\/p>\n\n\n\n<p>C\u00e9sar Prieto se dispar\u00f3 en la cabeza el pasado lunes y, desde entonces, su muerte ha causado conjeturas en el pa\u00eds, por producirse el d\u00eda despu\u00e9s de que la fiscal\u00eda arrestase a varias figuras relacionadas con el anterior Gobierno, incluidos dos hermanos del expresidente Medina (2012-2020).<\/p>\n\n\n\n<p>El exmandatario acudi\u00f3 este jueves al funeral de Prieto, un pol\u00edtico de segunda fila, pero que ocup\u00f3 despachos importantes como el Plan Social de la Presidencia y la Superintendencia de Electricidad, despu\u00e9s de haber sido asistente del propio Medina.<\/p>\n\n\n\n<p>En una declaraci\u00f3n ante la prensa y los asistentes al funeral, incluidos los familiares de Prieto, Medina asegur\u00f3 que la semana pasada el exfuncionario le confes\u00f3 que estaba recibiendo \u201ccantidad de informaciones\u201d que constataban que se iba a producir un allanamiento en su casa y le iban a detener por corrupci\u00f3n.<\/p>\n\n\n\n<p>En la conversaci\u00f3n con Prieto, el exmandatario rest\u00f3 importancia a esas acusaciones y le indic\u00f3 al exfuncionario que \u201ctodos\u201d los miembros del anterior Gobierno est\u00e1n siendo acusados de corrupci\u00f3n.<\/p>\n\n\n\n<p>Sin embargo, seg\u00fan la versi\u00f3n del ex jefe de Estado, Prieto no pudo soportar el \u201ctormento\u201d al que se vio sometido en los \u00faltimos d\u00edas al saber que ser\u00eda se\u00f1alado como \u201cuno de los ladrones del Partido de la Liberaci\u00f3n Dominicana\u00bb.<\/p>\n\n\n\n<p>Tras su muerte, varios medios dejaron entrever que era investigado por la fiscal\u00eda, pero esa versi\u00f3n fue desmentida por las autoridades.<\/p>\n\n\n\n<p>Este jueves, el titular de la Procuradur\u00eda Especializada de Persecuci\u00f3n a la Corrupci\u00f3n Administrativa (Pepca), Wilson Camacho, confirm\u00f3 que Prieto no estaba siendo investigado.<\/p>\n\n\n\n<p>En el funeral, Medina defendi\u00f3 la honestidad de Prieto y asegur\u00f3 que muri\u00f3 por una \u201ccausa, defendiendo su buena honra\u00bb.<\/p>\n\n\n\n<p>\u201cPara un hombre honesto, \u00edntegro, responsable, transparente y dedicado como C\u00e9sar no ten\u00eda sentido vivir la vida si su moral era destruida. C\u00e9sar prefiri\u00f3 morir con dignidad y no vivir sin moral\u201d, dijo el exmandatario.<\/p>\n\n\n\n<p>Medina tambi\u00e9n afirm\u00f3 que Prieto deja un \u201clegado\u201d para \u201ctodos\u00bb los miembros del PLD, partido que dirigi\u00f3 el pa\u00eds entre 2012 y el pasado agosto.<\/p>\n\n\n\n<p>El actual presidente, Luis Abinader, gan\u00f3 las elecciones del pasado julio erigiendo la bandera de la lucha contra la corrupci\u00f3n y, desde que ha llegado al poder, ha ordenado desmantelar varias instituciones que consideraba nidos de corrupci\u00f3n.<\/p>\n\n\n\n<p>El pasado domingo, la Fiscal\u00eda lanz\u00f3 una operaci\u00f3n contra funcionarios del pasado Gobierno y proveedores del Estado, que llev\u00f3 a la detenci\u00f3n de diez personas, entre ellos dos hermanos del expresidente, Juan Alexis Medina y Carmen Magalys Medina.<\/p>\n\n\n\n<p>Juan Alexis Medina es sospechoso de hacer negocios il\u00edcitos con el Estado durante la administraci\u00f3n de su hermano, y Carmen Magalys es sospechosa de diversas irregularidades mientras estaba al frente del Fondo Patrimonial de las Empresas Reformadas (Fonper), una de las instituciones que ha prometido liquidar Abinader.<\/p>\n\n\n\n<p>EFE<\/p>\n","protected":false},"excerpt":{"rendered":"<p>Santo Domingo.\u2013 El suicidio de un alto funcionario del anterior Gobierno de Rep\u00fablica Dominicana sacudi\u00f3 la campa\u00f1a anticorrupci\u00f3n que han emprendido las nuevas autoridades del pa\u00eds, al desvelar este jueves el expresidente Danilo Medina que ese funcionario se quit\u00f3 la vida para evitar ser arrestado. C\u00e9sar Prieto se dispar\u00f3 en la cabeza el pasado lunes [&hellip;]<\/p>\n","protected":false},"author":1,"featured_media":1148,"comment_status":"open","ping_status":"open","sticky":false,"template":"","format":"standard","meta":{"nf_dc_page":"","jetpack_post_was_ever_published":false,"_jetpack_newsletter_access":"","_jetpack_dont_email_post_to_subs":false,"_jetpack_newsletter_tier_id":0,"_jetpack_memberships_contains_paywalled_content":false,"_jetpack_memberships_contains_paid_content":false,"footnotes":"","jetpack_publicize_message":"","jetpack_publicize_feature_enabled":true,"jetpack_social_post_already_shared":false,"jetpack_social_options":{"image_generator_settings":{"template":"highway","default_image_id":0,"font":"","enabled":false},"version":2}},"categories":[65],"tags":[],"class_list":["post-1147","post","type-post","status-publish","format-standard","has-post-thumbnail","hentry","category-nacionales"],"yoast_head":"<!-- This site is optimized with the Yoast SEO plugin v27.5 - https:\/\/yoast.com\/product\/yoast-seo-wordpress\/ -->\n<title>Suicidio de C\u00e9sar Prieto sacude la campa\u00f1a anticorrupci\u00f3n en RD, seg\u00fan agencia EFE - Minuto Cero RD<\/title>\n<meta name=\"robots\" content=\"index, follow, max-snippet:-1, max-image-preview:large, max-video-preview:-1\" \/>\n<link rel=\"canonical\" href=\"http:\/\/minutocerord.com\/?p=1147\" \/>\n<meta property=\"og:locale\" content=\"es_ES\" \/>\n<meta property=\"og:type\" content=\"article\" \/>\n<meta property=\"og:title\" content=\"Suicidio de C\u00e9sar Prieto sacude la campa\u00f1a anticorrupci\u00f3n en RD, seg\u00fan agencia EFE - Minuto Cero RD\" \/>\n<meta property=\"og:description\" content=\"Santo Domingo.\u2013 El suicidio de un alto funcionario del anterior Gobierno de Rep\u00fablica Dominicana sacudi\u00f3 la campa\u00f1a anticorrupci\u00f3n que han emprendido las nuevas autoridades del pa\u00eds, al desvelar este jueves el expresidente Danilo Medina que ese funcionario se quit\u00f3 la vida para evitar ser arrestado. C\u00e9sar Prieto se dispar\u00f3 en la cabeza el pasado lunes [&hellip;]\" \/>\n<meta property=\"og:url\" content=\"http:\/\/minutocerord.com\/?p=1147\" \/>\n<meta property=\"og:site_name\" content=\"Minuto Cero RD\" \/>\n<meta property=\"article:publisher\" content=\"https:\/\/www.facebook.com\/Genofnotes\" \/>\n<meta property=\"article:author\" content=\"https:\/\/www.facebook.com\/Genofnotes\" \/>\n<meta property=\"article:published_time\" content=\"2020-12-04T01:22:17+00:00\" \/>\n<meta property=\"article:modified_time\" content=\"2020-12-04T01:22:20+00:00\" \/>\n<meta property=\"og:image\" content=\"https:\/\/i0.wp.com\/minutocerord.com\/wp-content\/uploads\/2020\/12\/Cesar-Prieto-1.jpeg?fit=650%2C440\" \/>\n\t<meta property=\"og:image:width\" content=\"650\" \/>\n\t<meta property=\"og:image:height\" content=\"440\" \/>\n\t<meta property=\"og:image:type\" content=\"image\/jpeg\" \/>\n<meta name=\"author\" content=\"Genof\u00f3ntes Urb\u00e1ez\" \/>\n<meta name=\"twitter:card\" content=\"summary_large_image\" \/>\n<meta name=\"twitter:label1\" content=\"Written by\" \/>\n\t<meta name=\"twitter:data1\" content=\"Genof\u00f3ntes Urb\u00e1ez\" \/>\n\t<meta name=\"twitter:label2\" content=\"Est. reading time\" \/>\n\t<meta name=\"twitter:data2\" content=\"3 minutos\" \/>\n<script type=\"application\/ld+json\" class=\"yoast-schema-graph\">{\"@context\":\"https:\\\/\\\/schema.org\",\"@graph\":[{\"@type\":\"Article\",\"@id\":\"http:\\\/\\\/minutocerord.com\\\/?p=1147#article\",\"isPartOf\":{\"@id\":\"http:\\\/\\\/minutocerord.com\\\/?p=1147\"},\"author\":{\"name\":\"Genof\u00f3ntes Urb\u00e1ez\",\"@id\":\"https:\\\/\\\/minutocerord.com\\\/#\\\/schema\\\/person\\\/60b5372d60aaa0a5171fb6488be9aee6\"},\"headline\":\"Suicidio de C\u00e9sar Prieto sacude la campa\u00f1a anticorrupci\u00f3n en RD, seg\u00fan agencia EFE\",\"datePublished\":\"2020-12-04T01:22:17+00:00\",\"dateModified\":\"2020-12-04T01:22:20+00:00\",\"mainEntityOfPage\":{\"@id\":\"http:\\\/\\\/minutocerord.com\\\/?p=1147\"},\"wordCount\":554,\"commentCount\":0,\"publisher\":{\"@id\":\"https:\\\/\\\/minutocerord.com\\\/#\\\/schema\\\/person\\\/60b5372d60aaa0a5171fb6488be9aee6\"},\"image\":{\"@id\":\"http:\\\/\\\/minutocerord.com\\\/?p=1147#primaryimage\"},\"thumbnailUrl\":\"https:\\\/\\\/i0.wp.com\\\/minutocerord.com\\\/wp-content\\\/uploads\\\/2020\\\/12\\\/Cesar-Prieto-1.jpeg?fit=650%2C440&ssl=1\",\"articleSection\":[\"Nacionales\"],\"inLanguage\":\"es-DO\",\"potentialAction\":[{\"@type\":\"CommentAction\",\"name\":\"Comment\",\"target\":[\"http:\\\/\\\/minutocerord.com\\\/?p=1147#respond\"]}]},{\"@type\":\"WebPage\",\"@id\":\"http:\\\/\\\/minutocerord.com\\\/?p=1147\",\"url\":\"http:\\\/\\\/minutocerord.com\\\/?p=1147\",\"name\":\"Suicidio de C\u00e9sar Prieto sacude la campa\u00f1a anticorrupci\u00f3n en RD, seg\u00fan agencia EFE - Minuto Cero RD\",\"isPartOf\":{\"@id\":\"https:\\\/\\\/minutocerord.com\\\/#website\"},\"primaryImageOfPage\":{\"@id\":\"http:\\\/\\\/minutocerord.com\\\/?p=1147#primaryimage\"},\"image\":{\"@id\":\"http:\\\/\\\/minutocerord.com\\\/?p=1147#primaryimage\"},\"thumbnailUrl\":\"https:\\\/\\\/i0.wp.com\\\/minutocerord.com\\\/wp-content\\\/uploads\\\/2020\\\/12\\\/Cesar-Prieto-1.jpeg?fit=650%2C440&ssl=1\",\"datePublished\":\"2020-12-04T01:22:17+00:00\",\"dateModified\":\"2020-12-04T01:22:20+00:00\",\"breadcrumb\":{\"@id\":\"http:\\\/\\\/minutocerord.com\\\/?p=1147#breadcrumb\"},\"inLanguage\":\"es-DO\",\"potentialAction\":[{\"@type\":\"ReadAction\",\"target\":[\"http:\\\/\\\/minutocerord.com\\\/?p=1147\"]}]},{\"@type\":\"ImageObject\",\"inLanguage\":\"es-DO\",\"@id\":\"http:\\\/\\\/minutocerord.com\\\/?p=1147#primaryimage\",\"url\":\"https:\\\/\\\/i0.wp.com\\\/minutocerord.com\\\/wp-content\\\/uploads\\\/2020\\\/12\\\/Cesar-Prieto-1.jpeg?fit=650%2C440&ssl=1\",\"contentUrl\":\"https:\\\/\\\/i0.wp.com\\\/minutocerord.com\\\/wp-content\\\/uploads\\\/2020\\\/12\\\/Cesar-Prieto-1.jpeg?fit=650%2C440&ssl=1\",\"width\":650,\"height\":440},{\"@type\":\"BreadcrumbList\",\"@id\":\"http:\\\/\\\/minutocerord.com\\\/?p=1147#breadcrumb\",\"itemListElement\":[{\"@type\":\"ListItem\",\"position\":1,\"name\":\"Home\",\"item\":\"https:\\\/\\\/minutocerord.com\\\/\"},{\"@type\":\"ListItem\",\"position\":2,\"name\":\"Suicidio de C\u00e9sar Prieto sacude la campa\u00f1a anticorrupci\u00f3n en RD, seg\u00fan agencia EFE\"}]},{\"@type\":\"WebSite\",\"@id\":\"https:\\\/\\\/minutocerord.com\\\/#website\",\"url\":\"https:\\\/\\\/minutocerord.com\\\/\",\"name\":\"Minuto Cero RD\",\"description\":\"Periodismo serio y veraz\",\"publisher\":{\"@id\":\"https:\\\/\\\/minutocerord.com\\\/#\\\/schema\\\/person\\\/60b5372d60aaa0a5171fb6488be9aee6\"},\"potentialAction\":[{\"@type\":\"SearchAction\",\"target\":{\"@type\":\"EntryPoint\",\"urlTemplate\":\"https:\\\/\\\/minutocerord.com\\\/?s={search_term_string}\"},\"query-input\":{\"@type\":\"PropertyValueSpecification\",\"valueRequired\":true,\"valueName\":\"search_term_string\"}}],\"inLanguage\":\"es-DO\"},{\"@type\":[\"Person\",\"Organization\"],\"@id\":\"https:\\\/\\\/minutocerord.com\\\/#\\\/schema\\\/person\\\/60b5372d60aaa0a5171fb6488be9aee6\",\"name\":\"Genof\u00f3ntes Urb\u00e1ez\",\"image\":{\"@type\":\"ImageObject\",\"inLanguage\":\"es-DO\",\"@id\":\"https:\\\/\\\/secure.gravatar.com\\\/avatar\\\/a49ef3186a692098ac3e8a1612261e3ad70cf9e44553dff2929e67939a0ecb9d?s=96&d=identicon&r=g\",\"url\":\"https:\\\/\\\/secure.gravatar.com\\\/avatar\\\/a49ef3186a692098ac3e8a1612261e3ad70cf9e44553dff2929e67939a0ecb9d?s=96&d=identicon&r=g\",\"contentUrl\":\"https:\\\/\\\/secure.gravatar.com\\\/avatar\\\/a49ef3186a692098ac3e8a1612261e3ad70cf9e44553dff2929e67939a0ecb9d?s=96&d=identicon&r=g\",\"caption\":\"Genof\u00f3ntes Urb\u00e1ez\"},\"logo\":{\"@id\":\"https:\\\/\\\/secure.gravatar.com\\\/avatar\\\/a49ef3186a692098ac3e8a1612261e3ad70cf9e44553dff2929e67939a0ecb9d?s=96&d=identicon&r=g\"},\"description\":\"Periodista \\\/ Locutor\",\"sameAs\":[\"https:\\\/\\\/www.facebook.com\\\/Genofnotes\",\"https:\\\/\\\/www.instagram.com\\\/genofnotes\\\/\"]}]}<\/script>\n<!-- \/ Yoast SEO plugin. -->","yoast_head_json":{"title":"Suicidio de C\u00e9sar Prieto sacude la campa\u00f1a anticorrupci\u00f3n en RD, seg\u00fan agencia EFE - Minuto Cero RD","robots":{"index":"index","follow":"follow","max-snippet":"max-snippet:-1","max-image-preview":"max-image-preview:large","max-video-preview":"max-video-preview:-1"},"canonical":"http:\/\/minutocerord.com\/?p=1147","og_locale":"es_ES","og_type":"article","og_title":"Suicidio de C\u00e9sar Prieto sacude la campa\u00f1a anticorrupci\u00f3n en RD, seg\u00fan agencia EFE - Minuto Cero RD","og_description":"Santo Domingo.\u2013 El suicidio de un alto funcionario del anterior Gobierno de Rep\u00fablica Dominicana sacudi\u00f3 la campa\u00f1a anticorrupci\u00f3n que han emprendido las nuevas autoridades del pa\u00eds, al desvelar este jueves el expresidente Danilo Medina que ese funcionario se quit\u00f3 la vida para evitar ser arrestado. C\u00e9sar Prieto se dispar\u00f3 en la cabeza el pasado lunes [&hellip;]","og_url":"http:\/\/minutocerord.com\/?p=1147","og_site_name":"Minuto Cero RD","article_publisher":"https:\/\/www.facebook.com\/Genofnotes","article_author":"https:\/\/www.facebook.com\/Genofnotes","article_published_time":"2020-12-04T01:22:17+00:00","article_modified_time":"2020-12-04T01:22:20+00:00","og_image":[{"width":650,"height":440,"url":"https:\/\/i0.wp.com\/minutocerord.com\/wp-content\/uploads\/2020\/12\/Cesar-Prieto-1.jpeg?fit=650%2C440","type":"image\/jpeg"}],"author":"Genof\u00f3ntes Urb\u00e1ez","twitter_card":"summary_large_image","twitter_misc":{"Written by":"Genof\u00f3ntes Urb\u00e1ez","Est. reading time":"3 minutos"},"schema":{"@context":"https:\/\/schema.org","@graph":[{"@type":"Article","@id":"http:\/\/minutocerord.com\/?p=1147#article","isPartOf":{"@id":"http:\/\/minutocerord.com\/?p=1147"},"author":{"name":"Genof\u00f3ntes Urb\u00e1ez","@id":"https:\/\/minutocerord.com\/#\/schema\/person\/60b5372d60aaa0a5171fb6488be9aee6"},"headline":"Suicidio de C\u00e9sar Prieto sacude la campa\u00f1a anticorrupci\u00f3n en RD, seg\u00fan agencia EFE","datePublished":"2020-12-04T01:22:17+00:00","dateModified":"2020-12-04T01:22:20+00:00","mainEntityOfPage":{"@id":"http:\/\/minutocerord.com\/?p=1147"},"wordCount":554,"commentCount":0,"publisher":{"@id":"https:\/\/minutocerord.com\/#\/schema\/person\/60b5372d60aaa0a5171fb6488be9aee6"},"image":{"@id":"http:\/\/minutocerord.com\/?p=1147#primaryimage"},"thumbnailUrl":"https:\/\/i0.wp.com\/minutocerord.com\/wp-content\/uploads\/2020\/12\/Cesar-Prieto-1.jpeg?fit=650%2C440&ssl=1","articleSection":["Nacionales"],"inLanguage":"es-DO","potentialAction":[{"@type":"CommentAction","name":"Comment","target":["http:\/\/minutocerord.com\/?p=1147#respond"]}]},{"@type":"WebPage","@id":"http:\/\/minutocerord.com\/?p=1147","url":"http:\/\/minutocerord.com\/?p=1147","name":"Suicidio de C\u00e9sar Prieto sacude la campa\u00f1a anticorrupci\u00f3n en RD, seg\u00fan agencia EFE - Minuto Cero RD","isPartOf":{"@id":"https:\/\/minutocerord.com\/#website"},"primaryImageOfPage":{"@id":"http:\/\/minutocerord.com\/?p=1147#primaryimage"},"image":{"@id":"http:\/\/minutocerord.com\/?p=1147#primaryimage"},"thumbnailUrl":"https:\/\/i0.wp.com\/minutocerord.com\/wp-content\/uploads\/2020\/12\/Cesar-Prieto-1.jpeg?fit=650%2C440&ssl=1","datePublished":"2020-12-04T01:22:17+00:00","dateModified":"2020-12-04T01:22:20+00:00","breadcrumb":{"@id":"http:\/\/minutocerord.com\/?p=1147#breadcrumb"},"inLanguage":"es-DO","potentialAction":[{"@type":"ReadAction","target":["http:\/\/minutocerord.com\/?p=1147"]}]},{"@type":"ImageObject","inLanguage":"es-DO","@id":"http:\/\/minutocerord.com\/?p=1147#primaryimage","url":"https:\/\/i0.wp.com\/minutocerord.com\/wp-content\/uploads\/2020\/12\/Cesar-Prieto-1.jpeg?fit=650%2C440&ssl=1","contentUrl":"https:\/\/i0.wp.com\/minutocerord.com\/wp-content\/uploads\/2020\/12\/Cesar-Prieto-1.jpeg?fit=650%2C440&ssl=1","width":650,"height":440},{"@type":"BreadcrumbList","@id":"http:\/\/minutocerord.com\/?p=1147#breadcrumb","itemListElement":[{"@type":"ListItem","position":1,"name":"Home","item":"https:\/\/minutocerord.com\/"},{"@type":"ListItem","position":2,"name":"Suicidio de C\u00e9sar Prieto sacude la campa\u00f1a anticorrupci\u00f3n en RD, seg\u00fan agencia EFE"}]},{"@type":"WebSite","@id":"https:\/\/minutocerord.com\/#website","url":"https:\/\/minutocerord.com\/","name":"Minuto Cero RD","description":"Periodismo serio y veraz","publisher":{"@id":"https:\/\/minutocerord.com\/#\/schema\/person\/60b5372d60aaa0a5171fb6488be9aee6"},"potentialAction":[{"@type":"SearchAction","target":{"@type":"EntryPoint","urlTemplate":"https:\/\/minutocerord.com\/?s={search_term_string}"},"query-input":{"@type":"PropertyValueSpecification","valueRequired":true,"valueName":"search_term_string"}}],"inLanguage":"es-DO"},{"@type":["Person","Organization"],"@id":"https:\/\/minutocerord.com\/#\/schema\/person\/60b5372d60aaa0a5171fb6488be9aee6","name":"Genof\u00f3ntes Urb\u00e1ez","image":{"@type":"ImageObject","inLanguage":"es-DO","@id":"https:\/\/secure.gravatar.com\/avatar\/a49ef3186a692098ac3e8a1612261e3ad70cf9e44553dff2929e67939a0ecb9d?s=96&d=identicon&r=g","url":"https:\/\/secure.gravatar.com\/avatar\/a49ef3186a692098ac3e8a1612261e3ad70cf9e44553dff2929e67939a0ecb9d?s=96&d=identicon&r=g","contentUrl":"https:\/\/secure.gravatar.com\/avatar\/a49ef3186a692098ac3e8a1612261e3ad70cf9e44553dff2929e67939a0ecb9d?s=96&d=identicon&r=g","caption":"Genof\u00f3ntes Urb\u00e1ez"},"logo":{"@id":"https:\/\/secure.gravatar.com\/avatar\/a49ef3186a692098ac3e8a1612261e3ad70cf9e44553dff2929e67939a0ecb9d?s=96&d=identicon&r=g"},"description":"Periodista \/ Locutor","sameAs":["https:\/\/www.facebook.com\/Genofnotes","https:\/\/www.instagram.com\/genofnotes\/"]}]}},"jetpack_publicize_connections":[],"jetpack_featured_media_url":"https:\/\/i0.wp.com\/minutocerord.com\/wp-content\/uploads\/2020\/12\/Cesar-Prieto-1.jpeg?fit=650%2C440&ssl=1","jetpack-related-posts":[],"jetpack_sharing_enabled":true,"_links":{"self":[{"href":"https:\/\/minutocerord.com\/index.php?rest_route=\/wp\/v2\/posts\/1147","targetHints":{"allow":["GET"]}}],"collection":[{"href":"https:\/\/minutocerord.com\/index.php?rest_route=\/wp\/v2\/posts"}],"about":[{"href":"https:\/\/minutocerord.com\/index.php?rest_route=\/wp\/v2\/types\/post"}],"author":[{"embeddable":true,"href":"https:\/\/minutocerord.com\/index.php?rest_route=\/wp\/v2\/users\/1"}],"replies":[{"embeddable":true,"href":"https:\/\/minutocerord.com\/index.php?rest_route=%2Fwp%2Fv2%2Fcomments&post=1147"}],"version-history":[{"count":1,"href":"https:\/\/minutocerord.com\/index.php?rest_route=\/wp\/v2\/posts\/1147\/revisions"}],"predecessor-version":[{"id":1149,"href":"https:\/\/minutocerord.com\/index.php?rest_route=\/wp\/v2\/posts\/1147\/revisions\/1149"}],"wp:featuredmedia":[{"embeddable":true,"href":"https:\/\/minutocerord.com\/index.php?rest_route=\/wp\/v2\/media\/1148"}],"wp:attachment":[{"href":"https:\/\/minutocerord.com\/index.php?rest_route=%2Fwp%2Fv2%2Fmedia&parent=1147"}],"wp:term":[{"taxonomy":"category","embeddable":true,"href":"https:\/\/minutocerord.com\/index.php?rest_route=%2Fwp%2Fv2%2Fcategories&post=1147"},{"taxonomy":"post_tag","embeddable":true,"href":"https:\/\/minutocerord.com\/index.php?rest_route=%2Fwp%2Fv2%2Ftags&post=1147"}],"curies":[{"name":"wp","href":"https:\/\/api.w.org\/{rel}","templated":true}]}}