{"id":1153,"date":"2020-12-03T21:49:43","date_gmt":"2020-12-04T01:49:43","guid":{"rendered":"https:\/\/minutocerord.com\/?p=1153"},"modified":"2020-12-03T21:49:46","modified_gmt":"2020-12-04T01:49:46","slug":"video-medina-afirma-cesar-prieto-se-suicido-porque-sabia-que-le-iban-a-detener","status":"publish","type":"post","link":"https:\/\/minutocerord.com\/?p=1153","title":{"rendered":"VIDEO: Medina afirma C\u00e9sar Prieto se suicid\u00f3 porque \u00absab\u00eda que le iban a detener\u00bb"},"content":{"rendered":"\n<figure class=\"wp-block-embed-youtube wp-block-embed is-type-video is-provider-youtube wp-embed-aspect-16-9 wp-has-aspect-ratio\"><div class=\"wp-block-embed__wrapper\">\n<iframe loading=\"lazy\" title=\"Palabras de Danilo Medina en el entierro de C\u00e9sar Prieto.\" width=\"640\" height=\"360\" src=\"https:\/\/www.youtube.com\/embed\/TcV84gbRiZM?feature=oembed&#038;enablejsapi=1\" frameborder=\"0\" allow=\"accelerometer; autoplay; clipboard-write; encrypted-media; gyroscope; picture-in-picture; web-share\" referrerpolicy=\"strict-origin-when-cross-origin\" allowfullscreen><\/iframe>\n<\/div><\/figure>\n\n\n\n<p>El expresidente Danilo Medina afirm\u00f3 este jueves que el exsuperintendente de Electricidad y exdirector del Plan Social de la Presidencia C\u00e9sar Prieto se suicid\u00f3 porque sab\u00eda que le iban a detener acusado de corrupci\u00f3n.<\/p>\n\n\n\n<p>Al acudir al funeral de Prieto, Medina asegur\u00f3 que la semana pasada el exfuncionario le confes\u00f3 que estaba recibiendo \u00abcantidad de informaciones\u00bb que constataban que se iba a producir un allanamiento en su casa y le iban a detener por corrupci\u00f3n.<\/p>\n\n\n\n<figure class=\"wp-block-embed\"><div class=\"wp-block-embed__wrapper\">\nhttps:\/\/googleads.g.doubleclick.net\/pagead\/ads?guci=2.2.0.0.2.2.0.0&#038;client=ca-pub-3511341636159665&#038;output=html&#038;h=250&#038;slotname=9726991428&#038;adk=203475114&#038;adf=10592549&#038;pi=t.ma~as.9726991428&#038;w=300&#038;lmt=1607046348&#038;psa=1&#038;format=300&#215;250&#038;url=https%3A%2F%2Falmomento.net%2Fdanilo-va-a-sepelio-de-cesar-prietodice-este-sabia-que-lo-iban-a-apresar%2F&#038;flash=0&#038;wgl=1&#038;tt_state=W3siaXNzdWVyT3JpZ2luIjoiaHR0cHM6Ly9hZHNlcnZpY2UuZ29vZ2xlLmNvbSIsInN0YXRlIjowfSx7Imlzc3Vlck9yaWdpbiI6Imh0dHBzOi8vYXR0ZXN0YXRpb24uYW5kcm9pZC5jb20iLCJzdGF0ZSI6MH1d&#038;dt=1607046347371&#038;bpp=1&#038;bdt=552&#038;idt=935&#038;shv=r20201201&#038;cbv=r20190131&#038;ptt=9&#038;saldr=aa&#038;abxe=1&#038;cookie=ID%3D36896c4b737974b3%3AT%3D1607046234%3AS%3DALNI_Mbl18ssK1ZLhlm6xmZhWLqP3jAdlg&#038;prev_fmts=0x0%2C160x600%2C160x600%2C160x600&#038;nras=1&#038;correlator=4393652697580&#038;frm=20&#038;pv=1&#038;ga_vid=1525024560.1600490926&#038;ga_sid=1607046348&#038;ga_hid=1439785687&#038;ga_fc=0&#038;u_tz=-300&#038;u_his=5&#038;u_java=0&#038;u_h=768&#038;u_w=1366&#038;u_ah=728&#038;u_aw=1366&#038;u_cd=24&#038;u_nplug=3&#038;u_nmime=4&#038;adx=277&#038;ady=1417&#038;biw=1349&#038;bih=609&#038;scr_x=0&#038;scr_y=0&#038;eid=21068084&#038;oid=3&#038;pvsid=3664336877523202&#038;pem=785&#038;wsm=1&#038;ref=https%3A%2F%2Falmomento.net%2F&#038;rx=0&#038;eae=0&#038;fc=1920&#038;brdim=0%2C0%2C0%2C0%2C1366%2C0%2C1366%2C728%2C1366%2C609&#038;vis=1&#038;rsz=%7C%7CpeEbr%7C&#038;abl=CS&#038;pfx=0&#038;fu=8192&#038;bc=31&#038;ifi=4&#038;uci=a!4&#038;btvi=3&#038;fsb=1&#038;xpc=2MWqdpAxIt&#038;p=https%3A\/\/almomento.net&#038;dtd=944\n<\/div><\/figure>\n\n\n\n<p>En la conversaci\u00f3n con Prieto, el exmandatario rest\u00f3 importancia a esas acusaciones y le indic\u00f3 al exfuncionario que \u00abtodos\u00bb los miembros del anterior Gobierno est\u00e1n siendo acusados de corrupci\u00f3n.<\/p>\n\n\n\n<p>Sin embargo, seg\u00fan la versi\u00f3n del ex jefe de Estado, Prieto no pudo soportar el \u00abtormento\u00bb al que se vio sometido en los \u00faltimos d\u00edas al saber que ser\u00eda se\u00f1alado como \u00abuno de los ladrones del Partido de la Liberaci\u00f3n Dominicana\u00bb.<\/p>\n\n\n\n<p>El pasado lunes, Prieto se suicid\u00f3 de un disparo en la cabeza, en su residencia de Santo Domingo.<strong>Autoridades desmintieron versi\u00f3n<\/strong><\/p>\n\n\n\n<p>Tras su muerte varios medios dejaron entrever que era investigado por la fiscal\u00eda, pero esa versi\u00f3n fue desmentida por las autoridades.<\/p>\n\n\n\n<p>Este jueves el titular de la Procuradur\u00eda Especializada de Persecuci\u00f3n a la Corrupci\u00f3n Administrativa (Pepca), Wilson Camacho, confirm\u00f3 que Prieto no estaba siendo investigado.<\/p>\n\n\n\n<p>En el funeral, Medina defendi\u00f3 la honestidad de Prieto y asegur\u00f3 que muri\u00f3 por una \u00abcausa, defendiendo su buena honra\u00bb.<\/p>\n\n\n\n<p>\u00abPara un hombre honesto, \u00edntegro, responsable, transparente y dedicado como C\u00e9sar no ten\u00eda sentido vivir la vida si su moral era destruida. C\u00e9sar prefiri\u00f3 morir con dignidad y no vivir sin moral\u00bb, dijo el exmandatario.<\/p>\n\n\n\n<p>Medina tambi\u00e9n afirm\u00f3 que Prieto deja un \u00ablegado\u00bb para \u00abtodos\u00bb los miembros del Partido de la Liberaci\u00f3n Dominicana (PLD).EFE<\/p>\n","protected":false},"excerpt":{"rendered":"<p>El expresidente Danilo Medina afirm\u00f3 este jueves que el exsuperintendente de Electricidad y exdirector del Plan Social de la Presidencia C\u00e9sar Prieto se suicid\u00f3 porque sab\u00eda que le iban a detener acusado de corrupci\u00f3n. Al acudir al funeral de Prieto, Medina asegur\u00f3 que la semana pasada el exfuncionario le confes\u00f3 que estaba recibiendo \u00abcantidad de [&hellip;]<\/p>\n","protected":false},"author":1,"featured_media":1154,"comment_status":"open","ping_status":"open","sticky":false,"template":"","format":"standard","meta":{"nf_dc_page":"","jetpack_post_was_ever_published":false,"_jetpack_newsletter_access":"","_jetpack_dont_email_post_to_subs":false,"_jetpack_newsletter_tier_id":0,"_jetpack_memberships_contains_paywalled_content":false,"_jetpack_memberships_contains_paid_content":false,"footnotes":"","jetpack_publicize_message":"","jetpack_publicize_feature_enabled":true,"jetpack_social_post_already_shared":false,"jetpack_social_options":{"image_generator_settings":{"template":"highway","default_image_id":0,"font":"","enabled":false},"version":2}},"categories":[93],"tags":[],"class_list":["post-1153","post","type-post","status-publish","format-standard","has-post-thumbnail","hentry","category-justicia"],"yoast_head":"<!-- This site is optimized with the Yoast SEO plugin v27.5 - https:\/\/yoast.com\/product\/yoast-seo-wordpress\/ -->\n<title>VIDEO: Medina afirma C\u00e9sar Prieto se suicid\u00f3 porque \u00absab\u00eda que le iban a detener\u00bb - Minuto Cero RD<\/title>\n<meta name=\"robots\" content=\"index, follow, max-snippet:-1, max-image-preview:large, max-video-preview:-1\" \/>\n<link rel=\"canonical\" href=\"https:\/\/minutocerord.com\/?p=1153\" \/>\n<meta property=\"og:locale\" content=\"es_ES\" \/>\n<meta property=\"og:type\" content=\"article\" \/>\n<meta property=\"og:title\" content=\"VIDEO: Medina afirma C\u00e9sar Prieto se suicid\u00f3 porque \u00absab\u00eda que le iban a detener\u00bb - Minuto Cero RD\" \/>\n<meta property=\"og:description\" content=\"El expresidente Danilo Medina afirm\u00f3 este jueves que el exsuperintendente de Electricidad y exdirector del Plan Social de la Presidencia C\u00e9sar Prieto se suicid\u00f3 porque sab\u00eda que le iban a detener acusado de corrupci\u00f3n. Al acudir al funeral de Prieto, Medina asegur\u00f3 que la semana pasada el exfuncionario le confes\u00f3 que estaba recibiendo \u00abcantidad de [&hellip;]\" \/>\n<meta property=\"og:url\" content=\"https:\/\/minutocerord.com\/?p=1153\" \/>\n<meta property=\"og:site_name\" content=\"Minuto Cero RD\" \/>\n<meta property=\"article:publisher\" content=\"https:\/\/www.facebook.com\/Genofnotes\" \/>\n<meta property=\"article:author\" content=\"https:\/\/www.facebook.com\/Genofnotes\" \/>\n<meta property=\"article:published_time\" content=\"2020-12-04T01:49:43+00:00\" \/>\n<meta property=\"article:modified_time\" content=\"2020-12-04T01:49:46+00:00\" \/>\n<meta property=\"og:image\" content=\"https:\/\/i0.wp.com\/minutocerord.com\/wp-content\/uploads\/2020\/12\/Danilo-Medina-habla-en-el-sepelio-de-Cesar-Prieto..jpg?fit=1188%2C625&ssl=1\" \/>\n\t<meta property=\"og:image:width\" content=\"1188\" \/>\n\t<meta property=\"og:image:height\" content=\"625\" \/>\n\t<meta property=\"og:image:type\" content=\"image\/jpeg\" \/>\n<meta name=\"author\" content=\"Genof\u00f3ntes Urb\u00e1ez\" \/>\n<meta name=\"twitter:card\" content=\"summary_large_image\" \/>\n<meta name=\"twitter:label1\" content=\"Written by\" \/>\n\t<meta name=\"twitter:data1\" content=\"Genof\u00f3ntes Urb\u00e1ez\" \/>\n\t<meta name=\"twitter:label2\" content=\"Est. reading time\" \/>\n\t<meta name=\"twitter:data2\" content=\"3 minutos\" \/>\n<script type=\"application\/ld+json\" class=\"yoast-schema-graph\">{\"@context\":\"https:\\\/\\\/schema.org\",\"@graph\":[{\"@type\":\"Article\",\"@id\":\"https:\\\/\\\/minutocerord.com\\\/?p=1153#article\",\"isPartOf\":{\"@id\":\"https:\\\/\\\/minutocerord.com\\\/?p=1153\"},\"author\":{\"name\":\"Genof\u00f3ntes Urb\u00e1ez\",\"@id\":\"https:\\\/\\\/minutocerord.com\\\/#\\\/schema\\\/person\\\/60b5372d60aaa0a5171fb6488be9aee6\"},\"headline\":\"VIDEO: Medina afirma C\u00e9sar Prieto se suicid\u00f3 porque \u00absab\u00eda que le iban a detener\u00bb\",\"datePublished\":\"2020-12-04T01:49:43+00:00\",\"dateModified\":\"2020-12-04T01:49:46+00:00\",\"mainEntityOfPage\":{\"@id\":\"https:\\\/\\\/minutocerord.com\\\/?p=1153\"},\"wordCount\":593,\"commentCount\":0,\"publisher\":{\"@id\":\"https:\\\/\\\/minutocerord.com\\\/#\\\/schema\\\/person\\\/60b5372d60aaa0a5171fb6488be9aee6\"},\"image\":{\"@id\":\"https:\\\/\\\/minutocerord.com\\\/?p=1153#primaryimage\"},\"thumbnailUrl\":\"https:\\\/\\\/i0.wp.com\\\/minutocerord.com\\\/wp-content\\\/uploads\\\/2020\\\/12\\\/Danilo-Medina-habla-en-el-sepelio-de-Cesar-Prieto..jpg?fit=1188%2C625&ssl=1\",\"articleSection\":[\"Justicia\"],\"inLanguage\":\"es-DO\",\"potentialAction\":[{\"@type\":\"CommentAction\",\"name\":\"Comment\",\"target\":[\"https:\\\/\\\/minutocerord.com\\\/?p=1153#respond\"]}]},{\"@type\":\"WebPage\",\"@id\":\"https:\\\/\\\/minutocerord.com\\\/?p=1153\",\"url\":\"https:\\\/\\\/minutocerord.com\\\/?p=1153\",\"name\":\"VIDEO: Medina afirma C\u00e9sar Prieto se suicid\u00f3 porque \u00absab\u00eda que le iban a detener\u00bb - Minuto Cero RD\",\"isPartOf\":{\"@id\":\"https:\\\/\\\/minutocerord.com\\\/#website\"},\"primaryImageOfPage\":{\"@id\":\"https:\\\/\\\/minutocerord.com\\\/?p=1153#primaryimage\"},\"image\":{\"@id\":\"https:\\\/\\\/minutocerord.com\\\/?p=1153#primaryimage\"},\"thumbnailUrl\":\"https:\\\/\\\/i0.wp.com\\\/minutocerord.com\\\/wp-content\\\/uploads\\\/2020\\\/12\\\/Danilo-Medina-habla-en-el-sepelio-de-Cesar-Prieto..jpg?fit=1188%2C625&ssl=1\",\"datePublished\":\"2020-12-04T01:49:43+00:00\",\"dateModified\":\"2020-12-04T01:49:46+00:00\",\"breadcrumb\":{\"@id\":\"https:\\\/\\\/minutocerord.com\\\/?p=1153#breadcrumb\"},\"inLanguage\":\"es-DO\",\"potentialAction\":[{\"@type\":\"ReadAction\",\"target\":[\"https:\\\/\\\/minutocerord.com\\\/?p=1153\"]}]},{\"@type\":\"ImageObject\",\"inLanguage\":\"es-DO\",\"@id\":\"https:\\\/\\\/minutocerord.com\\\/?p=1153#primaryimage\",\"url\":\"https:\\\/\\\/i0.wp.com\\\/minutocerord.com\\\/wp-content\\\/uploads\\\/2020\\\/12\\\/Danilo-Medina-habla-en-el-sepelio-de-Cesar-Prieto..jpg?fit=1188%2C625&ssl=1\",\"contentUrl\":\"https:\\\/\\\/i0.wp.com\\\/minutocerord.com\\\/wp-content\\\/uploads\\\/2020\\\/12\\\/Danilo-Medina-habla-en-el-sepelio-de-Cesar-Prieto..jpg?fit=1188%2C625&ssl=1\",\"width\":1188,\"height\":625},{\"@type\":\"BreadcrumbList\",\"@id\":\"https:\\\/\\\/minutocerord.com\\\/?p=1153#breadcrumb\",\"itemListElement\":[{\"@type\":\"ListItem\",\"position\":1,\"name\":\"Home\",\"item\":\"https:\\\/\\\/minutocerord.com\\\/\"},{\"@type\":\"ListItem\",\"position\":2,\"name\":\"VIDEO: Medina afirma C\u00e9sar Prieto se suicid\u00f3 porque \u00absab\u00eda que le iban a detener\u00bb\"}]},{\"@type\":\"WebSite\",\"@id\":\"https:\\\/\\\/minutocerord.com\\\/#website\",\"url\":\"https:\\\/\\\/minutocerord.com\\\/\",\"name\":\"Minuto Cero RD\",\"description\":\"Periodismo serio y veraz\",\"publisher\":{\"@id\":\"https:\\\/\\\/minutocerord.com\\\/#\\\/schema\\\/person\\\/60b5372d60aaa0a5171fb6488be9aee6\"},\"potentialAction\":[{\"@type\":\"SearchAction\",\"target\":{\"@type\":\"EntryPoint\",\"urlTemplate\":\"https:\\\/\\\/minutocerord.com\\\/?s={search_term_string}\"},\"query-input\":{\"@type\":\"PropertyValueSpecification\",\"valueRequired\":true,\"valueName\":\"search_term_string\"}}],\"inLanguage\":\"es-DO\"},{\"@type\":[\"Person\",\"Organization\"],\"@id\":\"https:\\\/\\\/minutocerord.com\\\/#\\\/schema\\\/person\\\/60b5372d60aaa0a5171fb6488be9aee6\",\"name\":\"Genof\u00f3ntes Urb\u00e1ez\",\"image\":{\"@type\":\"ImageObject\",\"inLanguage\":\"es-DO\",\"@id\":\"https:\\\/\\\/secure.gravatar.com\\\/avatar\\\/a49ef3186a692098ac3e8a1612261e3ad70cf9e44553dff2929e67939a0ecb9d?s=96&d=identicon&r=g\",\"url\":\"https:\\\/\\\/secure.gravatar.com\\\/avatar\\\/a49ef3186a692098ac3e8a1612261e3ad70cf9e44553dff2929e67939a0ecb9d?s=96&d=identicon&r=g\",\"contentUrl\":\"https:\\\/\\\/secure.gravatar.com\\\/avatar\\\/a49ef3186a692098ac3e8a1612261e3ad70cf9e44553dff2929e67939a0ecb9d?s=96&d=identicon&r=g\",\"caption\":\"Genof\u00f3ntes Urb\u00e1ez\"},\"logo\":{\"@id\":\"https:\\\/\\\/secure.gravatar.com\\\/avatar\\\/a49ef3186a692098ac3e8a1612261e3ad70cf9e44553dff2929e67939a0ecb9d?s=96&d=identicon&r=g\"},\"description\":\"Periodista \\\/ Locutor\",\"sameAs\":[\"https:\\\/\\\/www.facebook.com\\\/Genofnotes\",\"https:\\\/\\\/www.instagram.com\\\/genofnotes\\\/\"]}]}<\/script>\n<!-- \/ Yoast SEO plugin. -->","yoast_head_json":{"title":"VIDEO: Medina afirma C\u00e9sar Prieto se suicid\u00f3 porque \u00absab\u00eda que le iban a detener\u00bb - Minuto Cero RD","robots":{"index":"index","follow":"follow","max-snippet":"max-snippet:-1","max-image-preview":"max-image-preview:large","max-video-preview":"max-video-preview:-1"},"canonical":"https:\/\/minutocerord.com\/?p=1153","og_locale":"es_ES","og_type":"article","og_title":"VIDEO: Medina afirma C\u00e9sar Prieto se suicid\u00f3 porque \u00absab\u00eda que le iban a detener\u00bb - Minuto Cero RD","og_description":"El expresidente Danilo Medina afirm\u00f3 este jueves que el exsuperintendente de Electricidad y exdirector del Plan Social de la Presidencia C\u00e9sar Prieto se suicid\u00f3 porque sab\u00eda que le iban a detener acusado de corrupci\u00f3n. Al acudir al funeral de Prieto, Medina asegur\u00f3 que la semana pasada el exfuncionario le confes\u00f3 que estaba recibiendo \u00abcantidad de [&hellip;]","og_url":"https:\/\/minutocerord.com\/?p=1153","og_site_name":"Minuto Cero RD","article_publisher":"https:\/\/www.facebook.com\/Genofnotes","article_author":"https:\/\/www.facebook.com\/Genofnotes","article_published_time":"2020-12-04T01:49:43+00:00","article_modified_time":"2020-12-04T01:49:46+00:00","og_image":[{"width":1188,"height":625,"url":"https:\/\/i0.wp.com\/minutocerord.com\/wp-content\/uploads\/2020\/12\/Danilo-Medina-habla-en-el-sepelio-de-Cesar-Prieto..jpg?fit=1188%2C625&ssl=1","type":"image\/jpeg"}],"author":"Genof\u00f3ntes Urb\u00e1ez","twitter_card":"summary_large_image","twitter_misc":{"Written by":"Genof\u00f3ntes Urb\u00e1ez","Est. reading time":"3 minutos"},"schema":{"@context":"https:\/\/schema.org","@graph":[{"@type":"Article","@id":"https:\/\/minutocerord.com\/?p=1153#article","isPartOf":{"@id":"https:\/\/minutocerord.com\/?p=1153"},"author":{"name":"Genof\u00f3ntes Urb\u00e1ez","@id":"https:\/\/minutocerord.com\/#\/schema\/person\/60b5372d60aaa0a5171fb6488be9aee6"},"headline":"VIDEO: Medina afirma C\u00e9sar Prieto se suicid\u00f3 porque \u00absab\u00eda que le iban a detener\u00bb","datePublished":"2020-12-04T01:49:43+00:00","dateModified":"2020-12-04T01:49:46+00:00","mainEntityOfPage":{"@id":"https:\/\/minutocerord.com\/?p=1153"},"wordCount":593,"commentCount":0,"publisher":{"@id":"https:\/\/minutocerord.com\/#\/schema\/person\/60b5372d60aaa0a5171fb6488be9aee6"},"image":{"@id":"https:\/\/minutocerord.com\/?p=1153#primaryimage"},"thumbnailUrl":"https:\/\/i0.wp.com\/minutocerord.com\/wp-content\/uploads\/2020\/12\/Danilo-Medina-habla-en-el-sepelio-de-Cesar-Prieto..jpg?fit=1188%2C625&ssl=1","articleSection":["Justicia"],"inLanguage":"es-DO","potentialAction":[{"@type":"CommentAction","name":"Comment","target":["https:\/\/minutocerord.com\/?p=1153#respond"]}]},{"@type":"WebPage","@id":"https:\/\/minutocerord.com\/?p=1153","url":"https:\/\/minutocerord.com\/?p=1153","name":"VIDEO: Medina afirma C\u00e9sar Prieto se suicid\u00f3 porque \u00absab\u00eda que le iban a detener\u00bb - Minuto Cero RD","isPartOf":{"@id":"https:\/\/minutocerord.com\/#website"},"primaryImageOfPage":{"@id":"https:\/\/minutocerord.com\/?p=1153#primaryimage"},"image":{"@id":"https:\/\/minutocerord.com\/?p=1153#primaryimage"},"thumbnailUrl":"https:\/\/i0.wp.com\/minutocerord.com\/wp-content\/uploads\/2020\/12\/Danilo-Medina-habla-en-el-sepelio-de-Cesar-Prieto..jpg?fit=1188%2C625&ssl=1","datePublished":"2020-12-04T01:49:43+00:00","dateModified":"2020-12-04T01:49:46+00:00","breadcrumb":{"@id":"https:\/\/minutocerord.com\/?p=1153#breadcrumb"},"inLanguage":"es-DO","potentialAction":[{"@type":"ReadAction","target":["https:\/\/minutocerord.com\/?p=1153"]}]},{"@type":"ImageObject","inLanguage":"es-DO","@id":"https:\/\/minutocerord.com\/?p=1153#primaryimage","url":"https:\/\/i0.wp.com\/minutocerord.com\/wp-content\/uploads\/2020\/12\/Danilo-Medina-habla-en-el-sepelio-de-Cesar-Prieto..jpg?fit=1188%2C625&ssl=1","contentUrl":"https:\/\/i0.wp.com\/minutocerord.com\/wp-content\/uploads\/2020\/12\/Danilo-Medina-habla-en-el-sepelio-de-Cesar-Prieto..jpg?fit=1188%2C625&ssl=1","width":1188,"height":625},{"@type":"BreadcrumbList","@id":"https:\/\/minutocerord.com\/?p=1153#breadcrumb","itemListElement":[{"@type":"ListItem","position":1,"name":"Home","item":"https:\/\/minutocerord.com\/"},{"@type":"ListItem","position":2,"name":"VIDEO: Medina afirma C\u00e9sar Prieto se suicid\u00f3 porque \u00absab\u00eda que le iban a detener\u00bb"}]},{"@type":"WebSite","@id":"https:\/\/minutocerord.com\/#website","url":"https:\/\/minutocerord.com\/","name":"Minuto Cero RD","description":"Periodismo serio y veraz","publisher":{"@id":"https:\/\/minutocerord.com\/#\/schema\/person\/60b5372d60aaa0a5171fb6488be9aee6"},"potentialAction":[{"@type":"SearchAction","target":{"@type":"EntryPoint","urlTemplate":"https:\/\/minutocerord.com\/?s={search_term_string}"},"query-input":{"@type":"PropertyValueSpecification","valueRequired":true,"valueName":"search_term_string"}}],"inLanguage":"es-DO"},{"@type":["Person","Organization"],"@id":"https:\/\/minutocerord.com\/#\/schema\/person\/60b5372d60aaa0a5171fb6488be9aee6","name":"Genof\u00f3ntes Urb\u00e1ez","image":{"@type":"ImageObject","inLanguage":"es-DO","@id":"https:\/\/secure.gravatar.com\/avatar\/a49ef3186a692098ac3e8a1612261e3ad70cf9e44553dff2929e67939a0ecb9d?s=96&d=identicon&r=g","url":"https:\/\/secure.gravatar.com\/avatar\/a49ef3186a692098ac3e8a1612261e3ad70cf9e44553dff2929e67939a0ecb9d?s=96&d=identicon&r=g","contentUrl":"https:\/\/secure.gravatar.com\/avatar\/a49ef3186a692098ac3e8a1612261e3ad70cf9e44553dff2929e67939a0ecb9d?s=96&d=identicon&r=g","caption":"Genof\u00f3ntes Urb\u00e1ez"},"logo":{"@id":"https:\/\/secure.gravatar.com\/avatar\/a49ef3186a692098ac3e8a1612261e3ad70cf9e44553dff2929e67939a0ecb9d?s=96&d=identicon&r=g"},"description":"Periodista \/ Locutor","sameAs":["https:\/\/www.facebook.com\/Genofnotes","https:\/\/www.instagram.com\/genofnotes\/"]}]}},"jetpack_publicize_connections":[],"jetpack_featured_media_url":"https:\/\/i0.wp.com\/minutocerord.com\/wp-content\/uploads\/2020\/12\/Danilo-Medina-habla-en-el-sepelio-de-Cesar-Prieto..jpg?fit=1188%2C625&ssl=1","jetpack-related-posts":[],"jetpack_sharing_enabled":true,"_links":{"self":[{"href":"https:\/\/minutocerord.com\/index.php?rest_route=\/wp\/v2\/posts\/1153","targetHints":{"allow":["GET"]}}],"collection":[{"href":"https:\/\/minutocerord.com\/index.php?rest_route=\/wp\/v2\/posts"}],"about":[{"href":"https:\/\/minutocerord.com\/index.php?rest_route=\/wp\/v2\/types\/post"}],"author":[{"embeddable":true,"href":"https:\/\/minutocerord.com\/index.php?rest_route=\/wp\/v2\/users\/1"}],"replies":[{"embeddable":true,"href":"https:\/\/minutocerord.com\/index.php?rest_route=%2Fwp%2Fv2%2Fcomments&post=1153"}],"version-history":[{"count":1,"href":"https:\/\/minutocerord.com\/index.php?rest_route=\/wp\/v2\/posts\/1153\/revisions"}],"predecessor-version":[{"id":1155,"href":"https:\/\/minutocerord.com\/index.php?rest_route=\/wp\/v2\/posts\/1153\/revisions\/1155"}],"wp:featuredmedia":[{"embeddable":true,"href":"https:\/\/minutocerord.com\/index.php?rest_route=\/wp\/v2\/media\/1154"}],"wp:attachment":[{"href":"https:\/\/minutocerord.com\/index.php?rest_route=%2Fwp%2Fv2%2Fmedia&parent=1153"}],"wp:term":[{"taxonomy":"category","embeddable":true,"href":"https:\/\/minutocerord.com\/index.php?rest_route=%2Fwp%2Fv2%2Fcategories&post=1153"},{"taxonomy":"post_tag","embeddable":true,"href":"https:\/\/minutocerord.com\/index.php?rest_route=%2Fwp%2Fv2%2Ftags&post=1153"}],"curies":[{"name":"wp","href":"https:\/\/api.w.org\/{rel}","templated":true}]}}