{"id":1170,"date":"2020-12-04T16:48:36","date_gmt":"2020-12-04T20:48:36","guid":{"rendered":"https:\/\/minutocerord.com\/?p=1170"},"modified":"2020-12-04T16:48:39","modified_gmt":"2020-12-04T20:48:39","slug":"hijo-de-cesar-prieto-revelo-que-su-padre-le-confeso-que-habia-hecho-procesos-irregulares-sugeridos-o-mandados-por-superiores","status":"publish","type":"post","link":"https:\/\/minutocerord.com\/?p=1170","title":{"rendered":"Hijo de Cesar Prieto revel\u00f3 que su padre le confes\u00f3 que hab\u00eda \u201checho procesos irregulares, sugeridos o mandados por superiores\u201d"},"content":{"rendered":"\n<p>Santo Domingo, RD.-El hijo de C\u00e9sar Prieto, Luis Esteban Prieto Abinader, revel\u00f3 a las autoridades del Ministerio P\u00fablico que su padre le hab\u00eda confesado que hab\u00eda hecho algunos procesos irregulares, pero que no eran de corrupci\u00f3n y que todos fueron mandados o sugeridos por sus superiores.<\/p>\n\n\n\n<p>De acuerdo a documentos a los que tuvo acceso CDN, Prieto Abinader le indic\u00f3 a las autoridades que su padre lo hab\u00eda visitado varias veces para manifestarle la preocupaci\u00f3n que le generaba la situaci\u00f3n que estaba pasando con el Partido de la Liberaci\u00f3n Dominicana (PLD), por las investigaciones y que le manifest\u00f3 que se sent\u00eda mal y que no sab\u00eda porque estaba vivo.<\/p>\n\n\n\n<p>\u201cHace varias semanas que mi padre estaba en baja, se sent\u00eda mal, por la situaci\u00f3n que estaba pasando con el partido, pero hace aproximadamente una semana que fue a mi oficina y me dijo que se sent\u00eda mal, que ni sab\u00eda porque estaba vivo, que estaban investigando, le dije que si hab\u00eda algo que investigar que investigaran, que si ten\u00eda algo que decirme que me dijera, me manifest\u00f3 que hab\u00eda hecho algunos procesos irregulares, pero que no eran de corrupci\u00f3n y que todos fueron sugeridos o mandados por superiores, a lo que les contest\u00e9 que investiguen que eso no era ni dolo ni corrupci\u00f3n\u201d, relat\u00f3 Luis Esteban a las autoridades en los interrogatorios iniciados sobre el suicidio de su padre el martes pasado.<\/p>\n\n\n\n<p>Al ser cuestionado por las autoridades de si ten\u00eda conocimiento de que su padre tuviera problema con alguien, Prieto Abinader contest\u00f3 que \u201cle perturbaba el tema de las redes sociales\u201d y \u201cque era la primera vez que ve\u00eda a su padre as\u00ed, en estos \u00faltimos d\u00edas, tan amargado\u201d.<\/p>\n\n\n\n<p>La diputada Sandra Abinader, esposa de C\u00e9sar Prieto, tambi\u00e9n fue interrogada por las autoridades el d\u00eda que se suicid\u00f3 y tambi\u00e9n revel\u00f3 que ten\u00eda m\u00e1s de una semana inquieto, triste y que pr\u00e1cticamente no dorm\u00eda ni com\u00eda.<\/p>\n\n\n\n<p>\u201cHace aproximadamente una semana que mi esposo estaba inquieto, todas las noches se levantaba muchas veces, iba al ba\u00f1o porque estaba triste, motivado a que estaban atacando mucho al partido, especialmente a los del lado de Danilo\u201d, relata el documento judicial al que estuvo a acceso CDN Canal 37.<\/p>\n\n\n\n<p>Al ser cuestionada de c\u00f3mo hab\u00edan sido los \u00faltimos d\u00edas de su esposo, la legisladora respondi\u00f3 a los fiscales que ten\u00eda varias semanas que pr\u00e1cticamente no com\u00eda y estaba muy atento a las redes sociales.<\/p>\n\n\n\n<p>\u201cSi, estaba triste, me dec\u00eda que por la situaci\u00f3n que estaba atravesando el partido. Ten\u00eda varias semanas que casi no quer\u00eda comer, se levantaba de madrugada 3 y 4 veces, me despertaba viendo las redes, que estaban criticando el partido y a Danilo, le dec\u00eda que no pod\u00eda sufrir por nadie.\u201d<\/p>\n\n\n\n<p>Durante el entierro de Cesar Prieto, el expresidente Danilo Medina revel\u00f3 que est\u00e9 antes de suicidarse le dijo que su vivienda iba hacer allanada por las autoridades.<\/p>\n","protected":false},"excerpt":{"rendered":"<p>Santo Domingo, RD.-El hijo de C\u00e9sar Prieto, Luis Esteban Prieto Abinader, revel\u00f3 a las autoridades del Ministerio P\u00fablico que su padre le hab\u00eda confesado que hab\u00eda hecho algunos procesos irregulares, pero que no eran de corrupci\u00f3n y que todos fueron mandados o sugeridos por sus superiores. De acuerdo a documentos a los que tuvo acceso [&hellip;]<\/p>\n","protected":false},"author":1,"featured_media":1171,"comment_status":"open","ping_status":"open","sticky":false,"template":"","format":"standard","meta":{"nf_dc_page":"","jetpack_post_was_ever_published":false,"_jetpack_newsletter_access":"","_jetpack_dont_email_post_to_subs":false,"_jetpack_newsletter_tier_id":0,"_jetpack_memberships_contains_paywalled_content":false,"_jetpack_memberships_contains_paid_content":false,"footnotes":"","jetpack_publicize_message":"","jetpack_publicize_feature_enabled":true,"jetpack_social_post_already_shared":false,"jetpack_social_options":{"image_generator_settings":{"template":"highway","default_image_id":0,"font":"","enabled":false},"version":2}},"categories":[65],"tags":[],"class_list":["post-1170","post","type-post","status-publish","format-standard","has-post-thumbnail","hentry","category-nacionales"],"yoast_head":"<!-- This site is optimized with the Yoast SEO plugin v27.5 - https:\/\/yoast.com\/product\/yoast-seo-wordpress\/ -->\n<title>Hijo de Cesar Prieto revel\u00f3 que su padre le confes\u00f3 que hab\u00eda \u201checho procesos irregulares, sugeridos o mandados por superiores\u201d - Minuto Cero RD<\/title>\n<meta name=\"robots\" content=\"index, follow, max-snippet:-1, max-image-preview:large, max-video-preview:-1\" \/>\n<link rel=\"canonical\" href=\"https:\/\/minutocerord.com\/?p=1170\" \/>\n<meta property=\"og:locale\" content=\"es_ES\" \/>\n<meta property=\"og:type\" content=\"article\" \/>\n<meta property=\"og:title\" content=\"Hijo de Cesar Prieto revel\u00f3 que su padre le confes\u00f3 que hab\u00eda \u201checho procesos irregulares, sugeridos o mandados por superiores\u201d - Minuto Cero RD\" \/>\n<meta property=\"og:description\" content=\"Santo Domingo, RD.-El hijo de C\u00e9sar Prieto, Luis Esteban Prieto Abinader, revel\u00f3 a las autoridades del Ministerio P\u00fablico que su padre le hab\u00eda confesado que hab\u00eda hecho algunos procesos irregulares, pero que no eran de corrupci\u00f3n y que todos fueron mandados o sugeridos por sus superiores. De acuerdo a documentos a los que tuvo acceso [&hellip;]\" \/>\n<meta property=\"og:url\" content=\"https:\/\/minutocerord.com\/?p=1170\" \/>\n<meta property=\"og:site_name\" content=\"Minuto Cero RD\" \/>\n<meta property=\"article:publisher\" content=\"https:\/\/www.facebook.com\/Genofnotes\" \/>\n<meta property=\"article:author\" content=\"https:\/\/www.facebook.com\/Genofnotes\" \/>\n<meta property=\"article:published_time\" content=\"2020-12-04T20:48:36+00:00\" \/>\n<meta property=\"article:modified_time\" content=\"2020-12-04T20:48:39+00:00\" \/>\n<meta property=\"og:image\" content=\"https:\/\/i0.wp.com\/minutocerord.com\/wp-content\/uploads\/2020\/12\/resto-de-cesar-5fc6ec0a4e1c2.jpg?fit=593%2C353&ssl=1\" \/>\n\t<meta property=\"og:image:width\" content=\"593\" \/>\n\t<meta property=\"og:image:height\" content=\"353\" \/>\n\t<meta property=\"og:image:type\" content=\"image\/jpeg\" \/>\n<meta name=\"author\" content=\"Genof\u00f3ntes Urb\u00e1ez\" \/>\n<meta name=\"twitter:card\" content=\"summary_large_image\" \/>\n<meta name=\"twitter:label1\" content=\"Written by\" \/>\n\t<meta name=\"twitter:data1\" content=\"Genof\u00f3ntes Urb\u00e1ez\" \/>\n\t<meta name=\"twitter:label2\" content=\"Est. reading time\" \/>\n\t<meta name=\"twitter:data2\" content=\"3 minutos\" \/>\n<script type=\"application\/ld+json\" class=\"yoast-schema-graph\">{\"@context\":\"https:\\\/\\\/schema.org\",\"@graph\":[{\"@type\":\"Article\",\"@id\":\"https:\\\/\\\/minutocerord.com\\\/?p=1170#article\",\"isPartOf\":{\"@id\":\"https:\\\/\\\/minutocerord.com\\\/?p=1170\"},\"author\":{\"name\":\"Genof\u00f3ntes Urb\u00e1ez\",\"@id\":\"https:\\\/\\\/minutocerord.com\\\/#\\\/schema\\\/person\\\/60b5372d60aaa0a5171fb6488be9aee6\"},\"headline\":\"Hijo de Cesar Prieto revel\u00f3 que su padre le confes\u00f3 que hab\u00eda \u201checho procesos irregulares, sugeridos o mandados por superiores\u201d\",\"datePublished\":\"2020-12-04T20:48:36+00:00\",\"dateModified\":\"2020-12-04T20:48:39+00:00\",\"mainEntityOfPage\":{\"@id\":\"https:\\\/\\\/minutocerord.com\\\/?p=1170\"},\"wordCount\":543,\"commentCount\":0,\"publisher\":{\"@id\":\"https:\\\/\\\/minutocerord.com\\\/#\\\/schema\\\/person\\\/60b5372d60aaa0a5171fb6488be9aee6\"},\"image\":{\"@id\":\"https:\\\/\\\/minutocerord.com\\\/?p=1170#primaryimage\"},\"thumbnailUrl\":\"https:\\\/\\\/i0.wp.com\\\/minutocerord.com\\\/wp-content\\\/uploads\\\/2020\\\/12\\\/resto-de-cesar-5fc6ec0a4e1c2.jpg?fit=593%2C353&ssl=1\",\"articleSection\":[\"Nacionales\"],\"inLanguage\":\"es-DO\",\"potentialAction\":[{\"@type\":\"CommentAction\",\"name\":\"Comment\",\"target\":[\"https:\\\/\\\/minutocerord.com\\\/?p=1170#respond\"]}]},{\"@type\":\"WebPage\",\"@id\":\"https:\\\/\\\/minutocerord.com\\\/?p=1170\",\"url\":\"https:\\\/\\\/minutocerord.com\\\/?p=1170\",\"name\":\"Hijo de Cesar Prieto revel\u00f3 que su padre le confes\u00f3 que hab\u00eda \u201checho procesos irregulares, sugeridos o mandados por superiores\u201d - Minuto Cero RD\",\"isPartOf\":{\"@id\":\"https:\\\/\\\/minutocerord.com\\\/#website\"},\"primaryImageOfPage\":{\"@id\":\"https:\\\/\\\/minutocerord.com\\\/?p=1170#primaryimage\"},\"image\":{\"@id\":\"https:\\\/\\\/minutocerord.com\\\/?p=1170#primaryimage\"},\"thumbnailUrl\":\"https:\\\/\\\/i0.wp.com\\\/minutocerord.com\\\/wp-content\\\/uploads\\\/2020\\\/12\\\/resto-de-cesar-5fc6ec0a4e1c2.jpg?fit=593%2C353&ssl=1\",\"datePublished\":\"2020-12-04T20:48:36+00:00\",\"dateModified\":\"2020-12-04T20:48:39+00:00\",\"breadcrumb\":{\"@id\":\"https:\\\/\\\/minutocerord.com\\\/?p=1170#breadcrumb\"},\"inLanguage\":\"es-DO\",\"potentialAction\":[{\"@type\":\"ReadAction\",\"target\":[\"https:\\\/\\\/minutocerord.com\\\/?p=1170\"]}]},{\"@type\":\"ImageObject\",\"inLanguage\":\"es-DO\",\"@id\":\"https:\\\/\\\/minutocerord.com\\\/?p=1170#primaryimage\",\"url\":\"https:\\\/\\\/i0.wp.com\\\/minutocerord.com\\\/wp-content\\\/uploads\\\/2020\\\/12\\\/resto-de-cesar-5fc6ec0a4e1c2.jpg?fit=593%2C353&ssl=1\",\"contentUrl\":\"https:\\\/\\\/i0.wp.com\\\/minutocerord.com\\\/wp-content\\\/uploads\\\/2020\\\/12\\\/resto-de-cesar-5fc6ec0a4e1c2.jpg?fit=593%2C353&ssl=1\",\"width\":593,\"height\":353},{\"@type\":\"BreadcrumbList\",\"@id\":\"https:\\\/\\\/minutocerord.com\\\/?p=1170#breadcrumb\",\"itemListElement\":[{\"@type\":\"ListItem\",\"position\":1,\"name\":\"Home\",\"item\":\"https:\\\/\\\/minutocerord.com\\\/\"},{\"@type\":\"ListItem\",\"position\":2,\"name\":\"Hijo de Cesar Prieto revel\u00f3 que su padre le confes\u00f3 que hab\u00eda \u201checho procesos irregulares, sugeridos o mandados por superiores\u201d\"}]},{\"@type\":\"WebSite\",\"@id\":\"https:\\\/\\\/minutocerord.com\\\/#website\",\"url\":\"https:\\\/\\\/minutocerord.com\\\/\",\"name\":\"Minuto Cero RD\",\"description\":\"Periodismo serio y veraz\",\"publisher\":{\"@id\":\"https:\\\/\\\/minutocerord.com\\\/#\\\/schema\\\/person\\\/60b5372d60aaa0a5171fb6488be9aee6\"},\"potentialAction\":[{\"@type\":\"SearchAction\",\"target\":{\"@type\":\"EntryPoint\",\"urlTemplate\":\"https:\\\/\\\/minutocerord.com\\\/?s={search_term_string}\"},\"query-input\":{\"@type\":\"PropertyValueSpecification\",\"valueRequired\":true,\"valueName\":\"search_term_string\"}}],\"inLanguage\":\"es-DO\"},{\"@type\":[\"Person\",\"Organization\"],\"@id\":\"https:\\\/\\\/minutocerord.com\\\/#\\\/schema\\\/person\\\/60b5372d60aaa0a5171fb6488be9aee6\",\"name\":\"Genof\u00f3ntes Urb\u00e1ez\",\"image\":{\"@type\":\"ImageObject\",\"inLanguage\":\"es-DO\",\"@id\":\"https:\\\/\\\/secure.gravatar.com\\\/avatar\\\/a49ef3186a692098ac3e8a1612261e3ad70cf9e44553dff2929e67939a0ecb9d?s=96&d=identicon&r=g\",\"url\":\"https:\\\/\\\/secure.gravatar.com\\\/avatar\\\/a49ef3186a692098ac3e8a1612261e3ad70cf9e44553dff2929e67939a0ecb9d?s=96&d=identicon&r=g\",\"contentUrl\":\"https:\\\/\\\/secure.gravatar.com\\\/avatar\\\/a49ef3186a692098ac3e8a1612261e3ad70cf9e44553dff2929e67939a0ecb9d?s=96&d=identicon&r=g\",\"caption\":\"Genof\u00f3ntes Urb\u00e1ez\"},\"logo\":{\"@id\":\"https:\\\/\\\/secure.gravatar.com\\\/avatar\\\/a49ef3186a692098ac3e8a1612261e3ad70cf9e44553dff2929e67939a0ecb9d?s=96&d=identicon&r=g\"},\"description\":\"Periodista \\\/ Locutor\",\"sameAs\":[\"https:\\\/\\\/www.facebook.com\\\/Genofnotes\",\"https:\\\/\\\/www.instagram.com\\\/genofnotes\\\/\"]}]}<\/script>\n<!-- \/ Yoast SEO plugin. -->","yoast_head_json":{"title":"Hijo de Cesar Prieto revel\u00f3 que su padre le confes\u00f3 que hab\u00eda \u201checho procesos irregulares, sugeridos o mandados por superiores\u201d - Minuto Cero RD","robots":{"index":"index","follow":"follow","max-snippet":"max-snippet:-1","max-image-preview":"max-image-preview:large","max-video-preview":"max-video-preview:-1"},"canonical":"https:\/\/minutocerord.com\/?p=1170","og_locale":"es_ES","og_type":"article","og_title":"Hijo de Cesar Prieto revel\u00f3 que su padre le confes\u00f3 que hab\u00eda \u201checho procesos irregulares, sugeridos o mandados por superiores\u201d - Minuto Cero RD","og_description":"Santo Domingo, RD.-El hijo de C\u00e9sar Prieto, Luis Esteban Prieto Abinader, revel\u00f3 a las autoridades del Ministerio P\u00fablico que su padre le hab\u00eda confesado que hab\u00eda hecho algunos procesos irregulares, pero que no eran de corrupci\u00f3n y que todos fueron mandados o sugeridos por sus superiores. De acuerdo a documentos a los que tuvo acceso [&hellip;]","og_url":"https:\/\/minutocerord.com\/?p=1170","og_site_name":"Minuto Cero RD","article_publisher":"https:\/\/www.facebook.com\/Genofnotes","article_author":"https:\/\/www.facebook.com\/Genofnotes","article_published_time":"2020-12-04T20:48:36+00:00","article_modified_time":"2020-12-04T20:48:39+00:00","og_image":[{"width":593,"height":353,"url":"https:\/\/i0.wp.com\/minutocerord.com\/wp-content\/uploads\/2020\/12\/resto-de-cesar-5fc6ec0a4e1c2.jpg?fit=593%2C353&ssl=1","type":"image\/jpeg"}],"author":"Genof\u00f3ntes Urb\u00e1ez","twitter_card":"summary_large_image","twitter_misc":{"Written by":"Genof\u00f3ntes Urb\u00e1ez","Est. reading time":"3 minutos"},"schema":{"@context":"https:\/\/schema.org","@graph":[{"@type":"Article","@id":"https:\/\/minutocerord.com\/?p=1170#article","isPartOf":{"@id":"https:\/\/minutocerord.com\/?p=1170"},"author":{"name":"Genof\u00f3ntes Urb\u00e1ez","@id":"https:\/\/minutocerord.com\/#\/schema\/person\/60b5372d60aaa0a5171fb6488be9aee6"},"headline":"Hijo de Cesar Prieto revel\u00f3 que su padre le confes\u00f3 que hab\u00eda \u201checho procesos irregulares, sugeridos o mandados por superiores\u201d","datePublished":"2020-12-04T20:48:36+00:00","dateModified":"2020-12-04T20:48:39+00:00","mainEntityOfPage":{"@id":"https:\/\/minutocerord.com\/?p=1170"},"wordCount":543,"commentCount":0,"publisher":{"@id":"https:\/\/minutocerord.com\/#\/schema\/person\/60b5372d60aaa0a5171fb6488be9aee6"},"image":{"@id":"https:\/\/minutocerord.com\/?p=1170#primaryimage"},"thumbnailUrl":"https:\/\/i0.wp.com\/minutocerord.com\/wp-content\/uploads\/2020\/12\/resto-de-cesar-5fc6ec0a4e1c2.jpg?fit=593%2C353&ssl=1","articleSection":["Nacionales"],"inLanguage":"es-DO","potentialAction":[{"@type":"CommentAction","name":"Comment","target":["https:\/\/minutocerord.com\/?p=1170#respond"]}]},{"@type":"WebPage","@id":"https:\/\/minutocerord.com\/?p=1170","url":"https:\/\/minutocerord.com\/?p=1170","name":"Hijo de Cesar Prieto revel\u00f3 que su padre le confes\u00f3 que hab\u00eda \u201checho procesos irregulares, sugeridos o mandados por superiores\u201d - Minuto Cero RD","isPartOf":{"@id":"https:\/\/minutocerord.com\/#website"},"primaryImageOfPage":{"@id":"https:\/\/minutocerord.com\/?p=1170#primaryimage"},"image":{"@id":"https:\/\/minutocerord.com\/?p=1170#primaryimage"},"thumbnailUrl":"https:\/\/i0.wp.com\/minutocerord.com\/wp-content\/uploads\/2020\/12\/resto-de-cesar-5fc6ec0a4e1c2.jpg?fit=593%2C353&ssl=1","datePublished":"2020-12-04T20:48:36+00:00","dateModified":"2020-12-04T20:48:39+00:00","breadcrumb":{"@id":"https:\/\/minutocerord.com\/?p=1170#breadcrumb"},"inLanguage":"es-DO","potentialAction":[{"@type":"ReadAction","target":["https:\/\/minutocerord.com\/?p=1170"]}]},{"@type":"ImageObject","inLanguage":"es-DO","@id":"https:\/\/minutocerord.com\/?p=1170#primaryimage","url":"https:\/\/i0.wp.com\/minutocerord.com\/wp-content\/uploads\/2020\/12\/resto-de-cesar-5fc6ec0a4e1c2.jpg?fit=593%2C353&ssl=1","contentUrl":"https:\/\/i0.wp.com\/minutocerord.com\/wp-content\/uploads\/2020\/12\/resto-de-cesar-5fc6ec0a4e1c2.jpg?fit=593%2C353&ssl=1","width":593,"height":353},{"@type":"BreadcrumbList","@id":"https:\/\/minutocerord.com\/?p=1170#breadcrumb","itemListElement":[{"@type":"ListItem","position":1,"name":"Home","item":"https:\/\/minutocerord.com\/"},{"@type":"ListItem","position":2,"name":"Hijo de Cesar Prieto revel\u00f3 que su padre le confes\u00f3 que hab\u00eda \u201checho procesos irregulares, sugeridos o mandados por superiores\u201d"}]},{"@type":"WebSite","@id":"https:\/\/minutocerord.com\/#website","url":"https:\/\/minutocerord.com\/","name":"Minuto Cero RD","description":"Periodismo serio y veraz","publisher":{"@id":"https:\/\/minutocerord.com\/#\/schema\/person\/60b5372d60aaa0a5171fb6488be9aee6"},"potentialAction":[{"@type":"SearchAction","target":{"@type":"EntryPoint","urlTemplate":"https:\/\/minutocerord.com\/?s={search_term_string}"},"query-input":{"@type":"PropertyValueSpecification","valueRequired":true,"valueName":"search_term_string"}}],"inLanguage":"es-DO"},{"@type":["Person","Organization"],"@id":"https:\/\/minutocerord.com\/#\/schema\/person\/60b5372d60aaa0a5171fb6488be9aee6","name":"Genof\u00f3ntes Urb\u00e1ez","image":{"@type":"ImageObject","inLanguage":"es-DO","@id":"https:\/\/secure.gravatar.com\/avatar\/a49ef3186a692098ac3e8a1612261e3ad70cf9e44553dff2929e67939a0ecb9d?s=96&d=identicon&r=g","url":"https:\/\/secure.gravatar.com\/avatar\/a49ef3186a692098ac3e8a1612261e3ad70cf9e44553dff2929e67939a0ecb9d?s=96&d=identicon&r=g","contentUrl":"https:\/\/secure.gravatar.com\/avatar\/a49ef3186a692098ac3e8a1612261e3ad70cf9e44553dff2929e67939a0ecb9d?s=96&d=identicon&r=g","caption":"Genof\u00f3ntes Urb\u00e1ez"},"logo":{"@id":"https:\/\/secure.gravatar.com\/avatar\/a49ef3186a692098ac3e8a1612261e3ad70cf9e44553dff2929e67939a0ecb9d?s=96&d=identicon&r=g"},"description":"Periodista \/ Locutor","sameAs":["https:\/\/www.facebook.com\/Genofnotes","https:\/\/www.instagram.com\/genofnotes\/"]}]}},"jetpack_publicize_connections":[],"jetpack_featured_media_url":"https:\/\/i0.wp.com\/minutocerord.com\/wp-content\/uploads\/2020\/12\/resto-de-cesar-5fc6ec0a4e1c2.jpg?fit=593%2C353&ssl=1","jetpack-related-posts":[],"jetpack_sharing_enabled":true,"_links":{"self":[{"href":"https:\/\/minutocerord.com\/index.php?rest_route=\/wp\/v2\/posts\/1170","targetHints":{"allow":["GET"]}}],"collection":[{"href":"https:\/\/minutocerord.com\/index.php?rest_route=\/wp\/v2\/posts"}],"about":[{"href":"https:\/\/minutocerord.com\/index.php?rest_route=\/wp\/v2\/types\/post"}],"author":[{"embeddable":true,"href":"https:\/\/minutocerord.com\/index.php?rest_route=\/wp\/v2\/users\/1"}],"replies":[{"embeddable":true,"href":"https:\/\/minutocerord.com\/index.php?rest_route=%2Fwp%2Fv2%2Fcomments&post=1170"}],"version-history":[{"count":1,"href":"https:\/\/minutocerord.com\/index.php?rest_route=\/wp\/v2\/posts\/1170\/revisions"}],"predecessor-version":[{"id":1172,"href":"https:\/\/minutocerord.com\/index.php?rest_route=\/wp\/v2\/posts\/1170\/revisions\/1172"}],"wp:featuredmedia":[{"embeddable":true,"href":"https:\/\/minutocerord.com\/index.php?rest_route=\/wp\/v2\/media\/1171"}],"wp:attachment":[{"href":"https:\/\/minutocerord.com\/index.php?rest_route=%2Fwp%2Fv2%2Fmedia&parent=1170"}],"wp:term":[{"taxonomy":"category","embeddable":true,"href":"https:\/\/minutocerord.com\/index.php?rest_route=%2Fwp%2Fv2%2Fcategories&post=1170"},{"taxonomy":"post_tag","embeddable":true,"href":"https:\/\/minutocerord.com\/index.php?rest_route=%2Fwp%2Fv2%2Ftags&post=1170"}],"curies":[{"name":"wp","href":"https:\/\/api.w.org\/{rel}","templated":true}]}}