{"id":1173,"date":"2020-12-04T16:50:18","date_gmt":"2020-12-04T20:50:18","guid":{"rendered":"https:\/\/minutocerord.com\/?p=1173"},"modified":"2020-12-04T16:50:20","modified_gmt":"2020-12-04T20:50:20","slug":"eeuu-registro-2-907-muertos-y-mas-de-210-000-contagios-por-covid-19-record-diario-desde-el-inicio-de-la-pandemia","status":"publish","type":"post","link":"https:\/\/minutocerord.com\/?p=1173","title":{"rendered":"EEUU registr\u00f3 2.907 muertos y m\u00e1s de 210.000 contagios por covid-19, r\u00e9cord diario desde el inicio de la pandemia"},"content":{"rendered":"\n<p>Estados Unidos registr\u00f3 este jueves 2.907 nuevos muertos y otros 210.962 contagios por covid-19, ambos r\u00e9cords diarios desde el inicio de la pandemia, seg\u00fan el recuento independiente de la Universidad Johns Hopkins<\/p>\n\n\n\n<p>Los funcionarios de salud p\u00fablica advirtieron que los viajes realizados hace una semana por el D\u00eda de Acci\u00f3n de Gracias por millones de estadounidenses pueden haber causado \u201cun brote dentro del brote\u201d, en palabras del muy respetado inmun\u00f3logo Anthony Fauci.<\/p>\n\n\n\n<p>Estados Unidos, que enfrenta un espectacular repunte de la epidemia desde hace varias semanas, ya hab\u00eda cruzado el list\u00f3n de 200.000 nuevos casos dos veces en el \u00faltimo mes, pero nunca tanto como este jueves.<\/p>\n\n\n\n<p>Desde hace dos semanas, Estados Unidos ha vuelto a cruzar con regularidad la barrera de las 2.000 muertes diarias, como en la primavera boreal, en el apogeo de la primera ola de la epidemia, que nunca ha ca\u00eddo realmente en el pa\u00eds. Y no se vislumbra ninguna mejora a corto plazo.<\/p>\n\n\n\n<p>El n\u00famero de personas hospitalizadas por covid-19 contin\u00faa creciendo, superando las 100.000 el mi\u00e9rcoles por primera vez desde el inicio de la pandemia.<\/p>\n\n\n\n<p>Las hospitalizaciones est\u00e1n aumentando notablemente en los cuatro estados m\u00e1s poblados del pa\u00eds (California, Florida, Nueva York y Texas), se\u00f1ala el Covid Tracking Project. Estados Unidos, que es el pa\u00eds m\u00e1s afectado por la pandemia en n\u00fameros absolutos, registra m\u00e1s de 14,1 millones de casos y de 276.000 muertes.<\/p>\n\n\n\n<p>El gobernador de California, Gavin Newsom, anunci\u00f3 este jueves una serie de l\u00edneas rojas sanitarias que, de ser cruzadas, gatillar\u00e1n la imposici\u00f3n de restricciones en el estado. \u201cLa ocupaci\u00f3n de nuestras camas de terapia intensiva est\u00e1 aumentando r\u00e1pidamente y se acerca al l\u00edmite de su capacidad. Nuestra tasa de mortalidad est\u00e1 aumentando\u201d, indic\u00f3 el gobernador a la hora de comunicar la decisi\u00f3n.<\/p>\n\n\n\n<p>AP<\/p>\n","protected":false},"excerpt":{"rendered":"<p>Estados Unidos registr\u00f3 este jueves 2.907 nuevos muertos y otros 210.962 contagios por covid-19, ambos r\u00e9cords diarios desde el inicio de la pandemia, seg\u00fan el recuento independiente de la Universidad Johns Hopkins Los funcionarios de salud p\u00fablica advirtieron que los viajes realizados hace una semana por el D\u00eda de Acci\u00f3n de Gracias por millones de [&hellip;]<\/p>\n","protected":false},"author":1,"featured_media":1174,"comment_status":"open","ping_status":"open","sticky":false,"template":"","format":"standard","meta":{"nf_dc_page":"","jetpack_post_was_ever_published":false,"_jetpack_newsletter_access":"","_jetpack_dont_email_post_to_subs":false,"_jetpack_newsletter_tier_id":0,"_jetpack_memberships_contains_paywalled_content":false,"_jetpack_memberships_contains_paid_content":false,"footnotes":"","jetpack_publicize_message":"","jetpack_publicize_feature_enabled":true,"jetpack_social_post_already_shared":false,"jetpack_social_options":{"image_generator_settings":{"template":"highway","default_image_id":0,"font":"","enabled":false},"version":2}},"categories":[83],"tags":[],"class_list":["post-1173","post","type-post","status-publish","format-standard","has-post-thumbnail","hentry","category-estados-unidos"],"yoast_head":"<!-- This site is optimized with the Yoast SEO plugin v27.5 - https:\/\/yoast.com\/product\/yoast-seo-wordpress\/ -->\n<title>EEUU registr\u00f3 2.907 muertos y m\u00e1s de 210.000 contagios por covid-19, r\u00e9cord diario desde el inicio de la pandemia - Minuto Cero RD<\/title>\n<meta name=\"robots\" content=\"index, follow, max-snippet:-1, max-image-preview:large, max-video-preview:-1\" \/>\n<link rel=\"canonical\" href=\"http:\/\/minutocerord.com\/?p=1173\" \/>\n<meta property=\"og:locale\" content=\"es_ES\" \/>\n<meta property=\"og:type\" content=\"article\" \/>\n<meta property=\"og:title\" content=\"EEUU registr\u00f3 2.907 muertos y m\u00e1s de 210.000 contagios por covid-19, r\u00e9cord diario desde el inicio de la pandemia - Minuto Cero RD\" \/>\n<meta property=\"og:description\" content=\"Estados Unidos registr\u00f3 este jueves 2.907 nuevos muertos y otros 210.962 contagios por covid-19, ambos r\u00e9cords diarios desde el inicio de la pandemia, seg\u00fan el recuento independiente de la Universidad Johns Hopkins Los funcionarios de salud p\u00fablica advirtieron que los viajes realizados hace una semana por el D\u00eda de Acci\u00f3n de Gracias por millones de [&hellip;]\" \/>\n<meta property=\"og:url\" content=\"http:\/\/minutocerord.com\/?p=1173\" \/>\n<meta property=\"og:site_name\" content=\"Minuto Cero RD\" \/>\n<meta property=\"article:publisher\" content=\"https:\/\/www.facebook.com\/Genofnotes\" \/>\n<meta property=\"article:author\" content=\"https:\/\/www.facebook.com\/Genofnotes\" \/>\n<meta property=\"article:published_time\" content=\"2020-12-04T20:50:18+00:00\" \/>\n<meta property=\"article:modified_time\" content=\"2020-12-04T20:50:20+00:00\" \/>\n<meta property=\"og:image\" content=\"https:\/\/i0.wp.com\/minutocerord.com\/wp-content\/uploads\/2020\/12\/FDTK77PZQVDTPDBVYNOR4JEAPI.jpg?fit=768%2C512\" \/>\n\t<meta property=\"og:image:width\" content=\"768\" \/>\n\t<meta property=\"og:image:height\" content=\"512\" \/>\n\t<meta property=\"og:image:type\" content=\"image\/jpeg\" \/>\n<meta name=\"author\" content=\"Genof\u00f3ntes Urb\u00e1ez\" \/>\n<meta name=\"twitter:card\" content=\"summary_large_image\" \/>\n<meta name=\"twitter:label1\" content=\"Written by\" \/>\n\t<meta name=\"twitter:data1\" content=\"Genof\u00f3ntes Urb\u00e1ez\" \/>\n\t<meta name=\"twitter:label2\" content=\"Est. reading time\" \/>\n\t<meta name=\"twitter:data2\" content=\"2 minutos\" \/>\n<script type=\"application\/ld+json\" class=\"yoast-schema-graph\">{\"@context\":\"https:\\\/\\\/schema.org\",\"@graph\":[{\"@type\":\"Article\",\"@id\":\"http:\\\/\\\/minutocerord.com\\\/?p=1173#article\",\"isPartOf\":{\"@id\":\"http:\\\/\\\/minutocerord.com\\\/?p=1173\"},\"author\":{\"name\":\"Genof\u00f3ntes Urb\u00e1ez\",\"@id\":\"https:\\\/\\\/minutocerord.com\\\/#\\\/schema\\\/person\\\/60b5372d60aaa0a5171fb6488be9aee6\"},\"headline\":\"EEUU registr\u00f3 2.907 muertos y m\u00e1s de 210.000 contagios por covid-19, r\u00e9cord diario desde el inicio de la pandemia\",\"datePublished\":\"2020-12-04T20:50:18+00:00\",\"dateModified\":\"2020-12-04T20:50:20+00:00\",\"mainEntityOfPage\":{\"@id\":\"http:\\\/\\\/minutocerord.com\\\/?p=1173\"},\"wordCount\":333,\"commentCount\":0,\"publisher\":{\"@id\":\"https:\\\/\\\/minutocerord.com\\\/#\\\/schema\\\/person\\\/60b5372d60aaa0a5171fb6488be9aee6\"},\"image\":{\"@id\":\"http:\\\/\\\/minutocerord.com\\\/?p=1173#primaryimage\"},\"thumbnailUrl\":\"https:\\\/\\\/i0.wp.com\\\/minutocerord.com\\\/wp-content\\\/uploads\\\/2020\\\/12\\\/FDTK77PZQVDTPDBVYNOR4JEAPI.jpg?fit=768%2C512&ssl=1\",\"articleSection\":[\"Estados Unidos\"],\"inLanguage\":\"es-DO\",\"potentialAction\":[{\"@type\":\"CommentAction\",\"name\":\"Comment\",\"target\":[\"http:\\\/\\\/minutocerord.com\\\/?p=1173#respond\"]}]},{\"@type\":\"WebPage\",\"@id\":\"http:\\\/\\\/minutocerord.com\\\/?p=1173\",\"url\":\"http:\\\/\\\/minutocerord.com\\\/?p=1173\",\"name\":\"EEUU registr\u00f3 2.907 muertos y m\u00e1s de 210.000 contagios por covid-19, r\u00e9cord diario desde el inicio de la pandemia - Minuto Cero RD\",\"isPartOf\":{\"@id\":\"https:\\\/\\\/minutocerord.com\\\/#website\"},\"primaryImageOfPage\":{\"@id\":\"http:\\\/\\\/minutocerord.com\\\/?p=1173#primaryimage\"},\"image\":{\"@id\":\"http:\\\/\\\/minutocerord.com\\\/?p=1173#primaryimage\"},\"thumbnailUrl\":\"https:\\\/\\\/i0.wp.com\\\/minutocerord.com\\\/wp-content\\\/uploads\\\/2020\\\/12\\\/FDTK77PZQVDTPDBVYNOR4JEAPI.jpg?fit=768%2C512&ssl=1\",\"datePublished\":\"2020-12-04T20:50:18+00:00\",\"dateModified\":\"2020-12-04T20:50:20+00:00\",\"breadcrumb\":{\"@id\":\"http:\\\/\\\/minutocerord.com\\\/?p=1173#breadcrumb\"},\"inLanguage\":\"es-DO\",\"potentialAction\":[{\"@type\":\"ReadAction\",\"target\":[\"http:\\\/\\\/minutocerord.com\\\/?p=1173\"]}]},{\"@type\":\"ImageObject\",\"inLanguage\":\"es-DO\",\"@id\":\"http:\\\/\\\/minutocerord.com\\\/?p=1173#primaryimage\",\"url\":\"https:\\\/\\\/i0.wp.com\\\/minutocerord.com\\\/wp-content\\\/uploads\\\/2020\\\/12\\\/FDTK77PZQVDTPDBVYNOR4JEAPI.jpg?fit=768%2C512&ssl=1\",\"contentUrl\":\"https:\\\/\\\/i0.wp.com\\\/minutocerord.com\\\/wp-content\\\/uploads\\\/2020\\\/12\\\/FDTK77PZQVDTPDBVYNOR4JEAPI.jpg?fit=768%2C512&ssl=1\",\"width\":768,\"height\":512},{\"@type\":\"BreadcrumbList\",\"@id\":\"http:\\\/\\\/minutocerord.com\\\/?p=1173#breadcrumb\",\"itemListElement\":[{\"@type\":\"ListItem\",\"position\":1,\"name\":\"Home\",\"item\":\"https:\\\/\\\/minutocerord.com\\\/\"},{\"@type\":\"ListItem\",\"position\":2,\"name\":\"EEUU registr\u00f3 2.907 muertos y m\u00e1s de 210.000 contagios por covid-19, r\u00e9cord diario desde el inicio de la pandemia\"}]},{\"@type\":\"WebSite\",\"@id\":\"https:\\\/\\\/minutocerord.com\\\/#website\",\"url\":\"https:\\\/\\\/minutocerord.com\\\/\",\"name\":\"Minuto Cero RD\",\"description\":\"Periodismo serio y veraz\",\"publisher\":{\"@id\":\"https:\\\/\\\/minutocerord.com\\\/#\\\/schema\\\/person\\\/60b5372d60aaa0a5171fb6488be9aee6\"},\"potentialAction\":[{\"@type\":\"SearchAction\",\"target\":{\"@type\":\"EntryPoint\",\"urlTemplate\":\"https:\\\/\\\/minutocerord.com\\\/?s={search_term_string}\"},\"query-input\":{\"@type\":\"PropertyValueSpecification\",\"valueRequired\":true,\"valueName\":\"search_term_string\"}}],\"inLanguage\":\"es-DO\"},{\"@type\":[\"Person\",\"Organization\"],\"@id\":\"https:\\\/\\\/minutocerord.com\\\/#\\\/schema\\\/person\\\/60b5372d60aaa0a5171fb6488be9aee6\",\"name\":\"Genof\u00f3ntes Urb\u00e1ez\",\"image\":{\"@type\":\"ImageObject\",\"inLanguage\":\"es-DO\",\"@id\":\"https:\\\/\\\/secure.gravatar.com\\\/avatar\\\/a49ef3186a692098ac3e8a1612261e3ad70cf9e44553dff2929e67939a0ecb9d?s=96&d=identicon&r=g\",\"url\":\"https:\\\/\\\/secure.gravatar.com\\\/avatar\\\/a49ef3186a692098ac3e8a1612261e3ad70cf9e44553dff2929e67939a0ecb9d?s=96&d=identicon&r=g\",\"contentUrl\":\"https:\\\/\\\/secure.gravatar.com\\\/avatar\\\/a49ef3186a692098ac3e8a1612261e3ad70cf9e44553dff2929e67939a0ecb9d?s=96&d=identicon&r=g\",\"caption\":\"Genof\u00f3ntes Urb\u00e1ez\"},\"logo\":{\"@id\":\"https:\\\/\\\/secure.gravatar.com\\\/avatar\\\/a49ef3186a692098ac3e8a1612261e3ad70cf9e44553dff2929e67939a0ecb9d?s=96&d=identicon&r=g\"},\"description\":\"Periodista \\\/ Locutor\",\"sameAs\":[\"https:\\\/\\\/www.facebook.com\\\/Genofnotes\",\"https:\\\/\\\/www.instagram.com\\\/genofnotes\\\/\"]}]}<\/script>\n<!-- \/ Yoast SEO plugin. -->","yoast_head_json":{"title":"EEUU registr\u00f3 2.907 muertos y m\u00e1s de 210.000 contagios por covid-19, r\u00e9cord diario desde el inicio de la pandemia - Minuto Cero RD","robots":{"index":"index","follow":"follow","max-snippet":"max-snippet:-1","max-image-preview":"max-image-preview:large","max-video-preview":"max-video-preview:-1"},"canonical":"http:\/\/minutocerord.com\/?p=1173","og_locale":"es_ES","og_type":"article","og_title":"EEUU registr\u00f3 2.907 muertos y m\u00e1s de 210.000 contagios por covid-19, r\u00e9cord diario desde el inicio de la pandemia - Minuto Cero RD","og_description":"Estados Unidos registr\u00f3 este jueves 2.907 nuevos muertos y otros 210.962 contagios por covid-19, ambos r\u00e9cords diarios desde el inicio de la pandemia, seg\u00fan el recuento independiente de la Universidad Johns Hopkins Los funcionarios de salud p\u00fablica advirtieron que los viajes realizados hace una semana por el D\u00eda de Acci\u00f3n de Gracias por millones de [&hellip;]","og_url":"http:\/\/minutocerord.com\/?p=1173","og_site_name":"Minuto Cero RD","article_publisher":"https:\/\/www.facebook.com\/Genofnotes","article_author":"https:\/\/www.facebook.com\/Genofnotes","article_published_time":"2020-12-04T20:50:18+00:00","article_modified_time":"2020-12-04T20:50:20+00:00","og_image":[{"width":768,"height":512,"url":"https:\/\/i0.wp.com\/minutocerord.com\/wp-content\/uploads\/2020\/12\/FDTK77PZQVDTPDBVYNOR4JEAPI.jpg?fit=768%2C512","type":"image\/jpeg"}],"author":"Genof\u00f3ntes Urb\u00e1ez","twitter_card":"summary_large_image","twitter_misc":{"Written by":"Genof\u00f3ntes Urb\u00e1ez","Est. reading time":"2 minutos"},"schema":{"@context":"https:\/\/schema.org","@graph":[{"@type":"Article","@id":"http:\/\/minutocerord.com\/?p=1173#article","isPartOf":{"@id":"http:\/\/minutocerord.com\/?p=1173"},"author":{"name":"Genof\u00f3ntes Urb\u00e1ez","@id":"https:\/\/minutocerord.com\/#\/schema\/person\/60b5372d60aaa0a5171fb6488be9aee6"},"headline":"EEUU registr\u00f3 2.907 muertos y m\u00e1s de 210.000 contagios por covid-19, r\u00e9cord diario desde el inicio de la pandemia","datePublished":"2020-12-04T20:50:18+00:00","dateModified":"2020-12-04T20:50:20+00:00","mainEntityOfPage":{"@id":"http:\/\/minutocerord.com\/?p=1173"},"wordCount":333,"commentCount":0,"publisher":{"@id":"https:\/\/minutocerord.com\/#\/schema\/person\/60b5372d60aaa0a5171fb6488be9aee6"},"image":{"@id":"http:\/\/minutocerord.com\/?p=1173#primaryimage"},"thumbnailUrl":"https:\/\/i0.wp.com\/minutocerord.com\/wp-content\/uploads\/2020\/12\/FDTK77PZQVDTPDBVYNOR4JEAPI.jpg?fit=768%2C512&ssl=1","articleSection":["Estados Unidos"],"inLanguage":"es-DO","potentialAction":[{"@type":"CommentAction","name":"Comment","target":["http:\/\/minutocerord.com\/?p=1173#respond"]}]},{"@type":"WebPage","@id":"http:\/\/minutocerord.com\/?p=1173","url":"http:\/\/minutocerord.com\/?p=1173","name":"EEUU registr\u00f3 2.907 muertos y m\u00e1s de 210.000 contagios por covid-19, r\u00e9cord diario desde el inicio de la pandemia - Minuto Cero RD","isPartOf":{"@id":"https:\/\/minutocerord.com\/#website"},"primaryImageOfPage":{"@id":"http:\/\/minutocerord.com\/?p=1173#primaryimage"},"image":{"@id":"http:\/\/minutocerord.com\/?p=1173#primaryimage"},"thumbnailUrl":"https:\/\/i0.wp.com\/minutocerord.com\/wp-content\/uploads\/2020\/12\/FDTK77PZQVDTPDBVYNOR4JEAPI.jpg?fit=768%2C512&ssl=1","datePublished":"2020-12-04T20:50:18+00:00","dateModified":"2020-12-04T20:50:20+00:00","breadcrumb":{"@id":"http:\/\/minutocerord.com\/?p=1173#breadcrumb"},"inLanguage":"es-DO","potentialAction":[{"@type":"ReadAction","target":["http:\/\/minutocerord.com\/?p=1173"]}]},{"@type":"ImageObject","inLanguage":"es-DO","@id":"http:\/\/minutocerord.com\/?p=1173#primaryimage","url":"https:\/\/i0.wp.com\/minutocerord.com\/wp-content\/uploads\/2020\/12\/FDTK77PZQVDTPDBVYNOR4JEAPI.jpg?fit=768%2C512&ssl=1","contentUrl":"https:\/\/i0.wp.com\/minutocerord.com\/wp-content\/uploads\/2020\/12\/FDTK77PZQVDTPDBVYNOR4JEAPI.jpg?fit=768%2C512&ssl=1","width":768,"height":512},{"@type":"BreadcrumbList","@id":"http:\/\/minutocerord.com\/?p=1173#breadcrumb","itemListElement":[{"@type":"ListItem","position":1,"name":"Home","item":"https:\/\/minutocerord.com\/"},{"@type":"ListItem","position":2,"name":"EEUU registr\u00f3 2.907 muertos y m\u00e1s de 210.000 contagios por covid-19, r\u00e9cord diario desde el inicio de la pandemia"}]},{"@type":"WebSite","@id":"https:\/\/minutocerord.com\/#website","url":"https:\/\/minutocerord.com\/","name":"Minuto Cero RD","description":"Periodismo serio y veraz","publisher":{"@id":"https:\/\/minutocerord.com\/#\/schema\/person\/60b5372d60aaa0a5171fb6488be9aee6"},"potentialAction":[{"@type":"SearchAction","target":{"@type":"EntryPoint","urlTemplate":"https:\/\/minutocerord.com\/?s={search_term_string}"},"query-input":{"@type":"PropertyValueSpecification","valueRequired":true,"valueName":"search_term_string"}}],"inLanguage":"es-DO"},{"@type":["Person","Organization"],"@id":"https:\/\/minutocerord.com\/#\/schema\/person\/60b5372d60aaa0a5171fb6488be9aee6","name":"Genof\u00f3ntes Urb\u00e1ez","image":{"@type":"ImageObject","inLanguage":"es-DO","@id":"https:\/\/secure.gravatar.com\/avatar\/a49ef3186a692098ac3e8a1612261e3ad70cf9e44553dff2929e67939a0ecb9d?s=96&d=identicon&r=g","url":"https:\/\/secure.gravatar.com\/avatar\/a49ef3186a692098ac3e8a1612261e3ad70cf9e44553dff2929e67939a0ecb9d?s=96&d=identicon&r=g","contentUrl":"https:\/\/secure.gravatar.com\/avatar\/a49ef3186a692098ac3e8a1612261e3ad70cf9e44553dff2929e67939a0ecb9d?s=96&d=identicon&r=g","caption":"Genof\u00f3ntes Urb\u00e1ez"},"logo":{"@id":"https:\/\/secure.gravatar.com\/avatar\/a49ef3186a692098ac3e8a1612261e3ad70cf9e44553dff2929e67939a0ecb9d?s=96&d=identicon&r=g"},"description":"Periodista \/ Locutor","sameAs":["https:\/\/www.facebook.com\/Genofnotes","https:\/\/www.instagram.com\/genofnotes\/"]}]}},"jetpack_publicize_connections":[],"jetpack_featured_media_url":"https:\/\/i0.wp.com\/minutocerord.com\/wp-content\/uploads\/2020\/12\/FDTK77PZQVDTPDBVYNOR4JEAPI.jpg?fit=768%2C512&ssl=1","jetpack-related-posts":[],"jetpack_sharing_enabled":true,"_links":{"self":[{"href":"https:\/\/minutocerord.com\/index.php?rest_route=\/wp\/v2\/posts\/1173","targetHints":{"allow":["GET"]}}],"collection":[{"href":"https:\/\/minutocerord.com\/index.php?rest_route=\/wp\/v2\/posts"}],"about":[{"href":"https:\/\/minutocerord.com\/index.php?rest_route=\/wp\/v2\/types\/post"}],"author":[{"embeddable":true,"href":"https:\/\/minutocerord.com\/index.php?rest_route=\/wp\/v2\/users\/1"}],"replies":[{"embeddable":true,"href":"https:\/\/minutocerord.com\/index.php?rest_route=%2Fwp%2Fv2%2Fcomments&post=1173"}],"version-history":[{"count":1,"href":"https:\/\/minutocerord.com\/index.php?rest_route=\/wp\/v2\/posts\/1173\/revisions"}],"predecessor-version":[{"id":1175,"href":"https:\/\/minutocerord.com\/index.php?rest_route=\/wp\/v2\/posts\/1173\/revisions\/1175"}],"wp:featuredmedia":[{"embeddable":true,"href":"https:\/\/minutocerord.com\/index.php?rest_route=\/wp\/v2\/media\/1174"}],"wp:attachment":[{"href":"https:\/\/minutocerord.com\/index.php?rest_route=%2Fwp%2Fv2%2Fmedia&parent=1173"}],"wp:term":[{"taxonomy":"category","embeddable":true,"href":"https:\/\/minutocerord.com\/index.php?rest_route=%2Fwp%2Fv2%2Fcategories&post=1173"},{"taxonomy":"post_tag","embeddable":true,"href":"https:\/\/minutocerord.com\/index.php?rest_route=%2Fwp%2Fv2%2Ftags&post=1173"}],"curies":[{"name":"wp","href":"https:\/\/api.w.org\/{rel}","templated":true}]}}