{"id":1185,"date":"2020-12-04T16:58:05","date_gmt":"2020-12-04T20:58:05","guid":{"rendered":"https:\/\/minutocerord.com\/?p=1185"},"modified":"2020-12-04T16:58:08","modified_gmt":"2020-12-04T20:58:08","slug":"psicologa-ana-simo-anonadada-con-justificacion-del-suicidio-por-parte-de-danilo","status":"publish","type":"post","link":"https:\/\/minutocerord.com\/?p=1185","title":{"rendered":"Psic\u00f3loga Ana Sim\u00f3 anonadada con justificaci\u00f3n del suicidio por parte de Danilo"},"content":{"rendered":"\n<p>La psic\u00f3loga Ana Sim\u00f3 reaccion\u00f3 anonadada con las declaraciones del expresidente de la Rep\u00fablica Danilo Medina que en cierta medida justifican o normalizan el suicidio, a ra\u00edz de que el exsuperintendente de Electricidad C\u00e9sar Prieto se quit\u00f3 la vida el pasado martes.<\/p>\n\n\n\n<p>\u201cMe retumban a\u00fan las palabras de Danilo a\u00fan en mi cabeza, no quisiera que nadie piense que esa es la salida correcta\u201d, coment\u00f3 la psic\u00f3loga en su cuenta de Twitter.<\/p>\n\n\n\n<p>Ayer el exmandatario, durante el entierro de C\u00e9sar Prieto, dijo que \u00e9ste prefiri\u00f3 suicidarse antes que lo mataran moralmente con posibles allanamientos y sometimientos por su paso en la administraci\u00f3n p\u00fablica<\/p>\n\n\n\n<p>\u201cPara un hombre honesto, \u00edntegro y transparente como C\u00e9sar Prieto no ten\u00eda sentido vivir la vida si su moral era destruida. C\u00e9sar prefiri\u00f3 morir con dignidad y no vivir sin moral, yo creo que ese es el legado que \u00e9l le deja a todos los militantes del Partido de la Liberaci\u00f3n Dominicana\u201d, se\u00f1al\u00f3 el exjefe de Estado.<\/p>\n\n\n\n<p>El pasado lunes, Prieto se suicid\u00f3 de un disparo en la cabeza, en su residencia de Santo Domingo.<\/p>\n\n\n\n<p>Tras su muerte varios medios dejaron entrever que era investigado por la fiscal\u00eda, pero esa versi\u00f3n fue desmentida por las autoridades.<\/p>\n\n\n\n<p>Este jueves el titular de la Procuradur\u00eda Especializada de Persecuci\u00f3n a la Corrupci\u00f3n Administrativa (Pepca), Wilson Camacho, confirm\u00f3 que Prieto no estaba siendo investigado.<\/p>\n\n\n\n<p>En el funeral, Medina defendi\u00f3 la honestidad de Prieto y asegur\u00f3 que muri\u00f3 por una \u00abcausa, defendiendo su buena honra\u00bb.<\/p>\n\n\n\n<p>Redacci\u00f3n N Digital<\/p>\n","protected":false},"excerpt":{"rendered":"<p>La psic\u00f3loga Ana Sim\u00f3 reaccion\u00f3 anonadada con las declaraciones del expresidente de la Rep\u00fablica Danilo Medina que en cierta medida justifican o normalizan el suicidio, a ra\u00edz de que el exsuperintendente de Electricidad C\u00e9sar Prieto se quit\u00f3 la vida el pasado martes. \u201cMe retumban a\u00fan las palabras de Danilo a\u00fan en mi cabeza, no quisiera [&hellip;]<\/p>\n","protected":false},"author":1,"featured_media":1186,"comment_status":"open","ping_status":"open","sticky":false,"template":"","format":"standard","meta":{"nf_dc_page":"","jetpack_post_was_ever_published":false,"_jetpack_newsletter_access":"","_jetpack_dont_email_post_to_subs":false,"_jetpack_newsletter_tier_id":0,"_jetpack_memberships_contains_paywalled_content":false,"_jetpack_memberships_contains_paid_content":false,"footnotes":"","jetpack_publicize_message":"","jetpack_publicize_feature_enabled":true,"jetpack_social_post_already_shared":false,"jetpack_social_options":{"image_generator_settings":{"template":"highway","default_image_id":0,"font":"","enabled":false},"version":2}},"categories":[67],"tags":[],"class_list":["post-1185","post","type-post","status-publish","format-standard","has-post-thumbnail","hentry","category-salud"],"yoast_head":"<!-- This site is optimized with the Yoast SEO plugin v27.5 - https:\/\/yoast.com\/product\/yoast-seo-wordpress\/ -->\n<title>Psic\u00f3loga Ana Sim\u00f3 anonadada con justificaci\u00f3n del suicidio por parte de Danilo - Minuto Cero RD<\/title>\n<meta name=\"robots\" content=\"index, follow, max-snippet:-1, max-image-preview:large, max-video-preview:-1\" \/>\n<link rel=\"canonical\" href=\"https:\/\/minutocerord.com\/?p=1185\" \/>\n<meta property=\"og:locale\" content=\"es_ES\" \/>\n<meta property=\"og:type\" content=\"article\" \/>\n<meta property=\"og:title\" content=\"Psic\u00f3loga Ana Sim\u00f3 anonadada con justificaci\u00f3n del suicidio por parte de Danilo - Minuto Cero RD\" \/>\n<meta property=\"og:description\" content=\"La psic\u00f3loga Ana Sim\u00f3 reaccion\u00f3 anonadada con las declaraciones del expresidente de la Rep\u00fablica Danilo Medina que en cierta medida justifican o normalizan el suicidio, a ra\u00edz de que el exsuperintendente de Electricidad C\u00e9sar Prieto se quit\u00f3 la vida el pasado martes. \u201cMe retumban a\u00fan las palabras de Danilo a\u00fan en mi cabeza, no quisiera [&hellip;]\" \/>\n<meta property=\"og:url\" content=\"https:\/\/minutocerord.com\/?p=1185\" \/>\n<meta property=\"og:site_name\" content=\"Minuto Cero RD\" \/>\n<meta property=\"article:publisher\" content=\"https:\/\/www.facebook.com\/Genofnotes\" \/>\n<meta property=\"article:author\" content=\"https:\/\/www.facebook.com\/Genofnotes\" \/>\n<meta property=\"article:published_time\" content=\"2020-12-04T20:58:05+00:00\" \/>\n<meta property=\"article:modified_time\" content=\"2020-12-04T20:58:08+00:00\" \/>\n<meta property=\"og:image\" content=\"https:\/\/i0.wp.com\/minutocerord.com\/wp-content\/uploads\/2020\/12\/Ana-Simo-psicologa-1140x694-1.jpg?fit=1140%2C694&ssl=1\" \/>\n\t<meta property=\"og:image:width\" content=\"1140\" \/>\n\t<meta property=\"og:image:height\" content=\"694\" \/>\n\t<meta property=\"og:image:type\" content=\"image\/jpeg\" \/>\n<meta name=\"author\" content=\"Genof\u00f3ntes Urb\u00e1ez\" \/>\n<meta name=\"twitter:card\" content=\"summary_large_image\" \/>\n<meta name=\"twitter:label1\" content=\"Written by\" \/>\n\t<meta name=\"twitter:data1\" content=\"Genof\u00f3ntes Urb\u00e1ez\" \/>\n\t<meta name=\"twitter:label2\" content=\"Est. reading time\" \/>\n\t<meta name=\"twitter:data2\" content=\"1 minuto\" \/>\n<script type=\"application\/ld+json\" class=\"yoast-schema-graph\">{\"@context\":\"https:\\\/\\\/schema.org\",\"@graph\":[{\"@type\":\"Article\",\"@id\":\"https:\\\/\\\/minutocerord.com\\\/?p=1185#article\",\"isPartOf\":{\"@id\":\"https:\\\/\\\/minutocerord.com\\\/?p=1185\"},\"author\":{\"name\":\"Genof\u00f3ntes Urb\u00e1ez\",\"@id\":\"https:\\\/\\\/minutocerord.com\\\/#\\\/schema\\\/person\\\/60b5372d60aaa0a5171fb6488be9aee6\"},\"headline\":\"Psic\u00f3loga Ana Sim\u00f3 anonadada con justificaci\u00f3n del suicidio por parte de Danilo\",\"datePublished\":\"2020-12-04T20:58:05+00:00\",\"dateModified\":\"2020-12-04T20:58:08+00:00\",\"mainEntityOfPage\":{\"@id\":\"https:\\\/\\\/minutocerord.com\\\/?p=1185\"},\"wordCount\":281,\"commentCount\":0,\"publisher\":{\"@id\":\"https:\\\/\\\/minutocerord.com\\\/#\\\/schema\\\/person\\\/60b5372d60aaa0a5171fb6488be9aee6\"},\"image\":{\"@id\":\"https:\\\/\\\/minutocerord.com\\\/?p=1185#primaryimage\"},\"thumbnailUrl\":\"https:\\\/\\\/i0.wp.com\\\/minutocerord.com\\\/wp-content\\\/uploads\\\/2020\\\/12\\\/Ana-Simo-psicologa-1140x694-1.jpg?fit=1140%2C694&ssl=1\",\"articleSection\":[\"Salud\"],\"inLanguage\":\"es-DO\",\"potentialAction\":[{\"@type\":\"CommentAction\",\"name\":\"Comment\",\"target\":[\"https:\\\/\\\/minutocerord.com\\\/?p=1185#respond\"]}]},{\"@type\":\"WebPage\",\"@id\":\"https:\\\/\\\/minutocerord.com\\\/?p=1185\",\"url\":\"https:\\\/\\\/minutocerord.com\\\/?p=1185\",\"name\":\"Psic\u00f3loga Ana Sim\u00f3 anonadada con justificaci\u00f3n del suicidio por parte de Danilo - Minuto Cero RD\",\"isPartOf\":{\"@id\":\"https:\\\/\\\/minutocerord.com\\\/#website\"},\"primaryImageOfPage\":{\"@id\":\"https:\\\/\\\/minutocerord.com\\\/?p=1185#primaryimage\"},\"image\":{\"@id\":\"https:\\\/\\\/minutocerord.com\\\/?p=1185#primaryimage\"},\"thumbnailUrl\":\"https:\\\/\\\/i0.wp.com\\\/minutocerord.com\\\/wp-content\\\/uploads\\\/2020\\\/12\\\/Ana-Simo-psicologa-1140x694-1.jpg?fit=1140%2C694&ssl=1\",\"datePublished\":\"2020-12-04T20:58:05+00:00\",\"dateModified\":\"2020-12-04T20:58:08+00:00\",\"breadcrumb\":{\"@id\":\"https:\\\/\\\/minutocerord.com\\\/?p=1185#breadcrumb\"},\"inLanguage\":\"es-DO\",\"potentialAction\":[{\"@type\":\"ReadAction\",\"target\":[\"https:\\\/\\\/minutocerord.com\\\/?p=1185\"]}]},{\"@type\":\"ImageObject\",\"inLanguage\":\"es-DO\",\"@id\":\"https:\\\/\\\/minutocerord.com\\\/?p=1185#primaryimage\",\"url\":\"https:\\\/\\\/i0.wp.com\\\/minutocerord.com\\\/wp-content\\\/uploads\\\/2020\\\/12\\\/Ana-Simo-psicologa-1140x694-1.jpg?fit=1140%2C694&ssl=1\",\"contentUrl\":\"https:\\\/\\\/i0.wp.com\\\/minutocerord.com\\\/wp-content\\\/uploads\\\/2020\\\/12\\\/Ana-Simo-psicologa-1140x694-1.jpg?fit=1140%2C694&ssl=1\",\"width\":1140,\"height\":694},{\"@type\":\"BreadcrumbList\",\"@id\":\"https:\\\/\\\/minutocerord.com\\\/?p=1185#breadcrumb\",\"itemListElement\":[{\"@type\":\"ListItem\",\"position\":1,\"name\":\"Home\",\"item\":\"https:\\\/\\\/minutocerord.com\\\/\"},{\"@type\":\"ListItem\",\"position\":2,\"name\":\"Psic\u00f3loga Ana Sim\u00f3 anonadada con justificaci\u00f3n del suicidio por parte de Danilo\"}]},{\"@type\":\"WebSite\",\"@id\":\"https:\\\/\\\/minutocerord.com\\\/#website\",\"url\":\"https:\\\/\\\/minutocerord.com\\\/\",\"name\":\"Minuto Cero RD\",\"description\":\"Periodismo serio y veraz\",\"publisher\":{\"@id\":\"https:\\\/\\\/minutocerord.com\\\/#\\\/schema\\\/person\\\/60b5372d60aaa0a5171fb6488be9aee6\"},\"potentialAction\":[{\"@type\":\"SearchAction\",\"target\":{\"@type\":\"EntryPoint\",\"urlTemplate\":\"https:\\\/\\\/minutocerord.com\\\/?s={search_term_string}\"},\"query-input\":{\"@type\":\"PropertyValueSpecification\",\"valueRequired\":true,\"valueName\":\"search_term_string\"}}],\"inLanguage\":\"es-DO\"},{\"@type\":[\"Person\",\"Organization\"],\"@id\":\"https:\\\/\\\/minutocerord.com\\\/#\\\/schema\\\/person\\\/60b5372d60aaa0a5171fb6488be9aee6\",\"name\":\"Genof\u00f3ntes Urb\u00e1ez\",\"image\":{\"@type\":\"ImageObject\",\"inLanguage\":\"es-DO\",\"@id\":\"https:\\\/\\\/secure.gravatar.com\\\/avatar\\\/a49ef3186a692098ac3e8a1612261e3ad70cf9e44553dff2929e67939a0ecb9d?s=96&d=identicon&r=g\",\"url\":\"https:\\\/\\\/secure.gravatar.com\\\/avatar\\\/a49ef3186a692098ac3e8a1612261e3ad70cf9e44553dff2929e67939a0ecb9d?s=96&d=identicon&r=g\",\"contentUrl\":\"https:\\\/\\\/secure.gravatar.com\\\/avatar\\\/a49ef3186a692098ac3e8a1612261e3ad70cf9e44553dff2929e67939a0ecb9d?s=96&d=identicon&r=g\",\"caption\":\"Genof\u00f3ntes Urb\u00e1ez\"},\"logo\":{\"@id\":\"https:\\\/\\\/secure.gravatar.com\\\/avatar\\\/a49ef3186a692098ac3e8a1612261e3ad70cf9e44553dff2929e67939a0ecb9d?s=96&d=identicon&r=g\"},\"description\":\"Periodista \\\/ Locutor\",\"sameAs\":[\"https:\\\/\\\/www.facebook.com\\\/Genofnotes\",\"https:\\\/\\\/www.instagram.com\\\/genofnotes\\\/\"]}]}<\/script>\n<!-- \/ Yoast SEO plugin. -->","yoast_head_json":{"title":"Psic\u00f3loga Ana Sim\u00f3 anonadada con justificaci\u00f3n del suicidio por parte de Danilo - Minuto Cero RD","robots":{"index":"index","follow":"follow","max-snippet":"max-snippet:-1","max-image-preview":"max-image-preview:large","max-video-preview":"max-video-preview:-1"},"canonical":"https:\/\/minutocerord.com\/?p=1185","og_locale":"es_ES","og_type":"article","og_title":"Psic\u00f3loga Ana Sim\u00f3 anonadada con justificaci\u00f3n del suicidio por parte de Danilo - Minuto Cero RD","og_description":"La psic\u00f3loga Ana Sim\u00f3 reaccion\u00f3 anonadada con las declaraciones del expresidente de la Rep\u00fablica Danilo Medina que en cierta medida justifican o normalizan el suicidio, a ra\u00edz de que el exsuperintendente de Electricidad C\u00e9sar Prieto se quit\u00f3 la vida el pasado martes. \u201cMe retumban a\u00fan las palabras de Danilo a\u00fan en mi cabeza, no quisiera [&hellip;]","og_url":"https:\/\/minutocerord.com\/?p=1185","og_site_name":"Minuto Cero RD","article_publisher":"https:\/\/www.facebook.com\/Genofnotes","article_author":"https:\/\/www.facebook.com\/Genofnotes","article_published_time":"2020-12-04T20:58:05+00:00","article_modified_time":"2020-12-04T20:58:08+00:00","og_image":[{"width":1140,"height":694,"url":"https:\/\/i0.wp.com\/minutocerord.com\/wp-content\/uploads\/2020\/12\/Ana-Simo-psicologa-1140x694-1.jpg?fit=1140%2C694&ssl=1","type":"image\/jpeg"}],"author":"Genof\u00f3ntes Urb\u00e1ez","twitter_card":"summary_large_image","twitter_misc":{"Written by":"Genof\u00f3ntes Urb\u00e1ez","Est. reading time":"1 minuto"},"schema":{"@context":"https:\/\/schema.org","@graph":[{"@type":"Article","@id":"https:\/\/minutocerord.com\/?p=1185#article","isPartOf":{"@id":"https:\/\/minutocerord.com\/?p=1185"},"author":{"name":"Genof\u00f3ntes Urb\u00e1ez","@id":"https:\/\/minutocerord.com\/#\/schema\/person\/60b5372d60aaa0a5171fb6488be9aee6"},"headline":"Psic\u00f3loga Ana Sim\u00f3 anonadada con justificaci\u00f3n del suicidio por parte de Danilo","datePublished":"2020-12-04T20:58:05+00:00","dateModified":"2020-12-04T20:58:08+00:00","mainEntityOfPage":{"@id":"https:\/\/minutocerord.com\/?p=1185"},"wordCount":281,"commentCount":0,"publisher":{"@id":"https:\/\/minutocerord.com\/#\/schema\/person\/60b5372d60aaa0a5171fb6488be9aee6"},"image":{"@id":"https:\/\/minutocerord.com\/?p=1185#primaryimage"},"thumbnailUrl":"https:\/\/i0.wp.com\/minutocerord.com\/wp-content\/uploads\/2020\/12\/Ana-Simo-psicologa-1140x694-1.jpg?fit=1140%2C694&ssl=1","articleSection":["Salud"],"inLanguage":"es-DO","potentialAction":[{"@type":"CommentAction","name":"Comment","target":["https:\/\/minutocerord.com\/?p=1185#respond"]}]},{"@type":"WebPage","@id":"https:\/\/minutocerord.com\/?p=1185","url":"https:\/\/minutocerord.com\/?p=1185","name":"Psic\u00f3loga Ana Sim\u00f3 anonadada con justificaci\u00f3n del suicidio por parte de Danilo - Minuto Cero RD","isPartOf":{"@id":"https:\/\/minutocerord.com\/#website"},"primaryImageOfPage":{"@id":"https:\/\/minutocerord.com\/?p=1185#primaryimage"},"image":{"@id":"https:\/\/minutocerord.com\/?p=1185#primaryimage"},"thumbnailUrl":"https:\/\/i0.wp.com\/minutocerord.com\/wp-content\/uploads\/2020\/12\/Ana-Simo-psicologa-1140x694-1.jpg?fit=1140%2C694&ssl=1","datePublished":"2020-12-04T20:58:05+00:00","dateModified":"2020-12-04T20:58:08+00:00","breadcrumb":{"@id":"https:\/\/minutocerord.com\/?p=1185#breadcrumb"},"inLanguage":"es-DO","potentialAction":[{"@type":"ReadAction","target":["https:\/\/minutocerord.com\/?p=1185"]}]},{"@type":"ImageObject","inLanguage":"es-DO","@id":"https:\/\/minutocerord.com\/?p=1185#primaryimage","url":"https:\/\/i0.wp.com\/minutocerord.com\/wp-content\/uploads\/2020\/12\/Ana-Simo-psicologa-1140x694-1.jpg?fit=1140%2C694&ssl=1","contentUrl":"https:\/\/i0.wp.com\/minutocerord.com\/wp-content\/uploads\/2020\/12\/Ana-Simo-psicologa-1140x694-1.jpg?fit=1140%2C694&ssl=1","width":1140,"height":694},{"@type":"BreadcrumbList","@id":"https:\/\/minutocerord.com\/?p=1185#breadcrumb","itemListElement":[{"@type":"ListItem","position":1,"name":"Home","item":"https:\/\/minutocerord.com\/"},{"@type":"ListItem","position":2,"name":"Psic\u00f3loga Ana Sim\u00f3 anonadada con justificaci\u00f3n del suicidio por parte de Danilo"}]},{"@type":"WebSite","@id":"https:\/\/minutocerord.com\/#website","url":"https:\/\/minutocerord.com\/","name":"Minuto Cero RD","description":"Periodismo serio y veraz","publisher":{"@id":"https:\/\/minutocerord.com\/#\/schema\/person\/60b5372d60aaa0a5171fb6488be9aee6"},"potentialAction":[{"@type":"SearchAction","target":{"@type":"EntryPoint","urlTemplate":"https:\/\/minutocerord.com\/?s={search_term_string}"},"query-input":{"@type":"PropertyValueSpecification","valueRequired":true,"valueName":"search_term_string"}}],"inLanguage":"es-DO"},{"@type":["Person","Organization"],"@id":"https:\/\/minutocerord.com\/#\/schema\/person\/60b5372d60aaa0a5171fb6488be9aee6","name":"Genof\u00f3ntes Urb\u00e1ez","image":{"@type":"ImageObject","inLanguage":"es-DO","@id":"https:\/\/secure.gravatar.com\/avatar\/a49ef3186a692098ac3e8a1612261e3ad70cf9e44553dff2929e67939a0ecb9d?s=96&d=identicon&r=g","url":"https:\/\/secure.gravatar.com\/avatar\/a49ef3186a692098ac3e8a1612261e3ad70cf9e44553dff2929e67939a0ecb9d?s=96&d=identicon&r=g","contentUrl":"https:\/\/secure.gravatar.com\/avatar\/a49ef3186a692098ac3e8a1612261e3ad70cf9e44553dff2929e67939a0ecb9d?s=96&d=identicon&r=g","caption":"Genof\u00f3ntes Urb\u00e1ez"},"logo":{"@id":"https:\/\/secure.gravatar.com\/avatar\/a49ef3186a692098ac3e8a1612261e3ad70cf9e44553dff2929e67939a0ecb9d?s=96&d=identicon&r=g"},"description":"Periodista \/ Locutor","sameAs":["https:\/\/www.facebook.com\/Genofnotes","https:\/\/www.instagram.com\/genofnotes\/"]}]}},"jetpack_publicize_connections":[],"jetpack_featured_media_url":"https:\/\/i0.wp.com\/minutocerord.com\/wp-content\/uploads\/2020\/12\/Ana-Simo-psicologa-1140x694-1.jpg?fit=1140%2C694&ssl=1","jetpack-related-posts":[],"jetpack_sharing_enabled":true,"_links":{"self":[{"href":"https:\/\/minutocerord.com\/index.php?rest_route=\/wp\/v2\/posts\/1185","targetHints":{"allow":["GET"]}}],"collection":[{"href":"https:\/\/minutocerord.com\/index.php?rest_route=\/wp\/v2\/posts"}],"about":[{"href":"https:\/\/minutocerord.com\/index.php?rest_route=\/wp\/v2\/types\/post"}],"author":[{"embeddable":true,"href":"https:\/\/minutocerord.com\/index.php?rest_route=\/wp\/v2\/users\/1"}],"replies":[{"embeddable":true,"href":"https:\/\/minutocerord.com\/index.php?rest_route=%2Fwp%2Fv2%2Fcomments&post=1185"}],"version-history":[{"count":1,"href":"https:\/\/minutocerord.com\/index.php?rest_route=\/wp\/v2\/posts\/1185\/revisions"}],"predecessor-version":[{"id":1187,"href":"https:\/\/minutocerord.com\/index.php?rest_route=\/wp\/v2\/posts\/1185\/revisions\/1187"}],"wp:featuredmedia":[{"embeddable":true,"href":"https:\/\/minutocerord.com\/index.php?rest_route=\/wp\/v2\/media\/1186"}],"wp:attachment":[{"href":"https:\/\/minutocerord.com\/index.php?rest_route=%2Fwp%2Fv2%2Fmedia&parent=1185"}],"wp:term":[{"taxonomy":"category","embeddable":true,"href":"https:\/\/minutocerord.com\/index.php?rest_route=%2Fwp%2Fv2%2Fcategories&post=1185"},{"taxonomy":"post_tag","embeddable":true,"href":"https:\/\/minutocerord.com\/index.php?rest_route=%2Fwp%2Fv2%2Ftags&post=1185"}],"curies":[{"name":"wp","href":"https:\/\/api.w.org\/{rel}","templated":true}]}}