{"id":1192,"date":"2020-12-04T17:34:30","date_gmt":"2020-12-04T21:34:30","guid":{"rendered":"https:\/\/minutocerord.com\/?p=1192"},"modified":"2020-12-04T17:37:22","modified_gmt":"2020-12-04T21:37:22","slug":"procuraduria-interroga-exfuncionarias-del-pld-iris-guaba-y-yokasta-guzman","status":"publish","type":"post","link":"https:\/\/minutocerord.com\/?p=1192","title":{"rendered":"Procuradur\u00eda interroga exfuncionarias Iris Guaba y Yokasta Guzm\u00e1n"},"content":{"rendered":"\n<p>SANTO DOMINGO.- La exdirectora del Plan de Asistencia Social de la Presidencia, Iris Guaba; y la exdirectora de Compras y Contrataciones P\u00fablicas, Yokasta Guzm\u00e1n,&nbsp;son interrogadas en estos momentos en la Procuradur\u00eda General.<\/p>\n\n\n\n<p>Los interrogatorios a las dos ex funcionarias de la pasada gesti\u00f3n de gobierno de Danilo Medina son realizados en la Procuradur\u00eda Especializada de Persecuci\u00f3n de la Corrupci\u00f3n Administrativa (PEPCA).<\/p>\n\n\n\n<p>Yokasta Guzm\u00e1n dijo,&nbsp; a su llegada que tiene la frente en alto y reiter\u00f3 que cada instituci\u00f3n es responsable de los procesos de compras.<\/p>\n\n\n\n<p>Dijo adem\u00e1s que los proveedores,&nbsp; las mujeres y las Mypimes pueden dar testimonio de su&nbsp; gesti\u00f3n.<\/p>\n\n\n\n<p>De su lado, Iris Guaba, acompa\u00f1ada de sus abogados, lleg\u00f3 a la sede de la Procuradur\u00eda donde&nbsp; dijo ignorar sobre qu\u00e9 ser\u00eda interrogada.<\/p>\n\n\n\n<p>Estar\u00eda sometida a un interrogatorio con relaci\u00f3n a la \u201cOperaci\u00f3n Anti Pulpo\u201d que lleva a cabo la Pepca con la que fueron detenidas 10 personas entre exfuncionarios, testaferros y hermanos del &nbsp;expresidente.<\/p>\n","protected":false},"excerpt":{"rendered":"<p>SANTO DOMINGO.- La exdirectora del Plan de Asistencia Social de la Presidencia, Iris Guaba; y la exdirectora de Compras y Contrataciones P\u00fablicas, Yokasta Guzm\u00e1n,&nbsp;son interrogadas en estos momentos en la Procuradur\u00eda General. Los interrogatorios a las dos ex funcionarias de la pasada gesti\u00f3n de gobierno de Danilo Medina son realizados en la Procuradur\u00eda Especializada de [&hellip;]<\/p>\n","protected":false},"author":1,"featured_media":1193,"comment_status":"open","ping_status":"open","sticky":false,"template":"","format":"standard","meta":{"nf_dc_page":"","jetpack_post_was_ever_published":false,"_jetpack_newsletter_access":"","_jetpack_dont_email_post_to_subs":false,"_jetpack_newsletter_tier_id":0,"_jetpack_memberships_contains_paywalled_content":false,"_jetpack_memberships_contains_paid_content":false,"footnotes":"","jetpack_publicize_message":"","jetpack_publicize_feature_enabled":true,"jetpack_social_post_already_shared":false,"jetpack_social_options":{"image_generator_settings":{"template":"highway","default_image_id":0,"font":"","enabled":false},"version":2}},"categories":[93],"tags":[],"class_list":["post-1192","post","type-post","status-publish","format-standard","has-post-thumbnail","hentry","category-justicia"],"yoast_head":"<!-- This site is optimized with the Yoast SEO plugin v27.5 - https:\/\/yoast.com\/product\/yoast-seo-wordpress\/ -->\n<title>Procuradur\u00eda interroga exfuncionarias Iris Guaba y Yokasta Guzm\u00e1n - Minuto Cero RD<\/title>\n<meta name=\"robots\" content=\"index, follow, max-snippet:-1, max-image-preview:large, max-video-preview:-1\" \/>\n<link rel=\"canonical\" href=\"http:\/\/minutocerord.com\/?p=1192\" \/>\n<meta property=\"og:locale\" content=\"es_ES\" \/>\n<meta property=\"og:type\" content=\"article\" \/>\n<meta property=\"og:title\" content=\"Procuradur\u00eda interroga exfuncionarias Iris Guaba y Yokasta Guzm\u00e1n - Minuto Cero RD\" \/>\n<meta property=\"og:description\" content=\"SANTO DOMINGO.- La exdirectora del Plan de Asistencia Social de la Presidencia, Iris Guaba; y la exdirectora de Compras y Contrataciones P\u00fablicas, Yokasta Guzm\u00e1n,&nbsp;son interrogadas en estos momentos en la Procuradur\u00eda General. Los interrogatorios a las dos ex funcionarias de la pasada gesti\u00f3n de gobierno de Danilo Medina son realizados en la Procuradur\u00eda Especializada de [&hellip;]\" \/>\n<meta property=\"og:url\" content=\"http:\/\/minutocerord.com\/?p=1192\" \/>\n<meta property=\"og:site_name\" content=\"Minuto Cero RD\" \/>\n<meta property=\"article:publisher\" content=\"https:\/\/www.facebook.com\/Genofnotes\" \/>\n<meta property=\"article:author\" content=\"https:\/\/www.facebook.com\/Genofnotes\" \/>\n<meta property=\"article:published_time\" content=\"2020-12-04T21:34:30+00:00\" \/>\n<meta property=\"article:modified_time\" content=\"2020-12-04T21:37:22+00:00\" \/>\n<meta property=\"og:image\" content=\"https:\/\/i0.wp.com\/minutocerord.com\/wp-content\/uploads\/2020\/12\/Guzman-y-Guaba.jpg?fit=948%2C502\" \/>\n\t<meta property=\"og:image:width\" content=\"948\" \/>\n\t<meta property=\"og:image:height\" content=\"502\" \/>\n\t<meta property=\"og:image:type\" content=\"image\/jpeg\" \/>\n<meta name=\"author\" content=\"Genof\u00f3ntes Urb\u00e1ez\" \/>\n<meta name=\"twitter:card\" content=\"summary_large_image\" \/>\n<meta name=\"twitter:label1\" content=\"Written by\" \/>\n\t<meta name=\"twitter:data1\" content=\"Genof\u00f3ntes Urb\u00e1ez\" \/>\n\t<meta name=\"twitter:label2\" content=\"Est. reading time\" \/>\n\t<meta name=\"twitter:data2\" content=\"1 minuto\" \/>\n<script type=\"application\/ld+json\" class=\"yoast-schema-graph\">{\"@context\":\"https:\\\/\\\/schema.org\",\"@graph\":[{\"@type\":\"Article\",\"@id\":\"http:\\\/\\\/minutocerord.com\\\/?p=1192#article\",\"isPartOf\":{\"@id\":\"http:\\\/\\\/minutocerord.com\\\/?p=1192\"},\"author\":{\"name\":\"Genof\u00f3ntes Urb\u00e1ez\",\"@id\":\"https:\\\/\\\/minutocerord.com\\\/#\\\/schema\\\/person\\\/60b5372d60aaa0a5171fb6488be9aee6\"},\"headline\":\"Procuradur\u00eda interroga exfuncionarias Iris Guaba y Yokasta Guzm\u00e1n\",\"datePublished\":\"2020-12-04T21:34:30+00:00\",\"dateModified\":\"2020-12-04T21:37:22+00:00\",\"mainEntityOfPage\":{\"@id\":\"http:\\\/\\\/minutocerord.com\\\/?p=1192\"},\"wordCount\":190,\"commentCount\":0,\"publisher\":{\"@id\":\"https:\\\/\\\/minutocerord.com\\\/#\\\/schema\\\/person\\\/60b5372d60aaa0a5171fb6488be9aee6\"},\"image\":{\"@id\":\"http:\\\/\\\/minutocerord.com\\\/?p=1192#primaryimage\"},\"thumbnailUrl\":\"https:\\\/\\\/i0.wp.com\\\/minutocerord.com\\\/wp-content\\\/uploads\\\/2020\\\/12\\\/Guzman-y-Guaba.jpg?fit=948%2C502&ssl=1\",\"articleSection\":[\"Justicia\"],\"inLanguage\":\"es-DO\",\"potentialAction\":[{\"@type\":\"CommentAction\",\"name\":\"Comment\",\"target\":[\"http:\\\/\\\/minutocerord.com\\\/?p=1192#respond\"]}]},{\"@type\":\"WebPage\",\"@id\":\"http:\\\/\\\/minutocerord.com\\\/?p=1192\",\"url\":\"http:\\\/\\\/minutocerord.com\\\/?p=1192\",\"name\":\"Procuradur\u00eda interroga exfuncionarias Iris Guaba y Yokasta Guzm\u00e1n - Minuto Cero RD\",\"isPartOf\":{\"@id\":\"https:\\\/\\\/minutocerord.com\\\/#website\"},\"primaryImageOfPage\":{\"@id\":\"http:\\\/\\\/minutocerord.com\\\/?p=1192#primaryimage\"},\"image\":{\"@id\":\"http:\\\/\\\/minutocerord.com\\\/?p=1192#primaryimage\"},\"thumbnailUrl\":\"https:\\\/\\\/i0.wp.com\\\/minutocerord.com\\\/wp-content\\\/uploads\\\/2020\\\/12\\\/Guzman-y-Guaba.jpg?fit=948%2C502&ssl=1\",\"datePublished\":\"2020-12-04T21:34:30+00:00\",\"dateModified\":\"2020-12-04T21:37:22+00:00\",\"breadcrumb\":{\"@id\":\"http:\\\/\\\/minutocerord.com\\\/?p=1192#breadcrumb\"},\"inLanguage\":\"es-DO\",\"potentialAction\":[{\"@type\":\"ReadAction\",\"target\":[\"http:\\\/\\\/minutocerord.com\\\/?p=1192\"]}]},{\"@type\":\"ImageObject\",\"inLanguage\":\"es-DO\",\"@id\":\"http:\\\/\\\/minutocerord.com\\\/?p=1192#primaryimage\",\"url\":\"https:\\\/\\\/i0.wp.com\\\/minutocerord.com\\\/wp-content\\\/uploads\\\/2020\\\/12\\\/Guzman-y-Guaba.jpg?fit=948%2C502&ssl=1\",\"contentUrl\":\"https:\\\/\\\/i0.wp.com\\\/minutocerord.com\\\/wp-content\\\/uploads\\\/2020\\\/12\\\/Guzman-y-Guaba.jpg?fit=948%2C502&ssl=1\",\"width\":948,\"height\":502},{\"@type\":\"BreadcrumbList\",\"@id\":\"http:\\\/\\\/minutocerord.com\\\/?p=1192#breadcrumb\",\"itemListElement\":[{\"@type\":\"ListItem\",\"position\":1,\"name\":\"Home\",\"item\":\"https:\\\/\\\/minutocerord.com\\\/\"},{\"@type\":\"ListItem\",\"position\":2,\"name\":\"Procuradur\u00eda interroga exfuncionarias Iris Guaba y Yokasta Guzm\u00e1n\"}]},{\"@type\":\"WebSite\",\"@id\":\"https:\\\/\\\/minutocerord.com\\\/#website\",\"url\":\"https:\\\/\\\/minutocerord.com\\\/\",\"name\":\"Minuto Cero RD\",\"description\":\"Periodismo serio y veraz\",\"publisher\":{\"@id\":\"https:\\\/\\\/minutocerord.com\\\/#\\\/schema\\\/person\\\/60b5372d60aaa0a5171fb6488be9aee6\"},\"potentialAction\":[{\"@type\":\"SearchAction\",\"target\":{\"@type\":\"EntryPoint\",\"urlTemplate\":\"https:\\\/\\\/minutocerord.com\\\/?s={search_term_string}\"},\"query-input\":{\"@type\":\"PropertyValueSpecification\",\"valueRequired\":true,\"valueName\":\"search_term_string\"}}],\"inLanguage\":\"es-DO\"},{\"@type\":[\"Person\",\"Organization\"],\"@id\":\"https:\\\/\\\/minutocerord.com\\\/#\\\/schema\\\/person\\\/60b5372d60aaa0a5171fb6488be9aee6\",\"name\":\"Genof\u00f3ntes Urb\u00e1ez\",\"image\":{\"@type\":\"ImageObject\",\"inLanguage\":\"es-DO\",\"@id\":\"https:\\\/\\\/secure.gravatar.com\\\/avatar\\\/a49ef3186a692098ac3e8a1612261e3ad70cf9e44553dff2929e67939a0ecb9d?s=96&d=identicon&r=g\",\"url\":\"https:\\\/\\\/secure.gravatar.com\\\/avatar\\\/a49ef3186a692098ac3e8a1612261e3ad70cf9e44553dff2929e67939a0ecb9d?s=96&d=identicon&r=g\",\"contentUrl\":\"https:\\\/\\\/secure.gravatar.com\\\/avatar\\\/a49ef3186a692098ac3e8a1612261e3ad70cf9e44553dff2929e67939a0ecb9d?s=96&d=identicon&r=g\",\"caption\":\"Genof\u00f3ntes Urb\u00e1ez\"},\"logo\":{\"@id\":\"https:\\\/\\\/secure.gravatar.com\\\/avatar\\\/a49ef3186a692098ac3e8a1612261e3ad70cf9e44553dff2929e67939a0ecb9d?s=96&d=identicon&r=g\"},\"description\":\"Periodista \\\/ Locutor\",\"sameAs\":[\"https:\\\/\\\/www.facebook.com\\\/Genofnotes\",\"https:\\\/\\\/www.instagram.com\\\/genofnotes\\\/\"]}]}<\/script>\n<!-- \/ Yoast SEO plugin. -->","yoast_head_json":{"title":"Procuradur\u00eda interroga exfuncionarias Iris Guaba y Yokasta Guzm\u00e1n - Minuto Cero RD","robots":{"index":"index","follow":"follow","max-snippet":"max-snippet:-1","max-image-preview":"max-image-preview:large","max-video-preview":"max-video-preview:-1"},"canonical":"http:\/\/minutocerord.com\/?p=1192","og_locale":"es_ES","og_type":"article","og_title":"Procuradur\u00eda interroga exfuncionarias Iris Guaba y Yokasta Guzm\u00e1n - Minuto Cero RD","og_description":"SANTO DOMINGO.- La exdirectora del Plan de Asistencia Social de la Presidencia, Iris Guaba; y la exdirectora de Compras y Contrataciones P\u00fablicas, Yokasta Guzm\u00e1n,&nbsp;son interrogadas en estos momentos en la Procuradur\u00eda General. Los interrogatorios a las dos ex funcionarias de la pasada gesti\u00f3n de gobierno de Danilo Medina son realizados en la Procuradur\u00eda Especializada de [&hellip;]","og_url":"http:\/\/minutocerord.com\/?p=1192","og_site_name":"Minuto Cero RD","article_publisher":"https:\/\/www.facebook.com\/Genofnotes","article_author":"https:\/\/www.facebook.com\/Genofnotes","article_published_time":"2020-12-04T21:34:30+00:00","article_modified_time":"2020-12-04T21:37:22+00:00","og_image":[{"width":948,"height":502,"url":"https:\/\/i0.wp.com\/minutocerord.com\/wp-content\/uploads\/2020\/12\/Guzman-y-Guaba.jpg?fit=948%2C502","type":"image\/jpeg"}],"author":"Genof\u00f3ntes Urb\u00e1ez","twitter_card":"summary_large_image","twitter_misc":{"Written by":"Genof\u00f3ntes Urb\u00e1ez","Est. reading time":"1 minuto"},"schema":{"@context":"https:\/\/schema.org","@graph":[{"@type":"Article","@id":"http:\/\/minutocerord.com\/?p=1192#article","isPartOf":{"@id":"http:\/\/minutocerord.com\/?p=1192"},"author":{"name":"Genof\u00f3ntes Urb\u00e1ez","@id":"https:\/\/minutocerord.com\/#\/schema\/person\/60b5372d60aaa0a5171fb6488be9aee6"},"headline":"Procuradur\u00eda interroga exfuncionarias Iris Guaba y Yokasta Guzm\u00e1n","datePublished":"2020-12-04T21:34:30+00:00","dateModified":"2020-12-04T21:37:22+00:00","mainEntityOfPage":{"@id":"http:\/\/minutocerord.com\/?p=1192"},"wordCount":190,"commentCount":0,"publisher":{"@id":"https:\/\/minutocerord.com\/#\/schema\/person\/60b5372d60aaa0a5171fb6488be9aee6"},"image":{"@id":"http:\/\/minutocerord.com\/?p=1192#primaryimage"},"thumbnailUrl":"https:\/\/i0.wp.com\/minutocerord.com\/wp-content\/uploads\/2020\/12\/Guzman-y-Guaba.jpg?fit=948%2C502&ssl=1","articleSection":["Justicia"],"inLanguage":"es-DO","potentialAction":[{"@type":"CommentAction","name":"Comment","target":["http:\/\/minutocerord.com\/?p=1192#respond"]}]},{"@type":"WebPage","@id":"http:\/\/minutocerord.com\/?p=1192","url":"http:\/\/minutocerord.com\/?p=1192","name":"Procuradur\u00eda interroga exfuncionarias Iris Guaba y Yokasta Guzm\u00e1n - Minuto Cero RD","isPartOf":{"@id":"https:\/\/minutocerord.com\/#website"},"primaryImageOfPage":{"@id":"http:\/\/minutocerord.com\/?p=1192#primaryimage"},"image":{"@id":"http:\/\/minutocerord.com\/?p=1192#primaryimage"},"thumbnailUrl":"https:\/\/i0.wp.com\/minutocerord.com\/wp-content\/uploads\/2020\/12\/Guzman-y-Guaba.jpg?fit=948%2C502&ssl=1","datePublished":"2020-12-04T21:34:30+00:00","dateModified":"2020-12-04T21:37:22+00:00","breadcrumb":{"@id":"http:\/\/minutocerord.com\/?p=1192#breadcrumb"},"inLanguage":"es-DO","potentialAction":[{"@type":"ReadAction","target":["http:\/\/minutocerord.com\/?p=1192"]}]},{"@type":"ImageObject","inLanguage":"es-DO","@id":"http:\/\/minutocerord.com\/?p=1192#primaryimage","url":"https:\/\/i0.wp.com\/minutocerord.com\/wp-content\/uploads\/2020\/12\/Guzman-y-Guaba.jpg?fit=948%2C502&ssl=1","contentUrl":"https:\/\/i0.wp.com\/minutocerord.com\/wp-content\/uploads\/2020\/12\/Guzman-y-Guaba.jpg?fit=948%2C502&ssl=1","width":948,"height":502},{"@type":"BreadcrumbList","@id":"http:\/\/minutocerord.com\/?p=1192#breadcrumb","itemListElement":[{"@type":"ListItem","position":1,"name":"Home","item":"https:\/\/minutocerord.com\/"},{"@type":"ListItem","position":2,"name":"Procuradur\u00eda interroga exfuncionarias Iris Guaba y Yokasta Guzm\u00e1n"}]},{"@type":"WebSite","@id":"https:\/\/minutocerord.com\/#website","url":"https:\/\/minutocerord.com\/","name":"Minuto Cero RD","description":"Periodismo serio y veraz","publisher":{"@id":"https:\/\/minutocerord.com\/#\/schema\/person\/60b5372d60aaa0a5171fb6488be9aee6"},"potentialAction":[{"@type":"SearchAction","target":{"@type":"EntryPoint","urlTemplate":"https:\/\/minutocerord.com\/?s={search_term_string}"},"query-input":{"@type":"PropertyValueSpecification","valueRequired":true,"valueName":"search_term_string"}}],"inLanguage":"es-DO"},{"@type":["Person","Organization"],"@id":"https:\/\/minutocerord.com\/#\/schema\/person\/60b5372d60aaa0a5171fb6488be9aee6","name":"Genof\u00f3ntes Urb\u00e1ez","image":{"@type":"ImageObject","inLanguage":"es-DO","@id":"https:\/\/secure.gravatar.com\/avatar\/a49ef3186a692098ac3e8a1612261e3ad70cf9e44553dff2929e67939a0ecb9d?s=96&d=identicon&r=g","url":"https:\/\/secure.gravatar.com\/avatar\/a49ef3186a692098ac3e8a1612261e3ad70cf9e44553dff2929e67939a0ecb9d?s=96&d=identicon&r=g","contentUrl":"https:\/\/secure.gravatar.com\/avatar\/a49ef3186a692098ac3e8a1612261e3ad70cf9e44553dff2929e67939a0ecb9d?s=96&d=identicon&r=g","caption":"Genof\u00f3ntes Urb\u00e1ez"},"logo":{"@id":"https:\/\/secure.gravatar.com\/avatar\/a49ef3186a692098ac3e8a1612261e3ad70cf9e44553dff2929e67939a0ecb9d?s=96&d=identicon&r=g"},"description":"Periodista \/ Locutor","sameAs":["https:\/\/www.facebook.com\/Genofnotes","https:\/\/www.instagram.com\/genofnotes\/"]}]}},"jetpack_publicize_connections":[],"jetpack_featured_media_url":"https:\/\/i0.wp.com\/minutocerord.com\/wp-content\/uploads\/2020\/12\/Guzman-y-Guaba.jpg?fit=948%2C502&ssl=1","jetpack-related-posts":[],"jetpack_sharing_enabled":true,"_links":{"self":[{"href":"https:\/\/minutocerord.com\/index.php?rest_route=\/wp\/v2\/posts\/1192","targetHints":{"allow":["GET"]}}],"collection":[{"href":"https:\/\/minutocerord.com\/index.php?rest_route=\/wp\/v2\/posts"}],"about":[{"href":"https:\/\/minutocerord.com\/index.php?rest_route=\/wp\/v2\/types\/post"}],"author":[{"embeddable":true,"href":"https:\/\/minutocerord.com\/index.php?rest_route=\/wp\/v2\/users\/1"}],"replies":[{"embeddable":true,"href":"https:\/\/minutocerord.com\/index.php?rest_route=%2Fwp%2Fv2%2Fcomments&post=1192"}],"version-history":[{"count":2,"href":"https:\/\/minutocerord.com\/index.php?rest_route=\/wp\/v2\/posts\/1192\/revisions"}],"predecessor-version":[{"id":1199,"href":"https:\/\/minutocerord.com\/index.php?rest_route=\/wp\/v2\/posts\/1192\/revisions\/1199"}],"wp:featuredmedia":[{"embeddable":true,"href":"https:\/\/minutocerord.com\/index.php?rest_route=\/wp\/v2\/media\/1193"}],"wp:attachment":[{"href":"https:\/\/minutocerord.com\/index.php?rest_route=%2Fwp%2Fv2%2Fmedia&parent=1192"}],"wp:term":[{"taxonomy":"category","embeddable":true,"href":"https:\/\/minutocerord.com\/index.php?rest_route=%2Fwp%2Fv2%2Fcategories&post=1192"},{"taxonomy":"post_tag","embeddable":true,"href":"https:\/\/minutocerord.com\/index.php?rest_route=%2Fwp%2Fv2%2Ftags&post=1192"}],"curies":[{"name":"wp","href":"https:\/\/api.w.org\/{rel}","templated":true}]}}