{"id":1209,"date":"2020-12-04T18:03:08","date_gmt":"2020-12-04T22:03:08","guid":{"rendered":"https:\/\/minutocerord.com\/?p=1209"},"modified":"2020-12-04T18:03:10","modified_gmt":"2020-12-04T22:03:10","slug":"presidente-abinader-pone-en-retiro-a-24-oficiales-superiores-del-ejercito-listado","status":"publish","type":"post","link":"https:\/\/minutocerord.com\/?p=1209","title":{"rendered":"Presidente Abinader pone en retiro a 24 oficiales superiores del Ej\u00e9rcito (Listado)"},"content":{"rendered":"\n<figure class=\"wp-block-image\"><a href=\"https:\/\/i0.wp.com\/almomento.net\/wp-content\/uploads\/2020\/12\/ejercitord.jpg?ssl=1\"><img data-recalc-dims=\"1\" decoding=\"async\" loading=\"lazy\" src=\"https:\/\/i0.wp.com\/almomento.net\/wp-content\/uploads\/2020\/12\/ejercitord.jpg?w=640&#038;ssl=1\" alt=\"imagen\" title=\"Presidente Abinader pone en retiro a 24 oficiales superiores del Ej\u00e9rcito\"\/><\/a><\/figure>\n\n\n\n<ul class=\"wp-block-list\"><li><strong>Por&nbsp;<\/strong><a href=\"https:\/\/almomento.net\/author\/omarfurment\/\"><strong>OMAR FURMENT<\/strong><\/a><\/li><li>Fecha: 04\/12\/2020<\/li><li><strong>Comparte:<\/strong>&nbsp;&nbsp;&nbsp;&nbsp;&nbsp;<\/li><\/ul>\n\n\n\n<p>SANTO&nbsp;DOMINGO.- El presidente Luis Abinader dispuso este viernes el retiro de a 24 oficiales superiores del Ej\u00e9rcito de la Rep\u00fablica Dominicana.&nbsp;Mediante decreto, los retirados son:&nbsp;1. Mayormgeneral Juan Antonio Campusano L\u00f3pez.2. Mayor general Geraldo de los SantosMora.3. Mayor general Jose Eugenio Matos de la Cruz.4. General de brigada Tom\u00e1s de la Rosa Pastrano.5. General de brigada Carlos Ambrosio Robles D\u00edaz.6. General de brigada Pedro Jos\u00e9 Alm\u00e1nzar Mart\u00ednez.7. General de brigada Miguel Angel Cordero Mcj\u00eda.8. General de brigada Domingo Alfonso Medina M\u00e9ndez.9. General de brigada Luis Francisco de Le\u00f3n Rodr\u00edguez.10.General de brigada Rub\u00e9n Dar\u00edo Contreras Polanco.11.General de brigada Joaqu\u00edn Bol\u00edvar Borrclly Mera.12.General de brigada Leonardo Enrique Sabater N\u00fa\u00f1ez.13.General de brigada Gilberto Rosario Polanco.14.General de brigada Eduardo Valent\u00edn Man\u00edn Liberato.15.General de brigada Davert A. Polanco Arias.16.General de brigada Abraham Emilio Luna Rodr\u00edguez.17.General de brigada Rafael D\u00edaz G\u00f3mez.18.General de brigada Sugar Puttzi Friigis Mart\u00ednez.19.General de brigada Carlos Melchor Aguirre Reyes.20. General de brigada Roberto Miguel \u00a1Ram\u00edrez Mart\u00ednez.21.General de brigada Napole\u00f3n Terrero Figiieroa.22.General de brigada Alexis Ram\u00f3n Saniana Almonte.23.General de brigada Francisco Radham\u00e9s Moncs Fern\u00e1ndez.24.Coronel mcd. Ney Guerra Mart\u00ednez.<\/p>\n","protected":false},"excerpt":{"rendered":"<p>Por&nbsp;OMAR FURMENT Fecha: 04\/12\/2020 Comparte:&nbsp;&nbsp;&nbsp;&nbsp;&nbsp; SANTO&nbsp;DOMINGO.- El presidente Luis Abinader dispuso este viernes el retiro de a 24 oficiales superiores del Ej\u00e9rcito de la Rep\u00fablica Dominicana.&nbsp;Mediante decreto, los retirados son:&nbsp;1. Mayormgeneral Juan Antonio Campusano L\u00f3pez.2. Mayor general Geraldo de los SantosMora.3. Mayor general Jose Eugenio Matos de la Cruz.4. General de brigada Tom\u00e1s de la [&hellip;]<\/p>\n","protected":false},"author":1,"featured_media":1210,"comment_status":"open","ping_status":"open","sticky":false,"template":"","format":"standard","meta":{"nf_dc_page":"","jetpack_post_was_ever_published":false,"_jetpack_newsletter_access":"","_jetpack_dont_email_post_to_subs":false,"_jetpack_newsletter_tier_id":0,"_jetpack_memberships_contains_paywalled_content":false,"_jetpack_memberships_contains_paid_content":false,"footnotes":"","jetpack_publicize_message":"","jetpack_publicize_feature_enabled":true,"jetpack_social_post_already_shared":false,"jetpack_social_options":{"image_generator_settings":{"template":"highway","default_image_id":0,"font":"","enabled":false},"version":2}},"categories":[65],"tags":[],"class_list":["post-1209","post","type-post","status-publish","format-standard","has-post-thumbnail","hentry","category-nacionales"],"yoast_head":"<!-- This site is optimized with the Yoast SEO plugin v27.5 - https:\/\/yoast.com\/product\/yoast-seo-wordpress\/ -->\n<title>Presidente Abinader pone en retiro a 24 oficiales superiores del Ej\u00e9rcito (Listado) - Minuto Cero RD<\/title>\n<meta name=\"robots\" content=\"index, follow, max-snippet:-1, max-image-preview:large, max-video-preview:-1\" \/>\n<link rel=\"canonical\" href=\"http:\/\/minutocerord.com\/?p=1209\" \/>\n<meta property=\"og:locale\" content=\"es_ES\" \/>\n<meta property=\"og:type\" content=\"article\" \/>\n<meta property=\"og:title\" content=\"Presidente Abinader pone en retiro a 24 oficiales superiores del Ej\u00e9rcito (Listado) - Minuto Cero RD\" \/>\n<meta property=\"og:description\" content=\"Por&nbsp;OMAR FURMENT Fecha: 04\/12\/2020 Comparte:&nbsp;&nbsp;&nbsp;&nbsp;&nbsp; SANTO&nbsp;DOMINGO.- El presidente Luis Abinader dispuso este viernes el retiro de a 24 oficiales superiores del Ej\u00e9rcito de la Rep\u00fablica Dominicana.&nbsp;Mediante decreto, los retirados son:&nbsp;1. Mayormgeneral Juan Antonio Campusano L\u00f3pez.2. Mayor general Geraldo de los SantosMora.3. Mayor general Jose Eugenio Matos de la Cruz.4. General de brigada Tom\u00e1s de la [&hellip;]\" \/>\n<meta property=\"og:url\" content=\"http:\/\/minutocerord.com\/?p=1209\" \/>\n<meta property=\"og:site_name\" content=\"Minuto Cero RD\" \/>\n<meta property=\"article:publisher\" content=\"https:\/\/www.facebook.com\/Genofnotes\" \/>\n<meta property=\"article:author\" content=\"https:\/\/www.facebook.com\/Genofnotes\" \/>\n<meta property=\"article:published_time\" content=\"2020-12-04T22:03:08+00:00\" \/>\n<meta property=\"article:modified_time\" content=\"2020-12-04T22:03:10+00:00\" \/>\n<meta property=\"og:image\" content=\"https:\/\/i0.wp.com\/minutocerord.com\/wp-content\/uploads\/2020\/12\/ejercitord.jpg?fit=677%2C380\" \/>\n\t<meta property=\"og:image:width\" content=\"677\" \/>\n\t<meta property=\"og:image:height\" content=\"380\" \/>\n\t<meta property=\"og:image:type\" content=\"image\/jpeg\" \/>\n<meta name=\"author\" content=\"Genof\u00f3ntes Urb\u00e1ez\" \/>\n<meta name=\"twitter:card\" content=\"summary_large_image\" \/>\n<meta name=\"twitter:label1\" content=\"Written by\" \/>\n\t<meta name=\"twitter:data1\" content=\"Genof\u00f3ntes Urb\u00e1ez\" \/>\n\t<meta name=\"twitter:label2\" content=\"Est. reading time\" \/>\n\t<meta name=\"twitter:data2\" content=\"1 minuto\" \/>\n<script type=\"application\/ld+json\" class=\"yoast-schema-graph\">{\"@context\":\"https:\\\/\\\/schema.org\",\"@graph\":[{\"@type\":\"Article\",\"@id\":\"http:\\\/\\\/minutocerord.com\\\/?p=1209#article\",\"isPartOf\":{\"@id\":\"http:\\\/\\\/minutocerord.com\\\/?p=1209\"},\"author\":{\"name\":\"Genof\u00f3ntes Urb\u00e1ez\",\"@id\":\"https:\\\/\\\/minutocerord.com\\\/#\\\/schema\\\/person\\\/60b5372d60aaa0a5171fb6488be9aee6\"},\"headline\":\"Presidente Abinader pone en retiro a 24 oficiales superiores del Ej\u00e9rcito (Listado)\",\"datePublished\":\"2020-12-04T22:03:08+00:00\",\"dateModified\":\"2020-12-04T22:03:10+00:00\",\"mainEntityOfPage\":{\"@id\":\"http:\\\/\\\/minutocerord.com\\\/?p=1209\"},\"wordCount\":245,\"commentCount\":0,\"publisher\":{\"@id\":\"https:\\\/\\\/minutocerord.com\\\/#\\\/schema\\\/person\\\/60b5372d60aaa0a5171fb6488be9aee6\"},\"image\":{\"@id\":\"http:\\\/\\\/minutocerord.com\\\/?p=1209#primaryimage\"},\"thumbnailUrl\":\"https:\\\/\\\/i0.wp.com\\\/minutocerord.com\\\/wp-content\\\/uploads\\\/2020\\\/12\\\/ejercitord.jpg?fit=677%2C380&ssl=1\",\"articleSection\":[\"Nacionales\"],\"inLanguage\":\"es-DO\",\"potentialAction\":[{\"@type\":\"CommentAction\",\"name\":\"Comment\",\"target\":[\"http:\\\/\\\/minutocerord.com\\\/?p=1209#respond\"]}]},{\"@type\":\"WebPage\",\"@id\":\"http:\\\/\\\/minutocerord.com\\\/?p=1209\",\"url\":\"http:\\\/\\\/minutocerord.com\\\/?p=1209\",\"name\":\"Presidente Abinader pone en retiro a 24 oficiales superiores del Ej\u00e9rcito (Listado) - Minuto Cero RD\",\"isPartOf\":{\"@id\":\"https:\\\/\\\/minutocerord.com\\\/#website\"},\"primaryImageOfPage\":{\"@id\":\"http:\\\/\\\/minutocerord.com\\\/?p=1209#primaryimage\"},\"image\":{\"@id\":\"http:\\\/\\\/minutocerord.com\\\/?p=1209#primaryimage\"},\"thumbnailUrl\":\"https:\\\/\\\/i0.wp.com\\\/minutocerord.com\\\/wp-content\\\/uploads\\\/2020\\\/12\\\/ejercitord.jpg?fit=677%2C380&ssl=1\",\"datePublished\":\"2020-12-04T22:03:08+00:00\",\"dateModified\":\"2020-12-04T22:03:10+00:00\",\"breadcrumb\":{\"@id\":\"http:\\\/\\\/minutocerord.com\\\/?p=1209#breadcrumb\"},\"inLanguage\":\"es-DO\",\"potentialAction\":[{\"@type\":\"ReadAction\",\"target\":[\"http:\\\/\\\/minutocerord.com\\\/?p=1209\"]}]},{\"@type\":\"ImageObject\",\"inLanguage\":\"es-DO\",\"@id\":\"http:\\\/\\\/minutocerord.com\\\/?p=1209#primaryimage\",\"url\":\"https:\\\/\\\/i0.wp.com\\\/minutocerord.com\\\/wp-content\\\/uploads\\\/2020\\\/12\\\/ejercitord.jpg?fit=677%2C380&ssl=1\",\"contentUrl\":\"https:\\\/\\\/i0.wp.com\\\/minutocerord.com\\\/wp-content\\\/uploads\\\/2020\\\/12\\\/ejercitord.jpg?fit=677%2C380&ssl=1\",\"width\":677,\"height\":380},{\"@type\":\"BreadcrumbList\",\"@id\":\"http:\\\/\\\/minutocerord.com\\\/?p=1209#breadcrumb\",\"itemListElement\":[{\"@type\":\"ListItem\",\"position\":1,\"name\":\"Home\",\"item\":\"https:\\\/\\\/minutocerord.com\\\/\"},{\"@type\":\"ListItem\",\"position\":2,\"name\":\"Presidente Abinader pone en retiro a 24 oficiales superiores del Ej\u00e9rcito (Listado)\"}]},{\"@type\":\"WebSite\",\"@id\":\"https:\\\/\\\/minutocerord.com\\\/#website\",\"url\":\"https:\\\/\\\/minutocerord.com\\\/\",\"name\":\"Minuto Cero RD\",\"description\":\"Periodismo serio y veraz\",\"publisher\":{\"@id\":\"https:\\\/\\\/minutocerord.com\\\/#\\\/schema\\\/person\\\/60b5372d60aaa0a5171fb6488be9aee6\"},\"potentialAction\":[{\"@type\":\"SearchAction\",\"target\":{\"@type\":\"EntryPoint\",\"urlTemplate\":\"https:\\\/\\\/minutocerord.com\\\/?s={search_term_string}\"},\"query-input\":{\"@type\":\"PropertyValueSpecification\",\"valueRequired\":true,\"valueName\":\"search_term_string\"}}],\"inLanguage\":\"es-DO\"},{\"@type\":[\"Person\",\"Organization\"],\"@id\":\"https:\\\/\\\/minutocerord.com\\\/#\\\/schema\\\/person\\\/60b5372d60aaa0a5171fb6488be9aee6\",\"name\":\"Genof\u00f3ntes Urb\u00e1ez\",\"image\":{\"@type\":\"ImageObject\",\"inLanguage\":\"es-DO\",\"@id\":\"https:\\\/\\\/secure.gravatar.com\\\/avatar\\\/a49ef3186a692098ac3e8a1612261e3ad70cf9e44553dff2929e67939a0ecb9d?s=96&d=identicon&r=g\",\"url\":\"https:\\\/\\\/secure.gravatar.com\\\/avatar\\\/a49ef3186a692098ac3e8a1612261e3ad70cf9e44553dff2929e67939a0ecb9d?s=96&d=identicon&r=g\",\"contentUrl\":\"https:\\\/\\\/secure.gravatar.com\\\/avatar\\\/a49ef3186a692098ac3e8a1612261e3ad70cf9e44553dff2929e67939a0ecb9d?s=96&d=identicon&r=g\",\"caption\":\"Genof\u00f3ntes Urb\u00e1ez\"},\"logo\":{\"@id\":\"https:\\\/\\\/secure.gravatar.com\\\/avatar\\\/a49ef3186a692098ac3e8a1612261e3ad70cf9e44553dff2929e67939a0ecb9d?s=96&d=identicon&r=g\"},\"description\":\"Periodista \\\/ Locutor\",\"sameAs\":[\"https:\\\/\\\/www.facebook.com\\\/Genofnotes\",\"https:\\\/\\\/www.instagram.com\\\/genofnotes\\\/\"]}]}<\/script>\n<!-- \/ Yoast SEO plugin. -->","yoast_head_json":{"title":"Presidente Abinader pone en retiro a 24 oficiales superiores del Ej\u00e9rcito (Listado) - Minuto Cero RD","robots":{"index":"index","follow":"follow","max-snippet":"max-snippet:-1","max-image-preview":"max-image-preview:large","max-video-preview":"max-video-preview:-1"},"canonical":"http:\/\/minutocerord.com\/?p=1209","og_locale":"es_ES","og_type":"article","og_title":"Presidente Abinader pone en retiro a 24 oficiales superiores del Ej\u00e9rcito (Listado) - Minuto Cero RD","og_description":"Por&nbsp;OMAR FURMENT Fecha: 04\/12\/2020 Comparte:&nbsp;&nbsp;&nbsp;&nbsp;&nbsp; SANTO&nbsp;DOMINGO.- El presidente Luis Abinader dispuso este viernes el retiro de a 24 oficiales superiores del Ej\u00e9rcito de la Rep\u00fablica Dominicana.&nbsp;Mediante decreto, los retirados son:&nbsp;1. Mayormgeneral Juan Antonio Campusano L\u00f3pez.2. Mayor general Geraldo de los SantosMora.3. Mayor general Jose Eugenio Matos de la Cruz.4. General de brigada Tom\u00e1s de la [&hellip;]","og_url":"http:\/\/minutocerord.com\/?p=1209","og_site_name":"Minuto Cero RD","article_publisher":"https:\/\/www.facebook.com\/Genofnotes","article_author":"https:\/\/www.facebook.com\/Genofnotes","article_published_time":"2020-12-04T22:03:08+00:00","article_modified_time":"2020-12-04T22:03:10+00:00","og_image":[{"width":677,"height":380,"url":"https:\/\/i0.wp.com\/minutocerord.com\/wp-content\/uploads\/2020\/12\/ejercitord.jpg?fit=677%2C380","type":"image\/jpeg"}],"author":"Genof\u00f3ntes Urb\u00e1ez","twitter_card":"summary_large_image","twitter_misc":{"Written by":"Genof\u00f3ntes Urb\u00e1ez","Est. reading time":"1 minuto"},"schema":{"@context":"https:\/\/schema.org","@graph":[{"@type":"Article","@id":"http:\/\/minutocerord.com\/?p=1209#article","isPartOf":{"@id":"http:\/\/minutocerord.com\/?p=1209"},"author":{"name":"Genof\u00f3ntes Urb\u00e1ez","@id":"https:\/\/minutocerord.com\/#\/schema\/person\/60b5372d60aaa0a5171fb6488be9aee6"},"headline":"Presidente Abinader pone en retiro a 24 oficiales superiores del Ej\u00e9rcito (Listado)","datePublished":"2020-12-04T22:03:08+00:00","dateModified":"2020-12-04T22:03:10+00:00","mainEntityOfPage":{"@id":"http:\/\/minutocerord.com\/?p=1209"},"wordCount":245,"commentCount":0,"publisher":{"@id":"https:\/\/minutocerord.com\/#\/schema\/person\/60b5372d60aaa0a5171fb6488be9aee6"},"image":{"@id":"http:\/\/minutocerord.com\/?p=1209#primaryimage"},"thumbnailUrl":"https:\/\/i0.wp.com\/minutocerord.com\/wp-content\/uploads\/2020\/12\/ejercitord.jpg?fit=677%2C380&ssl=1","articleSection":["Nacionales"],"inLanguage":"es-DO","potentialAction":[{"@type":"CommentAction","name":"Comment","target":["http:\/\/minutocerord.com\/?p=1209#respond"]}]},{"@type":"WebPage","@id":"http:\/\/minutocerord.com\/?p=1209","url":"http:\/\/minutocerord.com\/?p=1209","name":"Presidente Abinader pone en retiro a 24 oficiales superiores del Ej\u00e9rcito (Listado) - Minuto Cero RD","isPartOf":{"@id":"https:\/\/minutocerord.com\/#website"},"primaryImageOfPage":{"@id":"http:\/\/minutocerord.com\/?p=1209#primaryimage"},"image":{"@id":"http:\/\/minutocerord.com\/?p=1209#primaryimage"},"thumbnailUrl":"https:\/\/i0.wp.com\/minutocerord.com\/wp-content\/uploads\/2020\/12\/ejercitord.jpg?fit=677%2C380&ssl=1","datePublished":"2020-12-04T22:03:08+00:00","dateModified":"2020-12-04T22:03:10+00:00","breadcrumb":{"@id":"http:\/\/minutocerord.com\/?p=1209#breadcrumb"},"inLanguage":"es-DO","potentialAction":[{"@type":"ReadAction","target":["http:\/\/minutocerord.com\/?p=1209"]}]},{"@type":"ImageObject","inLanguage":"es-DO","@id":"http:\/\/minutocerord.com\/?p=1209#primaryimage","url":"https:\/\/i0.wp.com\/minutocerord.com\/wp-content\/uploads\/2020\/12\/ejercitord.jpg?fit=677%2C380&ssl=1","contentUrl":"https:\/\/i0.wp.com\/minutocerord.com\/wp-content\/uploads\/2020\/12\/ejercitord.jpg?fit=677%2C380&ssl=1","width":677,"height":380},{"@type":"BreadcrumbList","@id":"http:\/\/minutocerord.com\/?p=1209#breadcrumb","itemListElement":[{"@type":"ListItem","position":1,"name":"Home","item":"https:\/\/minutocerord.com\/"},{"@type":"ListItem","position":2,"name":"Presidente Abinader pone en retiro a 24 oficiales superiores del Ej\u00e9rcito (Listado)"}]},{"@type":"WebSite","@id":"https:\/\/minutocerord.com\/#website","url":"https:\/\/minutocerord.com\/","name":"Minuto Cero RD","description":"Periodismo serio y veraz","publisher":{"@id":"https:\/\/minutocerord.com\/#\/schema\/person\/60b5372d60aaa0a5171fb6488be9aee6"},"potentialAction":[{"@type":"SearchAction","target":{"@type":"EntryPoint","urlTemplate":"https:\/\/minutocerord.com\/?s={search_term_string}"},"query-input":{"@type":"PropertyValueSpecification","valueRequired":true,"valueName":"search_term_string"}}],"inLanguage":"es-DO"},{"@type":["Person","Organization"],"@id":"https:\/\/minutocerord.com\/#\/schema\/person\/60b5372d60aaa0a5171fb6488be9aee6","name":"Genof\u00f3ntes Urb\u00e1ez","image":{"@type":"ImageObject","inLanguage":"es-DO","@id":"https:\/\/secure.gravatar.com\/avatar\/a49ef3186a692098ac3e8a1612261e3ad70cf9e44553dff2929e67939a0ecb9d?s=96&d=identicon&r=g","url":"https:\/\/secure.gravatar.com\/avatar\/a49ef3186a692098ac3e8a1612261e3ad70cf9e44553dff2929e67939a0ecb9d?s=96&d=identicon&r=g","contentUrl":"https:\/\/secure.gravatar.com\/avatar\/a49ef3186a692098ac3e8a1612261e3ad70cf9e44553dff2929e67939a0ecb9d?s=96&d=identicon&r=g","caption":"Genof\u00f3ntes Urb\u00e1ez"},"logo":{"@id":"https:\/\/secure.gravatar.com\/avatar\/a49ef3186a692098ac3e8a1612261e3ad70cf9e44553dff2929e67939a0ecb9d?s=96&d=identicon&r=g"},"description":"Periodista \/ Locutor","sameAs":["https:\/\/www.facebook.com\/Genofnotes","https:\/\/www.instagram.com\/genofnotes\/"]}]}},"jetpack_publicize_connections":[],"jetpack_featured_media_url":"https:\/\/i0.wp.com\/minutocerord.com\/wp-content\/uploads\/2020\/12\/ejercitord.jpg?fit=677%2C380&ssl=1","jetpack-related-posts":[],"jetpack_sharing_enabled":true,"_links":{"self":[{"href":"https:\/\/minutocerord.com\/index.php?rest_route=\/wp\/v2\/posts\/1209","targetHints":{"allow":["GET"]}}],"collection":[{"href":"https:\/\/minutocerord.com\/index.php?rest_route=\/wp\/v2\/posts"}],"about":[{"href":"https:\/\/minutocerord.com\/index.php?rest_route=\/wp\/v2\/types\/post"}],"author":[{"embeddable":true,"href":"https:\/\/minutocerord.com\/index.php?rest_route=\/wp\/v2\/users\/1"}],"replies":[{"embeddable":true,"href":"https:\/\/minutocerord.com\/index.php?rest_route=%2Fwp%2Fv2%2Fcomments&post=1209"}],"version-history":[{"count":1,"href":"https:\/\/minutocerord.com\/index.php?rest_route=\/wp\/v2\/posts\/1209\/revisions"}],"predecessor-version":[{"id":1211,"href":"https:\/\/minutocerord.com\/index.php?rest_route=\/wp\/v2\/posts\/1209\/revisions\/1211"}],"wp:featuredmedia":[{"embeddable":true,"href":"https:\/\/minutocerord.com\/index.php?rest_route=\/wp\/v2\/media\/1210"}],"wp:attachment":[{"href":"https:\/\/minutocerord.com\/index.php?rest_route=%2Fwp%2Fv2%2Fmedia&parent=1209"}],"wp:term":[{"taxonomy":"category","embeddable":true,"href":"https:\/\/minutocerord.com\/index.php?rest_route=%2Fwp%2Fv2%2Fcategories&post=1209"},{"taxonomy":"post_tag","embeddable":true,"href":"https:\/\/minutocerord.com\/index.php?rest_route=%2Fwp%2Fv2%2Ftags&post=1209"}],"curies":[{"name":"wp","href":"https:\/\/api.w.org\/{rel}","templated":true}]}}