{"id":12506,"date":"2023-05-03T17:02:45","date_gmt":"2023-05-03T21:02:45","guid":{"rendered":"https:\/\/minutocerord.com\/?p=12506"},"modified":"2023-05-03T17:25:59","modified_gmt":"2023-05-03T21:25:59","slug":"esto-es-lo-que-alegan-los-regidores-que-cobran-sin-trabajar","status":"publish","type":"post","link":"https:\/\/minutocerord.com\/?p=12506","title":{"rendered":"Esto es lo que alegan los regidores que cobran sin trabajar"},"content":{"rendered":"\n<p><strong>Santo Domingo.- <\/strong>Dos de los cinco regidores que han sido denunciados por seguir cobrando y no asistir a las sesiones desde hace a\u00f1os se defendieron y presentaron pruebas al presidente de la Asociaci\u00f3n Dominicana de Regidores (Asodore), Robert Arias, de que supuestamente est\u00e1n en el pa\u00eds.<\/p>\n\n\n\n<p>Una de ellas fue la regidora Yisell Vilorio Herrera, conocida como Anita, de la provincia Hato Mayor, quien habr\u00eda informado que actualmente est\u00e1 en la Rep\u00fablica Dominicana.<\/p>\n\n\n\n<p>La edil del Partido Revolucionario Moderno (PRM) supuestamente sale del pa\u00eds de manera frecuente a atender una situaci\u00f3n de salud que tiene su hijo.<\/p>\n\n\n\n<p>Robert Arias dijo que \u201cparece que ah\u00ed hay una situaci\u00f3n pol\u00edtica tanto del alcalde como de los regidores de otro partido que se opusieron, como ella hab\u00eda pedido permiso por una situaci\u00f3n de su hijo en Estados Unidos\u201d.<\/p>\n\n\n\n<p>Opin\u00f3 que ella se puede incorporar a sus labores, ya que la decisi\u00f3n de suspenderla no se tom\u00f3 en su ausencia. De ella se hab\u00eda denunciado que pr\u00e1cticamente vive en Estados Unidos y no ha dejado de cobrar su salario de 50 mil pesos.<\/p>\n\n\n\n<p>De acuerdo a Balbiery Rosario en el<a href=\"https:\/\/www.diariolibre.com\/actualidad\/politica\/2023\/05\/03\/que-alegan-regidores-cobran-sin-trabajar\/2303262\" rel=\"noreferrer noopener\" target=\"_blank\">&nbsp;Diario Libre<\/a>, en el mismo ayuntamiento de Hato Mayor, el consejal Ram\u00f3n Dar\u00edo Pimentel tiene cerca de un a\u00f1o en Puerto Rico y no ha dejado de cobrar ni ha sido sustituido por su suplente. El presidente de Asodore indic\u00f3 que en ese caso va a sugerir que el Consejo de Regidores lo sustituya.<\/p>\n\n\n\n<p>Este regidor fue electo en el Partido Revolucionario Dominicano (PRD) en marzo del 2020, pero se pas\u00f3 al PRM dos meses despu\u00e9s.<\/p>\n\n\n\n<p>Otro que neg\u00f3 estar fuera del pa\u00eds fue el de Pedernales, Lionni Ronni Carrasco F\u00e9liz, tambi\u00e9n del PRM, identificado en la p\u00e1gina del Ayuntamiento de Pedernales como el presidente del Consejo de Regidores. Carrasco, quien cobra un salario bruto de 34,000 pesos, aleg\u00f3 que est\u00e1 ejerciendo sus funciones.<\/p>\n\n\n\n<p>El presidente de Asodore inform\u00f3 que, en el caso de dos regidores ausentes del Ayuntamiento Municipal de Castillo, provincia Duarte, \u201cel propio alcalde no le ha querido dar paso a los suplentes del partido\u201d. En ese caso est\u00e1n procediendo a enviar una comunicaci\u00f3n para solicitar que inmediatamente los consejos se re\u00fanan y coloquen a los suplentes en los lugares de esos regidores.<\/p>\n\n\n\n<p>Arias aclar\u00f3 que la funci\u00f3n de la entidad que preside se limita a hacer sugerencias o llamarlos a la atenci\u00f3n v\u00eda la directora de \u00c9tica Gubernamental, debido a que los ayuntamientos son instancias aut\u00f3nomas.<\/p>\n\n\n\n<p>Ellos dos indicaron que han sesionado v\u00eda remota a trav\u00e9s de la plataforma Zoom, algo que no es correcto, seg\u00fan Arias, quien entiende que esos consejos deben celebrarse presencialmente. \u201cEl Consejo es un \u00f3rgano para tomar decisiones y actos administrativos que impactan a la ciudad, impactan a sectores de la sociedad e inclusive a persona\u201d, precis\u00f3.<\/p>\n\n\n\n<p>Aparte de los anteriores, Adore identific\u00f3 otros regidores ausentes por haber sufrido enfermedades, algunos accidentes cardiovasculares. La entidad sigue investigando para detectar otros casos.<\/p>\n","protected":false},"excerpt":{"rendered":"<p>Santo Domingo.- Dos de los cinco regidores que han sido denunciados por seguir cobrando y no asistir a las sesiones desde hace a\u00f1os se defendieron y presentaron pruebas al presidente de la Asociaci\u00f3n Dominicana de Regidores (Asodore), Robert Arias, de que supuestamente est\u00e1n en el pa\u00eds. Una de ellas fue la regidora Yisell Vilorio Herrera, [&hellip;]<\/p>\n","protected":false},"author":1,"featured_media":12507,"comment_status":"open","ping_status":"open","sticky":false,"template":"","format":"standard","meta":{"nf_dc_page":"","jetpack_post_was_ever_published":false,"_jetpack_newsletter_access":"","_jetpack_dont_email_post_to_subs":false,"_jetpack_newsletter_tier_id":0,"_jetpack_memberships_contains_paywalled_content":false,"_jetpack_memberships_contains_paid_content":false,"footnotes":"","jetpack_publicize_message":"","jetpack_publicize_feature_enabled":true,"jetpack_social_post_already_shared":false,"jetpack_social_options":{"image_generator_settings":{"template":"highway","default_image_id":0,"font":"","enabled":false},"version":2}},"categories":[65],"tags":[],"class_list":["post-12506","post","type-post","status-publish","format-standard","has-post-thumbnail","hentry","category-nacionales"],"yoast_head":"<!-- This site is optimized with the Yoast SEO plugin v27.4 - https:\/\/yoast.com\/product\/yoast-seo-wordpress\/ -->\n<title>Esto es lo que alegan los regidores que cobran sin trabajar - Minuto Cero RD<\/title>\n<meta name=\"robots\" content=\"index, follow, max-snippet:-1, max-image-preview:large, max-video-preview:-1\" \/>\n<link rel=\"canonical\" href=\"http:\/\/minutocerord.com\/?p=12506\" \/>\n<meta property=\"og:locale\" content=\"es_ES\" \/>\n<meta property=\"og:type\" content=\"article\" \/>\n<meta property=\"og:title\" content=\"Esto es lo que alegan los regidores que cobran sin trabajar - Minuto Cero RD\" \/>\n<meta property=\"og:description\" content=\"Santo Domingo.- Dos de los cinco regidores que han sido denunciados por seguir cobrando y no asistir a las sesiones desde hace a\u00f1os se defendieron y presentaron pruebas al presidente de la Asociaci\u00f3n Dominicana de Regidores (Asodore), Robert Arias, de que supuestamente est\u00e1n en el pa\u00eds. Una de ellas fue la regidora Yisell Vilorio Herrera, [&hellip;]\" \/>\n<meta property=\"og:url\" content=\"http:\/\/minutocerord.com\/?p=12506\" \/>\n<meta property=\"og:site_name\" content=\"Minuto Cero RD\" \/>\n<meta property=\"article:publisher\" content=\"https:\/\/www.facebook.com\/Genofnotes\" \/>\n<meta property=\"article:author\" content=\"https:\/\/www.facebook.com\/Genofnotes\" \/>\n<meta property=\"article:published_time\" content=\"2023-05-03T21:02:45+00:00\" \/>\n<meta property=\"article:modified_time\" content=\"2023-05-03T21:25:59+00:00\" \/>\n<meta property=\"og:image\" content=\"https:\/\/i0.wp.com\/minutocerord.com\/wp-content\/uploads\/2023\/05\/Screenshot_20230503-072824_Chrome.jpg?fit=1051%2C640\" \/>\n\t<meta property=\"og:image:width\" content=\"1051\" \/>\n\t<meta property=\"og:image:height\" content=\"640\" \/>\n\t<meta property=\"og:image:type\" content=\"image\/jpeg\" \/>\n<meta name=\"author\" content=\"Genof\u00f3ntes Urb\u00e1ez\" \/>\n<meta name=\"twitter:card\" content=\"summary_large_image\" \/>\n<meta name=\"twitter:label1\" content=\"Written by\" \/>\n\t<meta name=\"twitter:data1\" content=\"Genof\u00f3ntes Urb\u00e1ez\" \/>\n\t<meta name=\"twitter:label2\" content=\"Est. reading time\" \/>\n\t<meta name=\"twitter:data2\" content=\"3 minutos\" \/>\n<script type=\"application\/ld+json\" class=\"yoast-schema-graph\">{\"@context\":\"https:\\\/\\\/schema.org\",\"@graph\":[{\"@type\":\"Article\",\"@id\":\"http:\\\/\\\/minutocerord.com\\\/?p=12506#article\",\"isPartOf\":{\"@id\":\"http:\\\/\\\/minutocerord.com\\\/?p=12506\"},\"author\":{\"name\":\"Genof\u00f3ntes Urb\u00e1ez\",\"@id\":\"https:\\\/\\\/minutocerord.com\\\/#\\\/schema\\\/person\\\/60b5372d60aaa0a5171fb6488be9aee6\"},\"headline\":\"Esto es lo que alegan los regidores que cobran sin trabajar\",\"datePublished\":\"2023-05-03T21:02:45+00:00\",\"dateModified\":\"2023-05-03T21:25:59+00:00\",\"mainEntityOfPage\":{\"@id\":\"http:\\\/\\\/minutocerord.com\\\/?p=12506\"},\"wordCount\":529,\"commentCount\":0,\"publisher\":{\"@id\":\"https:\\\/\\\/minutocerord.com\\\/#\\\/schema\\\/person\\\/60b5372d60aaa0a5171fb6488be9aee6\"},\"image\":{\"@id\":\"http:\\\/\\\/minutocerord.com\\\/?p=12506#primaryimage\"},\"thumbnailUrl\":\"https:\\\/\\\/i0.wp.com\\\/minutocerord.com\\\/wp-content\\\/uploads\\\/2023\\\/05\\\/Screenshot_20230503-072824_Chrome.jpg?fit=1051%2C640&ssl=1\",\"articleSection\":[\"Nacionales\"],\"inLanguage\":\"es-DO\",\"potentialAction\":[{\"@type\":\"CommentAction\",\"name\":\"Comment\",\"target\":[\"http:\\\/\\\/minutocerord.com\\\/?p=12506#respond\"]}]},{\"@type\":\"WebPage\",\"@id\":\"http:\\\/\\\/minutocerord.com\\\/?p=12506\",\"url\":\"http:\\\/\\\/minutocerord.com\\\/?p=12506\",\"name\":\"Esto es lo que alegan los regidores que cobran sin trabajar - Minuto Cero RD\",\"isPartOf\":{\"@id\":\"https:\\\/\\\/minutocerord.com\\\/#website\"},\"primaryImageOfPage\":{\"@id\":\"http:\\\/\\\/minutocerord.com\\\/?p=12506#primaryimage\"},\"image\":{\"@id\":\"http:\\\/\\\/minutocerord.com\\\/?p=12506#primaryimage\"},\"thumbnailUrl\":\"https:\\\/\\\/i0.wp.com\\\/minutocerord.com\\\/wp-content\\\/uploads\\\/2023\\\/05\\\/Screenshot_20230503-072824_Chrome.jpg?fit=1051%2C640&ssl=1\",\"datePublished\":\"2023-05-03T21:02:45+00:00\",\"dateModified\":\"2023-05-03T21:25:59+00:00\",\"breadcrumb\":{\"@id\":\"http:\\\/\\\/minutocerord.com\\\/?p=12506#breadcrumb\"},\"inLanguage\":\"es-DO\",\"potentialAction\":[{\"@type\":\"ReadAction\",\"target\":[\"http:\\\/\\\/minutocerord.com\\\/?p=12506\"]}]},{\"@type\":\"ImageObject\",\"inLanguage\":\"es-DO\",\"@id\":\"http:\\\/\\\/minutocerord.com\\\/?p=12506#primaryimage\",\"url\":\"https:\\\/\\\/i0.wp.com\\\/minutocerord.com\\\/wp-content\\\/uploads\\\/2023\\\/05\\\/Screenshot_20230503-072824_Chrome.jpg?fit=1051%2C640&ssl=1\",\"contentUrl\":\"https:\\\/\\\/i0.wp.com\\\/minutocerord.com\\\/wp-content\\\/uploads\\\/2023\\\/05\\\/Screenshot_20230503-072824_Chrome.jpg?fit=1051%2C640&ssl=1\",\"width\":1051,\"height\":640},{\"@type\":\"BreadcrumbList\",\"@id\":\"http:\\\/\\\/minutocerord.com\\\/?p=12506#breadcrumb\",\"itemListElement\":[{\"@type\":\"ListItem\",\"position\":1,\"name\":\"Home\",\"item\":\"https:\\\/\\\/minutocerord.com\\\/\"},{\"@type\":\"ListItem\",\"position\":2,\"name\":\"Esto es lo que alegan los regidores que cobran sin trabajar\"}]},{\"@type\":\"WebSite\",\"@id\":\"https:\\\/\\\/minutocerord.com\\\/#website\",\"url\":\"https:\\\/\\\/minutocerord.com\\\/\",\"name\":\"Minuto Cero RD\",\"description\":\"Periodismo serio y veraz\",\"publisher\":{\"@id\":\"https:\\\/\\\/minutocerord.com\\\/#\\\/schema\\\/person\\\/60b5372d60aaa0a5171fb6488be9aee6\"},\"potentialAction\":[{\"@type\":\"SearchAction\",\"target\":{\"@type\":\"EntryPoint\",\"urlTemplate\":\"https:\\\/\\\/minutocerord.com\\\/?s={search_term_string}\"},\"query-input\":{\"@type\":\"PropertyValueSpecification\",\"valueRequired\":true,\"valueName\":\"search_term_string\"}}],\"inLanguage\":\"es-DO\"},{\"@type\":[\"Person\",\"Organization\"],\"@id\":\"https:\\\/\\\/minutocerord.com\\\/#\\\/schema\\\/person\\\/60b5372d60aaa0a5171fb6488be9aee6\",\"name\":\"Genof\u00f3ntes Urb\u00e1ez\",\"image\":{\"@type\":\"ImageObject\",\"inLanguage\":\"es-DO\",\"@id\":\"https:\\\/\\\/secure.gravatar.com\\\/avatar\\\/a49ef3186a692098ac3e8a1612261e3ad70cf9e44553dff2929e67939a0ecb9d?s=96&d=identicon&r=g\",\"url\":\"https:\\\/\\\/secure.gravatar.com\\\/avatar\\\/a49ef3186a692098ac3e8a1612261e3ad70cf9e44553dff2929e67939a0ecb9d?s=96&d=identicon&r=g\",\"contentUrl\":\"https:\\\/\\\/secure.gravatar.com\\\/avatar\\\/a49ef3186a692098ac3e8a1612261e3ad70cf9e44553dff2929e67939a0ecb9d?s=96&d=identicon&r=g\",\"caption\":\"Genof\u00f3ntes Urb\u00e1ez\"},\"logo\":{\"@id\":\"https:\\\/\\\/secure.gravatar.com\\\/avatar\\\/a49ef3186a692098ac3e8a1612261e3ad70cf9e44553dff2929e67939a0ecb9d?s=96&d=identicon&r=g\"},\"description\":\"Periodista \\\/ Locutor\",\"sameAs\":[\"https:\\\/\\\/www.facebook.com\\\/Genofnotes\",\"https:\\\/\\\/www.instagram.com\\\/genofnotes\\\/\"]}]}<\/script>\n<!-- \/ Yoast SEO plugin. -->","yoast_head_json":{"title":"Esto es lo que alegan los regidores que cobran sin trabajar - Minuto Cero RD","robots":{"index":"index","follow":"follow","max-snippet":"max-snippet:-1","max-image-preview":"max-image-preview:large","max-video-preview":"max-video-preview:-1"},"canonical":"http:\/\/minutocerord.com\/?p=12506","og_locale":"es_ES","og_type":"article","og_title":"Esto es lo que alegan los regidores que cobran sin trabajar - Minuto Cero RD","og_description":"Santo Domingo.- Dos de los cinco regidores que han sido denunciados por seguir cobrando y no asistir a las sesiones desde hace a\u00f1os se defendieron y presentaron pruebas al presidente de la Asociaci\u00f3n Dominicana de Regidores (Asodore), Robert Arias, de que supuestamente est\u00e1n en el pa\u00eds. Una de ellas fue la regidora Yisell Vilorio Herrera, [&hellip;]","og_url":"http:\/\/minutocerord.com\/?p=12506","og_site_name":"Minuto Cero RD","article_publisher":"https:\/\/www.facebook.com\/Genofnotes","article_author":"https:\/\/www.facebook.com\/Genofnotes","article_published_time":"2023-05-03T21:02:45+00:00","article_modified_time":"2023-05-03T21:25:59+00:00","og_image":[{"width":1051,"height":640,"url":"https:\/\/i0.wp.com\/minutocerord.com\/wp-content\/uploads\/2023\/05\/Screenshot_20230503-072824_Chrome.jpg?fit=1051%2C640","type":"image\/jpeg"}],"author":"Genof\u00f3ntes Urb\u00e1ez","twitter_card":"summary_large_image","twitter_misc":{"Written by":"Genof\u00f3ntes Urb\u00e1ez","Est. reading time":"3 minutos"},"schema":{"@context":"https:\/\/schema.org","@graph":[{"@type":"Article","@id":"http:\/\/minutocerord.com\/?p=12506#article","isPartOf":{"@id":"http:\/\/minutocerord.com\/?p=12506"},"author":{"name":"Genof\u00f3ntes Urb\u00e1ez","@id":"https:\/\/minutocerord.com\/#\/schema\/person\/60b5372d60aaa0a5171fb6488be9aee6"},"headline":"Esto es lo que alegan los regidores que cobran sin trabajar","datePublished":"2023-05-03T21:02:45+00:00","dateModified":"2023-05-03T21:25:59+00:00","mainEntityOfPage":{"@id":"http:\/\/minutocerord.com\/?p=12506"},"wordCount":529,"commentCount":0,"publisher":{"@id":"https:\/\/minutocerord.com\/#\/schema\/person\/60b5372d60aaa0a5171fb6488be9aee6"},"image":{"@id":"http:\/\/minutocerord.com\/?p=12506#primaryimage"},"thumbnailUrl":"https:\/\/i0.wp.com\/minutocerord.com\/wp-content\/uploads\/2023\/05\/Screenshot_20230503-072824_Chrome.jpg?fit=1051%2C640&ssl=1","articleSection":["Nacionales"],"inLanguage":"es-DO","potentialAction":[{"@type":"CommentAction","name":"Comment","target":["http:\/\/minutocerord.com\/?p=12506#respond"]}]},{"@type":"WebPage","@id":"http:\/\/minutocerord.com\/?p=12506","url":"http:\/\/minutocerord.com\/?p=12506","name":"Esto es lo que alegan los regidores que cobran sin trabajar - Minuto Cero RD","isPartOf":{"@id":"https:\/\/minutocerord.com\/#website"},"primaryImageOfPage":{"@id":"http:\/\/minutocerord.com\/?p=12506#primaryimage"},"image":{"@id":"http:\/\/minutocerord.com\/?p=12506#primaryimage"},"thumbnailUrl":"https:\/\/i0.wp.com\/minutocerord.com\/wp-content\/uploads\/2023\/05\/Screenshot_20230503-072824_Chrome.jpg?fit=1051%2C640&ssl=1","datePublished":"2023-05-03T21:02:45+00:00","dateModified":"2023-05-03T21:25:59+00:00","breadcrumb":{"@id":"http:\/\/minutocerord.com\/?p=12506#breadcrumb"},"inLanguage":"es-DO","potentialAction":[{"@type":"ReadAction","target":["http:\/\/minutocerord.com\/?p=12506"]}]},{"@type":"ImageObject","inLanguage":"es-DO","@id":"http:\/\/minutocerord.com\/?p=12506#primaryimage","url":"https:\/\/i0.wp.com\/minutocerord.com\/wp-content\/uploads\/2023\/05\/Screenshot_20230503-072824_Chrome.jpg?fit=1051%2C640&ssl=1","contentUrl":"https:\/\/i0.wp.com\/minutocerord.com\/wp-content\/uploads\/2023\/05\/Screenshot_20230503-072824_Chrome.jpg?fit=1051%2C640&ssl=1","width":1051,"height":640},{"@type":"BreadcrumbList","@id":"http:\/\/minutocerord.com\/?p=12506#breadcrumb","itemListElement":[{"@type":"ListItem","position":1,"name":"Home","item":"https:\/\/minutocerord.com\/"},{"@type":"ListItem","position":2,"name":"Esto es lo que alegan los regidores que cobran sin trabajar"}]},{"@type":"WebSite","@id":"https:\/\/minutocerord.com\/#website","url":"https:\/\/minutocerord.com\/","name":"Minuto Cero RD","description":"Periodismo serio y veraz","publisher":{"@id":"https:\/\/minutocerord.com\/#\/schema\/person\/60b5372d60aaa0a5171fb6488be9aee6"},"potentialAction":[{"@type":"SearchAction","target":{"@type":"EntryPoint","urlTemplate":"https:\/\/minutocerord.com\/?s={search_term_string}"},"query-input":{"@type":"PropertyValueSpecification","valueRequired":true,"valueName":"search_term_string"}}],"inLanguage":"es-DO"},{"@type":["Person","Organization"],"@id":"https:\/\/minutocerord.com\/#\/schema\/person\/60b5372d60aaa0a5171fb6488be9aee6","name":"Genof\u00f3ntes Urb\u00e1ez","image":{"@type":"ImageObject","inLanguage":"es-DO","@id":"https:\/\/secure.gravatar.com\/avatar\/a49ef3186a692098ac3e8a1612261e3ad70cf9e44553dff2929e67939a0ecb9d?s=96&d=identicon&r=g","url":"https:\/\/secure.gravatar.com\/avatar\/a49ef3186a692098ac3e8a1612261e3ad70cf9e44553dff2929e67939a0ecb9d?s=96&d=identicon&r=g","contentUrl":"https:\/\/secure.gravatar.com\/avatar\/a49ef3186a692098ac3e8a1612261e3ad70cf9e44553dff2929e67939a0ecb9d?s=96&d=identicon&r=g","caption":"Genof\u00f3ntes Urb\u00e1ez"},"logo":{"@id":"https:\/\/secure.gravatar.com\/avatar\/a49ef3186a692098ac3e8a1612261e3ad70cf9e44553dff2929e67939a0ecb9d?s=96&d=identicon&r=g"},"description":"Periodista \/ Locutor","sameAs":["https:\/\/www.facebook.com\/Genofnotes","https:\/\/www.instagram.com\/genofnotes\/"]}]}},"jetpack_publicize_connections":[],"jetpack_featured_media_url":"https:\/\/i0.wp.com\/minutocerord.com\/wp-content\/uploads\/2023\/05\/Screenshot_20230503-072824_Chrome.jpg?fit=1051%2C640&ssl=1","jetpack-related-posts":[],"jetpack_sharing_enabled":true,"_links":{"self":[{"href":"https:\/\/minutocerord.com\/index.php?rest_route=\/wp\/v2\/posts\/12506","targetHints":{"allow":["GET"]}}],"collection":[{"href":"https:\/\/minutocerord.com\/index.php?rest_route=\/wp\/v2\/posts"}],"about":[{"href":"https:\/\/minutocerord.com\/index.php?rest_route=\/wp\/v2\/types\/post"}],"author":[{"embeddable":true,"href":"https:\/\/minutocerord.com\/index.php?rest_route=\/wp\/v2\/users\/1"}],"replies":[{"embeddable":true,"href":"https:\/\/minutocerord.com\/index.php?rest_route=%2Fwp%2Fv2%2Fcomments&post=12506"}],"version-history":[{"count":1,"href":"https:\/\/minutocerord.com\/index.php?rest_route=\/wp\/v2\/posts\/12506\/revisions"}],"predecessor-version":[{"id":12508,"href":"https:\/\/minutocerord.com\/index.php?rest_route=\/wp\/v2\/posts\/12506\/revisions\/12508"}],"wp:featuredmedia":[{"embeddable":true,"href":"https:\/\/minutocerord.com\/index.php?rest_route=\/wp\/v2\/media\/12507"}],"wp:attachment":[{"href":"https:\/\/minutocerord.com\/index.php?rest_route=%2Fwp%2Fv2%2Fmedia&parent=12506"}],"wp:term":[{"taxonomy":"category","embeddable":true,"href":"https:\/\/minutocerord.com\/index.php?rest_route=%2Fwp%2Fv2%2Fcategories&post=12506"},{"taxonomy":"post_tag","embeddable":true,"href":"https:\/\/minutocerord.com\/index.php?rest_route=%2Fwp%2Fv2%2Ftags&post=12506"}],"curies":[{"name":"wp","href":"https:\/\/api.w.org\/{rel}","templated":true}]}}