{"id":12509,"date":"2023-05-03T17:58:43","date_gmt":"2023-05-03T21:58:43","guid":{"rendered":"https:\/\/minutocerord.com\/?p=12509"},"modified":"2023-05-03T17:58:44","modified_gmt":"2023-05-03T21:58:44","slug":"bandas-de-haitianos-desafian-al-ejercito-y-roban-en-dominicana","status":"publish","type":"post","link":"https:\/\/minutocerord.com\/?p=12509","title":{"rendered":"Bandas de haitianos desaf\u00edan al Ej\u00e9rcito y roban en Dominicana"},"content":{"rendered":"\n<p><a href=\"https:\/\/almomento.net\/wp-content\/uploads\/2023\/05\/f608x342-150889_180612_31.jpg\"><\/a><strong>MONTECRISTI, RD.- <\/strong>En un claro desaf\u00edo, bandas haitianas en combinaci\u00f3n con dominicanos robaron la madrugada de este mi\u00e9rcoles dos motocicletas en la empresa Plantaciones del Norte, localizada en la carretera Manzanillo-Copey, poniendo en tela de juicio efectividad de un patrullaje militar que habr\u00eda sido iniciado en el municipio.<\/p>\n\n\n\n<p>Los empleados de la tanda diurna de dicha empresa, exportadora de bananos, dejan sus motocicletas en el parqueo de la misma porque es visible y considerado seguro, pero los delincuentes rompieron una alambrada para penetrar y cargar con dichos veh\u00edculos.<\/p>\n\n\n\n<p>Una de las motocicletas sustra\u00eddas&nbsp; este mi\u00e9rcoles hab\u00eda sido robada tambi\u00e9n la semana pasada pero fue abandonada por ladrones haitianos cuando se percataron de que eran perseguidos por residentes del sector Villa Raif de Manzanillo, quienes se han organizado en comit\u00e9s de vigilancia para prevenir los robos.<\/p>\n\n\n\n<p>Estos \u00faltimos han resaltado la necesidad de instalar en Manzanillo una Supervisora de la Polic\u00eda Nacional, ya que entienden que no es posible que con tres polic\u00edas se pueda hablar de garant\u00eda de seguridad en el municipio.<\/p>\n\n\n\n<p>Tambi\u00e9n consideran urgente la necesidad de fortalecer y hacer permanente el patrullaje en la zona y que el Ej\u00e9rcito y las autoridades correspondientes tomen medidas contundentes para combatir el crimen organizado transfronterizo y garantizar la seguridad de la comunidad de Manzanillo.<\/p>\n\n\n\n<p>Asimismo, es fundamental la instalaci\u00f3n de c\u00e1maras de seguridad, la intensificaci\u00f3n del patrullaje en horas nocturnas y la cooperaci\u00f3n entre la poblaci\u00f3n y las autoridades son medidas necesarias para garantizar la seguridad en la zona.<\/p>\n\n\n\n<p><strong>Por FRANK VALENZUELA<\/strong><\/p>\n","protected":false},"excerpt":{"rendered":"<p>MONTECRISTI, RD.- En un claro desaf\u00edo, bandas haitianas en combinaci\u00f3n con dominicanos robaron la madrugada de este mi\u00e9rcoles dos motocicletas en la empresa Plantaciones del Norte, localizada en la carretera Manzanillo-Copey, poniendo en tela de juicio efectividad de un patrullaje militar que habr\u00eda sido iniciado en el municipio. Los empleados de la tanda diurna de [&hellip;]<\/p>\n","protected":false},"author":1,"featured_media":12510,"comment_status":"open","ping_status":"open","sticky":false,"template":"","format":"standard","meta":{"nf_dc_page":"","jetpack_post_was_ever_published":false,"_jetpack_newsletter_access":"","_jetpack_dont_email_post_to_subs":false,"_jetpack_newsletter_tier_id":0,"_jetpack_memberships_contains_paywalled_content":false,"_jetpack_memberships_contains_paid_content":false,"footnotes":"","jetpack_publicize_message":"","jetpack_publicize_feature_enabled":true,"jetpack_social_post_already_shared":false,"jetpack_social_options":{"image_generator_settings":{"template":"highway","default_image_id":0,"font":"","enabled":false},"version":2}},"categories":[114],"tags":[],"class_list":["post-12509","post","type-post","status-publish","format-standard","has-post-thumbnail","hentry","category-frontera"],"yoast_head":"<!-- This site is optimized with the Yoast SEO plugin v27.4 - https:\/\/yoast.com\/product\/yoast-seo-wordpress\/ -->\n<title>Bandas de haitianos desaf\u00edan al Ej\u00e9rcito y roban en Dominicana - Minuto Cero RD<\/title>\n<meta name=\"robots\" content=\"index, follow, max-snippet:-1, max-image-preview:large, max-video-preview:-1\" \/>\n<link rel=\"canonical\" href=\"http:\/\/minutocerord.com\/?p=12509\" \/>\n<meta property=\"og:locale\" content=\"es_ES\" \/>\n<meta property=\"og:type\" content=\"article\" \/>\n<meta property=\"og:title\" content=\"Bandas de haitianos desaf\u00edan al Ej\u00e9rcito y roban en Dominicana - Minuto Cero RD\" \/>\n<meta property=\"og:description\" content=\"MONTECRISTI, RD.- En un claro desaf\u00edo, bandas haitianas en combinaci\u00f3n con dominicanos robaron la madrugada de este mi\u00e9rcoles dos motocicletas en la empresa Plantaciones del Norte, localizada en la carretera Manzanillo-Copey, poniendo en tela de juicio efectividad de un patrullaje militar que habr\u00eda sido iniciado en el municipio. Los empleados de la tanda diurna de [&hellip;]\" \/>\n<meta property=\"og:url\" content=\"http:\/\/minutocerord.com\/?p=12509\" \/>\n<meta property=\"og:site_name\" content=\"Minuto Cero RD\" \/>\n<meta property=\"article:publisher\" content=\"https:\/\/www.facebook.com\/Genofnotes\" \/>\n<meta property=\"article:author\" content=\"https:\/\/www.facebook.com\/Genofnotes\" \/>\n<meta property=\"article:published_time\" content=\"2023-05-03T21:58:43+00:00\" \/>\n<meta property=\"article:modified_time\" content=\"2023-05-03T21:58:44+00:00\" \/>\n<meta property=\"og:image\" content=\"https:\/\/i0.wp.com\/minutocerord.com\/wp-content\/uploads\/2023\/05\/f608x342-150889_180612_31-1.jpg?fit=608%2C342\" \/>\n\t<meta property=\"og:image:width\" content=\"608\" \/>\n\t<meta property=\"og:image:height\" content=\"342\" \/>\n\t<meta property=\"og:image:type\" content=\"image\/jpeg\" \/>\n<meta name=\"author\" content=\"Genof\u00f3ntes Urb\u00e1ez\" \/>\n<meta name=\"twitter:card\" content=\"summary_large_image\" \/>\n<meta name=\"twitter:label1\" content=\"Written by\" \/>\n\t<meta name=\"twitter:data1\" content=\"Genof\u00f3ntes Urb\u00e1ez\" \/>\n\t<meta name=\"twitter:label2\" content=\"Est. reading time\" \/>\n\t<meta name=\"twitter:data2\" content=\"2 minutos\" \/>\n<script type=\"application\/ld+json\" class=\"yoast-schema-graph\">{\"@context\":\"https:\\\/\\\/schema.org\",\"@graph\":[{\"@type\":\"Article\",\"@id\":\"http:\\\/\\\/minutocerord.com\\\/?p=12509#article\",\"isPartOf\":{\"@id\":\"http:\\\/\\\/minutocerord.com\\\/?p=12509\"},\"author\":{\"name\":\"Genof\u00f3ntes Urb\u00e1ez\",\"@id\":\"https:\\\/\\\/minutocerord.com\\\/#\\\/schema\\\/person\\\/60b5372d60aaa0a5171fb6488be9aee6\"},\"headline\":\"Bandas de haitianos desaf\u00edan al Ej\u00e9rcito y roban en Dominicana\",\"datePublished\":\"2023-05-03T21:58:43+00:00\",\"dateModified\":\"2023-05-03T21:58:44+00:00\",\"mainEntityOfPage\":{\"@id\":\"http:\\\/\\\/minutocerord.com\\\/?p=12509\"},\"wordCount\":285,\"commentCount\":0,\"publisher\":{\"@id\":\"https:\\\/\\\/minutocerord.com\\\/#\\\/schema\\\/person\\\/60b5372d60aaa0a5171fb6488be9aee6\"},\"image\":{\"@id\":\"http:\\\/\\\/minutocerord.com\\\/?p=12509#primaryimage\"},\"thumbnailUrl\":\"https:\\\/\\\/i0.wp.com\\\/minutocerord.com\\\/wp-content\\\/uploads\\\/2023\\\/05\\\/f608x342-150889_180612_31-1.jpg?fit=608%2C342&ssl=1\",\"articleSection\":[\"Frontera\"],\"inLanguage\":\"es-DO\",\"potentialAction\":[{\"@type\":\"CommentAction\",\"name\":\"Comment\",\"target\":[\"http:\\\/\\\/minutocerord.com\\\/?p=12509#respond\"]}]},{\"@type\":\"WebPage\",\"@id\":\"http:\\\/\\\/minutocerord.com\\\/?p=12509\",\"url\":\"http:\\\/\\\/minutocerord.com\\\/?p=12509\",\"name\":\"Bandas de haitianos desaf\u00edan al Ej\u00e9rcito y roban en Dominicana - Minuto Cero RD\",\"isPartOf\":{\"@id\":\"https:\\\/\\\/minutocerord.com\\\/#website\"},\"primaryImageOfPage\":{\"@id\":\"http:\\\/\\\/minutocerord.com\\\/?p=12509#primaryimage\"},\"image\":{\"@id\":\"http:\\\/\\\/minutocerord.com\\\/?p=12509#primaryimage\"},\"thumbnailUrl\":\"https:\\\/\\\/i0.wp.com\\\/minutocerord.com\\\/wp-content\\\/uploads\\\/2023\\\/05\\\/f608x342-150889_180612_31-1.jpg?fit=608%2C342&ssl=1\",\"datePublished\":\"2023-05-03T21:58:43+00:00\",\"dateModified\":\"2023-05-03T21:58:44+00:00\",\"breadcrumb\":{\"@id\":\"http:\\\/\\\/minutocerord.com\\\/?p=12509#breadcrumb\"},\"inLanguage\":\"es-DO\",\"potentialAction\":[{\"@type\":\"ReadAction\",\"target\":[\"http:\\\/\\\/minutocerord.com\\\/?p=12509\"]}]},{\"@type\":\"ImageObject\",\"inLanguage\":\"es-DO\",\"@id\":\"http:\\\/\\\/minutocerord.com\\\/?p=12509#primaryimage\",\"url\":\"https:\\\/\\\/i0.wp.com\\\/minutocerord.com\\\/wp-content\\\/uploads\\\/2023\\\/05\\\/f608x342-150889_180612_31-1.jpg?fit=608%2C342&ssl=1\",\"contentUrl\":\"https:\\\/\\\/i0.wp.com\\\/minutocerord.com\\\/wp-content\\\/uploads\\\/2023\\\/05\\\/f608x342-150889_180612_31-1.jpg?fit=608%2C342&ssl=1\",\"width\":608,\"height\":342},{\"@type\":\"BreadcrumbList\",\"@id\":\"http:\\\/\\\/minutocerord.com\\\/?p=12509#breadcrumb\",\"itemListElement\":[{\"@type\":\"ListItem\",\"position\":1,\"name\":\"Home\",\"item\":\"https:\\\/\\\/minutocerord.com\\\/\"},{\"@type\":\"ListItem\",\"position\":2,\"name\":\"Bandas de haitianos desaf\u00edan al Ej\u00e9rcito y roban en Dominicana\"}]},{\"@type\":\"WebSite\",\"@id\":\"https:\\\/\\\/minutocerord.com\\\/#website\",\"url\":\"https:\\\/\\\/minutocerord.com\\\/\",\"name\":\"Minuto Cero RD\",\"description\":\"Periodismo serio y veraz\",\"publisher\":{\"@id\":\"https:\\\/\\\/minutocerord.com\\\/#\\\/schema\\\/person\\\/60b5372d60aaa0a5171fb6488be9aee6\"},\"potentialAction\":[{\"@type\":\"SearchAction\",\"target\":{\"@type\":\"EntryPoint\",\"urlTemplate\":\"https:\\\/\\\/minutocerord.com\\\/?s={search_term_string}\"},\"query-input\":{\"@type\":\"PropertyValueSpecification\",\"valueRequired\":true,\"valueName\":\"search_term_string\"}}],\"inLanguage\":\"es-DO\"},{\"@type\":[\"Person\",\"Organization\"],\"@id\":\"https:\\\/\\\/minutocerord.com\\\/#\\\/schema\\\/person\\\/60b5372d60aaa0a5171fb6488be9aee6\",\"name\":\"Genof\u00f3ntes Urb\u00e1ez\",\"image\":{\"@type\":\"ImageObject\",\"inLanguage\":\"es-DO\",\"@id\":\"https:\\\/\\\/secure.gravatar.com\\\/avatar\\\/a49ef3186a692098ac3e8a1612261e3ad70cf9e44553dff2929e67939a0ecb9d?s=96&d=identicon&r=g\",\"url\":\"https:\\\/\\\/secure.gravatar.com\\\/avatar\\\/a49ef3186a692098ac3e8a1612261e3ad70cf9e44553dff2929e67939a0ecb9d?s=96&d=identicon&r=g\",\"contentUrl\":\"https:\\\/\\\/secure.gravatar.com\\\/avatar\\\/a49ef3186a692098ac3e8a1612261e3ad70cf9e44553dff2929e67939a0ecb9d?s=96&d=identicon&r=g\",\"caption\":\"Genof\u00f3ntes Urb\u00e1ez\"},\"logo\":{\"@id\":\"https:\\\/\\\/secure.gravatar.com\\\/avatar\\\/a49ef3186a692098ac3e8a1612261e3ad70cf9e44553dff2929e67939a0ecb9d?s=96&d=identicon&r=g\"},\"description\":\"Periodista \\\/ Locutor\",\"sameAs\":[\"https:\\\/\\\/www.facebook.com\\\/Genofnotes\",\"https:\\\/\\\/www.instagram.com\\\/genofnotes\\\/\"]}]}<\/script>\n<!-- \/ Yoast SEO plugin. -->","yoast_head_json":{"title":"Bandas de haitianos desaf\u00edan al Ej\u00e9rcito y roban en Dominicana - Minuto Cero RD","robots":{"index":"index","follow":"follow","max-snippet":"max-snippet:-1","max-image-preview":"max-image-preview:large","max-video-preview":"max-video-preview:-1"},"canonical":"http:\/\/minutocerord.com\/?p=12509","og_locale":"es_ES","og_type":"article","og_title":"Bandas de haitianos desaf\u00edan al Ej\u00e9rcito y roban en Dominicana - Minuto Cero RD","og_description":"MONTECRISTI, RD.- En un claro desaf\u00edo, bandas haitianas en combinaci\u00f3n con dominicanos robaron la madrugada de este mi\u00e9rcoles dos motocicletas en la empresa Plantaciones del Norte, localizada en la carretera Manzanillo-Copey, poniendo en tela de juicio efectividad de un patrullaje militar que habr\u00eda sido iniciado en el municipio. Los empleados de la tanda diurna de [&hellip;]","og_url":"http:\/\/minutocerord.com\/?p=12509","og_site_name":"Minuto Cero RD","article_publisher":"https:\/\/www.facebook.com\/Genofnotes","article_author":"https:\/\/www.facebook.com\/Genofnotes","article_published_time":"2023-05-03T21:58:43+00:00","article_modified_time":"2023-05-03T21:58:44+00:00","og_image":[{"width":608,"height":342,"url":"https:\/\/i0.wp.com\/minutocerord.com\/wp-content\/uploads\/2023\/05\/f608x342-150889_180612_31-1.jpg?fit=608%2C342","type":"image\/jpeg"}],"author":"Genof\u00f3ntes Urb\u00e1ez","twitter_card":"summary_large_image","twitter_misc":{"Written by":"Genof\u00f3ntes Urb\u00e1ez","Est. reading time":"2 minutos"},"schema":{"@context":"https:\/\/schema.org","@graph":[{"@type":"Article","@id":"http:\/\/minutocerord.com\/?p=12509#article","isPartOf":{"@id":"http:\/\/minutocerord.com\/?p=12509"},"author":{"name":"Genof\u00f3ntes Urb\u00e1ez","@id":"https:\/\/minutocerord.com\/#\/schema\/person\/60b5372d60aaa0a5171fb6488be9aee6"},"headline":"Bandas de haitianos desaf\u00edan al Ej\u00e9rcito y roban en Dominicana","datePublished":"2023-05-03T21:58:43+00:00","dateModified":"2023-05-03T21:58:44+00:00","mainEntityOfPage":{"@id":"http:\/\/minutocerord.com\/?p=12509"},"wordCount":285,"commentCount":0,"publisher":{"@id":"https:\/\/minutocerord.com\/#\/schema\/person\/60b5372d60aaa0a5171fb6488be9aee6"},"image":{"@id":"http:\/\/minutocerord.com\/?p=12509#primaryimage"},"thumbnailUrl":"https:\/\/i0.wp.com\/minutocerord.com\/wp-content\/uploads\/2023\/05\/f608x342-150889_180612_31-1.jpg?fit=608%2C342&ssl=1","articleSection":["Frontera"],"inLanguage":"es-DO","potentialAction":[{"@type":"CommentAction","name":"Comment","target":["http:\/\/minutocerord.com\/?p=12509#respond"]}]},{"@type":"WebPage","@id":"http:\/\/minutocerord.com\/?p=12509","url":"http:\/\/minutocerord.com\/?p=12509","name":"Bandas de haitianos desaf\u00edan al Ej\u00e9rcito y roban en Dominicana - Minuto Cero RD","isPartOf":{"@id":"https:\/\/minutocerord.com\/#website"},"primaryImageOfPage":{"@id":"http:\/\/minutocerord.com\/?p=12509#primaryimage"},"image":{"@id":"http:\/\/minutocerord.com\/?p=12509#primaryimage"},"thumbnailUrl":"https:\/\/i0.wp.com\/minutocerord.com\/wp-content\/uploads\/2023\/05\/f608x342-150889_180612_31-1.jpg?fit=608%2C342&ssl=1","datePublished":"2023-05-03T21:58:43+00:00","dateModified":"2023-05-03T21:58:44+00:00","breadcrumb":{"@id":"http:\/\/minutocerord.com\/?p=12509#breadcrumb"},"inLanguage":"es-DO","potentialAction":[{"@type":"ReadAction","target":["http:\/\/minutocerord.com\/?p=12509"]}]},{"@type":"ImageObject","inLanguage":"es-DO","@id":"http:\/\/minutocerord.com\/?p=12509#primaryimage","url":"https:\/\/i0.wp.com\/minutocerord.com\/wp-content\/uploads\/2023\/05\/f608x342-150889_180612_31-1.jpg?fit=608%2C342&ssl=1","contentUrl":"https:\/\/i0.wp.com\/minutocerord.com\/wp-content\/uploads\/2023\/05\/f608x342-150889_180612_31-1.jpg?fit=608%2C342&ssl=1","width":608,"height":342},{"@type":"BreadcrumbList","@id":"http:\/\/minutocerord.com\/?p=12509#breadcrumb","itemListElement":[{"@type":"ListItem","position":1,"name":"Home","item":"https:\/\/minutocerord.com\/"},{"@type":"ListItem","position":2,"name":"Bandas de haitianos desaf\u00edan al Ej\u00e9rcito y roban en Dominicana"}]},{"@type":"WebSite","@id":"https:\/\/minutocerord.com\/#website","url":"https:\/\/minutocerord.com\/","name":"Minuto Cero RD","description":"Periodismo serio y veraz","publisher":{"@id":"https:\/\/minutocerord.com\/#\/schema\/person\/60b5372d60aaa0a5171fb6488be9aee6"},"potentialAction":[{"@type":"SearchAction","target":{"@type":"EntryPoint","urlTemplate":"https:\/\/minutocerord.com\/?s={search_term_string}"},"query-input":{"@type":"PropertyValueSpecification","valueRequired":true,"valueName":"search_term_string"}}],"inLanguage":"es-DO"},{"@type":["Person","Organization"],"@id":"https:\/\/minutocerord.com\/#\/schema\/person\/60b5372d60aaa0a5171fb6488be9aee6","name":"Genof\u00f3ntes Urb\u00e1ez","image":{"@type":"ImageObject","inLanguage":"es-DO","@id":"https:\/\/secure.gravatar.com\/avatar\/a49ef3186a692098ac3e8a1612261e3ad70cf9e44553dff2929e67939a0ecb9d?s=96&d=identicon&r=g","url":"https:\/\/secure.gravatar.com\/avatar\/a49ef3186a692098ac3e8a1612261e3ad70cf9e44553dff2929e67939a0ecb9d?s=96&d=identicon&r=g","contentUrl":"https:\/\/secure.gravatar.com\/avatar\/a49ef3186a692098ac3e8a1612261e3ad70cf9e44553dff2929e67939a0ecb9d?s=96&d=identicon&r=g","caption":"Genof\u00f3ntes Urb\u00e1ez"},"logo":{"@id":"https:\/\/secure.gravatar.com\/avatar\/a49ef3186a692098ac3e8a1612261e3ad70cf9e44553dff2929e67939a0ecb9d?s=96&d=identicon&r=g"},"description":"Periodista \/ Locutor","sameAs":["https:\/\/www.facebook.com\/Genofnotes","https:\/\/www.instagram.com\/genofnotes\/"]}]}},"jetpack_publicize_connections":[],"jetpack_featured_media_url":"https:\/\/i0.wp.com\/minutocerord.com\/wp-content\/uploads\/2023\/05\/f608x342-150889_180612_31-1.jpg?fit=608%2C342&ssl=1","jetpack-related-posts":[],"jetpack_sharing_enabled":true,"_links":{"self":[{"href":"https:\/\/minutocerord.com\/index.php?rest_route=\/wp\/v2\/posts\/12509","targetHints":{"allow":["GET"]}}],"collection":[{"href":"https:\/\/minutocerord.com\/index.php?rest_route=\/wp\/v2\/posts"}],"about":[{"href":"https:\/\/minutocerord.com\/index.php?rest_route=\/wp\/v2\/types\/post"}],"author":[{"embeddable":true,"href":"https:\/\/minutocerord.com\/index.php?rest_route=\/wp\/v2\/users\/1"}],"replies":[{"embeddable":true,"href":"https:\/\/minutocerord.com\/index.php?rest_route=%2Fwp%2Fv2%2Fcomments&post=12509"}],"version-history":[{"count":1,"href":"https:\/\/minutocerord.com\/index.php?rest_route=\/wp\/v2\/posts\/12509\/revisions"}],"predecessor-version":[{"id":12511,"href":"https:\/\/minutocerord.com\/index.php?rest_route=\/wp\/v2\/posts\/12509\/revisions\/12511"}],"wp:featuredmedia":[{"embeddable":true,"href":"https:\/\/minutocerord.com\/index.php?rest_route=\/wp\/v2\/media\/12510"}],"wp:attachment":[{"href":"https:\/\/minutocerord.com\/index.php?rest_route=%2Fwp%2Fv2%2Fmedia&parent=12509"}],"wp:term":[{"taxonomy":"category","embeddable":true,"href":"https:\/\/minutocerord.com\/index.php?rest_route=%2Fwp%2Fv2%2Fcategories&post=12509"},{"taxonomy":"post_tag","embeddable":true,"href":"https:\/\/minutocerord.com\/index.php?rest_route=%2Fwp%2Fv2%2Ftags&post=12509"}],"curies":[{"name":"wp","href":"https:\/\/api.w.org\/{rel}","templated":true}]}}