{"id":12521,"date":"2023-05-04T13:59:23","date_gmt":"2023-05-04T17:59:23","guid":{"rendered":"https:\/\/minutocerord.com\/?p=12521"},"modified":"2023-05-04T13:59:25","modified_gmt":"2023-05-04T17:59:25","slug":"puerto-rico-apresan-tres-dominicanos-con-cocaina-valorada-us10-2-mm","status":"publish","type":"post","link":"https:\/\/minutocerord.com\/?p=12521","title":{"rendered":"PUERTO RICO: Apresan tres dominicanos con coca\u00edna valorada US$10.2 MM"},"content":{"rendered":"\n<p><strong>SAN JUAN, PR.-<\/strong> La Guardia Costera estadounidense apres\u00f3 a tres dominicanos con un alijo de 411 kilogramos de coca\u00edna, valorado en 10,2 millones de d\u00f3lares.<\/p>\n\n\n\n<p>La tripulaci\u00f3n del guardacostas Joseph Napier y los agentes de la Fuerza de Ataque del Corredor del Caribe interceptaron la embarcaci\u00f3n al norte de Puerto Rico.<\/p>\n\n\n\n<p>Los dominicanos enfrentan un proceso federal en el Tribunal de Distrito de Puerto Rico por posesi\u00f3n de sustancias controladas e intento de distribuci\u00f3n a bordo de una embarcaci\u00f3n sujeta a la jurisdicci\u00f3n de Estados Unidos.<\/p>\n\n\n\n<p>La lancha fue detectada por un avi\u00f3n de patrulla mar\u00edtima de la Guardia Costera y detenida por el guardacostas Joseph Napier.<\/p>\n","protected":false},"excerpt":{"rendered":"<p>SAN JUAN, PR.- La Guardia Costera estadounidense apres\u00f3 a tres dominicanos con un alijo de 411 kilogramos de coca\u00edna, valorado en 10,2 millones de d\u00f3lares. La tripulaci\u00f3n del guardacostas Joseph Napier y los agentes de la Fuerza de Ataque del Corredor del Caribe interceptaron la embarcaci\u00f3n al norte de Puerto Rico. Los dominicanos enfrentan un [&hellip;]<\/p>\n","protected":false},"author":1,"featured_media":12522,"comment_status":"open","ping_status":"open","sticky":false,"template":"","format":"standard","meta":{"nf_dc_page":"","jetpack_post_was_ever_published":false,"_jetpack_newsletter_access":"","_jetpack_dont_email_post_to_subs":false,"_jetpack_newsletter_tier_id":0,"_jetpack_memberships_contains_paywalled_content":false,"_jetpack_memberships_contains_paid_content":false,"footnotes":"","jetpack_publicize_message":"","jetpack_publicize_feature_enabled":true,"jetpack_social_post_already_shared":false,"jetpack_social_options":{"image_generator_settings":{"template":"highway","default_image_id":0,"font":"","enabled":false},"version":2}},"categories":[81],"tags":[],"class_list":["post-12521","post","type-post","status-publish","format-standard","has-post-thumbnail","hentry","category-puerto-rico"],"yoast_head":"<!-- This site is optimized with the Yoast SEO plugin v27.4 - https:\/\/yoast.com\/product\/yoast-seo-wordpress\/ -->\n<title>PUERTO RICO: Apresan tres dominicanos con coca\u00edna valorada US$10.2 MM - Minuto Cero RD<\/title>\n<meta name=\"robots\" content=\"index, follow, max-snippet:-1, max-image-preview:large, max-video-preview:-1\" \/>\n<link rel=\"canonical\" href=\"https:\/\/minutocerord.com\/?p=12521\" \/>\n<meta property=\"og:locale\" content=\"es_ES\" \/>\n<meta property=\"og:type\" content=\"article\" \/>\n<meta property=\"og:title\" content=\"PUERTO RICO: Apresan tres dominicanos con coca\u00edna valorada US$10.2 MM - Minuto Cero RD\" \/>\n<meta property=\"og:description\" content=\"SAN JUAN, PR.- La Guardia Costera estadounidense apres\u00f3 a tres dominicanos con un alijo de 411 kilogramos de coca\u00edna, valorado en 10,2 millones de d\u00f3lares. La tripulaci\u00f3n del guardacostas Joseph Napier y los agentes de la Fuerza de Ataque del Corredor del Caribe interceptaron la embarcaci\u00f3n al norte de Puerto Rico. Los dominicanos enfrentan un [&hellip;]\" \/>\n<meta property=\"og:url\" content=\"https:\/\/minutocerord.com\/?p=12521\" \/>\n<meta property=\"og:site_name\" content=\"Minuto Cero RD\" \/>\n<meta property=\"article:publisher\" content=\"https:\/\/www.facebook.com\/Genofnotes\" \/>\n<meta property=\"article:author\" content=\"https:\/\/www.facebook.com\/Genofnotes\" \/>\n<meta property=\"article:published_time\" content=\"2023-05-04T17:59:23+00:00\" \/>\n<meta property=\"article:modified_time\" content=\"2023-05-04T17:59:25+00:00\" \/>\n<meta property=\"og:image\" content=\"https:\/\/i0.wp.com\/minutocerord.com\/wp-content\/uploads\/2023\/05\/Untitled-8-1.jpg?fit=717%2C425&ssl=1\" \/>\n\t<meta property=\"og:image:width\" content=\"717\" \/>\n\t<meta property=\"og:image:height\" content=\"425\" \/>\n\t<meta property=\"og:image:type\" content=\"image\/jpeg\" \/>\n<meta name=\"author\" content=\"Genof\u00f3ntes Urb\u00e1ez\" \/>\n<meta name=\"twitter:card\" content=\"summary_large_image\" \/>\n<meta name=\"twitter:label1\" content=\"Written by\" \/>\n\t<meta name=\"twitter:data1\" content=\"Genof\u00f3ntes Urb\u00e1ez\" \/>\n\t<meta name=\"twitter:label2\" content=\"Est. reading time\" \/>\n\t<meta name=\"twitter:data2\" content=\"1 minuto\" \/>\n<script type=\"application\/ld+json\" class=\"yoast-schema-graph\">{\"@context\":\"https:\\\/\\\/schema.org\",\"@graph\":[{\"@type\":\"Article\",\"@id\":\"https:\\\/\\\/minutocerord.com\\\/?p=12521#article\",\"isPartOf\":{\"@id\":\"https:\\\/\\\/minutocerord.com\\\/?p=12521\"},\"author\":{\"name\":\"Genof\u00f3ntes Urb\u00e1ez\",\"@id\":\"https:\\\/\\\/minutocerord.com\\\/#\\\/schema\\\/person\\\/60b5372d60aaa0a5171fb6488be9aee6\"},\"headline\":\"PUERTO RICO: Apresan tres dominicanos con coca\u00edna valorada US$10.2 MM\",\"datePublished\":\"2023-05-04T17:59:23+00:00\",\"dateModified\":\"2023-05-04T17:59:25+00:00\",\"mainEntityOfPage\":{\"@id\":\"https:\\\/\\\/minutocerord.com\\\/?p=12521\"},\"wordCount\":127,\"commentCount\":0,\"publisher\":{\"@id\":\"https:\\\/\\\/minutocerord.com\\\/#\\\/schema\\\/person\\\/60b5372d60aaa0a5171fb6488be9aee6\"},\"image\":{\"@id\":\"https:\\\/\\\/minutocerord.com\\\/?p=12521#primaryimage\"},\"thumbnailUrl\":\"https:\\\/\\\/i0.wp.com\\\/minutocerord.com\\\/wp-content\\\/uploads\\\/2023\\\/05\\\/Untitled-8-1.jpg?fit=717%2C425&ssl=1\",\"articleSection\":[\"Puerto Rico\"],\"inLanguage\":\"es-DO\",\"potentialAction\":[{\"@type\":\"CommentAction\",\"name\":\"Comment\",\"target\":[\"https:\\\/\\\/minutocerord.com\\\/?p=12521#respond\"]}]},{\"@type\":\"WebPage\",\"@id\":\"https:\\\/\\\/minutocerord.com\\\/?p=12521\",\"url\":\"https:\\\/\\\/minutocerord.com\\\/?p=12521\",\"name\":\"PUERTO RICO: Apresan tres dominicanos con coca\u00edna valorada US$10.2 MM - Minuto Cero RD\",\"isPartOf\":{\"@id\":\"https:\\\/\\\/minutocerord.com\\\/#website\"},\"primaryImageOfPage\":{\"@id\":\"https:\\\/\\\/minutocerord.com\\\/?p=12521#primaryimage\"},\"image\":{\"@id\":\"https:\\\/\\\/minutocerord.com\\\/?p=12521#primaryimage\"},\"thumbnailUrl\":\"https:\\\/\\\/i0.wp.com\\\/minutocerord.com\\\/wp-content\\\/uploads\\\/2023\\\/05\\\/Untitled-8-1.jpg?fit=717%2C425&ssl=1\",\"datePublished\":\"2023-05-04T17:59:23+00:00\",\"dateModified\":\"2023-05-04T17:59:25+00:00\",\"breadcrumb\":{\"@id\":\"https:\\\/\\\/minutocerord.com\\\/?p=12521#breadcrumb\"},\"inLanguage\":\"es-DO\",\"potentialAction\":[{\"@type\":\"ReadAction\",\"target\":[\"https:\\\/\\\/minutocerord.com\\\/?p=12521\"]}]},{\"@type\":\"ImageObject\",\"inLanguage\":\"es-DO\",\"@id\":\"https:\\\/\\\/minutocerord.com\\\/?p=12521#primaryimage\",\"url\":\"https:\\\/\\\/i0.wp.com\\\/minutocerord.com\\\/wp-content\\\/uploads\\\/2023\\\/05\\\/Untitled-8-1.jpg?fit=717%2C425&ssl=1\",\"contentUrl\":\"https:\\\/\\\/i0.wp.com\\\/minutocerord.com\\\/wp-content\\\/uploads\\\/2023\\\/05\\\/Untitled-8-1.jpg?fit=717%2C425&ssl=1\",\"width\":717,\"height\":425},{\"@type\":\"BreadcrumbList\",\"@id\":\"https:\\\/\\\/minutocerord.com\\\/?p=12521#breadcrumb\",\"itemListElement\":[{\"@type\":\"ListItem\",\"position\":1,\"name\":\"Home\",\"item\":\"https:\\\/\\\/minutocerord.com\\\/\"},{\"@type\":\"ListItem\",\"position\":2,\"name\":\"PUERTO RICO: Apresan tres dominicanos con coca\u00edna valorada US$10.2 MM\"}]},{\"@type\":\"WebSite\",\"@id\":\"https:\\\/\\\/minutocerord.com\\\/#website\",\"url\":\"https:\\\/\\\/minutocerord.com\\\/\",\"name\":\"Minuto Cero RD\",\"description\":\"Periodismo serio y veraz\",\"publisher\":{\"@id\":\"https:\\\/\\\/minutocerord.com\\\/#\\\/schema\\\/person\\\/60b5372d60aaa0a5171fb6488be9aee6\"},\"potentialAction\":[{\"@type\":\"SearchAction\",\"target\":{\"@type\":\"EntryPoint\",\"urlTemplate\":\"https:\\\/\\\/minutocerord.com\\\/?s={search_term_string}\"},\"query-input\":{\"@type\":\"PropertyValueSpecification\",\"valueRequired\":true,\"valueName\":\"search_term_string\"}}],\"inLanguage\":\"es-DO\"},{\"@type\":[\"Person\",\"Organization\"],\"@id\":\"https:\\\/\\\/minutocerord.com\\\/#\\\/schema\\\/person\\\/60b5372d60aaa0a5171fb6488be9aee6\",\"name\":\"Genof\u00f3ntes Urb\u00e1ez\",\"image\":{\"@type\":\"ImageObject\",\"inLanguage\":\"es-DO\",\"@id\":\"https:\\\/\\\/secure.gravatar.com\\\/avatar\\\/a49ef3186a692098ac3e8a1612261e3ad70cf9e44553dff2929e67939a0ecb9d?s=96&d=identicon&r=g\",\"url\":\"https:\\\/\\\/secure.gravatar.com\\\/avatar\\\/a49ef3186a692098ac3e8a1612261e3ad70cf9e44553dff2929e67939a0ecb9d?s=96&d=identicon&r=g\",\"contentUrl\":\"https:\\\/\\\/secure.gravatar.com\\\/avatar\\\/a49ef3186a692098ac3e8a1612261e3ad70cf9e44553dff2929e67939a0ecb9d?s=96&d=identicon&r=g\",\"caption\":\"Genof\u00f3ntes Urb\u00e1ez\"},\"logo\":{\"@id\":\"https:\\\/\\\/secure.gravatar.com\\\/avatar\\\/a49ef3186a692098ac3e8a1612261e3ad70cf9e44553dff2929e67939a0ecb9d?s=96&d=identicon&r=g\"},\"description\":\"Periodista \\\/ Locutor\",\"sameAs\":[\"https:\\\/\\\/www.facebook.com\\\/Genofnotes\",\"https:\\\/\\\/www.instagram.com\\\/genofnotes\\\/\"]}]}<\/script>\n<!-- \/ Yoast SEO plugin. -->","yoast_head_json":{"title":"PUERTO RICO: Apresan tres dominicanos con coca\u00edna valorada US$10.2 MM - Minuto Cero RD","robots":{"index":"index","follow":"follow","max-snippet":"max-snippet:-1","max-image-preview":"max-image-preview:large","max-video-preview":"max-video-preview:-1"},"canonical":"https:\/\/minutocerord.com\/?p=12521","og_locale":"es_ES","og_type":"article","og_title":"PUERTO RICO: Apresan tres dominicanos con coca\u00edna valorada US$10.2 MM - Minuto Cero RD","og_description":"SAN JUAN, PR.- La Guardia Costera estadounidense apres\u00f3 a tres dominicanos con un alijo de 411 kilogramos de coca\u00edna, valorado en 10,2 millones de d\u00f3lares. La tripulaci\u00f3n del guardacostas Joseph Napier y los agentes de la Fuerza de Ataque del Corredor del Caribe interceptaron la embarcaci\u00f3n al norte de Puerto Rico. Los dominicanos enfrentan un [&hellip;]","og_url":"https:\/\/minutocerord.com\/?p=12521","og_site_name":"Minuto Cero RD","article_publisher":"https:\/\/www.facebook.com\/Genofnotes","article_author":"https:\/\/www.facebook.com\/Genofnotes","article_published_time":"2023-05-04T17:59:23+00:00","article_modified_time":"2023-05-04T17:59:25+00:00","og_image":[{"width":717,"height":425,"url":"https:\/\/i0.wp.com\/minutocerord.com\/wp-content\/uploads\/2023\/05\/Untitled-8-1.jpg?fit=717%2C425&ssl=1","type":"image\/jpeg"}],"author":"Genof\u00f3ntes Urb\u00e1ez","twitter_card":"summary_large_image","twitter_misc":{"Written by":"Genof\u00f3ntes Urb\u00e1ez","Est. reading time":"1 minuto"},"schema":{"@context":"https:\/\/schema.org","@graph":[{"@type":"Article","@id":"https:\/\/minutocerord.com\/?p=12521#article","isPartOf":{"@id":"https:\/\/minutocerord.com\/?p=12521"},"author":{"name":"Genof\u00f3ntes Urb\u00e1ez","@id":"https:\/\/minutocerord.com\/#\/schema\/person\/60b5372d60aaa0a5171fb6488be9aee6"},"headline":"PUERTO RICO: Apresan tres dominicanos con coca\u00edna valorada US$10.2 MM","datePublished":"2023-05-04T17:59:23+00:00","dateModified":"2023-05-04T17:59:25+00:00","mainEntityOfPage":{"@id":"https:\/\/minutocerord.com\/?p=12521"},"wordCount":127,"commentCount":0,"publisher":{"@id":"https:\/\/minutocerord.com\/#\/schema\/person\/60b5372d60aaa0a5171fb6488be9aee6"},"image":{"@id":"https:\/\/minutocerord.com\/?p=12521#primaryimage"},"thumbnailUrl":"https:\/\/i0.wp.com\/minutocerord.com\/wp-content\/uploads\/2023\/05\/Untitled-8-1.jpg?fit=717%2C425&ssl=1","articleSection":["Puerto Rico"],"inLanguage":"es-DO","potentialAction":[{"@type":"CommentAction","name":"Comment","target":["https:\/\/minutocerord.com\/?p=12521#respond"]}]},{"@type":"WebPage","@id":"https:\/\/minutocerord.com\/?p=12521","url":"https:\/\/minutocerord.com\/?p=12521","name":"PUERTO RICO: Apresan tres dominicanos con coca\u00edna valorada US$10.2 MM - Minuto Cero RD","isPartOf":{"@id":"https:\/\/minutocerord.com\/#website"},"primaryImageOfPage":{"@id":"https:\/\/minutocerord.com\/?p=12521#primaryimage"},"image":{"@id":"https:\/\/minutocerord.com\/?p=12521#primaryimage"},"thumbnailUrl":"https:\/\/i0.wp.com\/minutocerord.com\/wp-content\/uploads\/2023\/05\/Untitled-8-1.jpg?fit=717%2C425&ssl=1","datePublished":"2023-05-04T17:59:23+00:00","dateModified":"2023-05-04T17:59:25+00:00","breadcrumb":{"@id":"https:\/\/minutocerord.com\/?p=12521#breadcrumb"},"inLanguage":"es-DO","potentialAction":[{"@type":"ReadAction","target":["https:\/\/minutocerord.com\/?p=12521"]}]},{"@type":"ImageObject","inLanguage":"es-DO","@id":"https:\/\/minutocerord.com\/?p=12521#primaryimage","url":"https:\/\/i0.wp.com\/minutocerord.com\/wp-content\/uploads\/2023\/05\/Untitled-8-1.jpg?fit=717%2C425&ssl=1","contentUrl":"https:\/\/i0.wp.com\/minutocerord.com\/wp-content\/uploads\/2023\/05\/Untitled-8-1.jpg?fit=717%2C425&ssl=1","width":717,"height":425},{"@type":"BreadcrumbList","@id":"https:\/\/minutocerord.com\/?p=12521#breadcrumb","itemListElement":[{"@type":"ListItem","position":1,"name":"Home","item":"https:\/\/minutocerord.com\/"},{"@type":"ListItem","position":2,"name":"PUERTO RICO: Apresan tres dominicanos con coca\u00edna valorada US$10.2 MM"}]},{"@type":"WebSite","@id":"https:\/\/minutocerord.com\/#website","url":"https:\/\/minutocerord.com\/","name":"Minuto Cero RD","description":"Periodismo serio y veraz","publisher":{"@id":"https:\/\/minutocerord.com\/#\/schema\/person\/60b5372d60aaa0a5171fb6488be9aee6"},"potentialAction":[{"@type":"SearchAction","target":{"@type":"EntryPoint","urlTemplate":"https:\/\/minutocerord.com\/?s={search_term_string}"},"query-input":{"@type":"PropertyValueSpecification","valueRequired":true,"valueName":"search_term_string"}}],"inLanguage":"es-DO"},{"@type":["Person","Organization"],"@id":"https:\/\/minutocerord.com\/#\/schema\/person\/60b5372d60aaa0a5171fb6488be9aee6","name":"Genof\u00f3ntes Urb\u00e1ez","image":{"@type":"ImageObject","inLanguage":"es-DO","@id":"https:\/\/secure.gravatar.com\/avatar\/a49ef3186a692098ac3e8a1612261e3ad70cf9e44553dff2929e67939a0ecb9d?s=96&d=identicon&r=g","url":"https:\/\/secure.gravatar.com\/avatar\/a49ef3186a692098ac3e8a1612261e3ad70cf9e44553dff2929e67939a0ecb9d?s=96&d=identicon&r=g","contentUrl":"https:\/\/secure.gravatar.com\/avatar\/a49ef3186a692098ac3e8a1612261e3ad70cf9e44553dff2929e67939a0ecb9d?s=96&d=identicon&r=g","caption":"Genof\u00f3ntes Urb\u00e1ez"},"logo":{"@id":"https:\/\/secure.gravatar.com\/avatar\/a49ef3186a692098ac3e8a1612261e3ad70cf9e44553dff2929e67939a0ecb9d?s=96&d=identicon&r=g"},"description":"Periodista \/ Locutor","sameAs":["https:\/\/www.facebook.com\/Genofnotes","https:\/\/www.instagram.com\/genofnotes\/"]}]}},"jetpack_publicize_connections":[],"jetpack_featured_media_url":"https:\/\/i0.wp.com\/minutocerord.com\/wp-content\/uploads\/2023\/05\/Untitled-8-1.jpg?fit=717%2C425&ssl=1","jetpack-related-posts":[],"jetpack_sharing_enabled":true,"_links":{"self":[{"href":"https:\/\/minutocerord.com\/index.php?rest_route=\/wp\/v2\/posts\/12521","targetHints":{"allow":["GET"]}}],"collection":[{"href":"https:\/\/minutocerord.com\/index.php?rest_route=\/wp\/v2\/posts"}],"about":[{"href":"https:\/\/minutocerord.com\/index.php?rest_route=\/wp\/v2\/types\/post"}],"author":[{"embeddable":true,"href":"https:\/\/minutocerord.com\/index.php?rest_route=\/wp\/v2\/users\/1"}],"replies":[{"embeddable":true,"href":"https:\/\/minutocerord.com\/index.php?rest_route=%2Fwp%2Fv2%2Fcomments&post=12521"}],"version-history":[{"count":1,"href":"https:\/\/minutocerord.com\/index.php?rest_route=\/wp\/v2\/posts\/12521\/revisions"}],"predecessor-version":[{"id":12523,"href":"https:\/\/minutocerord.com\/index.php?rest_route=\/wp\/v2\/posts\/12521\/revisions\/12523"}],"wp:featuredmedia":[{"embeddable":true,"href":"https:\/\/minutocerord.com\/index.php?rest_route=\/wp\/v2\/media\/12522"}],"wp:attachment":[{"href":"https:\/\/minutocerord.com\/index.php?rest_route=%2Fwp%2Fv2%2Fmedia&parent=12521"}],"wp:term":[{"taxonomy":"category","embeddable":true,"href":"https:\/\/minutocerord.com\/index.php?rest_route=%2Fwp%2Fv2%2Fcategories&post=12521"},{"taxonomy":"post_tag","embeddable":true,"href":"https:\/\/minutocerord.com\/index.php?rest_route=%2Fwp%2Fv2%2Ftags&post=12521"}],"curies":[{"name":"wp","href":"https:\/\/api.w.org\/{rel}","templated":true}]}}